{"id":3050,"date":"2025-08-28T07:11:05","date_gmt":"2025-08-28T07:11:05","guid":{"rendered":"https:\/\/www.tjygqc.com\/your-2026-guide-5-reasons-the-new-bmw-electric-car-lineup-dominates-article\/"},"modified":"2025-09-01T15:46:03","modified_gmt":"2025-09-01T15:46:03","slug":"your-2026-guide-5-reasons-the-new-bmw-electric-car-lineup-dominates","status":"publish","type":"post","link":"https:\/\/www.tjygqc.com\/de\/your-2026-guide-5-reasons-the-new-bmw-electric-car-lineup-dominates-article\/","title":{"rendered":"Ihr Leitfaden f\u00fcr 2026: 5 Gr\u00fcnde, warum das neue BMW Elektroauto-Angebot dominiert"},"content":{"rendered":"<h3 id=\"abstract\">Abstrakt<\/h3>\n<p>Das f\u00fcr 2026 angek\u00fcndigte Elektroauto-Programm von BMW stellt f\u00fcr den bayerischen Automobilhersteller einen Schl\u00fcsselmoment dar, der eine grundlegende strategische und technologische Neuausrichtung signalisiert. Die vorliegende Analyse untersucht den umfassenden Charakter dieser Transformation, in deren Mittelpunkt die Einf\u00fchrung der \"Neue Klasse\"-Architektur steht. Diese spezielle Plattform f\u00fcr Elektrofahrzeuge ist nicht nur ein technisches Update, sondern eine ganzheitliche Neukonzeption des Automobils, die Fortschritte in der Batterietechnologie, digitale Schnittstellen und eine nachhaltige Fertigung integriert. Das erste Modell, das diese Philosophie verk\u00f6rpert, der BMW iX3 aus dem Jahr 2026, ist als direkter Konkurrent im hart umk\u00e4mpften Segment der elektrischen Premium-SUVs positioniert. Zu den wichtigsten Entwicklungen geh\u00f6ren die zylindrischen Batteriezellen der sechsten Generation, ein 800-Volt-Bordnetz f\u00fcr die Schnellladung und ein radikales Innenraumkonzept mit dem \"Panoramic Vision\"-Display. Damit unterstreicht BMW sein Bekenntnis zu einer Kreislaufwirtschaft, die auf recycelte Materialien und gr\u00fcne Energie in der Produktion setzt und damit die ethischen und \u00f6kologischen Dimensionen der modernen Mobilit\u00e4t ber\u00fccksichtigt.<\/p>\n<h3 id=\"key-takeaways\">Wichtigste Erkenntnisse<\/h3>\n<ul>\n<li>Bei der Plattform der Neuen Klasse handelt es sich um eine spezielle EV-Architektur, nicht um eine modifizierte Verbrennungsplattform.<\/li>\n<li>Neue zylindrische Batteriezellen versprechen \u00fcber 30% mehr Reichweite und schnellere Ladegeschwindigkeiten.<\/li>\n<li>Der iX3 aus dem Jahr 2026 ist das erste Modell, das direkt auf den Marktanteil des Tesla Model Y abzielt.<\/li>\n<li>Ein neues Innenraumdesign bietet ein Head-up-Display mit Panoramablick \u00fcber die gesamte Breite.<\/li>\n<li>Die Beschaffung eines BMW Elektroautos erfordert ein Verst\u00e4ndnis dieses neuen technologischen \u00d6kosystems.<\/li>\n<li>Nachhaltigkeit steht im Mittelpunkt, wobei der Schwerpunkt auf recycelten Materialien und umweltfreundlicher Produktion liegt.<\/li>\n<li>BMW plant, bis 2028 mindestens sechs Modelle der Neuen Klasse zu bauen und damit die Palette der Elektrofahrzeuge zu erweitern.<\/li>\n<\/ul>\n<h3 id=\"table-of-contents\">Inhalts\u00fcbersicht<\/h3>\n<ul>\n<li><a href=\"#1-the-revolutionary-neue-klasse-a-new-foundation-for-electric-dominance\">1. Die revolution\u00e4re Neue Klasse: Eine neue Grundlage f\u00fcr elektrische Dominanz<\/a><\/li>\n<li><a href=\"#2-battery-technology-and-performance-the-heart-of-the-new-generation\">2. Batterietechnologie und Leistung: Das Herzst\u00fcck der neuen Generation<\/a><\/li>\n<li><a href=\"#3-design-and-aerodynamics-marrying-form-with-electric-function\">3. Design und Aerodynamik: Die Verbindung von Form und elektrischer Funktion<\/a><\/li>\n<li><a href=\"#4-the-strategic-rollout-market-positioning-and-global-impact\">4. Die strategische Markteinf\u00fchrung: Marktpositionierung und globale Auswirkungen<\/a><\/li>\n<li><a href=\"#5-sustainability-and-the-circular-economy-a-core-tenet-of-the-bmw-electric-car\">5. Nachhaltigkeit und Kreislaufwirtschaft: Ein Kerngedanke des BMW Elektroautos<\/a><\/li>\n<\/ul>\n<p><img loading=\"lazy\" decoding=\"async\" class=\"entered loaded\" style=\"display: block; margin-left: auto; margin-right: auto;\" src=\"https:\/\/www.tjygqc.com\/wp-content\/uploads\/2025\/03\/BMW-i5-eDrive-40L-Luxury-Package-1-2.webp\" alt=\"\" width=\"600\" height=\"600\" data-src=\"https:\/\/www.tjygqc.com\/wp-content\/uploads\/2025\/03\/BMW-i5-eDrive-40L-Luxury-Package-1-2.webp\" data-ll-status=\"loaded\" \/><\/p>\n<h2 id=\"1-the-revolutionary-neue-klasse-a-new-foundation-for-electric-dominance\">1. Die revolution\u00e4re Neue Klasse: Eine neue Grundlage f\u00fcr elektrische Dominanz<\/h2>\n<p>Um die Bedeutung des BMW Elektrofahrzeugprogramms 2026 zu verstehen, muss man zun\u00e4chst das Konzept der \"Neuen Klasse\" begreifen. Dabei handelt es sich nicht einfach um ein neues Modell oder ein Facelift, sondern um einen grundlegenden Reset, eine philosophische und architektonische Revolution f\u00fcr BMW. Der Begriff selbst, der \u00fcbersetzt \"Neue Klasse\" bedeutet, ist eine bewusste Reminiszenz an die Sternstunde des Unternehmens in den 1960er Jahren, die es vor dem finanziellen Ruin bewahrte und seine Identit\u00e4t als Hersteller sportlicher Limousinen begr\u00fcndete. Heute besteht die Herausforderung nicht im Bankrott, sondern in der Relevanz in einer elektrifizierten, digitalisierten und umweltbewussten Welt. Die Neue Klasse ist die Antwort von BMW auf diese Herausforderung.<\/p>\n<h3 id=\"what-is-the-neue-klasse-a-philosophical-shift\">Was ist die Neue Klasse? Eine philosophische Verschiebung<\/h3>\n<p>Im Kern ist die Neue Klasse eine reine Elektrofahrzeug-Architektur. Dies ist ein entscheidender Unterschied. Viele der aktuellen Elektrofahrzeuge von BMW, wie der i4 und der i7, basieren auf flexiblen Plattformen, die sowohl Verbrennungsmotoren als auch elektrische Antriebe aufnehmen k\u00f6nnen. Dieser Ansatz ist zwar kommerziell pragmatisch, geht aber mit Kompromissen bei der Verpackung, der Gewichtsverteilung und der r\u00e4umlichen Effizienz einher. Stellen Sie sich das so vor, als w\u00fcrden Sie ein altes Haus renovieren, um moderne Sanit\u00e4r- und Elektroinstallationen einzubauen. Sie k\u00f6nnen es zwar einrichten, aber es wird nie so integriert sein wie ein Haus, das von Grund auf mit diesen Systemen entworfen wurde.<\/p>\n<p>Die Plattform der Neuen Klasse gibt diesen Kompromiss auf. Es handelt sich um ein speziell f\u00fcr Elektrofahrzeuge entwickeltes \"Skateboard\" mit einem flachen Boden, in dem die Batterie untergebracht ist, mit Elektromotoren an den Achsen und ausgekl\u00fcgelten Steuersystemen, die den gesamten Apparat steuern. Dieser von Automobilanalysten beschriebene Ansatz erm\u00f6glicht es, die Proportionen und den Innenraum des Fahrzeugs v\u00f6llig neu zu \u00fcberdenken. Durch den Verzicht auf einen Getriebetunnel, einen gro\u00dfen Motorraum und eine Abgasanlage wird enorm viel Volumen f\u00fcr Insassen und Ladung frei. Diese strukturelle Freiheit ist das Fundament, auf dem alle anderen Innovationen der neuen BMW Elektroauto-Familie aufbauen.<\/p>\n<h3 id=\"architectural-advantages-beyond-the-skateboard\">Architektonische Vorteile: Mehr als das Skateboard<\/h3>\n<p>Die Genialit\u00e4t der Architektur der Neuen Klasse liegt in ihrer Modularit\u00e4t und Integration. Sie ist nicht nur eine Plattform f\u00fcr ein Auto, sondern eine flexible Grundlage f\u00fcr eine ganze Familie von Fahrzeugen, von kompakten Limousinen bis hin zu gr\u00f6\u00dferen SUVs. Diese Skalierbarkeit ist eine wesentliche Voraussetzung f\u00fcr die Erzielung von Skaleneffekten, die notwendig sind, um auf dem globalen Markt f\u00fcr Elektrofahrzeuge rentabel zu sein. Die Architektur integriert vier \"Superhirne\", Hochleistungsrechner, die den Antriebsstrang und die Fahrdynamik, autonome Fahrfunktionen, Infotainment und Karosseriesysteme steuern. Diese Konsolidierung der elektronischen Steuerger\u00e4te (ECUs) vereinfacht das elektronische Nervensystem des Fahrzeugs und macht es robuster, schneller und einfacher zu aktualisieren (over the air, OTA).<\/p>\n<p>F\u00fcr diejenigen, die im internationalen Handel mit Fahrzeugen t\u00e4tig sind, wie z. B. ein <a href=\"https:\/\/www.tjygqc.com\/\" rel=\"nofollow\">f\u00fchrende Quelle f\u00fcr elektrische Nutzfahrzeuge<\/a>Das Verst\u00e4ndnis dieser Architektur ist von entscheidender Bedeutung. Sie signalisiert eine Verlagerung der Wertigkeit und Komplexit\u00e4t eines Fahrzeugs. Der Schwerpunkt verlagert sich von mechanischer Komplexit\u00e4t auf softwaredefinierte Leistung und Funktionen. Der Service, die Diagnose und sogar das Potenzial f\u00fcr zuk\u00fcnftige Upgrades sind grundlegend mit diesem neuen digitalen Backbone verbunden.<\/p>\n<table style=\"width: 100%; border-collapse: collapse;\" border=\"1\">\n<thead>\n<tr>\n<th style=\"text-align: left;\">Merkmal<\/th>\n<th style=\"text-align: left;\">Aktuelle BMW EVs (CLAR-Plattform)<\/th>\n<th style=\"text-align: left;\">Neue Klasse EVs (ab 2026)<\/th>\n<\/tr>\n<\/thead>\n<tbody>\n<tr>\n<td style=\"text-align: left;\"><strong>Plattform<\/strong><\/td>\n<td style=\"text-align: left;\">Flexibel (ICE, PHEV, BEV)<\/td>\n<td style=\"text-align: left;\">Dedizierte BEV-only<\/td>\n<\/tr>\n<tr>\n<td style=\"text-align: left;\"><strong>Akku-Zellen<\/strong><\/td>\n<td style=\"text-align: left;\">Prismatisch (Gen5)<\/td>\n<td style=\"text-align: left;\">Zylindrisch (Gen6)<\/td>\n<\/tr>\n<tr>\n<td style=\"text-align: left;\"><strong>System Spannung<\/strong><\/td>\n<td style=\"text-align: left;\">400-V-Architektur<\/td>\n<td style=\"text-align: left;\">800V Architektur<\/td>\n<\/tr>\n<tr>\n<td style=\"text-align: left;\"><strong>Innenanzeige<\/strong><\/td>\n<td style=\"text-align: left;\">Gebogenes Display<\/td>\n<td style=\"text-align: left;\">Panoramablick + Zentrales Display<\/td>\n<\/tr>\n<tr>\n<td style=\"text-align: left;\"><strong>Struktureller Entwurf<\/strong><\/td>\n<td style=\"text-align: left;\">Kompromiss f\u00fcr mehrere Antriebsstr\u00e4nge<\/td>\n<td style=\"text-align: left;\">Optimiert f\u00fcr Platz und Gewicht<\/td>\n<\/tr>\n<tr>\n<td style=\"text-align: left;\"><strong>Software<\/strong><\/td>\n<td style=\"text-align: left;\">Mehrere verteilte ECUs<\/td>\n<td style=\"text-align: left;\">Vier integrierte \"Superhirne\"<\/td>\n<\/tr>\n<\/tbody>\n<\/table>\n<h3 id=\"the-firstborn-the-2026-bmw-ix3\">Der Erstgeborene: Der BMW iX3 aus dem Jahr 2026<\/h3>\n<p>Das erste Serienfahrzeug, das auf dieser neuen Grundlage entstehen wird, ist der BMW iX3 der n\u00e4chsten Generation, dessen Produktion Ende 2025 beginnt und der 2026 auf den Markt kommen soll. Dieses Modell ist wohl das wichtigste Auto f\u00fcr BMW seit einem Jahrzehnt. Es handelt sich um einen Mittelklasse-SUV, der sich im Herzen des weltweit beliebtesten und profitabelsten Marktsegments befindet. Und was noch wichtiger ist: Es zielt direkt auf den unangefochtenen Champion in diesem Segment: das Tesla Model Y.<\/p>\n<p>Die Wahl des iX3 als Deb\u00fctmodell ist eine klare Absichtserkl\u00e4rung. Es ist kein Nischenauto, sondern ein Volumenmodell, das die Vorteile der Philosophie der Neuen Klasse in einem praktischen, familienfreundlichen Paket demonstrieren soll. Erste Berichte und Prototypensichtungen deuten auf ein Fahrzeug hin, das aerodynamischer und sportlicher ist als sein Vorg\u00e4nger, mit einem Design, das stark Elemente des Konzeptfahrzeugs \"Vision Neue Klasse\" aufgreift. Es wird die Ger\u00e4umigkeit des Flachbodens zur Geltung bringen, der im Vergleich zu seinem Pendant mit Verbrennungsmotor, dem X3, mehr Beinfreiheit und Flexibilit\u00e4t im Innenraum bietet.<\/p>\n<h3 id=\"implications-for-future-models-i3-sedan-ix4\">Auswirkungen auf zuk\u00fcnftige Modelle (i3 Limousine, iX4)<\/h3>\n<p>Der iX3 ist erst der Anfang. BMW hat best\u00e4tigt, dass bis zum Jahr 2028 mindestens f\u00fcnf weitere Fahrzeuge der Neuen Klasse folgen werden. Das n\u00e4chste best\u00e4tigte Modell ist eine Limousine im ikonischen 3er-Segment, die logischerweise den Namen i3 tragen wird. Dies ist ein direkter Appell an das traditionelle Kernland der Marke und verspricht, die klassische BMW-Fahrdynamik in ein rein elektrisches Format zu \u00fcbertragen. Die Produktion dieses Modells soll im Jahr 2026 in M\u00fcnchen anlaufen.<\/p>\n<p>Dar\u00fcber hinaus deuten glaubw\u00fcrdige Berichte auf einen SUV im Coup\u00e9-Stil, wahrscheinlich einen iX4, und m\u00f6glicherweise eine Touring- oder Kombi-Variante der i3-Limousine hin. Diese schnelle Expansion zeigt die Effizienz der modularen Plattform der Neuen Klasse. Sobald die grundlegende Konstruktion abgeschlossen ist, wird die Entwicklung verschiedener \"Top Hats\" - die Karosserievarianten, die auf dem Skateboard-Chassis sitzen - zu einem viel schnelleren und kosteng\u00fcnstigeren Prozess. F\u00fcr die globalen M\u00e4rkte in Europa, S\u00fcdostasien und dem Nahen Osten bedeutet dies, dass in relativ kurzer Zeit ein vielf\u00e4ltiges Portfolio fortschrittlicher BMW Elektroauto-Modelle verf\u00fcgbar sein wird.<\/p>\n<h2 id=\"2-battery-technology-and-performance-the-heart-of-the-new-generation\">2. Batterietechnologie und Leistung: Das Herzst\u00fcck der neuen Generation<\/h2>\n<p>Wenn die Architektur der Neuen Klasse das Skelett des neuen BMW Elektroautos ist, dann ist die Batterietechnologie der sechsten Generation sein Herz. Die Batterie bestimmt die Reichweite, die Ladegeschwindigkeit und einen erheblichen Teil der Kosten und des Gewichts eines Fahrzeugs. Die Umstellung auf ein neues Batterieformat und eine neue Batteriechemie ist f\u00fcr BMW ebenso bedeutsam wie die Plattform selbst und erm\u00f6glicht Leistungs- und Effizienzsteigerungen, die das Nutzererlebnis bestimmen werden.<\/p>\n<h3 id=\"sixth-generation-round-cells-a-leap-forward\">Runde Zellen der sechsten Generation: Ein Sprung nach vorn<\/h3>\n<p>Bei seinen Elektrofahrzeugen der f\u00fcnften Generation (wie dem iX und dem i4) verwendete BMW prismatische Zellen. F\u00fcr die Neue Klasse stellt das Unternehmen auf neue zylindrische Zellen um, die oft als \"runde Zellen\" bezeichnet werden. Dies mag wie ein unbedeutendes technisches Detail erscheinen, hat aber tiefgreifende Auswirkungen. Diese neuen Zellen mit einem Standarddurchmesser von 46 mm und zwei verschiedenen H\u00f6hen verf\u00fcgen \u00fcber eine nickelhaltige Kathode und einen erh\u00f6hten Siliziumanteil in der Anode.<\/p>\n<p>Was bedeutet das in der Praxis?<\/p>\n<ol>\n<li><strong>Energiedichte:<\/strong> BMW rechnet mit einer Steigerung der volumetrischen Energiedichte von mehr als 20% im Vergleich zu den bisherigen prismatischen Zellen. Das bedeutet, dass mehr Energie auf gleichem Raum untergebracht werden kann, was entweder zur Erh\u00f6hung der Reichweite oder zur Verringerung der Gr\u00f6\u00dfe und des Gewichts des Batteriepakets f\u00fcr eine bestimmte Reichweite genutzt werden kann.<\/li>\n<li><strong>Haltbarkeit und Lebenserwartung:<\/strong> Die verbesserte Chemie ist auf eine l\u00e4ngere Lebensdauer ausgelegt, was sowohl f\u00fcr Erstbesitzer als auch f\u00fcr den Zweitmarkt ein entscheidender Faktor ist.<\/li>\n<li><strong>Kostenreduzierung:<\/strong> Das neue Zellendesign und ein optimierter Produktionsprozess werden die Kosten des gesamten Batteriepakets voraussichtlich um bis zu 50% senken. Dies ist der wichtigste Faktor, um den Preis von Premium-EVs n\u00e4her an den ihrer ICE-Pendants zu bringen.<\/li>\n<\/ol>\n<h3 id=\"charging-speed-and-infrastructure-the-800v-architecture\">Aufladegeschwindigkeit und Infrastruktur: Die 800V-Architektur<\/h3>\n<p>Die vielleicht wichtigste Verbesserung f\u00fcr den Benutzer ist der Wechsel von einer 400-Volt- zu einer 800-Volt-Systemarchitektur. In der Elektrotechnik ist die Leistung (die Geschwindigkeit der Energie\u00fcbertragung) das Produkt aus Spannung und Strom (Leistung = Spannung \u00d7 Strom). Durch Verdoppelung der Spannung auf 800 V kann die gleiche Ladeleistung mit der H\u00e4lfte des Stroms erreicht werden. Ein geringerer Strom bedeutet, dass in den Kabeln und den Batteriekomponenten weniger W\u00e4rme erzeugt wird, was der wichtigste begrenzende Faktor beim Schnellladen ist.<\/p>\n<p>Das Ergebnis? BMW behauptet, dass die Fahrzeuge der Neuen Klasse in der Lage sein werden, in nur 10 Minuten Ladezeit an einer kompatiblen Gleichstrom-Schnellladestation eine zus\u00e4tzliche Reichweite von bis zu 300 Kilometern (etwa 186 Meilen) zu erzielen. Es wird erwartet, dass die Ladegeschwindigkeit insgesamt um bis zu 30% schneller ist und von einem Ladezustand von 10% auf 80% ansteigt. Damit wird einer der Hauptgr\u00fcnde f\u00fcr den Besitz eines Elektroautos - lange Wartezeiten w\u00e4hrend der Fahrt - drastisch reduziert, und das \"Tanken\" kommt dem eines herk\u00f6mmlichen Autos n\u00e4her. F\u00fcr kommerzielle Betreiber und Exporteure ist diese Funktion ein wichtiges Verkaufsargument, insbesondere in Regionen, die ihre Hochleistungs-Ladeinfrastruktur schnell ausbauen.<\/p>\n<table style=\"width: 100%; border-collapse: collapse;\" border=\"1\">\n<thead>\n<tr>\n<th style=\"text-align: left;\">Modell<\/th>\n<th style=\"text-align: left;\">Voraussichtlicher Beginn der Produktion<\/th>\n<th style=\"text-align: left;\">Segment<\/th>\n<th style=\"text-align: left;\">Wichtige Wettbewerber<\/th>\n<\/tr>\n<\/thead>\n<tbody>\n<tr>\n<td style=\"text-align: left;\"><strong>BMW iX3 (NA5)<\/strong><\/td>\n<td style=\"text-align: left;\">Ende 2025<\/td>\n<td style=\"text-align: left;\">Mittelgro\u00dfer Elektro-SUV<\/td>\n<td style=\"text-align: left;\">Tesla Model Y, Audi Q6 e-tron, Mercedes EQC SUV<\/td>\n<\/tr>\n<tr>\n<td style=\"text-align: left;\"><strong>BMW i3 Limousine (NA0)<\/strong><\/td>\n<td style=\"text-align: left;\">2026<\/td>\n<td style=\"text-align: left;\">Elektrische Mittelklasselimousine<\/td>\n<td style=\"text-align: left;\">Tesla Model 3, Polestar 2, Hyundai Ioniq 6<\/td>\n<\/tr>\n<tr>\n<td style=\"text-align: left;\"><strong>BMW iX4 (NA7)<\/strong><\/td>\n<td style=\"text-align: left;\">2027 (gesch\u00e4tzt)<\/td>\n<td style=\"text-align: left;\">Mittelgro\u00dfes elektrisches Coup\u00e9-SUV<\/td>\n<td style=\"text-align: left;\">Tesla Model Y, Polestar 4, Audi Q6 Sportback e-tron<\/td>\n<\/tr>\n<tr>\n<td style=\"text-align: left;\"><strong>BMW i3 Touring (NA1)<\/strong><\/td>\n<td style=\"text-align: left;\">2027 (gesch\u00e4tzt)<\/td>\n<td style=\"text-align: left;\">Mittelgro\u00dfer Elektrowagen<\/td>\n<td style=\"text-align: left;\">Nio ET5 Touring, VW ID.7 Tourer<\/td>\n<\/tr>\n<tr>\n<td style=\"text-align: left;\"><strong>Unbenanntes Einstiegsmodell<\/strong><\/td>\n<td style=\"text-align: left;\">2028 (gesch\u00e4tzt)<\/td>\n<td style=\"text-align: left;\">Kompaktes Segment<\/td>\n<td style=\"text-align: left;\">Mercedes EQA, Volvo EX30<\/td>\n<\/tr>\n<\/tbody>\n<\/table>\n<h3 id=\"range-and-efficiency-redefining-expectations\">Reichweite und Effizienz: Die Erwartungen neu definieren<\/h3>\n<p>Die Kombination aus h\u00f6herer Energiedichte, verbesserter Zellchemie und besserer Fahrzeug-Aerodynamik soll die Gesamtreichweite deutlich erh\u00f6hen. BMW strebt eine Verbesserung der Reichweite von bis zu 30% gegen\u00fcber der aktuellen Generation von E-Fahrzeugen an. Das bedeutet, dass die Spitzenmodelle der Neuen Klasse je nach Batteriegr\u00f6\u00dfe und -konfiguration im WLTP-Zyklus bequem \u00fcber 600-700 Kilometer weit fahren k\u00f6nnten.<\/p>\n<p>Bei der Reichweite geht es aber nicht nur um eine gro\u00dfe Batterie, sondern auch um Effizienz. Der ganzheitliche Ansatz der Neuen Klasse - Gewichtsreduzierung, Verbesserung der Aerodynamik und Optimierung der Software des Antriebsstrangs - f\u00fchrt dazu, dass das Fahrzeug f\u00fcr jeden Kilometer weniger Energie ben\u00f6tigt. Das ist ein nachhaltigerer Weg zu mehr Reichweite als der Einbau immer gr\u00f6\u00dferer und schwererer Batterien. F\u00fcr K\u00e4ufer in M\u00e4rkten mit hohen Stromkosten schl\u00e4gt sich diese h\u00f6here Effizienz direkt in niedrigeren Betriebskosten nieder. Bei der \u00dcberlegung, welche Modelle importiert werden sollen, sollten diejenigen, die <a href=\"https:\/\/www.tjygqc.com\/bmw-category\/\" rel=\"nofollow\">Entdecken Sie unser aktuelles Angebot an BMW EVs<\/a> werden feststellen, dass diese neue Generation ein \u00fcberzeugendes Argument f\u00fcr die Gesamtbetriebskosten bietet.<\/p>\n<h3 id=\"performance-metrics-from-ix3-to-potential-m-models\">Leistungsmetriken: Von iX3 zu potenziellen M-Modellen<\/h3>\n<p>Obwohl Effizienz der Schl\u00fcssel ist, ist dies immer noch ein BMW, und Leistung bleibt ein Kernbestandteil der DNA der Marke. Die Architektur der Neuen Klasse ist so konzipiert, dass sie ein breites Leistungsspektrum unterst\u00fctzt - von einmotorigen Heckantriebskonfigurationen bis hin zu leistungsstarken Allradkonfigurationen mit zwei Motoren.<\/p>\n<p>Es wird erwartet, dass die ersten Versionen des iX3 in verschiedenen Leistungsstufen angeboten werden, m\u00f6glicherweise unter den Bezeichnungen iX330, iX340 und iX350, was auf eine abgestufte Leistungsstruktur hinweist. Die eigentliche Spannung liegt jedoch in der M\u00f6glichkeit von M Performance und vollwertigen M-Modellen. Es gibt glaubw\u00fcrdige Berichte \u00fcber ein zuk\u00fcnftiges BMW iX3 M60-Modell, das um das Jahr 2026 auf den Markt kommen soll und wahrscheinlich mit einem Doppelmotor-Setup ausgestattet w\u00e4re, das weit \u00fcber 500 PS leistet. Die sofortige Drehmomentabgabe der Elektromotoren in Verbindung mit der ausgekl\u00fcgelten Fahrdynamiksteuerung der neuen Superhirne\" verspricht ein Beschleunigungs- und Fahrverhalten, das die Leistung in diesem Segment neu definieren k\u00f6nnte. Die M\u00f6glichkeit, ein rein elektrisches M Auto auf dieser Plattform zu bauen, ist eine verlockende Aussicht f\u00fcr Enthusiasten weltweit.<\/p>\n<h2 id=\"3-design-and-aerodynamics-marrying-form-with-electric-function\">3. Design und Aerodynamik: Die Verbindung von Form und elektrischer Funktion<\/h2>\n<p>Die visuelle Identit\u00e4t der Fahrzeuge der Neuen Klasse wird ebenso revolution\u00e4r sein wie die ihnen zugrunde liegende Technologie. Das Design stellt eine bewusste Abkehr von der Vergangenheit dar und bewegt sich in Richtung einer klareren, monolithischeren und durch und durch digitalen Sprache. Es ist eine \u00c4sthetik, die aus den Anforderungen der Elektromobilit\u00e4t geboren wurde, wo aerodynamische Effizienz nicht nur ein stilistisches Ziel, sondern eine funktionale Notwendigkeit zur Maximierung der Reichweite ist.<\/p>\n<h3 id=\"a-new-design-language-inspired-by-the-vision-neue-klasse-concept\">Eine neue Designsprache: Inspiriert durch das Vision Neue Klasse Konzept<\/h3>\n<p>Die Konzepte BMW Vision Neue Klasse und Vision Neue Klasse X sind unser deutlichstes Fenster zu dieser neuen Designphilosophie. Das Erscheinungsbild ist gepr\u00e4gt von klaren, gro\u00dfz\u00fcgigen Fl\u00e4chen und einer Reduktion der Charakterlinien. Der traditionelle BMW Nierengrill wird neu interpretiert, nicht mehr als Lufteinlass f\u00fcr einen Motor, sondern als digitales \"Interaktionspanel\", das Sensoren f\u00fcr die Fahrerassistenzsysteme beherbergt. Flankiert wird er von neuen Scheinwerfersignaturen, die nahtlos in die Frontsch\u00fcrze \u00fcbergehen.<\/p>\n<p>Die wichtigsten Elemente sind:<\/p>\n<ul>\n<li><strong>Monolithischer K\u00f6rper:<\/strong> Man hat das Gef\u00fchl, dass das Auto aus einem einzigen Block gemei\u00dfelt wurde, mit weniger pingeligen Details.<\/li>\n<li><strong>Neu gestaltete Ikonen:<\/strong> Der Nierengrill, die Doppelscheinwerfer und der \"Hofmeister-Knick\" in der C-S\u00e4ule sind vorhanden, werden aber in einem modernen, digitalen Kontext neu interpretiert.<\/li>\n<li><strong>Gro\u00dfe Gew\u00e4chsh\u00e4user:<\/strong> Die Vorteile der Skateboard-Plattform erm\u00f6glichen eine niedrigere G\u00fcrtellinie und gr\u00f6\u00dfere Fenster, wodurch eine luftige, lichtdurchflutete Kabine entsteht.<\/li>\n<li><strong>Flush Detailing:<\/strong> T\u00fcrgriffe, Fensterdichtungen und Paneelspalten sind auf ein Minimum reduziert, um eine glatte, ununterbrochene Oberfl\u00e4che zu schaffen, die den Luftstrom f\u00f6rdert.<\/li>\n<\/ul>\n<p>Dieses Design ist bewusst zukunftsorientiert. Es soll den technologischen Sprung vermitteln, den die Neue Klasse darstellt. Es ist ein selbstbewusstes Statement, dass das BMW Elektroauto nicht versucht, eine elektrische Version eines Benziners zu sein, sondern etwas v\u00f6llig Neues.<\/p>\n<h3 id=\"aerodynamic-efficiency-as-a-core-principle\">Aerodynamische Effizienz als Grundprinzip<\/h3>\n<p>Bei einem Fahrzeug mit Verbrennungsmotor wirkt sich die Aerodynamik auf den Kraftstoffverbrauch aus. Bei einem Elektrofahrzeug bestimmt sie direkt die Reichweite. Jedes bisschen Luftwiderstand ist Energie, die aus der Batterie entnommen werden muss, um die Luft aus dem Weg zu schieben. Die Ingenieure von BMW haben die Reduzierung dieses Luftwiderstands zu einer zentralen S\u00e4ule des Designs der Neuen Klasse gemacht.<\/p>\n<p>Erreicht wird dies durch mehrere Ma\u00dfnahmen: einen glatteren Unterboden (dank der flachen Batterie), aktive aerodynamische Elemente, die sich \u00f6ffnen oder schlie\u00dfen k\u00f6nnen, um den Luftstrom zu steuern, sorgf\u00e4ltig geformte Karosserieteile und aerodynamisch optimierte R\u00e4der. Das Konzept der Vision Neue Klasse weist eine Verringerung des Luftwiderstands um 30% im Vergleich zu aktuellen Modellen im gleichen Segment auf. Wenn auch nur ein erheblicher Teil dieser Verbesserung auf die Serienmodelle iX3 und i3 \u00fcbertragen werden kann, wird dies zu einer erheblichen Steigerung der realen Reichweite f\u00fchren, insbesondere bei Fahrten auf der Autobahn, wo der Luftwiderstand die dominierende Kraft ist.<\/p>\n<h3 id=\"interior-revolution-panoramic-vision-and-idrive-10\">Revolution im Innenraum: Panoramablick und iDrive 10<\/h3>\n<p>Das Interieur der Fahrzeuge der Neuen Klasse stellt die radikalste Abkehr vom aktuellen Automobildesign dar. Das Herzst\u00fcck dieser neuen Kabine ist \"BMW Panoramic Vision\". Dabei handelt es sich nicht um ein herk\u00f6mmliches Head-up-Display (HUD), sondern um eine hochaufl\u00f6sende Anzeigematrix, die \u00fcber die gesamte untere Breite der Windschutzscheibe projiziert wird. Sie zeigt wichtige Fahrinformationen, Navigation und Medien im direkten Blickfeld des Fahrers an, so dass dieser den Blick auf die Stra\u00dfe richten kann.<\/p>\n<p>Hinzu kommt ein neuer, parallelogrammf\u00f6rmiger zentraler Touchscreen, der mit der n\u00e4chsten Generation des iDrive 10 Betriebssystems ausgestattet ist. Das System basiert auf Android Automotive und verspricht ein hohes Ma\u00df an Individualisierung, schnelle Reaktionszeiten und eine nahtlose Integration in das digitale Leben des Fahrers. Der traditionelle iDrive Controller bleibt erhalten und bietet eine haptische Alternative zum Touchscreen.<\/p>\n<p>Der Gesamteffekt ist ein entschlacktes, minimalistisches Armaturenbrett. Durch die Verlagerung der wichtigsten Informationen auf das Panoramic Vision Display entf\u00e4llt die Notwendigkeit eines gro\u00dfen, traditionellen Kombiinstruments hinter dem Lenkrad. Das schafft ein nie dagewesenes Gef\u00fchl von Offenheit und Raum. Es ist eine auf den Menschen ausgerichtete Schnittstelle, die Ablenkungen reduziert und Informationen in einem intuitiven, \u00fcbersichtlichen Format darstellt.<\/p>\n<h3 id=\"materiality-and-sustainability-in-design\">Materialit\u00e4t und Nachhaltigkeit im Design<\/h3>\n<p>Die Auswahl der Materialien im Innenraum der Neuen Klasse orientiert sich am Prinzip der Nachhaltigkeit. BMW verzichtet auf traditionelles Chrom und Leder und setzt stattdessen auf hochwertige, pflanzenbasierte und recycelte Materialien. Die Stoffe werden h\u00e4ufig aus recycelten Kunststoffen hergestellt, und f\u00fcr die Zierleisten werden nachhaltige H\u00f6lzer oder andere nachwachsende Rohstoffe verwendet.<\/p>\n<p>Hier geht es nicht um Sparsamkeit, sondern um eine neue Definition von Luxus. Der Schwerpunkt liegt auf haptischer Qualit\u00e4t, ehrlichen Materialien und einem Design, das sowohl technologisch fortschrittlich als auch warm ist. Die Farben sind von der Natur inspiriert und schaffen ein beruhigendes und angenehmes Umfeld. F\u00fcr Kunden, die zunehmend auf den \u00f6kologischen Fu\u00dfabdruck ihrer Eink\u00e4ufe achten, ist dieses Engagement f\u00fcr nachhaltige Materialien ein wichtiger Teil der Attraktivit\u00e4t des Fahrzeugs. Es demonstriert einen ganzheitlichen Ansatz, bei dem das Auto nicht nur emissionsfrei f\u00e4hrt, sondern auch in seiner Konstruktion verantwortungsbewusst ist. Dies steht im Einklang mit dem Ethos der Unternehmen des Sektors, die <a href=\"https:\/\/www.tjygqc.com\/about-us\/\" rel=\"nofollow\">Erfahren Sie mehr \u00fcber unser Engagement f\u00fcr Qualit\u00e4t<\/a> und verantwortungsvolle Beschaffung.<\/p>\n<h2 id=\"4-the-strategic-rollout-market-positioning-and-global-impact\">4. Die strategische Markteinf\u00fchrung: Marktpositionierung und globale Auswirkungen<\/h2>\n<p>Die erfolgreiche Einf\u00fchrung einer neuen Fahrzeugfamilie h\u00e4ngt nicht nur von exzellenter Technik und Design ab, sondern auch von einer klugen Marktstrategie, einem soliden Produktionsplan und einer klaren Vision f\u00fcr ihre globale Rolle. Die Einf\u00fchrung der Neuen Klasse ist eine Meisterklasse in strategischer Planung, die darauf ausgelegt ist, die Wirkung zu maximieren und die Position von BMW im Bereich der Premium-Elektrofahrzeuge f\u00fcr das n\u00e4chste Jahrzehnt zu sichern.<\/p>\n<h3 id=\"targeting-the-tesla-model-y-the-ix3-s-mission\">Das Tesla Model Y im Visier: Die Mission des iX3<\/h3>\n<p>Die Entscheidung, die Neue Klasse mit dem iX3 auf den Markt zu bringen, ist eine direkte und eindeutige Herausforderung an Teslas Dominanz auf dem Markt der elektrischen Premium-SUV. Das Tesla Model Y ist weltweit ein voller Erfolg und setzt den Ma\u00dfstab f\u00fcr Leistung, Effizienz und Verpackung in seiner Klasse. Damit BMW erfolgreich sein kann, darf der iX3 nicht nur ein guter Elektro-SUV sein; er muss eine \u00fcberzeugende Alternative zum Model Y sein.<\/p>\n<p>Die Strategie von BMW scheint ein mehrgleisiger Angriff zu sein:<\/p>\n<ul>\n<li><strong>Leistung und Reichweite:<\/strong> Ziel ist es, durch die neue Batterie- und Plattformtechnologie die Werte des Model Y zu erreichen oder zu \u00fcbertreffen.<\/li>\n<li><strong>Verarbeitungsqualit\u00e4t und Luxus:<\/strong> BMW setzt die Tradition der hochwertigen Innenraummaterialien, Passform und Verarbeitung fort, um ein noch luxuri\u00f6seres Fahrerlebnis zu bieten.<\/li>\n<li><strong>Fahrdynamik:<\/strong> Er unterstreicht die traditionelle St\u00e4rke der Marke, Autos zu bauen, die ansprechend und angenehm zu fahren sind - ein subjektiver Bereich, in dem einige Kritiker Tesla einen Mangel attestieren.<\/li>\n<li><strong>Markenerbe:<\/strong> Er spricht treue BMW-Kunden und solche an, die das Prestige und das etablierte Servicenetz eines traditionsreichen Automobilherstellers suchen.<\/li>\n<\/ul>\n<p>Der Erfolg des iX3 wird ein wichtiger Gradmesser f\u00fcr das gesamte Projekt Neue Klasse sein. Eine starke Leistung gegen\u00fcber dem Model Y wird die massiven Investitionen von BMW best\u00e4tigen und den M\u00e4rkten in Europa, Asien und Afrika signalisieren, dass ein neues, \u00e4u\u00dferst wettbewerbsf\u00e4higes BMW Elektroauto verf\u00fcgbar ist.<\/p>\n<h3 id=\"production-and-manufacturing-strategy-debrecen-plant\">Produktions- und Fertigungsstrategie (Werk Debrecen)<\/h3>\n<p>Um die Bedeutung dieses neuen Kapitels zu unterstreichen, hat BMW in Debrecen, Ungarn, ein v\u00f6llig neues Werk speziell f\u00fcr die Produktion von Fahrzeugen der Neuen Klasse errichtet. Das Werk selbst ist nach den Grunds\u00e4tzen des \"iFACTORY\"-Konzepts von BMW konzipiert, das auf eine schlanke, umweltfreundliche und digitale Fertigung setzt.<\/p>\n<p>Ein wichtiger Aspekt des Werks in Debrecen ist die Verpflichtung, eine \"fossilfreie\" Anlage zu sein. Das Werk wird seinen Strombedarf vollst\u00e4ndig aus erneuerbaren Energiequellen decken - ein wichtiger Schritt zur Verringerung des gesamten CO2-Fu\u00dfabdrucks jedes produzierten Fahrzeugs. Dar\u00fcber hinaus ist das Werk auf maximale Effizienz ausgelegt, mit hochgradig digitalisierten und automatisierten Prozessen. Es wird sogar eine integrierte Hochspannungsbatterie-Montageanlage vor Ort haben, die die Logistikkosten senkt und die Integration zwischen Batterie- und Fahrzeugproduktion verbessert. Diese vertikale Integration ist ein entscheidender strategischer Vorteil, da sie BMW eine bessere Kontrolle \u00fcber die Qualit\u00e4t und Lieferung der wichtigsten Komponente eines Elektrofahrzeugs erm\u00f6glicht.<\/p>\n<h3 id=\"nomenclature-changes-a-clearer-electric-identity\">\u00c4nderungen der Nomenklatur: Eine klarere elektrische Identit\u00e4t<\/h3>\n<p>Neben der neuen Technologie plant BMW Berichten zufolge auch eine subtile, aber wichtige \u00c4nderung seines Fahrzeugnamensystems, um eine klarere Unterscheidung zwischen seinen Elektro- und Verbrennungsmodellen zu schaffen. Nach dem vorgeschlagenen neuen System w\u00fcrde der Buchstabe \"i\", der derzeit den Namen von Elektromodellen (wie i4, iX) vorangestellt ist, stattdessen zur Bezeichnung des elektrischen Antriebsstrangs selbst verwendet werden.<\/p>\n<p>Zum Beispiel:<\/p>\n<ul>\n<li>Der benzinbetriebene X3 k\u00f6nnte als \"X330\" bezeichnet werden.<\/li>\n<li>Das elektrische Pendant, der iX3, k\u00f6nnte als \"iX330\", \"iX340\" usw. bezeichnet werden.<\/li>\n<\/ul>\n<p>Diese \u00c4nderung w\u00fcrde das Pr\u00e4fix \"i\" f\u00fcr spezielle Elektrofahrzeug-Modellreihen reservieren und gleichzeitig den Antriebstyp f\u00fcr das gesamte Portfolio klarer machen. W\u00e4hrend dies f\u00fcr den Endverbraucher wie eine Kleinigkeit erscheinen mag, vereinfacht es f\u00fcr Importeure und H\u00e4ndler die Modellhierarchie und macht das Elektroangebot zu einem integrierteren Teil der Kernproduktpalette und nicht zu einer separaten Untermarke.<\/p>\n<h3 id=\"global-availability-and-market-specific-considerations\">Globale Verf\u00fcgbarkeit und marktspezifische Erw\u00e4gungen<\/h3>\n<p>Die Neue Klasse ist eine globale Plattform, und ihre Modelle sind f\u00fcr alle wichtigen M\u00e4rkte bestimmt. Die Produktion wird nicht auf Ungarn beschr\u00e4nkt sein. Das M\u00fcnchner Werk wird 2026 mit dem Bau der i3-Limousine beginnen, gefolgt von Werken in Shenyang, China, und San Luis Potos\u00ed, Mexiko. Diese verteilte Produktion ist entscheidend, um geopolitische Risiken zu mindern, die Transportkosten zu senken und die Fahrzeuge an den regionalen Geschmack und die regionalen Vorschriften anzupassen.<\/p>\n<p>F\u00fcr die M\u00e4rkte in S\u00fcdostasien, dem Nahen Osten und Afrika ist diese globale Produktionsstrategie eine gute Nachricht. Sie erh\u00f6ht die Wahrscheinlichkeit einer rechtzeitigen Verf\u00fcgbarkeit und potenziell wettbewerbsf\u00e4higerer Preise, da hohe Einfuhrz\u00f6lle aus einer einzigen Produktionsquelle vermieden werden. Wichtig ist auch, dass die Modularit\u00e4t der Plattform verschiedene Batteriegr\u00f6\u00dfen und Motorkonfigurationen erm\u00f6glicht, die an die spezifischen Bed\u00fcrfnisse und Preisvorstellungen der verschiedenen M\u00e4rkte angepasst werden k\u00f6nnen. Ganz gleich, ob ein Kunde in Dubai Wert auf extreme Leistung legt oder ein Flottenbetreiber in S\u00fcdafrika maximale Reichweite und Langlebigkeit sch\u00e4tzt, die Architektur der Neuen Klasse ist darauf ausgelegt, diese unterschiedlichen Anforderungen zu erf\u00fcllen. Die Best\u00e4tigung, dass der neue iX3 in den USA verkauft wird, einem Markt, den die Vorg\u00e4ngergeneration ausgelassen hat, zeigt auch das Vertrauen von BMW in die globale Attraktivit\u00e4t dieses neuen Produkts.<\/p>\n<h2 id=\"5-sustainability-and-the-circular-economy-a-core-tenet-of-the-bmw-electric-car\">5. Nachhaltigkeit und Kreislaufwirtschaft: Ein Kerngedanke des BMW Elektroautos<\/h2>\n<p>Im 21. Jahrhundert ist das Konzept eines Premiumprodukts untrennbar mit Nachhaltigkeit verbunden. Eine moderne Luxusmarke kann die \u00f6kologischen und ethischen Implikationen ihrer Produkte und Prozesse nicht ignorieren. BMW hat die Nachhaltigkeit in den Mittelpunkt der Entwicklung der Neuen Klasse gestellt und sich nicht nur auf die Produktion von Fahrzeugen mit null Auspuffabgasen beschr\u00e4nkt, sondern den gesamten Lebenszyklus des Fahrzeugs ber\u00fccksichtigt. Dies wird durch die Prinzipien der Kreislaufwirtschaft verk\u00f6rpert.<\/p>\n<h3 id=\"secondary-first-integrating-recycled-materials\">\"Sekund\u00e4r zuerst\": Recycelte Materialien einbeziehen<\/h3>\n<p>Die Kreislaufwirtschaft ist ein Produktions- und Konsummodell, bei dem vorhandene Materialien und Produkte so lange wie m\u00f6glich gemeinsam genutzt, geleast, wiederverwendet, repariert, aufgearbeitet und recycelt werden. Auf diese Weise wird der Lebenszyklus von Produkten verl\u00e4ngert. BMW setzt dies f\u00fcr die Neue Klasse mit dem Ansatz \"Secondary First\" um. Das bedeutet, dass, wann immer es die Qualit\u00e4t und Verf\u00fcgbarkeit der Materialien zul\u00e4sst, recycelte Materialien (Sekund\u00e4rrohstoffe) gegen\u00fcber neu gewonnenen (Prim\u00e4rrohstoffe) bevorzugt werden.<\/p>\n<p>Dies gilt f\u00fcr viele Komponenten des Fahrzeugs:<\/p>\n<ul>\n<li><strong>Stahl und Aluminium:<\/strong> Die Erh\u00f6hung des Anteils von Sekund\u00e4rstahl und Aluminium in Karosserie und Fahrwerk reduziert den immensen Energieverbrauch und die CO2-Emissionen, die mit der Produktion von Prim\u00e4rmetall verbunden sind.<\/li>\n<li><strong>Kunststoffe:<\/strong> Viele Innenverkleidungen, Stoffe und strukturelle Kunststoffkomponenten werden aus recycelten Kunststoffen hergestellt, z. B. aus wiederverwerteten Fischernetzen und gebrauchten Plastikflaschen.<\/li>\n<li><strong>Batterie Materialien:<\/strong> Langfristiges Ziel ist es, einen geschlossenen Kreislauf f\u00fcr Batteriematerialien wie Lithium, Kobalt und Nickel zu schaffen, in dem alte Batterien gesammelt, zerlegt und ihre wertvollen Materialien zur Herstellung neuer Batterien zur\u00fcckgewonnen werden.<\/li>\n<\/ul>\n<p>Diese Verpflichtung ist nicht nur eine \u00f6kologische Aussage, sondern auch eine solide wirtschaftliche Strategie. Angesichts der zunehmenden Ressourcenknappheit und der steigenden Rohstoffkosten bietet die Verringerung der Abh\u00e4ngigkeit von der Prim\u00e4rf\u00f6rderung einen Puffer gegen Preisschwankungen und Unterbrechungen der Lieferkette.<\/p>\n<h3 id=\"green-energy-in-production-processes\">Gr\u00fcne Energie in Produktionsprozessen<\/h3>\n<p>Der CO2-Fu\u00dfabdruck eines Autos beginnt lange bevor es \u00fcberhaupt gefahren wird. Der Herstellungsprozess, insbesondere bei einem energieintensiven Produkt wie einem Auto, ist eine der Hauptquellen f\u00fcr CO2-Emissionen. Wie bereits erw\u00e4hnt, ist das neue Werk in Debrecen, Ungarn, so konzipiert, dass es vollst\u00e4ndig mit erneuerbarer Energie betrieben wird. Dieses Engagement erstreckt sich auf das gesamte globale Produktionsnetzwerk von BMW.<\/p>\n<p>Durch die systematische Umstellung seiner Fabriken auf \u00d6kostrom und Investitionen in die Energieeffizienz will BMW den \"eingebetteten Kohlenstoff\" in jedem Fahrzeug der Neuen Klasse drastisch reduzieren. Das bedeutet, dass ein Kunde bei der Auslieferung seines neuen BMW-Elektroautos sicher sein kann, dass dessen Produktion die Umwelt deutlich weniger belastet hat als bei fr\u00fcheren Fahrzeuggenerationen. Dies ist ein starkes Argument f\u00fcr eine Marke und ein wichtiges Verkaufsargument f\u00fcr umweltbewusste Verbraucher.<\/p>\n<h3 id=\"battery-lifecycle-management-and-recycling\">Lebenszyklusmanagement und Recycling von Batterien<\/h3>\n<p>Die Batterie ist die ressourcenintensivste Komponente eines Elektrofahrzeugs. Eine verantwortungsvolle EV-Strategie muss daher einen klaren Plan beinhalten, was mit der Batterie am Ende ihrer Nutzungsdauer im Fahrzeug geschieht. Der Ansatz von BMW ist mehrstufig.<\/p>\n<p>Erstens sind die Batterien auf Langlebigkeit ausgelegt. Die neuen Zellen der sechsten Generation sind auf eine lange Lebensdauer ausgelegt. Zweitens kann eine Batterie, die den anspruchsvollen Anforderungen f\u00fcr den Einsatz in Fahrzeugen nicht mehr gen\u00fcgt, f\u00fcr ein \"zweites Leben\" als station\u00e4rer Energiespeicher umgewidmet werden. Zum Beispiel kann eine Bank gebrauchter Autobatterien zur Speicherung von Solarenergie f\u00fcr eine Fabrik oder zur Stabilisierung eines lokalen Stromnetzes verwendet werden.<\/p>\n<p>Am Ende ihrer Lebensdauer wird die Batterie dem Recycling zugef\u00fchrt. BMW investiert stark in Recyclingtechnologien, um einen hohen Prozentsatz der kritischen Rohstoffe zur\u00fcckzugewinnen. Die Schaffung dieses geschlossenen Kreislaufs ist f\u00fcr die langfristige Nachhaltigkeit der Elektromobilit\u00e4t von entscheidender Bedeutung, da er den Bedarf an neuem Bergbau reduziert, der oft mit erheblichen \u00f6kologischen und sozialen Kosten verbunden ist.<\/p>\n<h3 id=\"the-ethical-dimension-of-sourcing-raw-materials\">Die ethische Dimension der Beschaffung von Rohstoffen<\/h3>\n<p>Die Beschaffung von Rohstoffen f\u00fcr Batterien, insbesondere von Kobalt und Lithium, ist aufgrund von Bedenken \u00fcber Arbeitspraktiken und Umweltsch\u00e4den in einigen Bergbauregionen Gegenstand intensiver ethischer \u00dcberpr\u00fcfungen. BMW hat sich dieser Problematik aktiv angenommen, indem es strenge Standards f\u00fcr seine Lieferanten eingef\u00fchrt und die Transparenz in seiner Lieferkette erh\u00f6ht hat.<\/p>\n<p>Das Unternehmen nutzt eine Kombination aus direkter Beschaffung aus zertifizierten Minen und technologischer Innovation, um diese Probleme zu entsch\u00e4rfen. So verwendet die neue Generation von Batteriezellen bereits eine geringere Menge an Kobalt in der Kathodenchemie. Langfristig wird angestrebt, bei bestimmten Modellen zu kobaltfreien Batteriechemien wie Lithium-Eisen-Phosphat (LFP) \u00fcberzugehen und zunehmend auf recycelte Materialien zur\u00fcckzugreifen. Dieses ethische Engagement ist ein nicht verhandelbarer Aspekt der modernen Premium-Marke und bietet Kunden und Gesch\u00e4ftspartnern eine wesentliche Sicherheit.<\/p>\n<h3 id=\"frequently-asked-questions-faq\">H\u00e4ufig gestellte Fragen (FAQ)<\/h3>\n<p><strong>1. Wann werden die ersten Elektroauto-Modelle der Neuen Klasse von BMW erh\u00e4ltlich sein?<\/strong> Das erste Modell, der BMW iX3 aus dem Jahr 2026, wird voraussichtlich Ende 2025 im neuen Werk in Debrecen, Ungarn, in Produktion gehen und Anfang 2026 auf den Markt kommen. Eine Limousine in der Gr\u00f6\u00dfe der 3er-Reihe, die wahrscheinlich i3 hei\u00dfen wird, wird folgen und ab 2026 in M\u00fcnchen produziert werden.<\/p>\n<p><strong>2. Was ist die voraussichtliche Preisspanne f\u00fcr den BMW iX3 im Jahr 2026?<\/strong> Obwohl die offiziellen Preise noch nicht bekannt gegeben wurden, will BMW die Batteriekosten um bis zu 50% senken. Das deutet darauf hin, dass der iX3 preislich mit seinem Hauptkonkurrenten, dem Tesla Model Y, und anderen Premium-Elektro-SUVs konkurrieren wird. Die Preise werden je nach Markt und spezifischer Konfiguration variieren.<\/p>\n<p><strong>3. Wird der neue BMW iX3 in den USA verkauft werden?<\/strong> Ja. Im Gegensatz zu seinem Vorg\u00e4nger wird der neue BMW iX3 auf Basis der Neuen Klasse f\u00fcr einen globalen Markt entwickelt, und sein Verkauf in den Vereinigten Staaten wurde best\u00e4tigt. Dies markiert einen bedeutenden strategischen Wechsel f\u00fcr BMWs Elektro-SUV-Angebot.<\/p>\n<p><strong>4. Wie unterscheidet sich die Batterietechnologie der Neuen Klasse von den vorherigen Generationen?<\/strong> Die wichtigsten Unterschiede sind der Wechsel von prismatischen zu zylindrischen Zellen (Gen6), eine 800-Volt-Systemarchitektur (statt 400 V) und eine verbesserte Chemie. Dies f\u00fchrt zu einer um 20% h\u00f6heren Energiedichte, einer um bis zu 30% schnelleren Aufladung und einer um bis zu 30% gr\u00f6\u00dferen Reichweite im Vergleich zu aktuellen BMW EVs.<\/p>\n<p><strong>5. Welche weiteren Modelle werden auf der Plattform der Neuen Klasse gebaut?<\/strong> BMW hat einen Plan f\u00fcr mindestens sechs Modelle der Neuen Klasse bis 2028 best\u00e4tigt. Nach dem SUV iX3 und der Limousine i3 werden ein SUV im Coup\u00e9-Stil (wahrscheinlich ein iX4) und eine Kombi-Variante (i3 Touring) mit Spannung erwartet. Weitere Modelle f\u00fcr verschiedene Segmente sind ebenfalls in der Entwicklung.<\/p>\n<p><strong>6. Stellt BMW seine Verbrennungsmotoren (ICE) ein?<\/strong> BMW hat keinen festen Termin f\u00fcr die Beendigung der ICE-Produktion genannt und verfolgt die Strategie, den Kunden die Wahl zu lassen. Die massiven Investitionen in die rein elektrische Plattform der Neuen Klasse zeigen jedoch deutlich, dass der k\u00fcnftige Entwicklungsschwerpunkt und die Ressourcen des Unternehmens darauf ausgerichtet sind, eine f\u00fchrende Rolle in der Elektromobilit\u00e4t zu \u00fcbernehmen.<\/p>\n<p><strong>7. Was macht das Interieur der Fahrzeuge der Neuen Klasse einzigartig?<\/strong> Das einzigartigste Merkmal ist \"BMW Panoramic Vision\", ein Display, das \u00fcber die gesamte Breite der Windschutzscheibe projiziert wird und damit den Bedarf an einem traditionellen Kombiinstrument reduziert. In Kombination mit dem neuen zentralen Touchscreen und dem minimalistischen Design des Armaturenbretts entsteht so ein offener, futuristischer und digitaler Innenraum.<\/p>\n<h3 id=\"conclusion\">Schlussfolgerung<\/h3>\n<p>Die Einf\u00fchrung der Neuen Klasse ist f\u00fcr BMW weit mehr als eine routinem\u00e4\u00dfige Aktualisierung des Modellzyklus. Es handelt sich um eine umfassende, grundlegende Neuerfindung des Ansatzes des Unternehmens bei der Entwicklung, dem Bau und dem Verkauf von Automobilen. Durch die Schaffung einer eigenen Elektroarchitektur hat sich BMW von den Kompromissen der Plattformen mit mehreren Antrieben befreit, was grundlegende Verbesserungen bei Platzangebot, Effizienz und Leistung erm\u00f6glicht. Die Synergie zwischen der neuen Plattform, der fortschrittlichen Batterietechnologie der sechsten Generation und einem revolution\u00e4ren digitalen Innenraum schafft ein Produkt, das nicht nur wettbewerbsf\u00e4hig ist, sondern das Potenzial hat, in seiner Klasse f\u00fchrend zu sein.<\/p>\n<p>F\u00fcr kommerzielle Importeure, Enthusiasten und allt\u00e4gliche Fahrer auf der ganzen Welt stellt die BMW Elektroauto-Palette 2026, angef\u00fchrt vom iX3, ein neues Kapitel in der Geschichte der Mobilit\u00e4t dar. Es ist eine Geschichte technologischer Innovation, die sich mit der Freude am Fahren und einer verantwortungsvollen, nachhaltigen Vision f\u00fcr die Zukunft verbindet. Der iX3 ist nicht einfach nur ein neues Auto, er ist der Vorschlag von BMW, wie ein Premium-Automobil im Elektrozeitalter aussehen sollte.<\/p>","protected":false},"excerpt":{"rendered":"<p>Abstract The forthcoming 2026 BMW electric car lineup represents a pivotal moment for the Bavarian automaker, signaling a fundamental strategic and technological reorientation. This analysis examines the comprehensive nature of this transformation, centered on the introduction of the &#8220;Neue Klasse&#8221; (New Class) architecture. This dedicated electric vehicle platform is not merely an engineering update but [&hellip;]<\/p>","protected":false},"author":1,"featured_media":3052,"comment_status":"closed","ping_status":"closed","sticky":false,"template":"","format":"standard","meta":{"footnotes":""},"categories":[4],"tags":[],"class_list":["post-3050","post","type-post","status-publish","format-standard","has-post-thumbnail","hentry","category-news"],"yoast_head":"<!-- This site is optimized with the Yoast SEO plugin v24.4 - https:\/\/yoast.com\/wordpress\/plugins\/seo\/ -->\n<title>Your 2026 Guide: 5 Reasons the New BMW Electric Car Lineup Dominates - Tianjin Yigang Automobile Sales Co.,Ltd.<\/title>\n<meta name=\"robots\" content=\"index, follow, max-snippet:-1, max-image-preview:large, max-video-preview:-1\" \/>\n<link rel=\"canonical\" href=\"https:\/\/www.tjygqc.com\/de\/your-2026-guide-5-reasons-the-new-bmw-electric-car-lineup-dominates-article\/\" \/>\n<meta property=\"og:locale\" content=\"de_DE\" \/>\n<meta property=\"og:type\" content=\"article\" \/>\n<meta property=\"og:title\" content=\"Your 2026 Guide: 5 Reasons the New BMW Electric Car Lineup Dominates - Tianjin Yigang Automobile Sales Co.,Ltd.\" \/>\n<meta property=\"og:description\" content=\"Abstract The forthcoming 2026 BMW electric car lineup represents a pivotal moment for the Bavarian automaker, signaling a fundamental strategic and technological reorientation. This analysis examines the comprehensive nature of this transformation, centered on the introduction of the &#8220;Neue Klasse&#8221; (New Class) architecture. This dedicated electric vehicle platform is not merely an engineering update but [&hellip;]\" \/>\n<meta property=\"og:url\" content=\"https:\/\/www.tjygqc.com\/de\/your-2026-guide-5-reasons-the-new-bmw-electric-car-lineup-dominates-article\/\" \/>\n<meta property=\"og:site_name\" content=\"Tianjin Yigang Automobile Sales Co.,Ltd.\" \/>\n<meta property=\"article:publisher\" content=\"https:\/\/www.facebook.com\/tianjinyigang\/\" \/>\n<meta property=\"article:published_time\" content=\"2025-08-28T07:11:05+00:00\" \/>\n<meta property=\"article:modified_time\" content=\"2025-09-01T15:46:03+00:00\" \/>\n<meta property=\"og:image\" content=\"https:\/\/www.tjygqc.com\/wp-content\/uploads\/2025\/08\/your-2026-guide-5-reasons-the-new-bmw-electric-car-lineup-dominates.webp\" \/>\n\t<meta property=\"og:image:width\" content=\"800\" \/>\n\t<meta property=\"og:image:height\" content=\"800\" \/>\n\t<meta property=\"og:image:type\" content=\"image\/webp\" \/>\n<meta name=\"author\" content=\"user\" \/>\n<meta name=\"twitter:card\" content=\"summary_large_image\" \/>\n<meta name=\"twitter:label1\" content=\"Written by\" \/>\n\t<meta name=\"twitter:data1\" content=\"user\" \/>\n\t<meta name=\"twitter:label2\" content=\"Est. reading time\" \/>\n\t<meta name=\"twitter:data2\" content=\"23\u00a0Minuten\" \/>\n<script type=\"application\/ld+json\" class=\"yoast-schema-graph\">{\"@context\":\"https:\/\/schema.org\",\"@graph\":[{\"@type\":\"Article\",\"@id\":\"https:\/\/www.tjygqc.com\/your-2026-guide-5-reasons-the-new-bmw-electric-car-lineup-dominates-article\/#article\",\"isPartOf\":{\"@id\":\"https:\/\/www.tjygqc.com\/your-2026-guide-5-reasons-the-new-bmw-electric-car-lineup-dominates-article\/\"},\"author\":{\"name\":\"user\",\"@id\":\"https:\/\/www.tjygqc.com\/#\/schema\/person\/9a0e27c1156d5a1d4cb23dce2cc5ad36\"},\"headline\":\"Your 2026 Guide: 5 Reasons the New BMW Electric Car Lineup Dominates\",\"datePublished\":\"2025-08-28T07:11:05+00:00\",\"dateModified\":\"2025-09-01T15:46:03+00:00\",\"mainEntityOfPage\":{\"@id\":\"https:\/\/www.tjygqc.com\/your-2026-guide-5-reasons-the-new-bmw-electric-car-lineup-dominates-article\/\"},\"wordCount\":4966,\"publisher\":{\"@id\":\"https:\/\/www.tjygqc.com\/#organization\"},\"image\":{\"@id\":\"https:\/\/www.tjygqc.com\/your-2026-guide-5-reasons-the-new-bmw-electric-car-lineup-dominates-article\/#primaryimage\"},\"thumbnailUrl\":\"https:\/\/www.tjygqc.com\/wp-content\/uploads\/2025\/08\/your-2026-guide-5-reasons-the-new-bmw-electric-car-lineup-dominates.webp\",\"articleSection\":[\"News\"],\"inLanguage\":\"de\"},{\"@type\":\"WebPage\",\"@id\":\"https:\/\/www.tjygqc.com\/your-2026-guide-5-reasons-the-new-bmw-electric-car-lineup-dominates-article\/\",\"url\":\"https:\/\/www.tjygqc.com\/your-2026-guide-5-reasons-the-new-bmw-electric-car-lineup-dominates-article\/\",\"name\":\"Your 2026 Guide: 5 Reasons the New BMW Electric Car Lineup Dominates - Tianjin Yigang Automobile Sales Co.,Ltd.\",\"isPartOf\":{\"@id\":\"https:\/\/www.tjygqc.com\/#website\"},\"primaryImageOfPage\":{\"@id\":\"https:\/\/www.tjygqc.com\/your-2026-guide-5-reasons-the-new-bmw-electric-car-lineup-dominates-article\/#primaryimage\"},\"image\":{\"@id\":\"https:\/\/www.tjygqc.com\/your-2026-guide-5-reasons-the-new-bmw-electric-car-lineup-dominates-article\/#primaryimage\"},\"thumbnailUrl\":\"https:\/\/www.tjygqc.com\/wp-content\/uploads\/2025\/08\/your-2026-guide-5-reasons-the-new-bmw-electric-car-lineup-dominates.webp\",\"datePublished\":\"2025-08-28T07:11:05+00:00\",\"dateModified\":\"2025-09-01T15:46:03+00:00\",\"breadcrumb\":{\"@id\":\"https:\/\/www.tjygqc.com\/your-2026-guide-5-reasons-the-new-bmw-electric-car-lineup-dominates-article\/#breadcrumb\"},\"inLanguage\":\"de\",\"potentialAction\":[{\"@type\":\"ReadAction\",\"target\":[\"https:\/\/www.tjygqc.com\/your-2026-guide-5-reasons-the-new-bmw-electric-car-lineup-dominates-article\/\"]}]},{\"@type\":\"ImageObject\",\"inLanguage\":\"de\",\"@id\":\"https:\/\/www.tjygqc.com\/your-2026-guide-5-reasons-the-new-bmw-electric-car-lineup-dominates-article\/#primaryimage\",\"url\":\"https:\/\/www.tjygqc.com\/wp-content\/uploads\/2025\/08\/your-2026-guide-5-reasons-the-new-bmw-electric-car-lineup-dominates.webp\",\"contentUrl\":\"https:\/\/www.tjygqc.com\/wp-content\/uploads\/2025\/08\/your-2026-guide-5-reasons-the-new-bmw-electric-car-lineup-dominates.webp\",\"width\":800,\"height\":800,\"caption\":\"Your 2026 Guide: 5 Reasons the New BMW Electric Car Lineup Dominates\"},{\"@type\":\"BreadcrumbList\",\"@id\":\"https:\/\/www.tjygqc.com\/your-2026-guide-5-reasons-the-new-bmw-electric-car-lineup-dominates-article\/#breadcrumb\",\"itemListElement\":[{\"@type\":\"ListItem\",\"position\":1,\"name\":\"Home\",\"item\":\"https:\/\/www.tjygqc.com\/\"},{\"@type\":\"ListItem\",\"position\":2,\"name\":\"Your 2026 Guide: 5 Reasons the New BMW Electric Car Lineup Dominates\"}]},{\"@type\":\"WebSite\",\"@id\":\"https:\/\/www.tjygqc.com\/#website\",\"url\":\"https:\/\/www.tjygqc.com\/\",\"name\":\"Tianjin Yigang Automobile Sales Co.,Ltd.\",\"description\":\"Tianjin Yigang Automobile Sales Co.,Ltd.\",\"publisher\":{\"@id\":\"https:\/\/www.tjygqc.com\/#organization\"},\"potentialAction\":[{\"@type\":\"SearchAction\",\"target\":{\"@type\":\"EntryPoint\",\"urlTemplate\":\"https:\/\/www.tjygqc.com\/?s={search_term_string}\"},\"query-input\":{\"@type\":\"PropertyValueSpecification\",\"valueRequired\":true,\"valueName\":\"search_term_string\"}}],\"inLanguage\":\"de\"},{\"@type\":\"Organization\",\"@id\":\"https:\/\/www.tjygqc.com\/#organization\",\"name\":\"Tianjin Yigang Automobile Sales Co., Ltd.\",\"url\":\"https:\/\/www.tjygqc.com\/\",\"logo\":{\"@type\":\"ImageObject\",\"inLanguage\":\"de\",\"@id\":\"https:\/\/www.tjygqc.com\/#\/schema\/logo\/image\/\",\"url\":\"https:\/\/www.tjygqc.com\/wp-content\/uploads\/2025\/03\/cropped-WechatIMG581.png\",\"contentUrl\":\"https:\/\/www.tjygqc.com\/wp-content\/uploads\/2025\/03\/cropped-WechatIMG581.png\",\"width\":338,\"height\":142,\"caption\":\"Tianjin Yigang Automobile Sales Co., Ltd.\"},\"image\":{\"@id\":\"https:\/\/www.tjygqc.com\/#\/schema\/logo\/image\/\"},\"sameAs\":[\"https:\/\/www.facebook.com\/tianjinyigang\/\",\"https:\/\/www.youtube.com\/@TianjinYigangAutomobile\",\"https:\/\/www.instagram.com\/tianjinyigang\/\"]},{\"@type\":\"Person\",\"@id\":\"https:\/\/www.tjygqc.com\/#\/schema\/person\/9a0e27c1156d5a1d4cb23dce2cc5ad36\",\"name\":\"user\",\"image\":{\"@type\":\"ImageObject\",\"inLanguage\":\"de\",\"@id\":\"https:\/\/www.tjygqc.com\/#\/schema\/person\/image\/\",\"url\":\"https:\/\/secure.gravatar.com\/avatar\/b58996c504c5638798eb6b511e6f49af?s=96&d=mm&r=g\",\"contentUrl\":\"https:\/\/secure.gravatar.com\/avatar\/b58996c504c5638798eb6b511e6f49af?s=96&d=mm&r=g\",\"caption\":\"user\"},\"sameAs\":[\"https:\/\/www.tjygqc.com:8182\"],\"url\":\"https:\/\/www.tjygqc.com\/de\/author\/user\/\"}]}<\/script>\n<!-- \/ Yoast SEO plugin. -->","yoast_head_json":{"title":"Your 2026 Guide: 5 Reasons the New BMW Electric Car Lineup Dominates - Tianjin Yigang Automobile Sales Co.,Ltd.","robots":{"index":"index","follow":"follow","max-snippet":"max-snippet:-1","max-image-preview":"max-image-preview:large","max-video-preview":"max-video-preview:-1"},"canonical":"https:\/\/www.tjygqc.com\/de\/your-2026-guide-5-reasons-the-new-bmw-electric-car-lineup-dominates-article\/","og_locale":"de_DE","og_type":"article","og_title":"Your 2026 Guide: 5 Reasons the New BMW Electric Car Lineup Dominates - Tianjin Yigang Automobile Sales Co.,Ltd.","og_description":"Abstract The forthcoming 2026 BMW electric car lineup represents a pivotal moment for the Bavarian automaker, signaling a fundamental strategic and technological reorientation. This analysis examines the comprehensive nature of this transformation, centered on the introduction of the &#8220;Neue Klasse&#8221; (New Class) architecture. This dedicated electric vehicle platform is not merely an engineering update but [&hellip;]","og_url":"https:\/\/www.tjygqc.com\/de\/your-2026-guide-5-reasons-the-new-bmw-electric-car-lineup-dominates-article\/","og_site_name":"Tianjin Yigang Automobile Sales Co.,Ltd.","article_publisher":"https:\/\/www.facebook.com\/tianjinyigang\/","article_published_time":"2025-08-28T07:11:05+00:00","article_modified_time":"2025-09-01T15:46:03+00:00","og_image":[{"width":800,"height":800,"url":"https:\/\/www.tjygqc.com\/wp-content\/uploads\/2025\/08\/your-2026-guide-5-reasons-the-new-bmw-electric-car-lineup-dominates.webp","type":"image\/webp"}],"author":"user","twitter_card":"summary_large_image","twitter_misc":{"Written by":"user","Est. reading time":"23\u00a0Minuten"},"schema":{"@context":"https:\/\/schema.org","@graph":[{"@type":"Article","@id":"https:\/\/www.tjygqc.com\/your-2026-guide-5-reasons-the-new-bmw-electric-car-lineup-dominates-article\/#article","isPartOf":{"@id":"https:\/\/www.tjygqc.com\/your-2026-guide-5-reasons-the-new-bmw-electric-car-lineup-dominates-article\/"},"author":{"name":"user","@id":"https:\/\/www.tjygqc.com\/#\/schema\/person\/9a0e27c1156d5a1d4cb23dce2cc5ad36"},"headline":"Your 2026 Guide: 5 Reasons the New BMW Electric Car Lineup Dominates","datePublished":"2025-08-28T07:11:05+00:00","dateModified":"2025-09-01T15:46:03+00:00","mainEntityOfPage":{"@id":"https:\/\/www.tjygqc.com\/your-2026-guide-5-reasons-the-new-bmw-electric-car-lineup-dominates-article\/"},"wordCount":4966,"publisher":{"@id":"https:\/\/www.tjygqc.com\/#organization"},"image":{"@id":"https:\/\/www.tjygqc.com\/your-2026-guide-5-reasons-the-new-bmw-electric-car-lineup-dominates-article\/#primaryimage"},"thumbnailUrl":"https:\/\/www.tjygqc.com\/wp-content\/uploads\/2025\/08\/your-2026-guide-5-reasons-the-new-bmw-electric-car-lineup-dominates.webp","articleSection":["News"],"inLanguage":"de"},{"@type":"WebPage","@id":"https:\/\/www.tjygqc.com\/your-2026-guide-5-reasons-the-new-bmw-electric-car-lineup-dominates-article\/","url":"https:\/\/www.tjygqc.com\/your-2026-guide-5-reasons-the-new-bmw-electric-car-lineup-dominates-article\/","name":"Your 2026 Guide: 5 Reasons the New BMW Electric Car Lineup Dominates - Tianjin Yigang Automobile Sales Co.,Ltd.","isPartOf":{"@id":"https:\/\/www.tjygqc.com\/#website"},"primaryImageOfPage":{"@id":"https:\/\/www.tjygqc.com\/your-2026-guide-5-reasons-the-new-bmw-electric-car-lineup-dominates-article\/#primaryimage"},"image":{"@id":"https:\/\/www.tjygqc.com\/your-2026-guide-5-reasons-the-new-bmw-electric-car-lineup-dominates-article\/#primaryimage"},"thumbnailUrl":"https:\/\/www.tjygqc.com\/wp-content\/uploads\/2025\/08\/your-2026-guide-5-reasons-the-new-bmw-electric-car-lineup-dominates.webp","datePublished":"2025-08-28T07:11:05+00:00","dateModified":"2025-09-01T15:46:03+00:00","breadcrumb":{"@id":"https:\/\/www.tjygqc.com\/your-2026-guide-5-reasons-the-new-bmw-electric-car-lineup-dominates-article\/#breadcrumb"},"inLanguage":"de","potentialAction":[{"@type":"ReadAction","target":["https:\/\/www.tjygqc.com\/your-2026-guide-5-reasons-the-new-bmw-electric-car-lineup-dominates-article\/"]}]},{"@type":"ImageObject","inLanguage":"de","@id":"https:\/\/www.tjygqc.com\/your-2026-guide-5-reasons-the-new-bmw-electric-car-lineup-dominates-article\/#primaryimage","url":"https:\/\/www.tjygqc.com\/wp-content\/uploads\/2025\/08\/your-2026-guide-5-reasons-the-new-bmw-electric-car-lineup-dominates.webp","contentUrl":"https:\/\/www.tjygqc.com\/wp-content\/uploads\/2025\/08\/your-2026-guide-5-reasons-the-new-bmw-electric-car-lineup-dominates.webp","width":800,"height":800,"caption":"Your 2026 Guide: 5 Reasons the New BMW Electric Car Lineup Dominates"},{"@type":"BreadcrumbList","@id":"https:\/\/www.tjygqc.com\/your-2026-guide-5-reasons-the-new-bmw-electric-car-lineup-dominates-article\/#breadcrumb","itemListElement":[{"@type":"ListItem","position":1,"name":"Home","item":"https:\/\/www.tjygqc.com\/"},{"@type":"ListItem","position":2,"name":"Your 2026 Guide: 5 Reasons the New BMW Electric Car Lineup Dominates"}]},{"@type":"WebSite","@id":"https:\/\/www.tjygqc.com\/#website","url":"https:\/\/www.tjygqc.com\/","name":"Tianjin Yigang Automobile Sales Co.,Ltd.","description":"Tianjin Yigang Automobile Sales Co.,Ltd.","publisher":{"@id":"https:\/\/www.tjygqc.com\/#organization"},"potentialAction":[{"@type":"SearchAction","target":{"@type":"EntryPoint","urlTemplate":"https:\/\/www.tjygqc.com\/?s={search_term_string}"},"query-input":{"@type":"PropertyValueSpecification","valueRequired":true,"valueName":"search_term_string"}}],"inLanguage":"de"},{"@type":"Organization","@id":"https:\/\/www.tjygqc.com\/#organization","name":"Tianjin Yigang Automobile Sales Co., Ltd.","url":"https:\/\/www.tjygqc.com\/","logo":{"@type":"ImageObject","inLanguage":"de","@id":"https:\/\/www.tjygqc.com\/#\/schema\/logo\/image\/","url":"https:\/\/www.tjygqc.com\/wp-content\/uploads\/2025\/03\/cropped-WechatIMG581.png","contentUrl":"https:\/\/www.tjygqc.com\/wp-content\/uploads\/2025\/03\/cropped-WechatIMG581.png","width":338,"height":142,"caption":"Tianjin Yigang Automobile Sales Co., Ltd."},"image":{"@id":"https:\/\/www.tjygqc.com\/#\/schema\/logo\/image\/"},"sameAs":["https:\/\/www.facebook.com\/tianjinyigang\/","https:\/\/www.youtube.com\/@TianjinYigangAutomobile","https:\/\/www.instagram.com\/tianjinyigang\/"]},{"@type":"Person","@id":"https:\/\/www.tjygqc.com\/#\/schema\/person\/9a0e27c1156d5a1d4cb23dce2cc5ad36","name":"user","image":{"@type":"ImageObject","inLanguage":"de","@id":"https:\/\/www.tjygqc.com\/#\/schema\/person\/image\/","url":"https:\/\/secure.gravatar.com\/avatar\/b58996c504c5638798eb6b511e6f49af?s=96&d=mm&r=g","contentUrl":"https:\/\/secure.gravatar.com\/avatar\/b58996c504c5638798eb6b511e6f49af?s=96&d=mm&r=g","caption":"user"},"sameAs":["https:\/\/www.tjygqc.com:8182"],"url":"https:\/\/www.tjygqc.com\/de\/author\/user\/"}]}},"_links":{"self":[{"href":"https:\/\/www.tjygqc.com\/de\/wp-json\/wp\/v2\/posts\/3050","targetHints":{"allow":["GET"]}}],"collection":[{"href":"https:\/\/www.tjygqc.com\/de\/wp-json\/wp\/v2\/posts"}],"about":[{"href":"https:\/\/www.tjygqc.com\/de\/wp-json\/wp\/v2\/types\/post"}],"author":[{"embeddable":true,"href":"https:\/\/www.tjygqc.com\/de\/wp-json\/wp\/v2\/users\/1"}],"replies":[{"embeddable":true,"href":"https:\/\/www.tjygqc.com\/de\/wp-json\/wp\/v2\/comments?post=3050"}],"version-history":[{"count":2,"href":"https:\/\/www.tjygqc.com\/de\/wp-json\/wp\/v2\/posts\/3050\/revisions"}],"predecessor-version":[{"id":3063,"href":"https:\/\/www.tjygqc.com\/de\/wp-json\/wp\/v2\/posts\/3050\/revisions\/3063"}],"wp:featuredmedia":[{"embeddable":true,"href":"https:\/\/www.tjygqc.com\/de\/wp-json\/wp\/v2\/media\/3052"}],"wp:attachment":[{"href":"https:\/\/www.tjygqc.com\/de\/wp-json\/wp\/v2\/media?parent=3050"}],"wp:term":[{"taxonomy":"category","embeddable":true,"href":"https:\/\/www.tjygqc.com\/de\/wp-json\/wp\/v2\/categories?post=3050"},{"taxonomy":"post_tag","embeddable":true,"href":"https:\/\/www.tjygqc.com\/de\/wp-json\/wp\/v2\/tags?post=3050"}],"curies":[{"name":"wp","href":"https:\/\/api.w.org\/{rel}","templated":true}]}}