{"id":2999,"date":"2025-07-14T09:23:30","date_gmt":"2025-07-14T09:23:30","guid":{"rendered":"https:\/\/www.tjygqc.com\/?p=2999"},"modified":"2025-07-14T09:58:25","modified_gmt":"2025-07-14T09:58:25","slug":"can-you-charge-an-electric-car-with-a-generator","status":"publish","type":"post","link":"https:\/\/www.tjygqc.com\/es\/can-you-charge-an-electric-car-with-a-generator-article\/","title":{"rendered":"\u00bfSe puede cargar un coche el\u00e9ctrico con un generador?"},"content":{"rendered":"<p>A medida que los veh\u00edculos el\u00e9ctricos siguen transformando el transporte mundial, surgen cuestiones pr\u00e1cticas, sobre todo en torno a la accesibilidad de la recarga. Una pregunta habitual de los nuevos propietarios de VE es: \u00bfSe puede cargar un coche el\u00e9ctrico con un generador? Tanto si est\u00e1s planeando un largo viaje sin conexi\u00f3n a la red el\u00e9ctrica como si te enfrentas a un apag\u00f3n en casa, la idea de alimentar tu veh\u00edculo con un generador port\u00e1til puede parecer atractiva. Pero, \u00bfes realmente factible?<\/p>\n\n\n\n<p>En Tianjin Yigang Automobile ayudamos a nuestros clientes a entrar sin problemas en la era de los veh\u00edculos el\u00e9ctricos. Nuestra gama de <strong><a href=\"https:\/\/www.tjygqc.com\/volkswagen-category\/\">coches el\u00e9ctricos Volkswagen<\/a><\/strong> como el avanzado SUV el\u00e9ctrico Volkswagen ID.4, refleja el futuro de la conducci\u00f3n sostenible, pero con ello viene la necesidad de comprender estrategias de recarga inteligentes y seguras.<\/p>\n\n\n<div class=\"wp-block-image\">\n<figure class=\"aligncenter size-full is-resized\"><img loading=\"lazy\" decoding=\"async\" width=\"800\" height=\"800\" src=\"https:\/\/www.tjygqc.com\/wp-content\/uploads\/2025\/03\/2025-Volkswagen-ID.3-Smart-Model-Ultimate-Intelligence-Edition-2.webp\" alt=\"2025 Volkswagen ID.3 Smart Model Ultimate Intelligence Edition\" class=\"wp-image-1288\" style=\"width:471px;height:auto\" srcset=\"https:\/\/www.tjygqc.com\/wp-content\/uploads\/2025\/03\/2025-Volkswagen-ID.3-Smart-Model-Ultimate-Intelligence-Edition-2.webp 800w, https:\/\/www.tjygqc.com\/wp-content\/uploads\/2025\/03\/2025-Volkswagen-ID.3-Smart-Model-Ultimate-Intelligence-Edition-2-300x300.webp 300w, https:\/\/www.tjygqc.com\/wp-content\/uploads\/2025\/03\/2025-Volkswagen-ID.3-Smart-Model-Ultimate-Intelligence-Edition-2-150x150.webp 150w, https:\/\/www.tjygqc.com\/wp-content\/uploads\/2025\/03\/2025-Volkswagen-ID.3-Smart-Model-Ultimate-Intelligence-Edition-2-768x768.webp 768w, https:\/\/www.tjygqc.com\/wp-content\/uploads\/2025\/03\/2025-Volkswagen-ID.3-Smart-Model-Ultimate-Intelligence-Edition-2-12x12.webp 12w\" sizes=\"auto, (max-width: 800px) 100vw, 800px\" \/><\/figure><\/div>\n\n\n<h2 class=\"wp-block-heading\">La respuesta corta: S\u00ed, pero con algunas consideraciones<\/h2>\n\n\n\n<p>T\u00e9cnicamente, es posible cargar un veh\u00edculo el\u00e9ctrico utilizando un generador. Sin embargo, hay varias condiciones clave que deben cumplirse. No todos los generadores son adecuados para cargar veh\u00edculos el\u00e9ctricos, y una configuraci\u00f3n incorrecta puede da\u00f1ar el sistema de bater\u00edas del coche o el propio generador.<\/p>\n\n\n\n<p>Veamos qu\u00e9 deben tener en cuenta los propietarios de veh\u00edculos el\u00e9ctricos, especialmente los que buscan coches el\u00e9ctricos Volkswagen en venta, antes de conectar un generador a su cable de carga.<\/p>\n\n\n\n<h2 class=\"wp-block-heading\">Requisitos para la recarga de veh\u00edculos el\u00e9ctricos mediante generador<\/h2>\n\n\n\n<ul class=\"wp-block-list\">\n<li><strong>Salida de onda sinusoidal pura<\/strong>: Su generador debe producir una onda sinusoidal estable, igual que la electricidad dom\u00e9stica. Las unidades baratas con salida de onda modificada no funcionar\u00e1n correctamente con los cargadores de VE.<\/li>\n\n\n\n<li><strong>Potencia suficiente<\/strong>: La mayor\u00eda de los cargadores de veh\u00edculos el\u00e9ctricos requieren al menos entre 2,5 kW y 7 kW de potencia constante. Aseg\u00farate de que tu generador puede suministrar una potencia continua, no solo picos.<\/li>\n\n\n\n<li><strong>Conexi\u00f3n a tierra<\/strong>: Algunos VE necesitan una fuente de alimentaci\u00f3n con toma de tierra para iniciar la carga. Esto puede resolverse utilizando un EVSE (equipo de alimentaci\u00f3n de veh\u00edculos el\u00e9ctricos) port\u00e1til con un adaptador de toma de tierra.<\/li>\n\n\n\n<li><strong>Cables y adaptadores adecuados<\/strong>: Es esencial disponer de un cable EVSE compatible y de adaptadores de enchufe adecuados. La carga directa sin una interfaz certificada no es segura.<\/li>\n\n\n\n<li><strong>Paciencia<\/strong>: La carga con un generador es mucho m\u00e1s lenta que la carga r\u00e1pida de nivel 2 o CC. Es principalmente para emergencias o recargas cortas, no para uso diario.<\/li>\n<\/ul>\n\n\n\n<h2 class=\"wp-block-heading\">Cargar el Volkswagen ID.4 con un generador<\/h2>\n\n\n\n<p>El SUV el\u00e9ctrico Volkswagen ID.4 se ha dise\u00f1ado pensando en la flexibilidad. Con una tasa de carga m\u00e1xima de 11 kW (CA) y compatibilidad con entradas de menor potencia, puede aceptar la carga basada en generador si este cumple las normas anteriores.<\/p>\n\n\n\n<p>Por ejemplo, un generador de onda sinusoidal pura de 5 kW y un cable EVSE de calidad ser\u00e1n una buena combinaci\u00f3n para una configuraci\u00f3n de este tipo, y podr\u00e1s alcanzar unos 8-10 kil\u00f3metros de autonom\u00eda en una hora, dependiendo de la eficiencia energ\u00e9tica. Aunque esta fuente de energ\u00eda no es la mejor para la recuperaci\u00f3n a larga distancia, es una buena manera de salir de apuros en la naturaleza o de un corte de electricidad.<\/p>\n\n\n\n<p>Esa es una de las razones por las que los coches el\u00e9ctricos Volkswagen siguen innovando en torno a las soluciones de carga y la compatibilidad. La marca se asegura de que modelos como el ID.4 puedan soportar una amplia gama de escenarios de carga en el mundo real, incluso los no tradicionales.<\/p>\n\n\n\n<h2 class=\"wp-block-heading\">Preparaci\u00f3n para emergencias y uso fuera de la red<\/h2>\n\n\n\n<p>Cada vez m\u00e1s personas de zonas rurales y aisladas se interesan por la recarga de veh\u00edculos el\u00e9ctricos sin conexi\u00f3n a la red. En caso de que la infraestructura de red no sea uniforme, un generador de reserva es una soluci\u00f3n que garantizar\u00e1 su tranquilidad. Son muchos los propietarios de coches el\u00e9ctricos Volkswagen en venta que apuestan por las centrales el\u00e9ctricas port\u00e1tiles o los sistemas h\u00edbridos de generadores solares, que les proporcionan efectivamente soluciones de recarga m\u00f3vil gratuitas.<\/p>\n\n\n\n<p>Estos medios de recarga m\u00f3vil favorecen en gran medida la percepci\u00f3n de los veh\u00edculos el\u00e9ctricos como veh\u00edculos puramente urbanos. Sabiendo gestionar las cosas correctamente, los veh\u00edculos el\u00e9ctricos pueden utilizarse igualmente para actividades al aire libre, trayectos largos o condiciones meteorol\u00f3gicas cambiantes.<\/p>\n\n\n\n<h2 class=\"wp-block-heading\">Por qu\u00e9 Yigang recomienda los VE de Volkswagen<\/h2>\n\n\n\n<p>En Tianjin Yigang Automobile, hemos observado un aumento constante de la demanda de veh\u00edculos el\u00e9ctricos que equilibren rendimiento, fiabilidad y adaptabilidad. Entre nuestras ofertas m\u00e1s populares se encuentran <strong><a href=\"https:\/\/www.tjygqc.com\/volkswagen-category\/\">Venta de coches el\u00e9ctricos Volkswagen<\/a><\/strong>especialmente el codiciado SUV el\u00e9ctrico Volkswagen ID.4.<\/p>\n\n\n\n<p>He aqu\u00ed por qu\u00e9 nos eligen los compradores de VE de todo el mundo:<\/p>\n\n\n\n<ul class=\"wp-block-list\">\n<li>Precios competitivos en las exportaciones mundiales de veh\u00edculos<\/li>\n\n\n\n<li>Experiencia en orientaci\u00f3n sobre recarga flexible y sin conexi\u00f3n a la red<\/li>\n\n\n\n<li>Consultas en tiempo real sobre la preparaci\u00f3n de los veh\u00edculos el\u00e9ctricos y la compatibilidad de los sistemas<\/li>\n\n\n\n<li>Exportaciones probadas en Asia, Oriente Medio y Sudam\u00e9rica<\/li>\n<\/ul>\n\n\n\n<p>Tanto si va a comprar su primer coche el\u00e9ctrico como si va a cambiar a un <strong><a href=\"https:\/\/www.tjygqc.com\/vw-id3-category\/\">Volkswagen ID.4<\/a><\/strong>Nuestro equipo se asegurar\u00e1 de que entiendas todas las opciones, incluida la forma de cargarlo cuando la red no est\u00e9 disponible.<\/p>\n\n\n\n<p><\/p>","protected":false},"excerpt":{"rendered":"<p>A medida que los veh\u00edculos el\u00e9ctricos siguen transformando el transporte mundial, surgen cuestiones pr\u00e1cticas, sobre todo en torno a la accesibilidad de la recarga. Una pregunta habitual de los nuevos propietarios de VE es: \u00bfSe puede cargar un coche el\u00e9ctrico con un generador? Tanto si planeas un largo viaje sin conexi\u00f3n a la red el\u00e9ctrica como si te enfrentas a un apag\u00f3n en casa, la idea de alimentar tu veh\u00edculo con un generador port\u00e1til [...].<\/p>","protected":false},"author":1,"featured_media":1288,"comment_status":"closed","ping_status":"closed","sticky":false,"template":"","format":"standard","meta":{"footnotes":""},"categories":[4],"tags":[222,223,224],"class_list":["post-2999","post","type-post","status-publish","format-standard","has-post-thumbnail","hentry","category-news","tag-electric-cars-volkswagen","tag-volkswagen-electric-cars-for-sale","tag-volkswagen-id-4-electric-suv"],"yoast_head":"<!-- This site is optimized with the Yoast SEO plugin v24.4 - https:\/\/yoast.com\/wordpress\/plugins\/seo\/ -->\n<title>Can You Charge an Electric Car with a Generator? - Tianjin Yigang Automobile Sales Co.,Ltd.<\/title>\n<meta name=\"description\" content=\"Can you charge an electric car with a generator? Learn how EV owners\u2014including Volkswagen ID.4 drivers\u2014can use generators safely for backup or off-grid charging. Tianjin Yigang has the answers.\" \/>\n<meta name=\"robots\" content=\"index, follow, max-snippet:-1, max-image-preview:large, max-video-preview:-1\" \/>\n<link rel=\"canonical\" href=\"https:\/\/www.tjygqc.com\/es\/can-you-charge-an-electric-car-with-a-generator-article\/\" \/>\n<meta property=\"og:locale\" content=\"es_ES\" \/>\n<meta property=\"og:type\" content=\"article\" \/>\n<meta property=\"og:title\" content=\"Can You Charge an Electric Car with a Generator? - Tianjin Yigang Automobile Sales Co.,Ltd.\" \/>\n<meta property=\"og:description\" content=\"Can you charge an electric car with a generator? Learn how EV owners\u2014including Volkswagen ID.4 drivers\u2014can use generators safely for backup or off-grid charging. Tianjin Yigang has the answers.\" \/>\n<meta property=\"og:url\" content=\"https:\/\/www.tjygqc.com\/es\/can-you-charge-an-electric-car-with-a-generator-article\/\" \/>\n<meta property=\"og:site_name\" content=\"Tianjin Yigang Automobile Sales Co.,Ltd.\" \/>\n<meta property=\"article:publisher\" content=\"https:\/\/www.facebook.com\/tianjinyigang\/\" \/>\n<meta property=\"article:published_time\" content=\"2025-07-14T09:23:30+00:00\" \/>\n<meta property=\"article:modified_time\" content=\"2025-07-14T09:58:25+00:00\" \/>\n<meta property=\"og:image\" content=\"https:\/\/www.tjygqc.com\/wp-content\/uploads\/2025\/03\/2025-Volkswagen-ID.3-Smart-Model-Ultimate-Intelligence-Edition-2.webp\" \/>\n\t<meta property=\"og:image:width\" content=\"800\" \/>\n\t<meta property=\"og:image:height\" content=\"800\" \/>\n\t<meta property=\"og:image:type\" content=\"image\/webp\" \/>\n<meta name=\"author\" content=\"user\" \/>\n<meta name=\"twitter:card\" content=\"summary_large_image\" \/>\n<meta name=\"twitter:label1\" content=\"Written by\" \/>\n\t<meta name=\"twitter:data1\" content=\"user\" \/>\n\t<meta name=\"twitter:label2\" content=\"Est. reading time\" \/>\n\t<meta name=\"twitter:data2\" content=\"1 minuto\" \/>\n<script type=\"application\/ld+json\" class=\"yoast-schema-graph\">{\"@context\":\"https:\/\/schema.org\",\"@graph\":[{\"@type\":\"Article\",\"@id\":\"https:\/\/www.tjygqc.com\/can-you-charge-an-electric-car-with-a-generator-article\/#article\",\"isPartOf\":{\"@id\":\"https:\/\/www.tjygqc.com\/can-you-charge-an-electric-car-with-a-generator-article\/\"},\"author\":{\"name\":\"user\",\"@id\":\"https:\/\/www.tjygqc.com\/#\/schema\/person\/9a0e27c1156d5a1d4cb23dce2cc5ad36\"},\"headline\":\"Can You Charge an Electric Car with a Generator?\",\"datePublished\":\"2025-07-14T09:23:30+00:00\",\"dateModified\":\"2025-07-14T09:58:25+00:00\",\"mainEntityOfPage\":{\"@id\":\"https:\/\/www.tjygqc.com\/can-you-charge-an-electric-car-with-a-generator-article\/\"},\"wordCount\":704,\"publisher\":{\"@id\":\"https:\/\/www.tjygqc.com\/#organization\"},\"image\":{\"@id\":\"https:\/\/www.tjygqc.com\/can-you-charge-an-electric-car-with-a-generator-article\/#primaryimage\"},\"thumbnailUrl\":\"https:\/\/www.tjygqc.com\/wp-content\/uploads\/2025\/03\/2025-Volkswagen-ID.3-Smart-Model-Ultimate-Intelligence-Edition-2.webp\",\"keywords\":[\"electric cars volkswagen\",\"volkswagen electric cars for sale\",\"volkswagen id 4 electric suv\"],\"articleSection\":[\"News\"],\"inLanguage\":\"es\"},{\"@type\":\"WebPage\",\"@id\":\"https:\/\/www.tjygqc.com\/can-you-charge-an-electric-car-with-a-generator-article\/\",\"url\":\"https:\/\/www.tjygqc.com\/can-you-charge-an-electric-car-with-a-generator-article\/\",\"name\":\"Can You Charge an Electric Car with a Generator? - Tianjin Yigang Automobile Sales Co.,Ltd.\",\"isPartOf\":{\"@id\":\"https:\/\/www.tjygqc.com\/#website\"},\"primaryImageOfPage\":{\"@id\":\"https:\/\/www.tjygqc.com\/can-you-charge-an-electric-car-with-a-generator-article\/#primaryimage\"},\"image\":{\"@id\":\"https:\/\/www.tjygqc.com\/can-you-charge-an-electric-car-with-a-generator-article\/#primaryimage\"},\"thumbnailUrl\":\"https:\/\/www.tjygqc.com\/wp-content\/uploads\/2025\/03\/2025-Volkswagen-ID.3-Smart-Model-Ultimate-Intelligence-Edition-2.webp\",\"datePublished\":\"2025-07-14T09:23:30+00:00\",\"dateModified\":\"2025-07-14T09:58:25+00:00\",\"description\":\"Can you charge an electric car with a generator? Learn how EV owners\u2014including Volkswagen ID.4 drivers\u2014can use generators safely for backup or off-grid charging. Tianjin Yigang has the answers.\",\"breadcrumb\":{\"@id\":\"https:\/\/www.tjygqc.com\/can-you-charge-an-electric-car-with-a-generator-article\/#breadcrumb\"},\"inLanguage\":\"es\",\"potentialAction\":[{\"@type\":\"ReadAction\",\"target\":[\"https:\/\/www.tjygqc.com\/can-you-charge-an-electric-car-with-a-generator-article\/\"]}]},{\"@type\":\"ImageObject\",\"inLanguage\":\"es\",\"@id\":\"https:\/\/www.tjygqc.com\/can-you-charge-an-electric-car-with-a-generator-article\/#primaryimage\",\"url\":\"https:\/\/www.tjygqc.com\/wp-content\/uploads\/2025\/03\/2025-Volkswagen-ID.3-Smart-Model-Ultimate-Intelligence-Edition-2.webp\",\"contentUrl\":\"https:\/\/www.tjygqc.com\/wp-content\/uploads\/2025\/03\/2025-Volkswagen-ID.3-Smart-Model-Ultimate-Intelligence-Edition-2.webp\",\"width\":800,\"height\":800,\"caption\":\"2025 Volkswagen ID.3 Smart Model Ultimate Intelligence Edition\"},{\"@type\":\"BreadcrumbList\",\"@id\":\"https:\/\/www.tjygqc.com\/can-you-charge-an-electric-car-with-a-generator-article\/#breadcrumb\",\"itemListElement\":[{\"@type\":\"ListItem\",\"position\":1,\"name\":\"Home\",\"item\":\"https:\/\/www.tjygqc.com\/\"},{\"@type\":\"ListItem\",\"position\":2,\"name\":\"Can You Charge an Electric Car with a Generator?\"}]},{\"@type\":\"WebSite\",\"@id\":\"https:\/\/www.tjygqc.com\/#website\",\"url\":\"https:\/\/www.tjygqc.com\/\",\"name\":\"Tianjin Yigang Automobile Sales Co.,Ltd.\",\"description\":\"Tianjin Yigang Automobile Sales Co.,Ltd.\",\"publisher\":{\"@id\":\"https:\/\/www.tjygqc.com\/#organization\"},\"potentialAction\":[{\"@type\":\"SearchAction\",\"target\":{\"@type\":\"EntryPoint\",\"urlTemplate\":\"https:\/\/www.tjygqc.com\/?s={search_term_string}\"},\"query-input\":{\"@type\":\"PropertyValueSpecification\",\"valueRequired\":true,\"valueName\":\"search_term_string\"}}],\"inLanguage\":\"es\"},{\"@type\":\"Organization\",\"@id\":\"https:\/\/www.tjygqc.com\/#organization\",\"name\":\"Tianjin Yigang Automobile Sales Co., Ltd.\",\"url\":\"https:\/\/www.tjygqc.com\/\",\"logo\":{\"@type\":\"ImageObject\",\"inLanguage\":\"es\",\"@id\":\"https:\/\/www.tjygqc.com\/#\/schema\/logo\/image\/\",\"url\":\"https:\/\/www.tjygqc.com\/wp-content\/uploads\/2025\/03\/cropped-WechatIMG581.png\",\"contentUrl\":\"https:\/\/www.tjygqc.com\/wp-content\/uploads\/2025\/03\/cropped-WechatIMG581.png\",\"width\":338,\"height\":142,\"caption\":\"Tianjin Yigang Automobile Sales Co., Ltd.\"},\"image\":{\"@id\":\"https:\/\/www.tjygqc.com\/#\/schema\/logo\/image\/\"},\"sameAs\":[\"https:\/\/www.facebook.com\/tianjinyigang\/\",\"https:\/\/www.youtube.com\/@TianjinYigangAutomobile\",\"https:\/\/www.instagram.com\/tianjinyigang\/\"]},{\"@type\":\"Person\",\"@id\":\"https:\/\/www.tjygqc.com\/#\/schema\/person\/9a0e27c1156d5a1d4cb23dce2cc5ad36\",\"name\":\"user\",\"image\":{\"@type\":\"ImageObject\",\"inLanguage\":\"es\",\"@id\":\"https:\/\/www.tjygqc.com\/#\/schema\/person\/image\/\",\"url\":\"https:\/\/secure.gravatar.com\/avatar\/b58996c504c5638798eb6b511e6f49af?s=96&d=mm&r=g\",\"contentUrl\":\"https:\/\/secure.gravatar.com\/avatar\/b58996c504c5638798eb6b511e6f49af?s=96&d=mm&r=g\",\"caption\":\"user\"},\"sameAs\":[\"https:\/\/www.tjygqc.com:8182\"],\"url\":\"https:\/\/www.tjygqc.com\/es\/author\/user\/\"}]}<\/script>\n<!-- \/ Yoast SEO plugin. -->","yoast_head_json":{"title":"Can You Charge an Electric Car with a Generator? - Tianjin Yigang Automobile Sales Co.,Ltd.","description":"Can you charge an electric car with a generator? Learn how EV owners\u2014including Volkswagen ID.4 drivers\u2014can use generators safely for backup or off-grid charging. Tianjin Yigang has the answers.","robots":{"index":"index","follow":"follow","max-snippet":"max-snippet:-1","max-image-preview":"max-image-preview:large","max-video-preview":"max-video-preview:-1"},"canonical":"https:\/\/www.tjygqc.com\/es\/can-you-charge-an-electric-car-with-a-generator-article\/","og_locale":"es_ES","og_type":"article","og_title":"Can You Charge an Electric Car with a Generator? - Tianjin Yigang Automobile Sales Co.,Ltd.","og_description":"Can you charge an electric car with a generator? Learn how EV owners\u2014including Volkswagen ID.4 drivers\u2014can use generators safely for backup or off-grid charging. Tianjin Yigang has the answers.","og_url":"https:\/\/www.tjygqc.com\/es\/can-you-charge-an-electric-car-with-a-generator-article\/","og_site_name":"Tianjin Yigang Automobile Sales Co.,Ltd.","article_publisher":"https:\/\/www.facebook.com\/tianjinyigang\/","article_published_time":"2025-07-14T09:23:30+00:00","article_modified_time":"2025-07-14T09:58:25+00:00","og_image":[{"width":800,"height":800,"url":"https:\/\/www.tjygqc.com\/wp-content\/uploads\/2025\/03\/2025-Volkswagen-ID.3-Smart-Model-Ultimate-Intelligence-Edition-2.webp","type":"image\/webp"}],"author":"user","twitter_card":"summary_large_image","twitter_misc":{"Written by":"user","Est. reading time":"1 minuto"},"schema":{"@context":"https:\/\/schema.org","@graph":[{"@type":"Article","@id":"https:\/\/www.tjygqc.com\/can-you-charge-an-electric-car-with-a-generator-article\/#article","isPartOf":{"@id":"https:\/\/www.tjygqc.com\/can-you-charge-an-electric-car-with-a-generator-article\/"},"author":{"name":"user","@id":"https:\/\/www.tjygqc.com\/#\/schema\/person\/9a0e27c1156d5a1d4cb23dce2cc5ad36"},"headline":"Can You Charge an Electric Car with a Generator?","datePublished":"2025-07-14T09:23:30+00:00","dateModified":"2025-07-14T09:58:25+00:00","mainEntityOfPage":{"@id":"https:\/\/www.tjygqc.com\/can-you-charge-an-electric-car-with-a-generator-article\/"},"wordCount":704,"publisher":{"@id":"https:\/\/www.tjygqc.com\/#organization"},"image":{"@id":"https:\/\/www.tjygqc.com\/can-you-charge-an-electric-car-with-a-generator-article\/#primaryimage"},"thumbnailUrl":"https:\/\/www.tjygqc.com\/wp-content\/uploads\/2025\/03\/2025-Volkswagen-ID.3-Smart-Model-Ultimate-Intelligence-Edition-2.webp","keywords":["electric cars volkswagen","volkswagen electric cars for sale","volkswagen id 4 electric suv"],"articleSection":["News"],"inLanguage":"es"},{"@type":"WebPage","@id":"https:\/\/www.tjygqc.com\/can-you-charge-an-electric-car-with-a-generator-article\/","url":"https:\/\/www.tjygqc.com\/can-you-charge-an-electric-car-with-a-generator-article\/","name":"Can You Charge an Electric Car with a Generator? - Tianjin Yigang Automobile Sales Co.,Ltd.","isPartOf":{"@id":"https:\/\/www.tjygqc.com\/#website"},"primaryImageOfPage":{"@id":"https:\/\/www.tjygqc.com\/can-you-charge-an-electric-car-with-a-generator-article\/#primaryimage"},"image":{"@id":"https:\/\/www.tjygqc.com\/can-you-charge-an-electric-car-with-a-generator-article\/#primaryimage"},"thumbnailUrl":"https:\/\/www.tjygqc.com\/wp-content\/uploads\/2025\/03\/2025-Volkswagen-ID.3-Smart-Model-Ultimate-Intelligence-Edition-2.webp","datePublished":"2025-07-14T09:23:30+00:00","dateModified":"2025-07-14T09:58:25+00:00","description":"Can you charge an electric car with a generator? Learn how EV owners\u2014including Volkswagen ID.4 drivers\u2014can use generators safely for backup or off-grid charging. Tianjin Yigang has the answers.","breadcrumb":{"@id":"https:\/\/www.tjygqc.com\/can-you-charge-an-electric-car-with-a-generator-article\/#breadcrumb"},"inLanguage":"es","potentialAction":[{"@type":"ReadAction","target":["https:\/\/www.tjygqc.com\/can-you-charge-an-electric-car-with-a-generator-article\/"]}]},{"@type":"ImageObject","inLanguage":"es","@id":"https:\/\/www.tjygqc.com\/can-you-charge-an-electric-car-with-a-generator-article\/#primaryimage","url":"https:\/\/www.tjygqc.com\/wp-content\/uploads\/2025\/03\/2025-Volkswagen-ID.3-Smart-Model-Ultimate-Intelligence-Edition-2.webp","contentUrl":"https:\/\/www.tjygqc.com\/wp-content\/uploads\/2025\/03\/2025-Volkswagen-ID.3-Smart-Model-Ultimate-Intelligence-Edition-2.webp","width":800,"height":800,"caption":"2025 Volkswagen ID.3 Smart Model Ultimate Intelligence Edition"},{"@type":"BreadcrumbList","@id":"https:\/\/www.tjygqc.com\/can-you-charge-an-electric-car-with-a-generator-article\/#breadcrumb","itemListElement":[{"@type":"ListItem","position":1,"name":"Home","item":"https:\/\/www.tjygqc.com\/"},{"@type":"ListItem","position":2,"name":"Can You Charge an Electric Car with a Generator?"}]},{"@type":"WebSite","@id":"https:\/\/www.tjygqc.com\/#website","url":"https:\/\/www.tjygqc.com\/","name":"Tianjin Yigang Automobile Sales Co.,Ltd.","description":"Tianjin Yigang Automobile Sales Co.,Ltd.","publisher":{"@id":"https:\/\/www.tjygqc.com\/#organization"},"potentialAction":[{"@type":"SearchAction","target":{"@type":"EntryPoint","urlTemplate":"https:\/\/www.tjygqc.com\/?s={search_term_string}"},"query-input":{"@type":"PropertyValueSpecification","valueRequired":true,"valueName":"search_term_string"}}],"inLanguage":"es"},{"@type":"Organization","@id":"https:\/\/www.tjygqc.com\/#organization","name":"Tianjin Yigang Automobile Sales Co., Ltd.","url":"https:\/\/www.tjygqc.com\/","logo":{"@type":"ImageObject","inLanguage":"es","@id":"https:\/\/www.tjygqc.com\/#\/schema\/logo\/image\/","url":"https:\/\/www.tjygqc.com\/wp-content\/uploads\/2025\/03\/cropped-WechatIMG581.png","contentUrl":"https:\/\/www.tjygqc.com\/wp-content\/uploads\/2025\/03\/cropped-WechatIMG581.png","width":338,"height":142,"caption":"Tianjin Yigang Automobile Sales Co., Ltd."},"image":{"@id":"https:\/\/www.tjygqc.com\/#\/schema\/logo\/image\/"},"sameAs":["https:\/\/www.facebook.com\/tianjinyigang\/","https:\/\/www.youtube.com\/@TianjinYigangAutomobile","https:\/\/www.instagram.com\/tianjinyigang\/"]},{"@type":"Person","@id":"https:\/\/www.tjygqc.com\/#\/schema\/person\/9a0e27c1156d5a1d4cb23dce2cc5ad36","name":"user","image":{"@type":"ImageObject","inLanguage":"es","@id":"https:\/\/www.tjygqc.com\/#\/schema\/person\/image\/","url":"https:\/\/secure.gravatar.com\/avatar\/b58996c504c5638798eb6b511e6f49af?s=96&d=mm&r=g","contentUrl":"https:\/\/secure.gravatar.com\/avatar\/b58996c504c5638798eb6b511e6f49af?s=96&d=mm&r=g","caption":"user"},"sameAs":["https:\/\/www.tjygqc.com:8182"],"url":"https:\/\/www.tjygqc.com\/es\/author\/user\/"}]}},"_links":{"self":[{"href":"https:\/\/www.tjygqc.com\/es\/wp-json\/wp\/v2\/posts\/2999","targetHints":{"allow":["GET"]}}],"collection":[{"href":"https:\/\/www.tjygqc.com\/es\/wp-json\/wp\/v2\/posts"}],"about":[{"href":"https:\/\/www.tjygqc.com\/es\/wp-json\/wp\/v2\/types\/post"}],"author":[{"embeddable":true,"href":"https:\/\/www.tjygqc.com\/es\/wp-json\/wp\/v2\/users\/1"}],"replies":[{"embeddable":true,"href":"https:\/\/www.tjygqc.com\/es\/wp-json\/wp\/v2\/comments?post=2999"}],"version-history":[{"count":2,"href":"https:\/\/www.tjygqc.com\/es\/wp-json\/wp\/v2\/posts\/2999\/revisions"}],"predecessor-version":[{"id":3004,"href":"https:\/\/www.tjygqc.com\/es\/wp-json\/wp\/v2\/posts\/2999\/revisions\/3004"}],"wp:featuredmedia":[{"embeddable":true,"href":"https:\/\/www.tjygqc.com\/es\/wp-json\/wp\/v2\/media\/1288"}],"wp:attachment":[{"href":"https:\/\/www.tjygqc.com\/es\/wp-json\/wp\/v2\/media?parent=2999"}],"wp:term":[{"taxonomy":"category","embeddable":true,"href":"https:\/\/www.tjygqc.com\/es\/wp-json\/wp\/v2\/categories?post=2999"},{"taxonomy":"post_tag","embeddable":true,"href":"https:\/\/www.tjygqc.com\/es\/wp-json\/wp\/v2\/tags?post=2999"}],"curies":[{"name":"wp","href":"https:\/\/api.w.org\/{rel}","templated":true}]}}