{"id":3048,"date":"2025-08-28T07:11:04","date_gmt":"2025-08-28T07:11:04","guid":{"rendered":"https:\/\/www.tjygqc.com\/5-ultimate-reasons-to-import-the-2025-electric-vehicle-bmw-i3-sedan-article\/"},"modified":"2025-09-01T15:44:05","modified_gmt":"2025-09-01T15:44:05","slug":"5-ultimate-reasons-to-import-the-2025-electric-vehicle-bmw-i3-sedan","status":"publish","type":"post","link":"https:\/\/www.tjygqc.com\/es\/5-ultimate-reasons-to-import-the-2025-electric-vehicle-bmw-i3-sedan-article\/","title":{"rendered":"5 razones definitivas para importar el veh\u00edculo el\u00e9ctrico BMW i3 Sed\u00e1n 2025"},"content":{"rendered":"<p>Resumen El veh\u00edculo el\u00e9ctrico de 2025 BMW i3 sed\u00e1n, concretamente el modelo G28, representa una propuesta \u00fanica dentro del panorama automovil\u00edstico mundial. Desarrollado exclusivamente para el mercado chino, se trata de una variante totalmente el\u00e9ctrica del Serie 3 de batalla larga, una plataforma conocida por su comportamiento din\u00e1mico y su posicionamiento premium. Un examen exhaustivo del veh\u00edculo revela dos acabados principales, el eDrive35L y el eDrive40L, que ofrecen unas prestaciones formidables, con potencias de hasta 250 kW y una autonom\u00eda CLTC de 592 kil\u00f3metros. La arquitectura del veh\u00edculo conserva las principales caracter\u00edsticas de conducci\u00f3n de su hom\u00f3logo con motor de combusti\u00f3n interna, al tiempo que integra una avanzada tecnolog\u00eda de propulsi\u00f3n el\u00e9ctrica y el sistema operativo iDrive 8 de BMW. Para los compradores internacionales m\u00e1s exigentes de Europa, Asia, Oriente Medio y \u00c1frica, la importaci\u00f3n del veh\u00edculo el\u00e9ctrico BMW i3 representa una oportunidad de adquirir un modelo que combina la familiaridad y el prestigio de la Serie 3 de BMW con la exclusividad de un lanzamiento espec\u00edfico para una regi\u00f3n, lo que lo convierte en un objeto de an\u00e1lisis digno de menci\u00f3n en el contexto del comercio mundial de autom\u00f3viles y la elecci\u00f3n de los consumidores.<\/p>\n<p>Principales conclusiones<\/p>\n<ul>\n<li>La importaci\u00f3n del veh\u00edculo el\u00e9ctrico BMW i3 ofrece un lujo exclusivo que no est\u00e1 disponible en otros mercados.<\/li>\n<li>Disfruta de una impresionante autonom\u00eda de hasta 592 kil\u00f3metros con una sola carga.<\/li>\n<li>Disfruta de la din\u00e1mica de conducci\u00f3n familiar y deportiva inherente a la plataforma del BMW Serie 3.<\/li>\n<li>Benef\u00edciate del avanzado paquete de infoentretenimiento y conectividad BMW iDrive 8.<\/li>\n<li>Obtenga una ventaja competitiva con un modelo premium que se distinga de la oferta local.<\/li>\n<li>Tenga en cuenta la log\u00edstica de importaci\u00f3n para disfrutar de una experiencia de propiedad sin contratiempos.<\/li>\n<li>Adquiera un veh\u00edculo que combina el confort ejecutivo con unas prestaciones sostenibles.<\/li>\n<\/ul>\n<p>\u00cdndice<\/p>\n<ul>\n<li><a href=\"#1-unmatched-exclusivity-owning-a-modern-automotive-rarity\">1. Exclusividad sin igual: Ser propietario de una rareza automovil\u00edstica moderna<\/a><\/li>\n<li><a href=\"#2-electrified-performance-rooted-in-legendary-dynamics\">2. Rendimiento electrificado basado en una din\u00e1mica legendaria<\/a><\/li>\n<li><a href=\"#3-superior-long-range-capability-and-practical-charging\">3. Capacidad superior de largo alcance y carga pr\u00e1ctica<\/a><\/li>\n<li><a href=\"#4-a-sanctuary-of-luxury-and-cutting-edge-technology\">4. Un santuario de lujo y tecnolog\u00eda punta<\/a><\/li>\n<li><a href=\"#5-the-strategic-advantage-of-importing-for-business-and-pleasure\">5. La ventaja estrat\u00e9gica de importar por negocios y por placer<\/a><\/li>\n<\/ul>\n<p><img loading=\"lazy\" decoding=\"async\" class=\"entered loaded\" style=\"display: block; margin-left: auto; margin-right: auto;\" src=\"https:\/\/www.tjygqc.com\/wp-content\/uploads\/2025\/03\/2025-BMW-i3-eDrive-40-L-Midnight-Package-1.webp\" alt=\"\" width=\"600\" height=\"600\" data-src=\"https:\/\/www.tjygqc.com\/wp-content\/uploads\/2025\/03\/2025-BMW-i3-eDrive-40-L-Midnight-Package-1.webp\" data-ll-status=\"loaded\" \/><\/p>\n<h2 id=\"1-unmatched-exclusivity-owning-a-modern-automotive-rarity\">1. Exclusividad sin igual: Ser propietario de una rareza automovil\u00edstica moderna<\/h2>\n<p>La noci\u00f3n de valor en el mundo del autom\u00f3vil suele estar vinculada no s\u00f3lo a las prestaciones o el lujo, sino tambi\u00e9n a la escasez. El atractivo de un objeto puede aumentar enormemente si su disponibilidad es limitada. El veh\u00edculo el\u00e9ctrico BMW i3 sed\u00e1n de 2025 es una perfecta encarnaci\u00f3n de este principio. No es un producto que se distribuya en todo el mundo, sino un lanzamiento cuidadosamente dirigido, una decisi\u00f3n que le confiere un car\u00e1cter de rareza que resuena con fuerza entre los entendidos y los compradores m\u00e1s exigentes de todo el mundo. Poseer uno fuera de su mercado de destino es hacer una declaraci\u00f3n de individualidad y profundo conocimiento automovil\u00edstico. Se\u00f1ala un alejamiento de la corriente dominante, una elecci\u00f3n para conseguir algo \u00fanico que otros no pueden obtener f\u00e1cilmente.<\/p>\n<h3 id=\"the-china-only-proposition\">La propuesta de China<\/h3>\n<p>La estrategia de BMW de lanzar la berlina i3 exclusivamente en China es calculada y refleja el inmenso tama\u00f1o y las preferencias espec\u00edficas de ese mercado. Los consumidores chinos suelen preferir veh\u00edculos con mayor distancia entre ejes para aumentar el espacio para los pasajeros traseros, una caracter\u00edstica que significa estatus y proporciona un confort superior. La plataforma G28, la versi\u00f3n de batalla larga del Serie 3 est\u00e1ndar, era la base natural para una variante el\u00e9ctrica adaptada a estos gustos.<\/p>\n<p>Para los compradores de Europa, Oriente Medio o el Sudeste Asi\u00e1tico, la existencia de un modelo de estas caracter\u00edsticas supone una oportunidad irresistible. Mientras que estos mercados reciben otros excelentes veh\u00edculos el\u00e9ctricos de BMW, como el i4 y el iX, no tienen acceso a una versi\u00f3n el\u00e9ctrica de la ic\u00f3nica berlina Serie 3. El veh\u00edculo el\u00e9ctrico BMW i3 llena un espacio conceptual que muchos entusiastas han estado esperando: la m\u00e1quina de conducci\u00f3n definitiva, ahora propulsada por electrones, en su forma de sed\u00e1n m\u00e1s cl\u00e1sica. Importar el veh\u00edculo se convierte en una forma de acceder a una combinaci\u00f3n espec\u00edfica de caracter\u00edsticas -el factor de forma de la Serie 3, la potencia el\u00e9ctrica y el espacio ampliado para las piernas en la parte trasera- que simplemente no est\u00e1 disponible en los concesionarios locales. As\u00ed, m\u00e1s que un coche, se convierte en una pieza de la cultura automovil\u00edstica.<\/p>\n<h3 id=\"the-prestige-of-scarcity-in-global-markets\">El prestigio de la escasez en los mercados mundiales<\/h3>\n<p>El prestigio es un bien intangible, una percepci\u00f3n de estatus elevado basada en la calidad, el patrimonio y, a menudo, la exclusividad. En un mundo globalizado donde los mismos modelos est\u00e1n disponibles en la mayor\u00eda de las grandes ciudades, la verdadera distinci\u00f3n es dif\u00edcil de encontrar. Conducir un BMW i3 sed\u00e1n el\u00e9ctrico importado en ciudades como Dubai, Johannesburgo o Kuala Lumpur distingue inmediatamente a su propietario. Es un veh\u00edculo que da que hablar, que suscita preguntas y la admiraci\u00f3n de otros entusiastas que lo reconocen como algo especial.<\/p>\n<p>El propio acto de importaci\u00f3n contribuye al prestigio del veh\u00edculo. Requiere esfuerzo, conocimiento y un compromiso que va m\u00e1s all\u00e1 de una simple visita al concesionario. Demuestra una pasi\u00f3n por el mundo del autom\u00f3vil que est\u00e1 dispuesta a cruzar fronteras para adquirir la m\u00e1quina perfecta. Esta narraci\u00f3n de una b\u00fasqueda global de un veh\u00edculo \u00fanico se convierte en parte de su historia, realzando su valor emocional para el propietario. El coche ya no es s\u00f3lo un medio de transporte, sino un trofeo, testimonio de un ojo exigente para la calidad y la rareza. <a href=\"https:\/\/www.tjygqc.com\/about-us\/\" rel=\"nofollow\">Socios internacionales bien informados<\/a> puede ser decisiva para sortear las complejidades de asegurar un veh\u00edculo tan distinguido.<\/p>\n<h3 id=\"a-statement-of-discernment-for-importers\">Una declaraci\u00f3n de discernimiento para los importadores<\/h3>\n<p>La elecci\u00f3n de importar el veh\u00edculo el\u00e9ctrico BMW i3 es una decisi\u00f3n arraigada en un profundo aprecio por la ingenier\u00eda y el dise\u00f1o automovil\u00edsticos. Refleja a un comprador que entiende los matices de la gama BMW y reconoce el atractivo \u00fanico de la plataforma G28. No est\u00e1n comprando simplemente una insignia; est\u00e1n seleccionando un producto espec\u00edfico, cuidadosamente dise\u00f1ado que se alinea perfectamente con sus necesidades de rendimiento, confort y sostenibilidad.<\/p>\n<p>Para los l\u00edderes empresariales, el veh\u00edculo es un s\u00edmbolo de visi\u00f3n de futuro y conciencia global. Para las familias, ofrece una combinaci\u00f3n \u00fanica de confort trasero de nivel ejecutivo con una conducci\u00f3n de emisiones cero. Para los m\u00e1s entusiastas, representa la fusi\u00f3n del alma de una berlina deportiva legendaria con el par motor instant\u00e1neo y el funcionamiento silencioso de una avanzada cadena cinem\u00e1tica el\u00e9ctrica. En todos los casos, la elecci\u00f3n de importar es una elecci\u00f3n contra el compromiso. Es una negativa a aceptar las limitaciones del mercado local y una afirmaci\u00f3n del deseo de la mejor adaptaci\u00f3n posible al estilo de vida de cada uno, lo que convierte al veh\u00edculo el\u00e9ctrico BMW i3 en una profunda declaraci\u00f3n de gusto y discernimiento personales.<\/p>\n<h2 id=\"2-electrified-performance-rooted-in-legendary-dynamics\">2. Rendimiento electrificado basado en una din\u00e1mica legendaria<\/h2>\n<p>Durante d\u00e9cadas, el BMW Serie 3 ha sido la referencia en el segmento de las berlinas deportivas. Ha sido alabado por la cr\u00edtica y adorado por sus propietarios por su equilibrio casi perfecto entre confort, practicidad y, sobre todo, una experiencia de conducci\u00f3n atractiva. La cuesti\u00f3n para cualquier sucesor el\u00e9ctrico es si puede mantener ese legado. El veh\u00edculo el\u00e9ctrico BMW i3 sed\u00e1n responde con un rotundo s\u00ed, trasladando los valores din\u00e1micos fundamentales de la marca a la era el\u00e9ctrica. No se trata simplemente de un Serie 3 con el motor sustituido por un motor; es una reingenier\u00eda hol\u00edstica que aprovecha las ventajas \u00fanicas de la energ\u00eda el\u00e9ctrica para mejorar las mismas caracter\u00edsticas que hicieron de su predecesor un icono.<\/p>\n<h3 id=\"the-heart-of-the-matter-powertrain-specifications\">El quid de la cuesti\u00f3n: Especificaciones de la cadena cinem\u00e1tica<\/h3>\n<p>El veh\u00edculo se ofrece en dos variantes distintas, el eDrive35L y el m\u00e1s potente eDrive40L. Comprender sus diferencias es fundamental para apreciar la profundidad de la ingenier\u00eda implicada. El eDrive35L es un excelente punto de entrada en el mundo de las berlinas el\u00e9ctricas de alta gama, mientras que el eDrive40L se dirige a quienes buscan mayores prestaciones. Ambos modelos utilizan la tecnolog\u00eda eDrive de quinta generaci\u00f3n de BMW, que integra el motor el\u00e9ctrico, la electr\u00f3nica de potencia y la transmisi\u00f3n en una \u00fanica unidad compacta. Este dise\u00f1o reduce el peso y la complejidad, contribuyendo a la eficiencia general y a la capacidad de respuesta del veh\u00edculo.<\/p>\n<p>La tabla siguiente ofrece una comparaci\u00f3n clara de las principales m\u00e9tricas de rendimiento de ambos modelos, ofreciendo una base cuantitativa para comprender sus capacidades.<\/p>\n<p><strong>Tabla 1: Comparaci\u00f3n de modelos del BMW i3 con veh\u00edculos el\u00e9ctricos para 2025<\/strong><\/p>\n<table style=\"width: 100%; border-collapse: collapse;\" border=\"1\">\n<thead>\n<tr>\n<th style=\"text-align: left;\">Caracter\u00edstica<\/th>\n<th style=\"text-align: left;\">BMW i3 eDrive35L<\/th>\n<th style=\"text-align: left;\">BMW i3 eDrive40L<\/th>\n<\/tr>\n<\/thead>\n<tbody>\n<tr>\n<td style=\"text-align: left;\"><strong>Cadena cinem\u00e1tica<\/strong><\/td>\n<td style=\"text-align: left;\">Motor trasero \u00fanico<\/td>\n<td style=\"text-align: left;\">Motor trasero \u00fanico<\/td>\n<\/tr>\n<tr>\n<td style=\"text-align: left;\"><strong>Potencia m\u00e1xima<\/strong><\/td>\n<td style=\"text-align: left;\">210 kW \/ 282 CV<\/td>\n<td style=\"text-align: left;\">250 kW \/ 335 CV<\/td>\n<\/tr>\n<tr>\n<td style=\"text-align: left;\"><strong>Par m\u00e1ximo<\/strong><\/td>\n<td style=\"text-align: left;\">400 Nm<\/td>\n<td style=\"text-align: left;\">430 Nm<\/td>\n<\/tr>\n<tr>\n<td style=\"text-align: left;\"><strong>Capacidad de la bater\u00eda (utilizable)<\/strong><\/td>\n<td style=\"text-align: left;\">66,1 kWh<\/td>\n<td style=\"text-align: left;\">79,1 kWh<\/td>\n<\/tr>\n<tr>\n<td style=\"text-align: left;\"><strong>0-100 km\/h<\/strong><\/td>\n<td style=\"text-align: left;\">6,2 segundos<\/td>\n<td style=\"text-align: left;\">5,6 segundos<\/td>\n<\/tr>\n<tr>\n<td style=\"text-align: left;\"><strong>Gama CLTC<\/strong><\/td>\n<td style=\"text-align: left;\">526 km<\/td>\n<td style=\"text-align: left;\">592 km<\/td>\n<\/tr>\n<tr>\n<td style=\"text-align: left;\"><strong>Suspensi\u00f3n<\/strong><\/td>\n<td style=\"text-align: left;\">Suspensi\u00f3n neum\u00e1tica trasera<\/td>\n<td style=\"text-align: left;\">Suspensi\u00f3n neum\u00e1tica trasera<\/td>\n<\/tr>\n<\/tbody>\n<\/table>\n<p>Los datos revelan una clara jerarqu\u00eda de prestaciones. El eDrive40L no s\u00f3lo ofrece m\u00e1s potencia y una aceleraci\u00f3n m\u00e1s r\u00e1pida, sino tambi\u00e9n una bater\u00eda m\u00e1s grande, lo que se traduce en una mayor autonom\u00eda. Sin embargo, ambos modelos comparten el mismo sofisticado esquema de tracci\u00f3n trasera y suspensi\u00f3n neum\u00e1tica trasera, lo que garantiza que el car\u00e1cter fundamental de una berlina equilibrada, c\u00f3moda y \u00e1gil a la vez est\u00e9 presente en cualquiera de las dos configuraciones.<\/p>\n<h3 id=\"from-0-to-100-km-h-a-silent-surge-of-power\">De 0 a 100 km\/h: Una oleada silenciosa de potencia<\/h3>\n<p>Uno de los aspectos m\u00e1s transformadores de la conducci\u00f3n el\u00e9ctrica es la naturaleza de la entrega de potencia. A diferencia de un motor de combusti\u00f3n interna, que necesita aumentar las revoluciones para alcanzar el par m\u00e1ximo, un motor el\u00e9ctrico entrega su par m\u00e1ximo casi instant\u00e1neamente. En el veh\u00edculo el\u00e9ctrico BMW i3, esto se traduce en una estimulante sensaci\u00f3n de aceleraci\u00f3n sin esfuerzo. Desde parado, una suave presi\u00f3n sobre el acelerador se traduce en un suave, silencioso y en\u00e9rgico impulso hacia delante. El tiempo de 0 a 100 km\/h del eDrive40L es de 5,6 segundos, lo que lo sit\u00faa en el territorio de las berlinas de altas prestaciones, capaz de sorprender a muchos deportivos.<\/p>\n<p>Lo que quiz\u00e1 sea m\u00e1s impresionante es la aceleraci\u00f3n del veh\u00edculo. La capacidad de incorporarse a una autopista o adelantar al tr\u00e1fico m\u00e1s lento se ejecuta con una inmediatez que satisface profundamente y mejora la seguridad activa. No hay titubeos, no hay que esperar a que la transmisi\u00f3n reduzca de marcha, sino una potencia lineal y sin fisuras. BMW tambi\u00e9n ha colaborado con el compositor Hans Zimmer para crear BMW IconicSounds Electric, una funci\u00f3n opcional que genera un sutil paisaje sonoro futurista que aumenta de intensidad con la aceleraci\u00f3n. Esta respuesta auditiva enriquece la experiencia de conducci\u00f3n, sustituyendo el sonido familiar de un motor por algo nuevo e igualmente atractivo, evitando que la sensaci\u00f3n de velocidad resulte desconectada o est\u00e9ril.<\/p>\n<h3 id=\"chassis-and-suspension-the-3-series-soul-preserved\">Chasis y suspensi\u00f3n: El alma de la Serie 3 se conserva<\/h3>\n<p>La potencia no tiene sentido sin control. La verdadera genialidad del veh\u00edculo el\u00e9ctrico BMW i3 reside en su chasis. Al basarlo en la probada plataforma de la Serie 3, los ingenieros de BMW ten\u00edan una base de primera clase sobre la que construir. Reforzaron la estructura de la carrocer\u00eda para acomodar el peso del paquete de bater\u00edas, montado en la parte baja del piso. El resultado es un centro de gravedad muy bajo, incluso m\u00e1s bajo que el de su hom\u00f3logo de gasolina, lo que mejora significativamente la estabilidad y reduce el balanceo de la carrocer\u00eda en las curvas.<\/p>\n<p>Una caracter\u00edstica definitoria es la suspensi\u00f3n neum\u00e1tica trasera de serie. Esta tecnolog\u00eda, normalmente reservada a los modelos de lujo m\u00e1s grandes y caros, como la Serie 7, ofrece una doble ventaja. Permite que la suspensi\u00f3n absorba las imperfecciones de la carretera con notable compostura, lo que se traduce en una conducci\u00f3n suave y silenciosa propia de un veh\u00edculo de gama alta. Al mismo tiempo, ayuda a gestionar la masa adicional del grupo motopropulsor el\u00e9ctrico, garantizando que el coche se mantenga nivelado y equilibrado incluso al acelerar o frenar bruscamente. La suspensi\u00f3n delantera utiliza una sofisticada configuraci\u00f3n de doble articulaci\u00f3n muelle-pilar, famosa por su capacidad para proporcionar un tacto preciso de la direcci\u00f3n. El resultado es un coche que se siente la quintaesencia de BMW: \u00e1gil y sensible cuando se conduce en\u00e9rgicamente por una carretera sinuosa, pero sereno y confortable durante un crucero de larga distancia. Conserva con \u00e9xito el alma de la Serie 3, demostrando que la electrificaci\u00f3n y el compromiso del conductor no son conceptos mutuamente excluyentes.<\/p>\n<h2 id=\"3-superior-long-range-capability-and-practical-charging\">3. Capacidad superior de largo alcance y carga pr\u00e1ctica<\/h2>\n<p>Para cualquier futuro propietario de un veh\u00edculo el\u00e9ctrico, hay dos preguntas pr\u00e1cticas que se ciernen sobre \u00e9l: \"\u00bfHasta d\u00f3nde puedo llegar con una sola carga?\" y \"\u00bfEs f\u00e1cil de recargar?\". La utilidad de un veh\u00edculo depende fundamentalmente de las respuestas. El veh\u00edculo el\u00e9ctrico BMW i3 Berlina responde a estas preguntas con una bater\u00eda robusta y opciones de recarga flexibles, lo que lo convierte en un compa\u00f1ero capaz tanto para los desplazamientos diarios como para los viajes m\u00e1s largos. La ingenier\u00eda no se ha centrado simplemente en conseguir una elevada autonom\u00eda m\u00e1xima, sino en crear un ecosistema energ\u00e9tico eficiente y pr\u00e1ctico que inspire confianza al conductor.<\/p>\n<h3 id=\"demystifying-range-cltc-vs-real-world-driving\">Desmitificar la autonom\u00eda: CLTC frente a la conducci\u00f3n real<\/h3>\n<p>Las cifras oficiales de autonom\u00eda del veh\u00edculo el\u00e9ctrico BMW i3 se basan en el ciclo de pruebas de veh\u00edculos ligeros de China (CLTC). El eDrive40L, por ejemplo, tiene una impresionante autonom\u00eda de 592 km en estas condiciones. Es importante que los futuros importadores sepan en qu\u00e9 consiste esta norma. El CLTC es un protocolo de pruebas que incluye m\u00e1s escenarios de conducci\u00f3n urbana a baja velocidad en comparaci\u00f3n con otras normas mundiales, como el Procedimiento Armonizado Mundial de Pruebas de Veh\u00edculos Ligeros (WLTP) utilizado en Europa o las pruebas de la Agencia de Protecci\u00f3n Medioambiental (EPA) de Estados Unidos. En consecuencia, las cifras del CLTC tienden a ser m\u00e1s optimistas.<\/p>\n<p>Como regla general, cabe esperar que la autonom\u00eda real o la autonom\u00eda WLTP equivalente sea aproximadamente 15-20% inferior a la cifra CLTC indicada. Esto situar\u00eda la autonom\u00eda pr\u00e1ctica del eDrive40L en la muy competitiva franja de 470-500 km, m\u00e1s que suficiente para la gran mayor\u00eda de las necesidades de conducci\u00f3n. Un conductor podr\u00eda hacer frente f\u00e1cilmente a una semana de desplazamientos habituales sin necesidad de recargar. Para viajes m\u00e1s largos, una autonom\u00eda de m\u00e1s de 450 km permite viajar c\u00f3modamente entre grandes ciudades con s\u00f3lo breves paradas para recargar, mitigando la ansiedad por la autonom\u00eda. La eficiencia del veh\u00edculo se ve favorecida por una aerodin\u00e1mica avanzada y un sofisticado sistema de frenado regenerativo que puede ser ajustado por el conductor, lo que le permite recuperar energ\u00eda durante la deceleraci\u00f3n y hacer posible la \"conducci\u00f3n con un solo pedal\" en entornos urbanos.<\/p>\n<p>La siguiente tabla ofrece una comparaci\u00f3n con otra popular berlina el\u00e9ctrica para contextualizar el posicionamiento del i3 en el mercado de los veh\u00edculos el\u00e9ctricos premium.<\/p>\n<p><strong>Cuadro 2: Veh\u00edculo el\u00e9ctrico BMW i3 frente a sus principales competidores<\/strong><\/p>\n<table style=\"width: 100%; border-collapse: collapse;\" border=\"1\">\n<thead>\n<tr>\n<th style=\"text-align: left;\">Caracter\u00edstica<\/th>\n<th style=\"text-align: left;\">Veh\u00edculo el\u00e9ctrico BMW i3 (eDrive40L)<\/th>\n<th style=\"text-align: left;\">Tesla Model 3 de largo alcance<\/th>\n<\/tr>\n<\/thead>\n<tbody>\n<tr>\n<td style=\"text-align: left;\"><strong>Plataforma Base<\/strong><\/td>\n<td style=\"text-align: left;\">BMW Serie 3 (Berlina de lujo)<\/td>\n<td style=\"text-align: left;\">Plataforma dedicada a los veh\u00edculos el\u00e9ctricos<\/td>\n<\/tr>\n<tr>\n<td style=\"text-align: left;\"><strong>Distancia entre ejes<\/strong><\/td>\n<td style=\"text-align: left;\">2.966 mm (batalla larga)<\/td>\n<td style=\"text-align: left;\">2.875 mm<\/td>\n<\/tr>\n<tr>\n<td style=\"text-align: left;\"><strong>Asientos traseros<\/strong><\/td>\n<td style=\"text-align: left;\">Clase Ejecutiva<\/td>\n<td style=\"text-align: left;\">Est\u00e1ndar<\/td>\n<\/tr>\n<tr>\n<td style=\"text-align: left;\"><strong>Interior<\/strong><\/td>\n<td style=\"text-align: left;\">Pantalla curva BMW, iDrive 8<\/td>\n<td style=\"text-align: left;\">Minimalista, pantalla t\u00e1ctil central<\/td>\n<\/tr>\n<tr>\n<td style=\"text-align: left;\"><strong>Marca Prestige<\/strong><\/td>\n<td style=\"text-align: left;\">Fabricante de autom\u00f3viles de lujo consolidado<\/td>\n<td style=\"text-align: left;\">L\u00edder en tecnolog\u00eda moderna y veh\u00edculos el\u00e9ctricos<\/td>\n<\/tr>\n<tr>\n<td style=\"text-align: left;\"><strong>Autonom\u00eda (Est. WLTP)<\/strong><\/td>\n<td style=\"text-align: left;\">~480-500 km<\/td>\n<td style=\"text-align: left;\">~602 km<\/td>\n<\/tr>\n<tr>\n<td style=\"text-align: left;\"><strong>Suspensi\u00f3n<\/strong><\/td>\n<td style=\"text-align: left;\">Suspensi\u00f3n neum\u00e1tica trasera<\/td>\n<td style=\"text-align: left;\">Suspensi\u00f3n helicoidal est\u00e1ndar<\/td>\n<\/tr>\n<tr>\n<td style=\"text-align: left;\"><strong>Disponibilidad<\/strong><\/td>\n<td style=\"text-align: left;\">Mercado chino (importaci\u00f3n)<\/td>\n<td style=\"text-align: left;\">Global<\/td>\n<\/tr>\n<\/tbody>\n<\/table>\n<p>Esta comparaci\u00f3n pone de manifiesto que, aunque un competidor ofrezca una cifra de autonom\u00eda ligeramente superior, el <a href=\"https:\/\/www.tjygqc.com\/bmw-i3-category\/\" rel=\"nofollow\">veh\u00edculo el\u00e9ctrico BMW i3 berlina<\/a> compite en un eje diferente, ofreciendo un confort trasero superior, materiales de lujo tradicionales y el prestigio consolidado de la marca BMW, lo que lo convierte en una alternativa convincente para quienes valoran estos atributos.<\/p>\n<h3 id=\"charging-infrastructure-global-compatibility-considerations\">Infraestructura de recarga: Consideraciones de compatibilidad global<\/h3>\n<p>El veh\u00edculo el\u00e9ctrico BMW i3 puede cargarse tanto con corriente alterna (CA) como con corriente continua (CC). Para la carga en casa o en la oficina, el veh\u00edculo puede aceptar corriente alterna de hasta 11 kW, que recargar\u00eda completamente la bater\u00eda durante la noche. Este es el m\u00e9todo m\u00e1s c\u00f3modo y rentable para el uso diario.<\/p>\n<p>Para los viajes de larga distancia, la carga r\u00e1pida de CC es primordial. El i3 eDrive35L admite carga de CC a velocidades de hasta 95 kW, mientras que el eDrive40L puede aceptar hasta 128 kW. Aunque estas velocidades no son las m\u00e1s r\u00e1pidas del mercado, son muy pr\u00e1cticas. Una velocidad de carga de 95 kW puede reponer la bater\u00eda de 10% a 80% en aproximadamente 35 minutos, el tiempo que se tarda en tomar un caf\u00e9 o una comida r\u00e1pida. Esto hace que los viajes por carretera sean factibles y m\u00ednimamente molestos.<\/p>\n<p>Una consideraci\u00f3n clave para los importadores es el est\u00e1ndar de carga. El i3 fabricado para el mercado chino utiliza el conector de carga GB\/T. Para su uso en Europa, que utiliza predominantemente el est\u00e1ndar CCS2, u otras regiones con est\u00e1ndares diferentes, se necesitar\u00eda un adaptador certificado para la carga r\u00e1pida de CC p\u00fablica. Los importadores de renombre y los centros de servicio especializados son expertos en ofrecer estas soluciones, garantizando que el veh\u00edculo pueda integrarse sin problemas en la infraestructura de recarga local.<\/p>\n<h3 id=\"the-integrated-energy-ecosystem\">El ecosistema energ\u00e9tico integrado<\/h3>\n<p>BMW concibe sus veh\u00edculos el\u00e9ctricos como parte de un ecosistema m\u00e1s amplio. La aplicaci\u00f3n My BMW App desempe\u00f1a un papel fundamental en la experiencia de propiedad. Desde un smartphone, el propietario puede comprobar a distancia el estado de carga, preacondicionar el habit\u00e1culo poniendo en marcha el climatizador antes de entrar en el veh\u00edculo y planificar rutas. El sistema de navegaci\u00f3n del veh\u00edculo es inteligente e incorpora autom\u00e1ticamente las paradas de carga necesarias en un viaje de larga distancia. Tiene en cuenta el estado actual de carga y la disponibilidad en tiempo real de estaciones de carga, y sugiere los lugares \u00f3ptimos para parar y durante cu\u00e1nto tiempo.<\/p>\n<p>Este nivel de integraci\u00f3n digital elimina gran parte del c\u00e1lculo mental que antes se asociaba a la propiedad de un VE. El coche y la aplicaci\u00f3n de apoyo trabajan juntos para que el proceso de gesti\u00f3n de la energ\u00eda sea sencillo e intuitivo. El veh\u00edculo pasa de ser un producto independiente a un dispositivo conectado, capaz de gestionar de forma inteligente sus propias necesidades energ\u00e9ticas para servir mejor al conductor. Esta cuidada integraci\u00f3n es el sello distintivo de una plataforma de veh\u00edculos el\u00e9ctricos madura y bien desarrollada.<\/p>\n<h2 id=\"4-a-sanctuary-of-luxury-and-cutting-edge-technology\">4. Un santuario de lujo y tecnolog\u00eda punta<\/h2>\n<p>El habit\u00e1culo de un veh\u00edculo de alta gama debe ser algo m\u00e1s que un lugar donde sentarse; debe ser un santuario del mundo exterior, un espacio confortable y tecnol\u00f3gicamente avanzado. El veh\u00edculo el\u00e9ctrico BMW i3 sed\u00e1n destaca en este sentido, aprovechando su exclusiva plataforma de batalla larga y las \u00faltimas innovaciones digitales de BMW para crear un entorno que atiende tanto al conductor como a los pasajeros. Es un interior que se siente moderno sin ser alienante, lujoso sin ser ostentoso, y fundamentalmente dise\u00f1ado en torno a la experiencia humana.<\/p>\n<h3 id=\"the-long-wheelbase-advantage-executive-class-comfort\">La ventaja de la batalla larga: Confort de clase ejecutiva<\/h3>\n<p>La \"L\" en las designaciones eDrive35L y eDrive40L significa \"batalla larga\". El chasis se ha alargado 11 cent\u00edmetros en comparaci\u00f3n con el Serie 3 est\u00e1ndar que se vende en Europa, y toda esa longitud extra se ha dedicado a la zona de los pasajeros traseros. No se puede exagerar el impacto de este cambio. Transforma el asiento trasero de un espacio c\u00f3modo para dos adultos a una experiencia de clase ejecutiva.<\/p>\n<p>El espacio para las piernas es amplio, lo que permite a los pasajeros estirarse y relajarse en viajes largos. Los asientos traseros se han redise\u00f1ado con un acolchado m\u00e1s grueso y c\u00f3modo. El ambiente general se asemeja m\u00e1s al de un BMW Serie 5 de mayor tama\u00f1o, lo que convierte al veh\u00edculo el\u00e9ctrico BMW i3 en una opci\u00f3n excepcional para familias o para empresas en las que es habitual llevar a clientes o compa\u00f1eros de trabajo. El silencio de la cadena cinem\u00e1tica el\u00e9ctrica refuerza a\u00fan m\u00e1s esta sensaci\u00f3n de serenidad. Sin vibraciones ni ruidos del motor, el habit\u00e1culo se convierte en un espacio tranquilo para conversar, escuchar m\u00fasica o simplemente disfrutar del viaje en paz. Este enfoque en la comodidad de los pasajeros traseros es un diferenciador clave que distingue al i3 sed\u00e1n de muchos de sus competidores m\u00e1s centrados en el conductor.<\/p>\n<h3 id=\"bmw-idrive-8-your-digital-cockpit\">BMW iDrive 8: Tu cockpit digital<\/h3>\n<p>La pieza central del salpicadero del i3 es el impresionante BMW Curved Display. Esta amplia pieza de cristal integra a la perfecci\u00f3n un cuadro de instrumentos digital de 12,3 pulgadas para el conductor y una pantalla t\u00e1ctil central de infoentretenimiento de 14,9 pulgadas. El sistema funciona con el Sistema Operativo 8 de BMW, una interfaz potente e intuitiva que representa un importante salto adelante en la tecnolog\u00eda del autom\u00f3vil.<\/p>\n<p>Los gr\u00e1ficos son n\u00edtidos y el sistema responde muy bien al tacto, a la voz y al mando giratorio tradicional iDrive de la consola central. La pantalla del conductor es altamente personalizable, lo que permite al usuario dar prioridad a la navegaci\u00f3n, la informaci\u00f3n multimedia o los datos de conducci\u00f3n. La pantalla central permite acceder a un amplio abanico de funciones, desde el climatizador y la iluminaci\u00f3n ambiental hasta detallados monitores de flujo de energ\u00eda y ajustes de carga. Los comandos de voz en lenguaje natural son particularmente eficaces; uno puede simplemente decir \"Oye BMW, tengo fr\u00edo\" o \"Navega hasta el cargador r\u00e1pido m\u00e1s cercano\", y el sistema responder\u00e1 en consecuencia. La integraci\u00f3n de Apple CarPlay y Android Auto es perfecta, lo que permite acceder f\u00e1cilmente a apps y servicios conocidos. Esta cabina digital no es solo un conjunto de pantallas; es un sofisticado centro conectado que hace que cada interacci\u00f3n con el veh\u00edculo sea moderna y sin esfuerzo.<\/p>\n<h3 id=\"material-quality-and-craftsmanship\">Calidad de los materiales y artesan\u00eda<\/h3>\n<p>La cuidada selecci\u00f3n y aplicaci\u00f3n de los materiales transmite una sensaci\u00f3n de lujo. El habit\u00e1culo del veh\u00edculo el\u00e9ctrico BMW i3 es una clase magistral de calidad t\u00e1ctil. Las superficies est\u00e1n tapizadas en cuero sint\u00e9tico Sensatec de alta calidad o en cuero aut\u00e9ntico opcional, con costuras precisas y materiales suaves al tacto que se extienden por todo el interior, desde el salpicadero hasta los paneles de las puertas. Las incrustaciones de madera pulida o aluminio a\u00f1aden un toque de elegancia, mientras que los interruptores y mandos funcionan con un tacto satisfactorio y de alta calidad.<\/p>\n<p>La atenci\u00f3n al detalle es evidente en todas partes. El sistema de iluminaci\u00f3n ambiental ofrece una selecci\u00f3n de colores y puede vincularse din\u00e1micamente a determinadas funciones del veh\u00edculo, como el parpadeo para indicar una llamada telef\u00f3nica entrante. Los dise\u00f1adores han equilibrado cuidadosamente el uso de botones f\u00edsicos para las funciones b\u00e1sicas (como las luces de emergencia y el control de volumen) con la gran pantalla t\u00e1ctil, garantizando que los controles esenciales sean siempre f\u00e1ciles de encontrar sin apartar la vista de la carretera. Esta mezcla de alta tecnolog\u00eda y artesan\u00eda tradicional crea un entorno acogedor y profundamente impresionante, que refuerza el estatus del veh\u00edculo como producto premium de un fabricante de autom\u00f3viles de lujo consolidado como los disponibles a trav\u00e9s de <a href=\"https:\/\/www.tjygqc.com\/\" rel=\"nofollow\">nuestro amplio cat\u00e1logo<\/a>.<\/p>\n<h2 id=\"5-the-strategic-advantage-of-importing-for-business-and-pleasure\">5. La ventaja estrat\u00e9gica de importar por negocios y por placer<\/h2>\n<p>La decisi\u00f3n de importar un veh\u00edculo como la berlina el\u00e9ctrica BMW i3 es estrat\u00e9gica, ya que ofrece ventajas tangibles que van m\u00e1s all\u00e1 del simple orgullo de ser propietario. Tanto para particulares como para empresas, representa una inversi\u00f3n calculada en calidad, exclusividad y preparaci\u00f3n para el futuro. Es un paso que puede proporcionar una ventaja competitiva, ya sea en la creaci\u00f3n de redes de negocios o simplemente en el placer diario derivado de conducir una m\u00e1quina superior y \u00fanica. Navegar por este proceso requiere una planificaci\u00f3n cuidadosa, pero las recompensas pueden ser sustanciales.<\/p>\n<h3 id=\"navigating-the-importation-process\">Navegar por el proceso de importaci\u00f3n<\/h3>\n<p>Importar un veh\u00edculo de otro continente puede parecer una tarea desalentadora, que implica log\u00edstica, tr\u00e1mites aduaneros y cumplimiento de la normativa. Sin embargo, el proceso se ha agilizado considerablemente gracias a la experiencia de las empresas especializadas en exportaci\u00f3n de autom\u00f3viles. Estas empresas act\u00faan como puente crucial entre el comprador y el mercado de origen del veh\u00edculo.<\/p>\n<p>Un exportador profesional se encargar\u00e1 de todo el proceso, incluida la b\u00fasqueda de las especificaciones del veh\u00edculo deseado, la realizaci\u00f3n de una inspecci\u00f3n previa a la compra, la gesti\u00f3n del pago seguro, la organizaci\u00f3n del env\u00edo internacional y la tramitaci\u00f3n de toda la documentaci\u00f3n necesaria para la exportaci\u00f3n y la importaci\u00f3n. Tambi\u00e9n pueden asesorar sobre los requisitos espec\u00edficos de cada regi\u00f3n, como la necesidad de adaptadores de carga o peque\u00f1as modificaciones para cumplir las normas locales de seguridad vial. Asociarse con una empresa experimentada y reputada desmitifica el proceso, transformando un reto log\u00edstico potencialmente complejo en una transacci\u00f3n sencilla. Garantiza que la inversi\u00f3n del comprador est\u00e9 protegida en cada paso y que el veh\u00edculo llegue seguro y listo para matricularse en su nuevo pa\u00eds de origen.<\/p>\n<h3 id=\"cost-benefit-analysis-for-international-buyers\">An\u00e1lisis coste-beneficio para compradores internacionales<\/h3>\n<p>Una evaluaci\u00f3n racional de la importaci\u00f3n del veh\u00edculo el\u00e9ctrico BMW i3 implica sopesar los costes frente a los beneficios exclusivos. Los costes principales incluyen el precio de compra del veh\u00edculo, los gastos de env\u00edo, los aranceles de importaci\u00f3n y los impuestos o tasas de matriculaci\u00f3n aplicables en el pa\u00eds de destino. Estos costes variar\u00e1n significativamente en funci\u00f3n del destino final.<\/p>\n<p>Sin embargo, los beneficios son m\u00faltiples.<\/p>\n<ol>\n<li><strong>Exclusividad y valor de reventa:<\/strong> Debido a su rareza fuera de China, es probable que el i3 importado mantenga su valor mejor que las alternativas del mercado de masas. Su car\u00e1cter \u00fanico puede convertirlo en un activo m\u00e1s deseable en el mercado de coches usados en el futuro.<\/li>\n<li><strong>Caracter\u00edsticas inigualables:<\/strong> La combinaci\u00f3n del formato sed\u00e1n de la Serie 3, la propulsi\u00f3n el\u00e9ctrica y una configuraci\u00f3n de batalla larga es un paquete que ning\u00fan otro veh\u00edculo puede igualar en muchos mercados. Para quienes deseen espec\u00edficamente estos atributos, la importaci\u00f3n es la \u00fanica opci\u00f3n.<\/li>\n<li><strong>Prestigio e imagen:<\/strong> Para una empresa, llegar a una reuni\u00f3n en un veh\u00edculo \u00fanico, sofisticado y respetuoso con el medio ambiente proyecta una imagen de \u00e9xito, conciencia global y visi\u00f3n de futuro. Puede ser una poderosa herramienta para construir una marca personal o corporativa.<\/li>\n<li><strong>Placer de conducir:<\/strong> No hay que subestimar el valor intr\u00ednseco de conducir un veh\u00edculo que se adapta perfectamente a las preferencias personales en cuanto a prestaciones, confort y tecnolog\u00eda. La satisfacci\u00f3n diaria que proporciona es un retorno de la inversi\u00f3n significativo, aunque no cuantificable.<\/li>\n<\/ol>\n<p>Si se tienen en cuenta estas ventajas, los costes iniciales de importaci\u00f3n pueden justificarse a menudo como una inversi\u00f3n estrat\u00e9gica en un bien superior y m\u00e1s exclusivo.<\/p>\n<h3 id=\"future-proofing-your-automotive-investment\">Proteja su inversi\u00f3n en automoci\u00f3n<\/h3>\n<p>La industria automovil\u00edstica mundial est\u00e1 experimentando un cambio s\u00edsmico hacia la electrificaci\u00f3n. Los gobiernos de todo el mundo est\u00e1n fijando plazos para la retirada progresiva de los motores de combusti\u00f3n interna. Invertir en un veh\u00edculo totalmente el\u00e9ctrico como la berlina i3 es una forma de asegurar la movilidad en el futuro. Garantiza el cumplimiento de las pr\u00f3ximas normativas sobre emisiones y protege de la volatilidad de los precios de los combustibles f\u00f3siles.<\/p>\n<p>El veh\u00edculo el\u00e9ctrico BMW i3 no es un VE experimental de primera generaci\u00f3n. Se basa en la madura tecnolog\u00eda eDrive de quinta generaci\u00f3n de BMW y en una plataforma probada. Su software es capaz de recibir actualizaciones por aire (OTA), lo que significa que el veh\u00edculo puede mejorar con el tiempo, ganando nuevas caracter\u00edsticas y una mayor funcionalidad sin tener que ir al concesionario. Elegir un veh\u00edculo el\u00e9ctrico de alta calidad de un fabricante consolidado es una de las decisiones m\u00e1s sensatas a largo plazo que se pueden tomar en 2025. Alinea al propietario con la direcci\u00f3n inevitable del transporte personal, garantizando que su veh\u00edculo siga siendo relevante, capaz y deseable durante muchos a\u00f1os.<\/p>\n<p>Preguntas m\u00e1s frecuentes (FAQ)<\/p>\n<p><strong>\u00bfEs el veh\u00edculo el\u00e9ctrico BMW i3 berlina igual que el antiguo i3 hatchback?<\/strong> No, son veh\u00edculos completamente diferentes que comparten nombre. El BMW i3 original (2013-2022) era una berlina el\u00e9ctrica \u00fanica, con un chasis de fibra de carbono y un dise\u00f1o distintivo y alto. El actual veh\u00edculo el\u00e9ctrico BMW i3 sed\u00e1n (2022-presente) es una versi\u00f3n totalmente el\u00e9ctrica del sed\u00e1n Serie 3 de batalla larga, que comparte plataforma, carrocer\u00eda y dise\u00f1o interior con su hom\u00f3logo de gasolina.<\/p>\n<p><strong>\u00bfCu\u00e1les son las principales diferencias entre el i3 eDrive35L y el eDrive40L?<\/strong> Las principales diferencias est\u00e1n en las prestaciones y la autonom\u00eda. El eDrive40L tiene un motor el\u00e9ctrico m\u00e1s potente (250 kW frente a 210 kW), lo que se traduce en una aceleraci\u00f3n m\u00e1s r\u00e1pida (5,6 s frente a 6,2 s hasta 100 km\/h). Tambi\u00e9n cuenta con un paquete de bater\u00edas m\u00e1s grande (79,1 kWh frente a 66,1 kWh), lo que le proporciona una mayor autonom\u00eda CLTC (592 km frente a 526 km) y una capacidad de carga de CC ligeramente m\u00e1s r\u00e1pida.<\/p>\n<p><strong>\u00bfPuedo realizar el mantenimiento de un veh\u00edculo el\u00e9ctrico BMW i3 importado en mi pa\u00eds?<\/strong> El mantenimiento es una cuesti\u00f3n manejable. Muchos componentes mec\u00e1nicos (frenos, suspensi\u00f3n, direcci\u00f3n) se comparten con el BMW Serie 3 global est\u00e1ndar, por lo que las piezas y la experiencia est\u00e1n ampliamente disponibles. Para los componentes espec\u00edficos de la transmisi\u00f3n el\u00e9ctrica, la mejor opci\u00f3n es acudir a un centro de servicio especializado independiente con experiencia en veh\u00edculos el\u00e9ctricos modernos. Los concesionarios oficiales BMW pueden o no estar dispuestos a realizar el mantenimiento de un veh\u00edculo importado, por lo que es mejor consultar previamente con los proveedores de servicios locales.<\/p>\n<p><strong>\u00bfC\u00f3mo se traduce la gama CLTC a las normas WLTP o EPA?<\/strong> La norma CLTC utilizada para las cifras oficiales en China suele ser m\u00e1s optimista que las normas WLTP (Europa) o EPA (EE.UU.) porque su ciclo de pruebas implica m\u00e1s conducci\u00f3n a baja velocidad. Como estimaci\u00f3n aproximada, puedes esperar que la autonom\u00eda WLTP sea unos 15-20% inferior a la cifra CLTC, y que la autonom\u00eda EPA sea incluso inferior. Para la autonom\u00eda CLTC de 592 km del eDrive40L, una estimaci\u00f3n WLTP realista ser\u00eda de unos 470-500 km.<\/p>\n<p><strong>\u00bfQu\u00e9 hace especial a la versi\u00f3n de batalla larga?<\/strong> La plataforma de batalla larga a\u00f1ade 11 cent\u00edmetros a la longitud del veh\u00edculo, y todo ese espacio extra se dedica al habit\u00e1culo trasero. Esto se traduce en un aumento significativo del espacio trasero para las piernas, transformando el asiento trasero en un entorno de clase ejecutiva m\u00e1s espacioso y confortable, comparable al de una berlina de lujo de mayor tama\u00f1o.<\/p>\n<p><strong>\u00bfEl enchufe de carga es compatible con las normas europeas o de Oriente Medio?<\/strong> El veh\u00edculo el\u00e9ctrico BMW i3 fabricado para China utiliza la norma GB\/T de puertos de carga. La mayor parte de Europa y algunas zonas de Oriente Medio utilizan el est\u00e1ndar CCS2 para la carga r\u00e1pida de CC. Para utilizar cargadores r\u00e1pidos p\u00fablicos en estas regiones, necesitar\u00e1 un adaptador certificado de GB\/T a CCS2. Estos adaptadores se pueden adquirir f\u00e1cilmente a trav\u00e9s de proveedores especializados y a menudo los facilita la empresa que gestiona la importaci\u00f3n del veh\u00edculo. Para la carga dom\u00e9stica de CA, la compatibilidad suele ser m\u00e1s f\u00e1cil de conseguir con la instalaci\u00f3n correcta del cable o la caja de pared.<\/p>\n<p>Conclusi\u00f3n El veh\u00edculo el\u00e9ctrico de 2025, la berlina BMW i3, surge de un examen detallado no s\u00f3lo como otro veh\u00edculo el\u00e9ctrico de gama alta, sino como una propuesta singularmente atractiva para el comprador global. Su identidad se forja en una fascinante paradoja: es a la vez una entidad familiar y querida -la Serie 3 de BMW- y un objeto raro y exclusivo debido a sus or\u00edgenes espec\u00edficos de mercado. Los puntos fuertes del veh\u00edculo son manifiestos y polifac\u00e9ticos. Ofrece las prestaciones silenciosas e instant\u00e1neas caracter\u00edsticas de las modernas cadenas cinem\u00e1ticas el\u00e9ctricas, pero conserva el comportamiento \u00e1gil y la sensaci\u00f3n de estar centrado en el conductor que son las se\u00f1as de identidad de su linaje. La mayor distancia entre ejes eleva el confort de los pasajeros a un nivel inesperado en esta clase, creando un sereno santuario de lujo y tecnolog\u00eda avanzada en el habit\u00e1culo.<\/p>\n<p>Para el particular o la empresa exigentes de las regiones donde este modelo no se vende oficialmente, el acto de importaci\u00f3n trasciende una simple compra. Se convierte en una adquisici\u00f3n estrat\u00e9gica. Es una declaraci\u00f3n de gustos, un compromiso con una combinaci\u00f3n espec\u00edfica y superior de caracter\u00edsticas, y una inversi\u00f3n en un veh\u00edculo que ofrece el prestigio de la escasez junto con los beneficios pr\u00e1cticos de la movilidad de largo alcance y cero emisiones. La berlina i3 es un testimonio de la idea de que la electrificaci\u00f3n no tiene por qu\u00e9 borrar el car\u00e1cter automovil\u00edstico; al contrario, puede refinarlo y mejorarlo, ofreciendo una visi\u00f3n de un futuro en el que las prestaciones, el lujo y la sostenibilidad coexisten en perfecta armon\u00eda.<\/p>","protected":false},"excerpt":{"rendered":"<p>Resumen El veh\u00edculo el\u00e9ctrico de 2025 BMW i3 sed\u00e1n, concretamente el modelo G28, representa una propuesta \u00fanica dentro del panorama automovil\u00edstico mundial. Desarrollado en exclusiva para el mercado chino, es una variante totalmente el\u00e9ctrica del Serie 3 de batalla larga, una plataforma famosa por su comportamiento din\u00e1mico y su posicionamiento premium. Un examen exhaustivo del veh\u00edculo revela dos [...]<\/p>","protected":false},"author":1,"featured_media":3049,"comment_status":"closed","ping_status":"closed","sticky":false,"template":"","format":"standard","meta":{"footnotes":""},"categories":[4],"tags":[],"class_list":["post-3048","post","type-post","status-publish","format-standard","has-post-thumbnail","hentry","category-news"],"yoast_head":"<!-- This site is optimized with the Yoast SEO plugin v24.4 - https:\/\/yoast.com\/wordpress\/plugins\/seo\/ -->\n<title>5 Ultimate Reasons to Import the 2025 Electric Vehicle BMW i3 Sedan - Tianjin Yigang Automobile Sales Co.,Ltd.<\/title>\n<meta name=\"robots\" content=\"index, follow, max-snippet:-1, max-image-preview:large, max-video-preview:-1\" \/>\n<link rel=\"canonical\" href=\"https:\/\/www.tjygqc.com\/es\/5-ultimate-reasons-to-import-the-2025-electric-vehicle-bmw-i3-sedan-article\/\" \/>\n<meta property=\"og:locale\" content=\"es_ES\" \/>\n<meta property=\"og:type\" content=\"article\" \/>\n<meta property=\"og:title\" content=\"5 Ultimate Reasons to Import the 2025 Electric Vehicle BMW i3 Sedan - Tianjin Yigang Automobile Sales Co.,Ltd.\" \/>\n<meta property=\"og:description\" content=\"Abstract The 2025 electric vehicle BMW i3 sedan, specifically the G28 model, represents a unique proposition within the global automotive landscape. Developed exclusively for the Chinese market, it is an all-electric variant of the long-wheelbase 3 Series, a platform renowned for its dynamic handling and premium positioning. A comprehensive examination of the vehicle reveals two [&hellip;]\" \/>\n<meta property=\"og:url\" content=\"https:\/\/www.tjygqc.com\/es\/5-ultimate-reasons-to-import-the-2025-electric-vehicle-bmw-i3-sedan-article\/\" \/>\n<meta property=\"og:site_name\" content=\"Tianjin Yigang Automobile Sales Co.,Ltd.\" \/>\n<meta property=\"article:publisher\" content=\"https:\/\/www.facebook.com\/tianjinyigang\/\" \/>\n<meta property=\"article:published_time\" content=\"2025-08-28T07:11:04+00:00\" \/>\n<meta property=\"article:modified_time\" content=\"2025-09-01T15:44:05+00:00\" \/>\n<meta property=\"og:image\" content=\"https:\/\/www.tjygqc.com\/wp-content\/uploads\/2025\/08\/5-ultimate-reasons-to-import-the-2025-electric-vehicle-bmw-i3-sedan.webp\" \/>\n\t<meta property=\"og:image:width\" content=\"800\" \/>\n\t<meta property=\"og:image:height\" content=\"800\" \/>\n\t<meta property=\"og:image:type\" content=\"image\/webp\" \/>\n<meta name=\"author\" content=\"user\" \/>\n<meta name=\"twitter:card\" content=\"summary_large_image\" \/>\n<meta name=\"twitter:label1\" content=\"Written by\" \/>\n\t<meta name=\"twitter:data1\" content=\"user\" \/>\n\t<meta name=\"twitter:label2\" content=\"Est. reading time\" \/>\n\t<meta name=\"twitter:data2\" content=\"21 minutos\" \/>\n<script type=\"application\/ld+json\" class=\"yoast-schema-graph\">{\"@context\":\"https:\/\/schema.org\",\"@graph\":[{\"@type\":\"Article\",\"@id\":\"https:\/\/www.tjygqc.com\/5-ultimate-reasons-to-import-the-2025-electric-vehicle-bmw-i3-sedan-article\/#article\",\"isPartOf\":{\"@id\":\"https:\/\/www.tjygqc.com\/5-ultimate-reasons-to-import-the-2025-electric-vehicle-bmw-i3-sedan-article\/\"},\"author\":{\"name\":\"user\",\"@id\":\"https:\/\/www.tjygqc.com\/#\/schema\/person\/9a0e27c1156d5a1d4cb23dce2cc5ad36\"},\"headline\":\"5 Ultimate Reasons to Import the 2025 Electric Vehicle BMW i3 Sedan\",\"datePublished\":\"2025-08-28T07:11:04+00:00\",\"dateModified\":\"2025-09-01T15:44:05+00:00\",\"mainEntityOfPage\":{\"@id\":\"https:\/\/www.tjygqc.com\/5-ultimate-reasons-to-import-the-2025-electric-vehicle-bmw-i3-sedan-article\/\"},\"wordCount\":4644,\"publisher\":{\"@id\":\"https:\/\/www.tjygqc.com\/#organization\"},\"image\":{\"@id\":\"https:\/\/www.tjygqc.com\/5-ultimate-reasons-to-import-the-2025-electric-vehicle-bmw-i3-sedan-article\/#primaryimage\"},\"thumbnailUrl\":\"https:\/\/www.tjygqc.com\/wp-content\/uploads\/2025\/08\/5-ultimate-reasons-to-import-the-2025-electric-vehicle-bmw-i3-sedan.webp\",\"articleSection\":[\"News\"],\"inLanguage\":\"es\"},{\"@type\":\"WebPage\",\"@id\":\"https:\/\/www.tjygqc.com\/5-ultimate-reasons-to-import-the-2025-electric-vehicle-bmw-i3-sedan-article\/\",\"url\":\"https:\/\/www.tjygqc.com\/5-ultimate-reasons-to-import-the-2025-electric-vehicle-bmw-i3-sedan-article\/\",\"name\":\"5 Ultimate Reasons to Import the 2025 Electric Vehicle BMW i3 Sedan - Tianjin Yigang Automobile Sales Co.,Ltd.\",\"isPartOf\":{\"@id\":\"https:\/\/www.tjygqc.com\/#website\"},\"primaryImageOfPage\":{\"@id\":\"https:\/\/www.tjygqc.com\/5-ultimate-reasons-to-import-the-2025-electric-vehicle-bmw-i3-sedan-article\/#primaryimage\"},\"image\":{\"@id\":\"https:\/\/www.tjygqc.com\/5-ultimate-reasons-to-import-the-2025-electric-vehicle-bmw-i3-sedan-article\/#primaryimage\"},\"thumbnailUrl\":\"https:\/\/www.tjygqc.com\/wp-content\/uploads\/2025\/08\/5-ultimate-reasons-to-import-the-2025-electric-vehicle-bmw-i3-sedan.webp\",\"datePublished\":\"2025-08-28T07:11:04+00:00\",\"dateModified\":\"2025-09-01T15:44:05+00:00\",\"breadcrumb\":{\"@id\":\"https:\/\/www.tjygqc.com\/5-ultimate-reasons-to-import-the-2025-electric-vehicle-bmw-i3-sedan-article\/#breadcrumb\"},\"inLanguage\":\"es\",\"potentialAction\":[{\"@type\":\"ReadAction\",\"target\":[\"https:\/\/www.tjygqc.com\/5-ultimate-reasons-to-import-the-2025-electric-vehicle-bmw-i3-sedan-article\/\"]}]},{\"@type\":\"ImageObject\",\"inLanguage\":\"es\",\"@id\":\"https:\/\/www.tjygqc.com\/5-ultimate-reasons-to-import-the-2025-electric-vehicle-bmw-i3-sedan-article\/#primaryimage\",\"url\":\"https:\/\/www.tjygqc.com\/wp-content\/uploads\/2025\/08\/5-ultimate-reasons-to-import-the-2025-electric-vehicle-bmw-i3-sedan.webp\",\"contentUrl\":\"https:\/\/www.tjygqc.com\/wp-content\/uploads\/2025\/08\/5-ultimate-reasons-to-import-the-2025-electric-vehicle-bmw-i3-sedan.webp\",\"width\":800,\"height\":800,\"caption\":\"5 Ultimate Reasons to Import the 2025 Electric Vehicle BMW i3 Sedan\"},{\"@type\":\"BreadcrumbList\",\"@id\":\"https:\/\/www.tjygqc.com\/5-ultimate-reasons-to-import-the-2025-electric-vehicle-bmw-i3-sedan-article\/#breadcrumb\",\"itemListElement\":[{\"@type\":\"ListItem\",\"position\":1,\"name\":\"Home\",\"item\":\"https:\/\/www.tjygqc.com\/\"},{\"@type\":\"ListItem\",\"position\":2,\"name\":\"5 Ultimate Reasons to Import the 2025 Electric Vehicle BMW i3 Sedan\"}]},{\"@type\":\"WebSite\",\"@id\":\"https:\/\/www.tjygqc.com\/#website\",\"url\":\"https:\/\/www.tjygqc.com\/\",\"name\":\"Tianjin Yigang Automobile Sales Co.,Ltd.\",\"description\":\"Tianjin Yigang Automobile Sales Co.,Ltd.\",\"publisher\":{\"@id\":\"https:\/\/www.tjygqc.com\/#organization\"},\"potentialAction\":[{\"@type\":\"SearchAction\",\"target\":{\"@type\":\"EntryPoint\",\"urlTemplate\":\"https:\/\/www.tjygqc.com\/?s={search_term_string}\"},\"query-input\":{\"@type\":\"PropertyValueSpecification\",\"valueRequired\":true,\"valueName\":\"search_term_string\"}}],\"inLanguage\":\"es\"},{\"@type\":\"Organization\",\"@id\":\"https:\/\/www.tjygqc.com\/#organization\",\"name\":\"Tianjin Yigang Automobile Sales Co., Ltd.\",\"url\":\"https:\/\/www.tjygqc.com\/\",\"logo\":{\"@type\":\"ImageObject\",\"inLanguage\":\"es\",\"@id\":\"https:\/\/www.tjygqc.com\/#\/schema\/logo\/image\/\",\"url\":\"https:\/\/www.tjygqc.com\/wp-content\/uploads\/2025\/03\/cropped-WechatIMG581.png\",\"contentUrl\":\"https:\/\/www.tjygqc.com\/wp-content\/uploads\/2025\/03\/cropped-WechatIMG581.png\",\"width\":338,\"height\":142,\"caption\":\"Tianjin Yigang Automobile Sales Co., Ltd.\"},\"image\":{\"@id\":\"https:\/\/www.tjygqc.com\/#\/schema\/logo\/image\/\"},\"sameAs\":[\"https:\/\/www.facebook.com\/tianjinyigang\/\",\"https:\/\/www.youtube.com\/@TianjinYigangAutomobile\",\"https:\/\/www.instagram.com\/tianjinyigang\/\"]},{\"@type\":\"Person\",\"@id\":\"https:\/\/www.tjygqc.com\/#\/schema\/person\/9a0e27c1156d5a1d4cb23dce2cc5ad36\",\"name\":\"user\",\"image\":{\"@type\":\"ImageObject\",\"inLanguage\":\"es\",\"@id\":\"https:\/\/www.tjygqc.com\/#\/schema\/person\/image\/\",\"url\":\"https:\/\/secure.gravatar.com\/avatar\/b58996c504c5638798eb6b511e6f49af?s=96&d=mm&r=g\",\"contentUrl\":\"https:\/\/secure.gravatar.com\/avatar\/b58996c504c5638798eb6b511e6f49af?s=96&d=mm&r=g\",\"caption\":\"user\"},\"sameAs\":[\"https:\/\/www.tjygqc.com:8182\"],\"url\":\"https:\/\/www.tjygqc.com\/es\/author\/user\/\"}]}<\/script>\n<!-- \/ Yoast SEO plugin. -->","yoast_head_json":{"title":"5 Ultimate Reasons to Import the 2025 Electric Vehicle BMW i3 Sedan - Tianjin Yigang Automobile Sales Co.,Ltd.","robots":{"index":"index","follow":"follow","max-snippet":"max-snippet:-1","max-image-preview":"max-image-preview:large","max-video-preview":"max-video-preview:-1"},"canonical":"https:\/\/www.tjygqc.com\/es\/5-ultimate-reasons-to-import-the-2025-electric-vehicle-bmw-i3-sedan-article\/","og_locale":"es_ES","og_type":"article","og_title":"5 Ultimate Reasons to Import the 2025 Electric Vehicle BMW i3 Sedan - Tianjin Yigang Automobile Sales Co.,Ltd.","og_description":"Abstract The 2025 electric vehicle BMW i3 sedan, specifically the G28 model, represents a unique proposition within the global automotive landscape. Developed exclusively for the Chinese market, it is an all-electric variant of the long-wheelbase 3 Series, a platform renowned for its dynamic handling and premium positioning. A comprehensive examination of the vehicle reveals two [&hellip;]","og_url":"https:\/\/www.tjygqc.com\/es\/5-ultimate-reasons-to-import-the-2025-electric-vehicle-bmw-i3-sedan-article\/","og_site_name":"Tianjin Yigang Automobile Sales Co.,Ltd.","article_publisher":"https:\/\/www.facebook.com\/tianjinyigang\/","article_published_time":"2025-08-28T07:11:04+00:00","article_modified_time":"2025-09-01T15:44:05+00:00","og_image":[{"width":800,"height":800,"url":"https:\/\/www.tjygqc.com\/wp-content\/uploads\/2025\/08\/5-ultimate-reasons-to-import-the-2025-electric-vehicle-bmw-i3-sedan.webp","type":"image\/webp"}],"author":"user","twitter_card":"summary_large_image","twitter_misc":{"Written by":"user","Est. reading time":"21 minutos"},"schema":{"@context":"https:\/\/schema.org","@graph":[{"@type":"Article","@id":"https:\/\/www.tjygqc.com\/5-ultimate-reasons-to-import-the-2025-electric-vehicle-bmw-i3-sedan-article\/#article","isPartOf":{"@id":"https:\/\/www.tjygqc.com\/5-ultimate-reasons-to-import-the-2025-electric-vehicle-bmw-i3-sedan-article\/"},"author":{"name":"user","@id":"https:\/\/www.tjygqc.com\/#\/schema\/person\/9a0e27c1156d5a1d4cb23dce2cc5ad36"},"headline":"5 Ultimate Reasons to Import the 2025 Electric Vehicle BMW i3 Sedan","datePublished":"2025-08-28T07:11:04+00:00","dateModified":"2025-09-01T15:44:05+00:00","mainEntityOfPage":{"@id":"https:\/\/www.tjygqc.com\/5-ultimate-reasons-to-import-the-2025-electric-vehicle-bmw-i3-sedan-article\/"},"wordCount":4644,"publisher":{"@id":"https:\/\/www.tjygqc.com\/#organization"},"image":{"@id":"https:\/\/www.tjygqc.com\/5-ultimate-reasons-to-import-the-2025-electric-vehicle-bmw-i3-sedan-article\/#primaryimage"},"thumbnailUrl":"https:\/\/www.tjygqc.com\/wp-content\/uploads\/2025\/08\/5-ultimate-reasons-to-import-the-2025-electric-vehicle-bmw-i3-sedan.webp","articleSection":["News"],"inLanguage":"es"},{"@type":"WebPage","@id":"https:\/\/www.tjygqc.com\/5-ultimate-reasons-to-import-the-2025-electric-vehicle-bmw-i3-sedan-article\/","url":"https:\/\/www.tjygqc.com\/5-ultimate-reasons-to-import-the-2025-electric-vehicle-bmw-i3-sedan-article\/","name":"5 Ultimate Reasons to Import the 2025 Electric Vehicle BMW i3 Sedan - Tianjin Yigang Automobile Sales Co.,Ltd.","isPartOf":{"@id":"https:\/\/www.tjygqc.com\/#website"},"primaryImageOfPage":{"@id":"https:\/\/www.tjygqc.com\/5-ultimate-reasons-to-import-the-2025-electric-vehicle-bmw-i3-sedan-article\/#primaryimage"},"image":{"@id":"https:\/\/www.tjygqc.com\/5-ultimate-reasons-to-import-the-2025-electric-vehicle-bmw-i3-sedan-article\/#primaryimage"},"thumbnailUrl":"https:\/\/www.tjygqc.com\/wp-content\/uploads\/2025\/08\/5-ultimate-reasons-to-import-the-2025-electric-vehicle-bmw-i3-sedan.webp","datePublished":"2025-08-28T07:11:04+00:00","dateModified":"2025-09-01T15:44:05+00:00","breadcrumb":{"@id":"https:\/\/www.tjygqc.com\/5-ultimate-reasons-to-import-the-2025-electric-vehicle-bmw-i3-sedan-article\/#breadcrumb"},"inLanguage":"es","potentialAction":[{"@type":"ReadAction","target":["https:\/\/www.tjygqc.com\/5-ultimate-reasons-to-import-the-2025-electric-vehicle-bmw-i3-sedan-article\/"]}]},{"@type":"ImageObject","inLanguage":"es","@id":"https:\/\/www.tjygqc.com\/5-ultimate-reasons-to-import-the-2025-electric-vehicle-bmw-i3-sedan-article\/#primaryimage","url":"https:\/\/www.tjygqc.com\/wp-content\/uploads\/2025\/08\/5-ultimate-reasons-to-import-the-2025-electric-vehicle-bmw-i3-sedan.webp","contentUrl":"https:\/\/www.tjygqc.com\/wp-content\/uploads\/2025\/08\/5-ultimate-reasons-to-import-the-2025-electric-vehicle-bmw-i3-sedan.webp","width":800,"height":800,"caption":"5 Ultimate Reasons to Import the 2025 Electric Vehicle BMW i3 Sedan"},{"@type":"BreadcrumbList","@id":"https:\/\/www.tjygqc.com\/5-ultimate-reasons-to-import-the-2025-electric-vehicle-bmw-i3-sedan-article\/#breadcrumb","itemListElement":[{"@type":"ListItem","position":1,"name":"Home","item":"https:\/\/www.tjygqc.com\/"},{"@type":"ListItem","position":2,"name":"5 Ultimate Reasons to Import the 2025 Electric Vehicle BMW i3 Sedan"}]},{"@type":"WebSite","@id":"https:\/\/www.tjygqc.com\/#website","url":"https:\/\/www.tjygqc.com\/","name":"Tianjin Yigang Automobile Sales Co.,Ltd.","description":"Tianjin Yigang Automobile Sales Co.,Ltd.","publisher":{"@id":"https:\/\/www.tjygqc.com\/#organization"},"potentialAction":[{"@type":"SearchAction","target":{"@type":"EntryPoint","urlTemplate":"https:\/\/www.tjygqc.com\/?s={search_term_string}"},"query-input":{"@type":"PropertyValueSpecification","valueRequired":true,"valueName":"search_term_string"}}],"inLanguage":"es"},{"@type":"Organization","@id":"https:\/\/www.tjygqc.com\/#organization","name":"Tianjin Yigang Automobile Sales Co., Ltd.","url":"https:\/\/www.tjygqc.com\/","logo":{"@type":"ImageObject","inLanguage":"es","@id":"https:\/\/www.tjygqc.com\/#\/schema\/logo\/image\/","url":"https:\/\/www.tjygqc.com\/wp-content\/uploads\/2025\/03\/cropped-WechatIMG581.png","contentUrl":"https:\/\/www.tjygqc.com\/wp-content\/uploads\/2025\/03\/cropped-WechatIMG581.png","width":338,"height":142,"caption":"Tianjin Yigang Automobile Sales Co., Ltd."},"image":{"@id":"https:\/\/www.tjygqc.com\/#\/schema\/logo\/image\/"},"sameAs":["https:\/\/www.facebook.com\/tianjinyigang\/","https:\/\/www.youtube.com\/@TianjinYigangAutomobile","https:\/\/www.instagram.com\/tianjinyigang\/"]},{"@type":"Person","@id":"https:\/\/www.tjygqc.com\/#\/schema\/person\/9a0e27c1156d5a1d4cb23dce2cc5ad36","name":"user","image":{"@type":"ImageObject","inLanguage":"es","@id":"https:\/\/www.tjygqc.com\/#\/schema\/person\/image\/","url":"https:\/\/secure.gravatar.com\/avatar\/b58996c504c5638798eb6b511e6f49af?s=96&d=mm&r=g","contentUrl":"https:\/\/secure.gravatar.com\/avatar\/b58996c504c5638798eb6b511e6f49af?s=96&d=mm&r=g","caption":"user"},"sameAs":["https:\/\/www.tjygqc.com:8182"],"url":"https:\/\/www.tjygqc.com\/es\/author\/user\/"}]}},"_links":{"self":[{"href":"https:\/\/www.tjygqc.com\/es\/wp-json\/wp\/v2\/posts\/3048","targetHints":{"allow":["GET"]}}],"collection":[{"href":"https:\/\/www.tjygqc.com\/es\/wp-json\/wp\/v2\/posts"}],"about":[{"href":"https:\/\/www.tjygqc.com\/es\/wp-json\/wp\/v2\/types\/post"}],"author":[{"embeddable":true,"href":"https:\/\/www.tjygqc.com\/es\/wp-json\/wp\/v2\/users\/1"}],"replies":[{"embeddable":true,"href":"https:\/\/www.tjygqc.com\/es\/wp-json\/wp\/v2\/comments?post=3048"}],"version-history":[{"count":2,"href":"https:\/\/www.tjygqc.com\/es\/wp-json\/wp\/v2\/posts\/3048\/revisions"}],"predecessor-version":[{"id":3061,"href":"https:\/\/www.tjygqc.com\/es\/wp-json\/wp\/v2\/posts\/3048\/revisions\/3061"}],"wp:featuredmedia":[{"embeddable":true,"href":"https:\/\/www.tjygqc.com\/es\/wp-json\/wp\/v2\/media\/3049"}],"wp:attachment":[{"href":"https:\/\/www.tjygqc.com\/es\/wp-json\/wp\/v2\/media?parent=3048"}],"wp:term":[{"taxonomy":"category","embeddable":true,"href":"https:\/\/www.tjygqc.com\/es\/wp-json\/wp\/v2\/categories?post=3048"},{"taxonomy":"post_tag","embeddable":true,"href":"https:\/\/www.tjygqc.com\/es\/wp-json\/wp\/v2\/tags?post=3048"}],"curies":[{"name":"wp","href":"https:\/\/api.w.org\/{rel}","templated":true}]}}