{"id":3050,"date":"2025-08-28T07:11:05","date_gmt":"2025-08-28T07:11:05","guid":{"rendered":"https:\/\/www.tjygqc.com\/your-2026-guide-5-reasons-the-new-bmw-electric-car-lineup-dominates-article\/"},"modified":"2025-09-01T15:46:03","modified_gmt":"2025-09-01T15:46:03","slug":"your-2026-guide-5-reasons-the-new-bmw-electric-car-lineup-dominates","status":"publish","type":"post","link":"https:\/\/www.tjygqc.com\/es\/your-2026-guide-5-reasons-the-new-bmw-electric-car-lineup-dominates-article\/","title":{"rendered":"Tu gu\u00eda para 2026: 5 razones por las que domina la nueva gama de coches el\u00e9ctricos de BMW"},"content":{"rendered":"<h3 id=\"abstract\">Resumen<\/h3>\n<p>La pr\u00f3xima gama de coches el\u00e9ctricos de BMW para 2026 representa un momento crucial para el fabricante de autom\u00f3viles b\u00e1varo, ya que marca una reorientaci\u00f3n estrat\u00e9gica y tecnol\u00f3gica fundamental. Este an\u00e1lisis examina la naturaleza integral de esta transformaci\u00f3n, centrada en la introducci\u00f3n de la arquitectura \"Neue Klasse\" (Nueva Clase). Esta plataforma espec\u00edfica para veh\u00edculos el\u00e9ctricos no es una mera actualizaci\u00f3n de ingenier\u00eda, sino una reimaginaci\u00f3n hol\u00edstica del autom\u00f3vil que integra avances en tecnolog\u00eda de bater\u00edas, interfaces digitales y fabricaci\u00f3n sostenible. El primer modelo que incorpora esta filosof\u00eda, el BMW iX3 de 2026, se posiciona como un competidor directo en el disputado segmento de los SUV el\u00e9ctricos premium. Entre sus principales novedades se incluyen la adopci\u00f3n de celdas de bater\u00eda cil\u00edndricas de sexta generaci\u00f3n, un sistema el\u00e9ctrico de 800 voltios para carga r\u00e1pida y un concepto interior radical con la pantalla \"Panoramic Vision\". Este cambio subraya el compromiso de BMW con una econom\u00eda circular, haciendo hincapi\u00e9 en los materiales reciclados y la energ\u00eda verde en la producci\u00f3n, abordando as\u00ed las dimensiones \u00e9ticas y medioambientales de la movilidad moderna.<\/p>\n<h3 id=\"key-takeaways\">Principales conclusiones<\/h3>\n<ul>\n<li>La plataforma Neue Klasse es una arquitectura espec\u00edfica para veh\u00edculos el\u00e9ctricos, no una plataforma de combusti\u00f3n modificada.<\/li>\n<li>Las nuevas celdas cil\u00edndricas de la bater\u00eda prometen m\u00e1s de 30% de autonom\u00eda y velocidades de carga m\u00e1s r\u00e1pidas.<\/li>\n<li>El iX3 de 2026 es el primer modelo, que apunta directamente a la cuota de mercado del Tesla Model Y.<\/li>\n<li>El nuevo dise\u00f1o interior incluye una pantalla \"Panoramic Vision\" de ancho completo.<\/li>\n<li>Para comprar un coche el\u00e9ctrico BMW es necesario comprender este nuevo ecosistema tecnol\u00f3gico.<\/li>\n<li>La sostenibilidad es fundamental, con especial atenci\u00f3n a los materiales reciclados y la producci\u00f3n ecol\u00f3gica.<\/li>\n<li>BMW planea al menos seis modelos Neue Klasse para 2028, ampliando la gama el\u00e9ctrica.<\/li>\n<\/ul>\n<h3 id=\"table-of-contents\">\u00cdndice<\/h3>\n<ul>\n<li><a href=\"#1-the-revolutionary-neue-klasse-a-new-foundation-for-electric-dominance\">1. La revolucionaria Neue Klasse: Una nueva base para el dominio el\u00e9ctrico<\/a><\/li>\n<li><a href=\"#2-battery-technology-and-performance-the-heart-of-the-new-generation\">2. Tecnolog\u00eda y rendimiento de las bater\u00edas: El coraz\u00f3n de la nueva generaci\u00f3n<\/a><\/li>\n<li><a href=\"#3-design-and-aerodynamics-marrying-form-with-electric-function\">3. Dise\u00f1o y aerodin\u00e1mica: Unir forma y funci\u00f3n el\u00e9ctrica<\/a><\/li>\n<li><a href=\"#4-the-strategic-rollout-market-positioning-and-global-impact\">4. El despliegue estrat\u00e9gico: Posicionamiento en el mercado e impacto global<\/a><\/li>\n<li><a href=\"#5-sustainability-and-the-circular-economy-a-core-tenet-of-the-bmw-electric-car\">5. Sostenibilidad y econom\u00eda circular: Un principio b\u00e1sico del coche el\u00e9ctrico de BMW<\/a><\/li>\n<\/ul>\n<p><img loading=\"lazy\" decoding=\"async\" class=\"entered loaded\" style=\"display: block; margin-left: auto; margin-right: auto;\" src=\"https:\/\/www.tjygqc.com\/wp-content\/uploads\/2025\/03\/BMW-i5-eDrive-40L-Luxury-Package-1-2.webp\" alt=\"\" width=\"600\" height=\"600\" data-src=\"https:\/\/www.tjygqc.com\/wp-content\/uploads\/2025\/03\/BMW-i5-eDrive-40L-Luxury-Package-1-2.webp\" data-ll-status=\"loaded\" \/><\/p>\n<h2 id=\"1-the-revolutionary-neue-klasse-a-new-foundation-for-electric-dominance\">1. La revolucionaria Neue Klasse: Una nueva base para el dominio el\u00e9ctrico<\/h2>\n<p>Para comprender la importancia de la gama de veh\u00edculos el\u00e9ctricos BMW 2026, primero hay que entender el concepto de \"Neue Klasse\". No se trata simplemente de un nuevo modelo o de un lavado de cara, sino de un cambio fundamental, una revoluci\u00f3n filos\u00f3fica y arquitect\u00f3nica para BMW. El propio t\u00e9rmino, que se traduce como \"Nueva Clase\", es un eco deliberado del momento de transformaci\u00f3n de la empresa en la d\u00e9cada de 1960, que la salv\u00f3 de la ruina financiera y estableci\u00f3 su identidad como fabricante de berlinas deportivas. Hoy, el reto no es la bancarrota, sino la relevancia en un mundo electrificado, digitalizado y concienciado con el medio ambiente. La Neue Klasse es la respuesta de BMW a ese reto.<\/p>\n<h3 id=\"what-is-the-neue-klasse-a-philosophical-shift\">\u00bfQu\u00e9 es la Neue Klasse? Un cambio filos\u00f3fico<\/h3>\n<p>En esencia, la Neue Klasse es una arquitectura de veh\u00edculo \"el\u00e9ctrica en primer lugar\". Se trata de una distinci\u00f3n fundamental. Muchas de las ofertas el\u00e9ctricas actuales de BMW, como el i4 y el i7, se construyen sobre plataformas flexibles dise\u00f1adas para dar cabida tanto a motores de combusti\u00f3n interna (ICE) como a cadenas cinem\u00e1ticas el\u00e9ctricas. Aunque comercialmente pragm\u00e1tico, este enfoque implica compromisos inherentes en el embalaje, la distribuci\u00f3n del peso y la eficiencia espacial. Es como renovar una casa antigua para instalar la fontaner\u00eda y el cableado modernos; puede funcionar, pero nunca estar\u00e1 tan integrada como una casa dise\u00f1ada desde cero con esos sistemas en mente.<\/p>\n<p>La plataforma Neue Klasse abandona este compromiso. Se trata de un \"monopat\u00edn\" de veh\u00edculo el\u00e9ctrico construido ex profeso, un suelo plano que alberga el paquete de bater\u00edas, con motores el\u00e9ctricos en los ejes y sofisticados sistemas de control que gestionan todo el aparato. Este planteamiento, seg\u00fan detallan los analistas automovil\u00edsticos, permite replantear por completo las proporciones y el espacio interior del veh\u00edculo. La ausencia de un t\u00fanel de transmisi\u00f3n, un gran vano motor y un sistema de escape libera una enorme cantidad de volumen para los ocupantes y la carga. Esta libertad estructural es la base sobre la que se asientan todas las dem\u00e1s innovaciones de la nueva familia de coches el\u00e9ctricos de BMW.<\/p>\n<h3 id=\"architectural-advantages-beyond-the-skateboard\">Ventajas arquitect\u00f3nicas: M\u00e1s all\u00e1 del monopat\u00edn<\/h3>\n<p>La genialidad de la arquitectura Neue Klasse reside en su modularidad e integraci\u00f3n. No es s\u00f3lo una plataforma para un coche, sino una base flexible para toda una familia de veh\u00edculos, desde berlinas compactas a SUV m\u00e1s grandes. Esta escalabilidad es esencial para lograr las econom\u00edas de escala necesarias para competir de forma rentable en el mercado mundial de veh\u00edculos el\u00e9ctricos. La arquitectura integra cuatro \"supercerebros\" clave, ordenadores de alto rendimiento que controlan la cadena cinem\u00e1tica y la din\u00e1mica de conducci\u00f3n, las funciones de conducci\u00f3n aut\u00f3noma, el infoentretenimiento y los sistemas de la carrocer\u00eda. Esta consolidaci\u00f3n de las unidades de control electr\u00f3nico (ECU) simplifica el sistema nervioso electr\u00f3nico del veh\u00edculo, haci\u00e9ndolo m\u00e1s robusto, r\u00e1pido y f\u00e1cil de actualizar por v\u00eda inal\u00e1mbrica (OTA).<\/p>\n<p>Para quienes se dedican al comercio internacional de veh\u00edculos, como un <a href=\"https:\/\/www.tjygqc.com\/\" rel=\"nofollow\">principal proveedor de veh\u00edculos el\u00e9ctricos comerciales<\/a>Comprender esta arquitectura es primordial. Se\u00f1ala un cambio en lo que constituye el valor y la complejidad de un veh\u00edculo. La atenci\u00f3n se desplaza de la complejidad mec\u00e1nica a las prestaciones y caracter\u00edsticas definidas por software. El servicio, el diagn\u00f3stico e incluso el potencial de futuras actualizaciones est\u00e1n fundamentalmente ligados a esta nueva columna vertebral digital.<\/p>\n<table style=\"width: 100%; border-collapse: collapse;\" border=\"1\">\n<thead>\n<tr>\n<th style=\"text-align: left;\">Caracter\u00edstica<\/th>\n<th style=\"text-align: left;\">Veh\u00edculos el\u00e9ctricos BMW actuales (plataforma CLAR)<\/th>\n<th style=\"text-align: left;\">Nueva clase de veh\u00edculos el\u00e9ctricos (a partir de 2026)<\/th>\n<\/tr>\n<\/thead>\n<tbody>\n<tr>\n<td style=\"text-align: left;\"><strong>Plataforma<\/strong><\/td>\n<td style=\"text-align: left;\">Flexible (ICE, PHEV, BEV)<\/td>\n<td style=\"text-align: left;\">Dedicado s\u00f3lo a BEV<\/td>\n<\/tr>\n<tr>\n<td style=\"text-align: left;\"><strong>Pilas de bater\u00eda<\/strong><\/td>\n<td style=\"text-align: left;\">Prism\u00e1tico (Gen5)<\/td>\n<td style=\"text-align: left;\">Cil\u00edndrico (Gen6)<\/td>\n<\/tr>\n<tr>\n<td style=\"text-align: left;\"><strong>Tensi\u00f3n del sistema<\/strong><\/td>\n<td style=\"text-align: left;\">Arquitectura de 400 V<\/td>\n<td style=\"text-align: left;\">Arquitectura 800V<\/td>\n<\/tr>\n<tr>\n<td style=\"text-align: left;\"><strong>Pantalla interior<\/strong><\/td>\n<td style=\"text-align: left;\">Pantalla curva<\/td>\n<td style=\"text-align: left;\">Visi\u00f3n panor\u00e1mica + pantalla central<\/td>\n<\/tr>\n<tr>\n<td style=\"text-align: left;\"><strong>Dise\u00f1o estructural<\/strong><\/td>\n<td style=\"text-align: left;\">Comprometido para m\u00faltiples cadenas cinem\u00e1ticas<\/td>\n<td style=\"text-align: left;\">Optimizaci\u00f3n de espacio y peso<\/td>\n<\/tr>\n<tr>\n<td style=\"text-align: left;\"><strong>Software<\/strong><\/td>\n<td style=\"text-align: left;\">M\u00faltiples ECU distribuidas<\/td>\n<td style=\"text-align: left;\">Cuatro \"supercerebros\" integrados<\/td>\n<\/tr>\n<\/tbody>\n<\/table>\n<h3 id=\"the-firstborn-the-2026-bmw-ix3\">El Primog\u00e9nito: El BMW iX3 de 2026<\/h3>\n<p>El primer veh\u00edculo de producci\u00f3n que saldr\u00e1 de esta nueva base ser\u00e1 el BMW iX3 de nueva generaci\u00f3n, cuya producci\u00f3n est\u00e1 prevista que comience a finales de 2025 para debutar en el mercado en 2026. Este modelo es posiblemente el coche m\u00e1s importante para BMW en una d\u00e9cada. Es un SUV de tama\u00f1o medio, lo que lo sit\u00faa en el coraz\u00f3n del segmento de mercado m\u00e1s popular y rentable del mundo. Y lo que es m\u00e1s importante, apunta directamente al campe\u00f3n indiscutible de este segmento: el Tesla Model Y.<\/p>\n<p>La elecci\u00f3n del iX3 como modelo debut es una declaraci\u00f3n de intenciones. No se trata de un halo de coche de nicho, sino de un \u00e9xito de ventas dise\u00f1ado para demostrar los beneficios reales de la filosof\u00eda Neue Klasse en un paquete pr\u00e1ctico y familiar. Los primeros informes y prototipos sugieren un veh\u00edculo m\u00e1s aerodin\u00e1mico y deportivo que su predecesor, con un dise\u00f1o que incorpora elementos del prototipo \"Vision Neue Klasse\". Har\u00e1 gala de la amplitud que ofrece el dise\u00f1o de piso plano, con m\u00e1s espacio para las piernas en las plazas traseras y mayor flexibilidad interior que su hom\u00f3logo con motor de combusti\u00f3n, el X3.<\/p>\n<h3 id=\"implications-for-future-models-i3-sedan-ix4\">Implicaciones para futuros modelos (i3 Sed\u00e1n, iX4)<\/h3>\n<p>El iX3 es s\u00f3lo el principio. BMW ha confirmado que al menos otros cinco veh\u00edculos basados en la Neue Klasse se lanzar\u00e1n en r\u00e1pida sucesi\u00f3n antes de 2028. El siguiente modelo confirmado es una berlina del emblem\u00e1tico segmento de la Serie 3, que l\u00f3gicamente se llamar\u00e1 i3. Se trata de un llamamiento directo al coraz\u00f3n tradicional de la marca, que promete trasladar la din\u00e1mica de conducci\u00f3n cl\u00e1sica de BMW a un formato puramente el\u00e9ctrico. Est\u00e1 previsto que la producci\u00f3n de este modelo se inicie en M\u00fanich en 2026.<\/p>\n<p>M\u00e1s all\u00e1 de esto, informes fiables apuntan a un SUV de estilo coup\u00e9, probablemente un iX4, y potencialmente una variante touring o wagon de la berlina i3. Esta r\u00e1pida expansi\u00f3n demuestra la eficacia de la plataforma modular Neue Klasse. Una vez completada la ingenier\u00eda de base, la creaci\u00f3n de los diferentes \"sombreros superiores\" -los estilos de carrocer\u00eda que se asientan sobre el chasis del monopat\u00edn- se convierte en un proceso mucho m\u00e1s r\u00e1pido y rentable. Para los mercados globales de Europa, Sudeste Asi\u00e1tico y Oriente Medio, esto significa que en un plazo de tiempo relativamente corto estar\u00e1 disponible una diversa cartera de avanzados modelos de coches el\u00e9ctricos BMW.<\/p>\n<h2 id=\"2-battery-technology-and-performance-the-heart-of-the-new-generation\">2. Tecnolog\u00eda y rendimiento de las bater\u00edas: El coraz\u00f3n de la nueva generaci\u00f3n<\/h2>\n<p>Si la arquitectura Neue Klasse es el esqueleto del nuevo coche el\u00e9ctrico de BMW, la tecnolog\u00eda de bater\u00edas de sexta generaci\u00f3n es su coraz\u00f3n. La autonom\u00eda de un veh\u00edculo, la velocidad de carga y una parte importante de su coste y peso dependen de la bater\u00eda. El paso de BMW a un nuevo formato y qu\u00edmica de bater\u00eda es tan importante como la propia plataforma, ya que permite mejorar las prestaciones y la eficiencia, lo que definir\u00e1 la experiencia del usuario.<\/p>\n<h3 id=\"sixth-generation-round-cells-a-leap-forward\">C\u00e9lulas redondas de sexta generaci\u00f3n: Un salto adelante<\/h3>\n<p>En sus veh\u00edculos el\u00e9ctricos de quinta generaci\u00f3n (como el iX y el i4), BMW utiliz\u00f3 c\u00e9lulas prism\u00e1ticas. Para la Neue Klasse, la empresa est\u00e1 cambiando a nuevas c\u00e9lulas cil\u00edndricas, a menudo denominadas \"c\u00e9lulas redondas\". Puede parecer un detalle t\u00e9cnico menor, pero tiene profundas implicaciones. Estas nuevas c\u00e9lulas, con un di\u00e1metro est\u00e1ndar de 46 mm y dos alturas diferentes disponibles, presentan un c\u00e1todo rico en n\u00edquel y un mayor contenido de silicio en su \u00e1nodo.<\/p>\n<p>\u00bfQu\u00e9 significa esto en la pr\u00e1ctica?<\/p>\n<ol>\n<li><strong>Densidad energ\u00e9tica:<\/strong> BMW prev\u00e9 un aumento de la densidad de energ\u00eda volum\u00e9trica de m\u00e1s de 20% en comparaci\u00f3n con las anteriores celdas prism\u00e1ticas. Esto significa que se puede empaquetar m\u00e1s energ\u00eda en el mismo espacio, lo que puede utilizarse para aumentar la autonom\u00eda o reducir el tama\u00f1o y el peso del paquete de bater\u00edas para una autonom\u00eda determinada.<\/li>\n<li><strong>Durabilidad y vida \u00fatil:<\/strong> La qu\u00edmica mejorada est\u00e1 dise\u00f1ada para una vida \u00fatil m\u00e1s larga, lo que es una consideraci\u00f3n crucial tanto para los primeros propietarios como para el mercado secundario.<\/li>\n<li><strong>Reducci\u00f3n de costes:<\/strong> Se prev\u00e9 que el nuevo dise\u00f1o de las celdas y un proceso de producci\u00f3n optimizado reduzcan el coste de todo el paquete de bater\u00edas hasta 50%. Este es el factor m\u00e1s importante para acercar el precio de los veh\u00edculos el\u00e9ctricos premium a la paridad con sus equivalentes con motor de combusti\u00f3n interna.<\/li>\n<\/ol>\n<h3 id=\"charging-speed-and-infrastructure-the-800v-architecture\">Velocidad de carga e infraestructura: La arquitectura de 800 V<\/h3>\n<p>Quiz\u00e1 la mejora m\u00e1s evidente para el usuario sea el paso de una arquitectura de 400 a 800 voltios. En t\u00e9rminos el\u00e9ctricos, la potencia (la tasa de transferencia de energ\u00eda) es el producto de la tensi\u00f3n y la corriente (Potencia = Tensi\u00f3n \u00d7 Corriente). Duplicando la tensi\u00f3n a 800 V, se consigue la misma potencia de carga con la mitad de corriente. Una corriente m\u00e1s baja significa que se genera menos calor en los cables y los componentes de la bater\u00eda, que es el principal factor limitante de la carga r\u00e1pida.<\/p>\n<p>\u00bfCu\u00e1l es el resultado? BMW afirma que los veh\u00edculos Neue Klasse podr\u00e1n a\u00f1adir hasta 300 kil\u00f3metros (aproximadamente 186 millas) de autonom\u00eda en s\u00f3lo 10 minutos de carga en una estaci\u00f3n de carga r\u00e1pida de CC compatible. Se espera que la velocidad de carga sea hasta 30% m\u00e1s r\u00e1pida en general, pasando de un estado de carga de 10% a 80%. Esto reduce dr\u00e1sticamente uno de los principales inconvenientes de los veh\u00edculos el\u00e9ctricos -las largas esperas durante los viajes por carretera- y acerca la experiencia de \"repostaje\" a la de un coche convencional. Para los operadores comerciales y los exportadores, esta caracter\u00edstica es un importante argumento de venta, especialmente en regiones que est\u00e1n ampliando r\u00e1pidamente su infraestructura de recarga de alta potencia.<\/p>\n<table style=\"width: 100%; border-collapse: collapse;\" border=\"1\">\n<thead>\n<tr>\n<th style=\"text-align: left;\">Modelo<\/th>\n<th style=\"text-align: left;\">Inicio previsto de la producci\u00f3n<\/th>\n<th style=\"text-align: left;\">Segmento<\/th>\n<th style=\"text-align: left;\">Principales competidores<\/th>\n<\/tr>\n<\/thead>\n<tbody>\n<tr>\n<td style=\"text-align: left;\"><strong>BMW iX3 (NA5)<\/strong><\/td>\n<td style=\"text-align: left;\">Finales de 2025<\/td>\n<td style=\"text-align: left;\">SUV el\u00e9ctrico de tama\u00f1o medio<\/td>\n<td style=\"text-align: left;\">Tesla Model Y, Audi Q6 e-tron, Mercedes EQC SUV<\/td>\n<\/tr>\n<tr>\n<td style=\"text-align: left;\"><strong>BMW i3 Berlina (NA0)<\/strong><\/td>\n<td style=\"text-align: left;\">2026<\/td>\n<td style=\"text-align: left;\">Berlina el\u00e9ctrica de tama\u00f1o medio<\/td>\n<td style=\"text-align: left;\">Tesla Model 3, Polestar 2, Hyundai Ioniq 6<\/td>\n<\/tr>\n<tr>\n<td style=\"text-align: left;\"><strong>BMW iX4 (NA7)<\/strong><\/td>\n<td style=\"text-align: left;\">2027 (est.)<\/td>\n<td style=\"text-align: left;\">Coup\u00e9-SUV el\u00e9ctrico de tama\u00f1o medio<\/td>\n<td style=\"text-align: left;\">Tesla Model Y, Polestar 4, Audi Q6 Sportback e-tron<\/td>\n<\/tr>\n<tr>\n<td style=\"text-align: left;\"><strong>BMW i3 Touring (NA1)<\/strong><\/td>\n<td style=\"text-align: left;\">2027 (est.)<\/td>\n<td style=\"text-align: left;\">Vag\u00f3n el\u00e9ctrico de tama\u00f1o medio<\/td>\n<td style=\"text-align: left;\">Nio ET5 Touring, VW ID.7 Tourer<\/td>\n<\/tr>\n<tr>\n<td style=\"text-align: left;\"><strong>Modelo de entrada sin nombre<\/strong><\/td>\n<td style=\"text-align: left;\">2028 (est.)<\/td>\n<td style=\"text-align: left;\">Segmento compacto<\/td>\n<td style=\"text-align: left;\">Mercedes EQA, Volvo EX30<\/td>\n<\/tr>\n<\/tbody>\n<\/table>\n<h3 id=\"range-and-efficiency-redefining-expectations\">Alcance y eficacia: Redefinir las expectativas<\/h3>\n<p>La combinaci\u00f3n de una mayor densidad energ\u00e9tica, una qu\u00edmica celular mejorada y una aerodin\u00e1mica superior del veh\u00edculo est\u00e1 destinada a proporcionar un aumento significativo de la autonom\u00eda total. BMW se ha fijado como objetivo una mejora de la autonom\u00eda de hasta 30% con respecto a su actual generaci\u00f3n de veh\u00edculos el\u00e9ctricos. Esto sugiere que los modelos Neue Klasse de gama alta podr\u00edan superar c\u00f3modamente los 600-700 kil\u00f3metros en el ciclo WLTP, dependiendo del tama\u00f1o y la configuraci\u00f3n de la bater\u00eda.<\/p>\n<p>Sin embargo, la autonom\u00eda no es s\u00f3lo cuesti\u00f3n de una bater\u00eda grande, sino tambi\u00e9n de eficiencia. El enfoque hol\u00edstico de la Neue Klasse -reducir el peso, mejorar la aerodin\u00e1mica y optimizar el software de la cadena cinem\u00e1tica- significa que el veh\u00edculo utiliza menos energ\u00eda para recorrer cada kil\u00f3metro. Se trata de un camino m\u00e1s sostenible hacia la autonom\u00eda que la simple instalaci\u00f3n de bater\u00edas cada vez m\u00e1s grandes y pesadas. Para los compradores de mercados con altos costes de electricidad, esta eficiencia superior se traduce directamente en menores costes de explotaci\u00f3n. Al considerar qu\u00e9 modelos importar, los que buscan <a href=\"https:\/\/www.tjygqc.com\/bmw-category\/\" rel=\"nofollow\">explore nuestra gama actual de veh\u00edculos el\u00e9ctricos BMW<\/a> descubrir\u00e1n que esta nueva generaci\u00f3n ofrece un argumento convincente sobre el coste total de propiedad.<\/p>\n<h3 id=\"performance-metrics-from-ix3-to-potential-m-models\">M\u00e9tricas de rendimiento: Del iX3 a los posibles modelos M<\/h3>\n<p>Aunque la eficiencia es clave, esto sigue siendo un BMW, y el rendimiento sigue siendo una parte fundamental del ADN de la marca. La arquitectura Neue Klasse est\u00e1 dise\u00f1ada para soportar una amplia gama de potencias, desde configuraciones de tracci\u00f3n trasera con un solo motor hasta configuraciones de tracci\u00f3n total con dos motores de altas prestaciones.<\/p>\n<p>Se espera que las versiones iniciales del iX3 ofrezcan varios niveles de potencia, potencialmente denominados iX330, iX340 e iX350, lo que indica una estructura de rendimiento escalonada. Sin embargo, la verdadera emoci\u00f3n reside en el potencial de los modelos M Performance y M en toda regla. Hay informes cre\u00edbles de un futuro modelo BMW iX3 M60 que llegar\u00eda alrededor de 2026, que probablemente contar\u00eda con una configuraci\u00f3n de doble motor con m\u00e1s de 500 caballos de potencia. La entrega instant\u00e1nea de par de los motores el\u00e9ctricos, combinada con el sofisticado control de la din\u00e1mica de conducci\u00f3n de los nuevos \"supercerebros\", promete un nivel de aceleraci\u00f3n y manejo que podr\u00eda redefinir las prestaciones en este segmento. La posibilidad de un coche M puramente el\u00e9ctrico construido sobre esta plataforma es una perspectiva tentadora para los entusiastas de todo el mundo.<\/p>\n<h2 id=\"3-design-and-aerodynamics-marrying-form-with-electric-function\">3. Dise\u00f1o y aerodin\u00e1mica: Unir forma y funci\u00f3n el\u00e9ctrica<\/h2>\n<p>La identidad visual de los veh\u00edculos de la Neue Klasse ser\u00e1 tan revolucionaria como su tecnolog\u00eda subyacente. El dise\u00f1o representa una ruptura consciente con el pasado, avanzando hacia un lenguaje m\u00e1s limpio, monol\u00edtico e intr\u00ednsecamente digital. Es una est\u00e9tica nacida de los requisitos de la movilidad el\u00e9ctrica, donde la eficiencia aerodin\u00e1mica no es s\u00f3lo un objetivo estil\u00edstico, sino una necesidad funcional para maximizar la autonom\u00eda.<\/p>\n<h3 id=\"a-new-design-language-inspired-by-the-vision-neue-klasse-concept\">Un nuevo lenguaje de dise\u00f1o: Inspirado en el concepto Vision Neue Klasse<\/h3>\n<p>Los conceptos BMW Vision Neue Klasse y Vision Neue Klasse X son nuestras ventanas m\u00e1s claras a esta nueva filosof\u00eda de dise\u00f1o. El aspecto se caracteriza por superficies limpias y amplias y una reducci\u00f3n del n\u00famero de l\u00edneas de car\u00e1cter. La tradicional parrilla en forma de ri\u00f1\u00f3n de BMW se reinventa, ya no como una toma de aire para el motor, sino como un \"panel de interacci\u00f3n\" digital que alberga sensores para los sistemas de asistencia al conductor. Est\u00e1 flanqueada por nuevos faros que se integran perfectamente en el salpicadero.<\/p>\n<p>Entre los elementos clave figuran:<\/p>\n<ul>\n<li><strong>Cuerpo monol\u00edtico:<\/strong> Una sensaci\u00f3n de que el coche se ha tallado a partir de un \u00fanico bloque, con menos detalles quisquillosos.<\/li>\n<li><strong>Iconos reimaginados:<\/strong> La parrilla en forma de ri\u00f1\u00f3n, los faros dobles y la \"curva Hofmeister\" del pilar C est\u00e1n presentes, pero reinterpretados en un contexto moderno y digital.<\/li>\n<li><strong>Grandes invernaderos:<\/strong> Las ventajas de la plataforma de monopat\u00edn permiten una l\u00ednea de cintura m\u00e1s baja y ventanas m\u00e1s grandes, creando un habit\u00e1culo aireado y lleno de luz.<\/li>\n<li><strong>Detallado al ras:<\/strong> Los tiradores de las puertas, las juntas de las ventanas y los huecos entre paneles se reducen al m\u00ednimo para crear una superficie lisa e ininterrumpida que favorece la circulaci\u00f3n del aire.<\/li>\n<\/ul>\n<p>Este dise\u00f1o est\u00e1 intencionadamente orientado hacia el futuro. Pretende comunicar el salto tecnol\u00f3gico que representa la Neue Klasse. Es una declaraci\u00f3n de confianza de que el coche el\u00e9ctrico de BMW no intenta ser una versi\u00f3n el\u00e9ctrica de un coche de gasolina; es algo totalmente nuevo.<\/p>\n<h3 id=\"aerodynamic-efficiency-as-a-core-principle\">Eficiencia aerodin\u00e1mica como principio b\u00e1sico<\/h3>\n<p>En un veh\u00edculo de combusti\u00f3n interna, la aerodin\u00e1mica afecta al ahorro de combustible. En un veh\u00edculo el\u00e9ctrico, determina directamente la autonom\u00eda. Cada pizca de resistencia aerodin\u00e1mica es energ\u00eda que debe gastarse de la bater\u00eda simplemente para empujar el aire fuera del camino. Los ingenieros de BMW han hecho de la reducci\u00f3n de esta resistencia un pilar central del dise\u00f1o de la Neue Klasse.<\/p>\n<p>Lo consiguen por varios medios: unos bajos m\u00e1s lisos (gracias al paquete de bater\u00edas plano), elementos aerodin\u00e1micos activos que pueden abrirse o cerrarse para gestionar el flujo de aire, paneles de la carrocer\u00eda cuidadosamente esculpidos y llantas aerodin\u00e1micamente optimizadas. El concept Vision Neue Klasse presenta una reducci\u00f3n de la resistencia aerodin\u00e1mica de 30% en comparaci\u00f3n con los modelos actuales del mismo segmento. Trasladar incluso una parte significativa de esa mejora a los iX3 e i3 de producci\u00f3n se traducir\u00e1 en un aumento sustancial de la autonom\u00eda en condiciones reales, especialmente durante la conducci\u00f3n en autopista, donde la resistencia del aire es la fuerza dominante.<\/p>\n<h3 id=\"interior-revolution-panoramic-vision-and-idrive-10\">Revoluci\u00f3n interior: Visi\u00f3n panor\u00e1mica e iDrive 10<\/h3>\n<p>El interior de los veh\u00edculos de la Neue Klasse representa la desviaci\u00f3n m\u00e1s radical del dise\u00f1o automovil\u00edstico actual. La pieza central de este nuevo habit\u00e1culo es el \"BMW Panoramic Vision\". No se trata de un head-up display (HUD) tradicional, sino de una matriz de visualizaci\u00f3n de alta resoluci\u00f3n proyectada en toda la anchura inferior del parabrisas. Muestra informaci\u00f3n esencial para la conducci\u00f3n, navegaci\u00f3n y medios de comunicaci\u00f3n en la l\u00ednea de visi\u00f3n directa del conductor, permiti\u00e9ndole mantener los ojos en la carretera.<\/p>\n<p>Esto se complementa con una nueva pantalla t\u00e1ctil central en forma de paralelogramo con el sistema operativo iDrive 10 de nueva generaci\u00f3n. El sistema est\u00e1 basado en Android Automotive, lo que promete un alto grado de personalizaci\u00f3n, tiempos de respuesta r\u00e1pidos y una integraci\u00f3n perfecta con la vida digital del conductor. El controlador iDrive tradicional se mantiene, proporcionando una alternativa t\u00e1ctil a la pantalla t\u00e1ctil.<\/p>\n<p>El efecto general es un salpicadero minimalista y despejado. Al trasladar la informaci\u00f3n principal a la pantalla Panoramic Vision, se elimina la necesidad de un gran cuadro de instrumentos tradicional detr\u00e1s del volante. Esto crea una sensaci\u00f3n de apertura y espacio sin precedentes. Es una interfaz centrada en el ser humano, dise\u00f1ada para reducir las distracciones y presentar la informaci\u00f3n en un formato intuitivo y f\u00e1cil de ojear.<\/p>\n<h3 id=\"materiality-and-sustainability-in-design\">Materialidad y sostenibilidad en el dise\u00f1o<\/h3>\n<p>La elecci\u00f3n de los materiales del habit\u00e1culo de la Neue Klasse se rige por el principio de sostenibilidad. BMW est\u00e1 abandonando el cromo y el cuero tradicionales en favor de materiales de alta calidad, de origen vegetal y reciclados. Los tejidos se fabrican a menudo a partir de pl\u00e1sticos reciclados, y las molduras decorativas utilizan maderas sostenibles u otros recursos renovables.<\/p>\n<p>No se trata de austeridad, sino de una nueva definici\u00f3n del lujo. La atenci\u00f3n se centra en la calidad t\u00e1ctil, la honestidad de los materiales y un dise\u00f1o que se siente a la vez tecnol\u00f3gicamente avanzado y c\u00e1lido. Los colores se inspiran en la naturaleza, creando un ambiente tranquilo y agradable. Para unos clientes cada vez m\u00e1s conscientes de la huella medioambiental de sus compras, este compromiso con los materiales sostenibles es una parte poderosa del atractivo del veh\u00edculo. Demuestra un enfoque hol\u00edstico en el que el coche no s\u00f3lo es cero emisiones en su funcionamiento, sino tambi\u00e9n m\u00e1s responsable en su propia construcci\u00f3n. Esto concuerda con el esp\u00edritu de las empresas del sector que <a href=\"https:\/\/www.tjygqc.com\/about-us\/\" rel=\"nofollow\">m\u00e1s informaci\u00f3n sobre nuestro compromiso con la calidad<\/a> y el abastecimiento responsable.<\/p>\n<h2 id=\"4-the-strategic-rollout-market-positioning-and-global-impact\">4. El despliegue estrat\u00e9gico: Posicionamiento en el mercado e impacto global<\/h2>\n<p>El \u00e9xito del lanzamiento de una nueva familia de veh\u00edculos depende de algo m\u00e1s que de una ingenier\u00eda y un dise\u00f1o excelentes; requiere una estrategia de mercado astuta, un plan de fabricaci\u00f3n s\u00f3lido y una visi\u00f3n clara de su papel global. El lanzamiento de la Neue Klasse es una clase magistral de planificaci\u00f3n estrat\u00e9gica, dise\u00f1ada para maximizar el impacto y asegurar la posici\u00f3n de BMW en el panorama de los veh\u00edculos el\u00e9ctricos premium durante la pr\u00f3xima d\u00e9cada.<\/p>\n<h3 id=\"targeting-the-tesla-model-y-the-ix3-s-mission\">El objetivo del Tesla Model Y: la misi\u00f3n del iX3<\/h3>\n<p>La decisi\u00f3n de lanzar la Neue Klasse con el iX3 es un desaf\u00edo directo e inequ\u00edvoco al dominio de Tesla en el mercado de los SUV el\u00e9ctricos premium. El Tesla Model Y ha sido un \u00e9xito arrollador en todo el mundo, marcando la referencia en cuanto a prestaciones, eficiencia y empaquetado en su clase. Para que BMW tenga \u00e9xito, el iX3 no puede limitarse a ser un buen SUV el\u00e9ctrico; debe ser una alternativa convincente al Model Y.<\/p>\n<p>La estrategia de BMW parece ser un ataque m\u00faltiple:<\/p>\n<ul>\n<li><strong>Rendimiento y autonom\u00eda:<\/strong> El objetivo es alcanzar o superar las cifras del Model Y gracias a la nueva tecnolog\u00eda de bater\u00edas y plataformas.<\/li>\n<li><strong>Calidad de construcci\u00f3n y lujo:<\/strong> Aprovechando el legado de BMW de materiales interiores de primera calidad, ajuste y acabado para ofrecer una experiencia de cabina m\u00e1s lujosa.<\/li>\n<li><strong>Din\u00e1mica de conducci\u00f3n:<\/strong> Enfatizando la tradicional fortaleza de la marca en la creaci\u00f3n de coches atractivos y agradables de conducir, un \u00e1rea subjetiva en la que algunos cr\u00edticos encuentran carencias de Tesla.<\/li>\n<li><strong>Patrimonio de la marca:<\/strong> Atrae a clientes fieles de BMW y a quienes buscan el prestigio y la red de servicios de un fabricante de autom\u00f3viles tradicional.<\/li>\n<\/ul>\n<p>El \u00e9xito del iX3 ser\u00e1 un bar\u00f3metro crucial para todo el proyecto Neue Klasse. Un buen rendimiento frente al Modelo Y validar\u00e1 la enorme inversi\u00f3n de BMW y se\u00f1alar\u00e1 a los mercados de Europa, Asia y \u00c1frica que existe un nuevo coche el\u00e9ctrico de BMW altamente competitivo.<\/p>\n<h3 id=\"production-and-manufacturing-strategy-debrecen-plant\">Estrategia de producci\u00f3n y fabricaci\u00f3n (Planta de Debrecen)<\/h3>\n<p>Como muestra de la importancia de este nuevo cap\u00edtulo, BMW ha construido una f\u00e1brica completamente nueva en Debrecen, Hungr\u00eda, espec\u00edficamente para producir veh\u00edculos de la Neue Klasse. La planta en s\u00ed est\u00e1 dise\u00f1ada en torno a los principios del concepto \"iFACTORY\" de BMW, que hace hincapi\u00e9 en la fabricaci\u00f3n ajustada, ecol\u00f3gica y digital.<\/p>\n<p>Un aspecto clave de la planta de Debrecen es su compromiso de ser una instalaci\u00f3n \"libre de f\u00f3siles\". Depender\u00e1 por completo de fuentes de energ\u00eda renovables para sus necesidades de electricidad, un paso importante para reducir la huella de carbono global de cada veh\u00edculo producido. Adem\u00e1s, la planta est\u00e1 dise\u00f1ada para lograr la m\u00e1xima eficiencia, con procesos altamente digitalizados y automatizados. Incluso contar\u00e1 con una instalaci\u00f3n integrada de montaje de bater\u00edas de alto voltaje in situ, lo que reducir\u00e1 los costes log\u00edsticos y mejorar\u00e1 la integraci\u00f3n entre la producci\u00f3n de bater\u00edas y la de veh\u00edculos. Esta integraci\u00f3n vertical es una ventaja estrat\u00e9gica clave, ya que proporciona a BMW un mayor control sobre la calidad y el suministro del componente m\u00e1s cr\u00edtico de cualquier veh\u00edculo el\u00e9ctrico.<\/p>\n<h3 id=\"nomenclature-changes-a-clearer-electric-identity\">Cambios en la nomenclatura: Una identidad el\u00e9ctrica m\u00e1s clara<\/h3>\n<p>Adem\u00e1s de la nueva tecnolog\u00eda, BMW planea un cambio sutil pero importante en el sistema de denominaci\u00f3n de sus veh\u00edculos para distinguir m\u00e1s claramente entre los modelos el\u00e9ctricos y los de combusti\u00f3n. Seg\u00fan el nuevo sistema propuesto, la letra \"i\" que precede actualmente a los nombres de los modelos el\u00e9ctricos (como i4, iX) se utilizar\u00eda para designar el propio sistema de propulsi\u00f3n el\u00e9ctrico.<\/p>\n<p>Por ejemplo:<\/p>\n<ul>\n<li>El X3 de gasolina podr\u00eda llamarse \"X330\".<\/li>\n<li>El equivalente el\u00e9ctrico, el iX3, podr\u00eda llamarse \"iX330\", \"iX340\", etc.<\/li>\n<\/ul>\n<p>Este cambio reservar\u00eda el prefijo \"i\" para las l\u00edneas de modelos de veh\u00edculos el\u00e9ctricos espec\u00edficos, al tiempo que dejar\u00eda m\u00e1s claro el tipo de propulsi\u00f3n en toda la gama. Aunque esto pueda parecer un detalle menor para el usuario final, para los importadores y concesionarios simplifica la jerarqu\u00eda de modelos y hace que la oferta el\u00e9ctrica sea una parte m\u00e1s integrada de la gama principal de productos, en lugar de una submarca separada.<\/p>\n<h3 id=\"global-availability-and-market-specific-considerations\">Disponibilidad mundial y consideraciones espec\u00edficas del mercado<\/h3>\n<p>La Neue Klasse es una plataforma global y sus modelos est\u00e1n destinados a los principales mercados. La producci\u00f3n no se limitar\u00e1 a Hungr\u00eda. La planta de M\u00fanich empezar\u00e1 a fabricar el i3 sed\u00e1n en 2026, seguida de las plantas de Shenyang (China) y San Luis Potos\u00ed (M\u00e9xico). Esta huella de producci\u00f3n distribuida es crucial para mitigar los riesgos geopol\u00edticos, reducir los costes de env\u00edo y adaptar los veh\u00edculos a los gustos y normativas regionales.<\/p>\n<p>Para los mercados del Sudeste Asi\u00e1tico, Oriente Medio y \u00c1frica, esta estrategia de producci\u00f3n mundial es una buena noticia. Aumenta la probabilidad de disponibilidad puntual y de precios potencialmente m\u00e1s competitivos al evitar los elevados aranceles de importaci\u00f3n de una \u00fanica fuente de producci\u00f3n. Y lo que es m\u00e1s importante, la modularidad de la plataforma permite diferentes tama\u00f1os de bater\u00eda y configuraciones de motor, que pueden adaptarse a las necesidades espec\u00edficas y a los precios de los distintos mercados. Tanto si un cliente de Dubai da prioridad a las prestaciones extremas como si un operador de flotas de Sud\u00e1frica valora la m\u00e1xima autonom\u00eda y durabilidad, la arquitectura Neue Klasse est\u00e1 dise\u00f1ada para adaptarse a esos diversos requisitos. La confirmaci\u00f3n de que el nuevo iX3 se vender\u00e1 en EE.UU., un mercado que la generaci\u00f3n anterior se salt\u00f3, tambi\u00e9n indica la confianza de BMW en el atractivo global de este nuevo producto.<\/p>\n<h2 id=\"5-sustainability-and-the-circular-economy-a-core-tenet-of-the-bmw-electric-car\">5. Sostenibilidad y econom\u00eda circular: Un principio b\u00e1sico del coche el\u00e9ctrico de BMW<\/h2>\n<p>En el siglo XXI, el concepto de producto premium est\u00e1 inextricablemente ligado a la sostenibilidad. Una marca de lujo moderna no puede ignorar las implicaciones medioambientales y \u00e9ticas de sus productos y procesos. BMW ha situado la sostenibilidad en el centro mismo del desarrollo de la Neue Klasse, yendo m\u00e1s all\u00e1 de la simple producci\u00f3n de veh\u00edculos con cero emisiones de gases de escape para abordar todo el ciclo de vida del autom\u00f3vil. Esto se plasma en los principios de la econom\u00eda circular.<\/p>\n<h3 id=\"secondary-first-integrating-recycled-materials\">\"Primero lo secundario\": Integraci\u00f3n de materiales reciclados<\/h3>\n<p>La econom\u00eda circular es un modelo de producci\u00f3n y consumo que implica compartir, alquilar, reutilizar, reparar, renovar y reciclar los materiales y productos existentes durante el mayor tiempo posible. De este modo, se ampl\u00eda el ciclo de vida de los productos. En el caso de la Neue Klasse, BMW est\u00e1 aplicando un enfoque \"secundario primero\". Esto significa que, siempre que la calidad y la disponibilidad de los materiales lo permitan, se dar\u00e1 prioridad a los materiales reciclados (materias primas secundarias) frente a los de nueva extracci\u00f3n (materias primas primarias).<\/p>\n<p>Esto se aplica a muchos componentes del coche:<\/p>\n<ul>\n<li><strong>Acero y aluminio:<\/strong> Aumentar el porcentaje de acero y aluminio secundarios en la carrocer\u00eda y el chasis reduce el inmenso consumo de energ\u00eda y las emisiones de CO2 asociadas a la producci\u00f3n de metales primarios.<\/li>\n<li><strong>Pl\u00e1sticos:<\/strong> Muchos revestimientos interiores, tejidos y componentes pl\u00e1sticos estructurales se fabricar\u00e1n con pl\u00e1sticos reciclados, como redes de pesca recuperadas y botellas de pl\u00e1stico postconsumo.<\/li>\n<li><strong>Materiales de la bater\u00eda:<\/strong> El objetivo a largo plazo es crear un circuito cerrado para materiales de pilas como el litio, el cobalto y el n\u00edquel, en el que se recojan las pilas viejas, se desmonten y se recuperen sus valiosos materiales para fabricar pilas nuevas.<\/li>\n<\/ul>\n<p>Este compromiso no es s\u00f3lo una declaraci\u00f3n medioambiental; es tambi\u00e9n una s\u00f3lida estrategia econ\u00f3mica. A medida que aumentan la escasez de recursos y el coste de las materias primas, reducir la dependencia de la extracci\u00f3n primaria amortigua la volatilidad de los precios y las interrupciones de la cadena de suministro.<\/p>\n<h3 id=\"green-energy-in-production-processes\">Energ\u00eda verde en los procesos de producci\u00f3n<\/h3>\n<p>La huella de carbono de un coche empieza mucho antes de que se conduzca. El proceso de fabricaci\u00f3n, sobre todo de un producto de alto consumo energ\u00e9tico como un coche, es una fuente importante de emisiones de CO2. Como ya se ha mencionado, la nueva planta de Debrecen (Hungr\u00eda) est\u00e1 dise\u00f1ada para funcionar \u00edntegramente con energ\u00edas renovables. Este compromiso se extiende a toda la red mundial de producci\u00f3n de BMW.<\/p>\n<p>Mediante el cambio sistem\u00e1tico de sus f\u00e1bricas a la electricidad verde y la inversi\u00f3n en eficiencia energ\u00e9tica, BMW pretende reducir dr\u00e1sticamente el \"carbono integrado\" en cada veh\u00edculo Neue Klasse. Esto significa que cuando un cliente recibe su nuevo coche el\u00e9ctrico BMW, puede estar seguro de que su producci\u00f3n ha tenido un impacto medioambiental significativamente menor que las generaciones anteriores de veh\u00edculos. Se trata de un poderoso argumento para una marca y un argumento de venta clave para los consumidores concienciados con el medio ambiente.<\/p>\n<h3 id=\"battery-lifecycle-management-and-recycling\">Gesti\u00f3n y reciclaje del ciclo de vida de las bater\u00edas<\/h3>\n<p>La bater\u00eda es el componente de un veh\u00edculo el\u00e9ctrico que m\u00e1s recursos consume. Por tanto, una estrategia responsable debe incluir un plan claro sobre el destino de la bater\u00eda al final de su vida \u00fatil. El planteamiento de BMW tiene varias fases.<\/p>\n<p>En primer lugar, las bater\u00edas est\u00e1n dise\u00f1adas para durar. Las nuevas celdas de sexta generaci\u00f3n est\u00e1n dise\u00f1adas para una larga vida \u00fatil. En segundo lugar, cuando una bater\u00eda ya no cumple los exigentes requisitos de uso en automoci\u00f3n, puede reutilizarse para darle una \"segunda vida\" como unidad estacionaria de almacenamiento de energ\u00eda. Por ejemplo, un banco de bater\u00edas de coche usadas puede utilizarse para almacenar energ\u00eda solar para una f\u00e1brica o para ayudar a estabilizar una red el\u00e9ctrica local.<\/p>\n<p>Por \u00faltimo, al final de su vida \u00fatil, la bater\u00eda entra en el flujo de reciclaje. BMW est\u00e1 invirtiendo mucho en tecnolog\u00edas de reciclaje para recuperar un alto porcentaje de las materias primas fundamentales. La creaci\u00f3n de este circuito cerrado es esencial para la sostenibilidad a largo plazo de la movilidad el\u00e9ctrica, ya que reduce la necesidad de nuevas extracciones, que suelen tener importantes costes medioambientales y sociales.<\/p>\n<h3 id=\"the-ethical-dimension-of-sourcing-raw-materials\">La dimensi\u00f3n \u00e9tica del aprovisionamiento de materias primas<\/h3>\n<p>El abastecimiento de materias primas para las bater\u00edas, sobre todo cobalto y litio, ha sido objeto de un intenso escrutinio \u00e9tico debido a la preocupaci\u00f3n por las pr\u00e1cticas laborales y los da\u00f1os medioambientales en algunas regiones mineras. BMW ha adoptado una actitud proactiva al respecto, aplicando normas estrictas a sus proveedores y aumentando la transparencia en su cadena de suministro.<\/p>\n<p>La empresa utiliza una combinaci\u00f3n de abastecimiento directo de minas certificadas e innovaci\u00f3n tecnol\u00f3gica para mitigar estos problemas. Por ejemplo, la nueva generaci\u00f3n de pilas ya utiliza una cantidad reducida de cobalto en la qu\u00edmica del c\u00e1todo. El objetivo a largo plazo es avanzar hacia bater\u00edas sin cobalto, como las de litio-hierro-fosfato (LFP) para algunos modelos, y utilizar cada vez m\u00e1s materiales reciclados. Este compromiso \u00e9tico es un aspecto innegociable de las marcas modernas de gama alta y ofrece una garant\u00eda esencial a clientes y socios comerciales.<\/p>\n<h3 id=\"frequently-asked-questions-faq\">Preguntas m\u00e1s frecuentes (FAQ)<\/h3>\n<p><strong>1. \u00bfCu\u00e1ndo estar\u00e1n disponibles los primeros modelos de coches el\u00e9ctricos de la Neue Klasse BMW?<\/strong> Se espera que el primer modelo, el BMW iX3 de 2026, empiece a fabricarse a finales de 2025 en la nueva planta de Debrecen (Hungr\u00eda) y que llegue al mercado a principios de 2026. Le seguir\u00e1 una berlina del tama\u00f1o del Serie 3, probablemente denominada i3, cuya producci\u00f3n comenzar\u00e1 en M\u00fanich en 2026.<\/p>\n<p><strong>2. \u00bfCu\u00e1l es el rango de precios previsto para el BMW iX3 de 2026?<\/strong> Aunque no se ha anunciado el precio oficial, BMW pretende reducir el coste de las bater\u00edas hasta 50%. Esto sugiere que el iX3 tendr\u00e1 un precio competitivo frente a su principal rival, el Tesla Model Y, y otros SUV el\u00e9ctricos premium. Los precios variar\u00e1n seg\u00fan el mercado y la configuraci\u00f3n espec\u00edfica.<\/p>\n<p><strong>3. \u00bfSe vender\u00e1 el nuevo BMW iX3 en EE.UU.?<\/strong> S\u00ed. A diferencia de su predecesor, el nuevo BMW iX3 basado en la Neue Klasse se est\u00e1 desarrollando para un mercado global, y se ha confirmado su venta en Estados Unidos. Esto supone un importante cambio estrat\u00e9gico en la oferta de SUV el\u00e9ctricos de BMW.<\/p>\n<p><strong>4. \u00bfEn qu\u00e9 se diferencia la tecnolog\u00eda de las pilas Neue Klasse de las generaciones anteriores?<\/strong> Las principales diferencias son el cambio de c\u00e9lulas prism\u00e1ticas a cil\u00edndricas (Gen6), una arquitectura de sistema de 800 voltios (frente a 400 V) y una qu\u00edmica mejorada. Esto se traduce en una mayor densidad energ\u00e9tica de 201 TTP3T, una carga m\u00e1s r\u00e1pida de hasta 301 TTP3T y una mayor autonom\u00eda de hasta 301 TTP3T en comparaci\u00f3n con los actuales veh\u00edculos el\u00e9ctricos de BMW.<\/p>\n<p><strong>5. \u00bfQu\u00e9 otros modelos se construir\u00e1n sobre la plataforma Neue Klasse?<\/strong> BMW ha confirmado un plan de al menos seis modelos de la Neue Klasse para 2028. Tras el SUV iX3 y la berlina i3, se espera un SUV de estilo coup\u00e9 (probablemente un iX4) y una variante familiar (i3 Touring). Tambi\u00e9n se est\u00e1n desarrollando otros modelos para distintos segmentos.<\/p>\n<p><strong>6. \u00bfEst\u00e1 BMW eliminando progresivamente sus motores de combusti\u00f3n interna (ICE)?<\/strong> BMW no ha anunciado un plazo concreto para poner fin a la producci\u00f3n de veh\u00edculos con motores de combusti\u00f3n interna, adoptando la estrategia de ofrecer al cliente la posibilidad de elegir. Sin embargo, la enorme inversi\u00f3n en la plataforma el\u00e9ctrica Neue Klasse indica claramente que la empresa centrar\u00e1 sus esfuerzos y recursos de desarrollo en convertirse en l\u00edder de la movilidad el\u00e9ctrica.<\/p>\n<p><strong>7. \u00bfQu\u00e9 hace que el interior de los veh\u00edculos de la Neue Klasse sea \u00fanico?<\/strong> La caracter\u00edstica m\u00e1s exclusiva es el \"BMW Panoramic Vision\", una pantalla que se proyecta a todo lo ancho del parabrisas, reduciendo la necesidad de un cuadro de instrumentos tradicional. Esto, combinado con una nueva pantalla t\u00e1ctil central y un salpicadero de dise\u00f1o minimalista, crea un habit\u00e1culo abierto, futurista y centrado en lo digital.<\/p>\n<h3 id=\"conclusion\">Conclusi\u00f3n<\/h3>\n<p>La llegada de la Neue Klasse es mucho m\u00e1s que una actualizaci\u00f3n rutinaria del ciclo de modelos de BMW. Se trata de una completa reinvenci\u00f3n de la forma en que la empresa dise\u00f1a, construye y vende autom\u00f3viles. Con la creaci\u00f3n de una arquitectura el\u00e9ctrica espec\u00edfica, BMW se ha liberado de los compromisos de las plataformas con m\u00faltiples propulsores, lo que ha permitido mejoras fundamentales en el espacio, la eficiencia y el rendimiento. La sinergia entre la nueva plataforma, la avanzada tecnolog\u00eda de bater\u00edas de sexta generaci\u00f3n y un revolucionario interior digital crea un producto que no s\u00f3lo es competitivo, sino que tiene el potencial de liderar su clase.<\/p>\n<p>Para los importadores comerciales, los entusiastas y los conductores habituales de todo el mundo, la gama de coches el\u00e9ctricos BMW 2026, encabezada por el iX3, representa un nuevo y convincente cap\u00edtulo en la historia de la movilidad. Es una historia de innovaci\u00f3n tecnol\u00f3gica fusionada con un profundo compromiso con el placer de conducir y una visi\u00f3n responsable y sostenible del futuro. No se trata s\u00f3lo de un coche nuevo; es la propuesta de BMW de lo que debe ser un autom\u00f3vil de alta gama en la era el\u00e9ctrica.<\/p>","protected":false},"excerpt":{"rendered":"<p>Resumen La pr\u00f3xima gama de coches el\u00e9ctricos de BMW para 2026 representa un momento crucial para el fabricante de autom\u00f3viles b\u00e1varo, ya que marca una reorientaci\u00f3n estrat\u00e9gica y tecnol\u00f3gica fundamental. Este an\u00e1lisis examina la naturaleza integral de esta transformaci\u00f3n, centrada en la introducci\u00f3n de la arquitectura \"Neue Klasse\" (Nueva Clase). Esta plataforma espec\u00edfica para veh\u00edculos el\u00e9ctricos no es una mera actualizaci\u00f3n de ingenier\u00eda, sino [...]<\/p>","protected":false},"author":1,"featured_media":3052,"comment_status":"closed","ping_status":"closed","sticky":false,"template":"","format":"standard","meta":{"footnotes":""},"categories":[4],"tags":[],"class_list":["post-3050","post","type-post","status-publish","format-standard","has-post-thumbnail","hentry","category-news"],"yoast_head":"<!-- This site is optimized with the Yoast SEO plugin v24.4 - https:\/\/yoast.com\/wordpress\/plugins\/seo\/ -->\n<title>Your 2026 Guide: 5 Reasons the New BMW Electric Car Lineup Dominates - Tianjin Yigang Automobile Sales Co.,Ltd.<\/title>\n<meta name=\"robots\" content=\"index, follow, max-snippet:-1, max-image-preview:large, max-video-preview:-1\" \/>\n<link rel=\"canonical\" href=\"https:\/\/www.tjygqc.com\/es\/your-2026-guide-5-reasons-the-new-bmw-electric-car-lineup-dominates-article\/\" \/>\n<meta property=\"og:locale\" content=\"es_ES\" \/>\n<meta property=\"og:type\" content=\"article\" \/>\n<meta property=\"og:title\" content=\"Your 2026 Guide: 5 Reasons the New BMW Electric Car Lineup Dominates - Tianjin Yigang Automobile Sales Co.,Ltd.\" \/>\n<meta property=\"og:description\" content=\"Abstract The forthcoming 2026 BMW electric car lineup represents a pivotal moment for the Bavarian automaker, signaling a fundamental strategic and technological reorientation. This analysis examines the comprehensive nature of this transformation, centered on the introduction of the &#8220;Neue Klasse&#8221; (New Class) architecture. This dedicated electric vehicle platform is not merely an engineering update but [&hellip;]\" \/>\n<meta property=\"og:url\" content=\"https:\/\/www.tjygqc.com\/es\/your-2026-guide-5-reasons-the-new-bmw-electric-car-lineup-dominates-article\/\" \/>\n<meta property=\"og:site_name\" content=\"Tianjin Yigang Automobile Sales Co.,Ltd.\" \/>\n<meta property=\"article:publisher\" content=\"https:\/\/www.facebook.com\/tianjinyigang\/\" \/>\n<meta property=\"article:published_time\" content=\"2025-08-28T07:11:05+00:00\" \/>\n<meta property=\"article:modified_time\" content=\"2025-09-01T15:46:03+00:00\" \/>\n<meta property=\"og:image\" content=\"https:\/\/www.tjygqc.com\/wp-content\/uploads\/2025\/08\/your-2026-guide-5-reasons-the-new-bmw-electric-car-lineup-dominates.webp\" \/>\n\t<meta property=\"og:image:width\" content=\"800\" \/>\n\t<meta property=\"og:image:height\" content=\"800\" \/>\n\t<meta property=\"og:image:type\" content=\"image\/webp\" \/>\n<meta name=\"author\" content=\"user\" \/>\n<meta name=\"twitter:card\" content=\"summary_large_image\" \/>\n<meta name=\"twitter:label1\" content=\"Written by\" \/>\n\t<meta name=\"twitter:data1\" content=\"user\" \/>\n\t<meta name=\"twitter:label2\" content=\"Est. reading time\" \/>\n\t<meta name=\"twitter:data2\" content=\"23 minutos\" \/>\n<script type=\"application\/ld+json\" class=\"yoast-schema-graph\">{\"@context\":\"https:\/\/schema.org\",\"@graph\":[{\"@type\":\"Article\",\"@id\":\"https:\/\/www.tjygqc.com\/your-2026-guide-5-reasons-the-new-bmw-electric-car-lineup-dominates-article\/#article\",\"isPartOf\":{\"@id\":\"https:\/\/www.tjygqc.com\/your-2026-guide-5-reasons-the-new-bmw-electric-car-lineup-dominates-article\/\"},\"author\":{\"name\":\"user\",\"@id\":\"https:\/\/www.tjygqc.com\/#\/schema\/person\/9a0e27c1156d5a1d4cb23dce2cc5ad36\"},\"headline\":\"Your 2026 Guide: 5 Reasons the New BMW Electric Car Lineup Dominates\",\"datePublished\":\"2025-08-28T07:11:05+00:00\",\"dateModified\":\"2025-09-01T15:46:03+00:00\",\"mainEntityOfPage\":{\"@id\":\"https:\/\/www.tjygqc.com\/your-2026-guide-5-reasons-the-new-bmw-electric-car-lineup-dominates-article\/\"},\"wordCount\":4966,\"publisher\":{\"@id\":\"https:\/\/www.tjygqc.com\/#organization\"},\"image\":{\"@id\":\"https:\/\/www.tjygqc.com\/your-2026-guide-5-reasons-the-new-bmw-electric-car-lineup-dominates-article\/#primaryimage\"},\"thumbnailUrl\":\"https:\/\/www.tjygqc.com\/wp-content\/uploads\/2025\/08\/your-2026-guide-5-reasons-the-new-bmw-electric-car-lineup-dominates.webp\",\"articleSection\":[\"News\"],\"inLanguage\":\"es\"},{\"@type\":\"WebPage\",\"@id\":\"https:\/\/www.tjygqc.com\/your-2026-guide-5-reasons-the-new-bmw-electric-car-lineup-dominates-article\/\",\"url\":\"https:\/\/www.tjygqc.com\/your-2026-guide-5-reasons-the-new-bmw-electric-car-lineup-dominates-article\/\",\"name\":\"Your 2026 Guide: 5 Reasons the New BMW Electric Car Lineup Dominates - Tianjin Yigang Automobile Sales Co.,Ltd.\",\"isPartOf\":{\"@id\":\"https:\/\/www.tjygqc.com\/#website\"},\"primaryImageOfPage\":{\"@id\":\"https:\/\/www.tjygqc.com\/your-2026-guide-5-reasons-the-new-bmw-electric-car-lineup-dominates-article\/#primaryimage\"},\"image\":{\"@id\":\"https:\/\/www.tjygqc.com\/your-2026-guide-5-reasons-the-new-bmw-electric-car-lineup-dominates-article\/#primaryimage\"},\"thumbnailUrl\":\"https:\/\/www.tjygqc.com\/wp-content\/uploads\/2025\/08\/your-2026-guide-5-reasons-the-new-bmw-electric-car-lineup-dominates.webp\",\"datePublished\":\"2025-08-28T07:11:05+00:00\",\"dateModified\":\"2025-09-01T15:46:03+00:00\",\"breadcrumb\":{\"@id\":\"https:\/\/www.tjygqc.com\/your-2026-guide-5-reasons-the-new-bmw-electric-car-lineup-dominates-article\/#breadcrumb\"},\"inLanguage\":\"es\",\"potentialAction\":[{\"@type\":\"ReadAction\",\"target\":[\"https:\/\/www.tjygqc.com\/your-2026-guide-5-reasons-the-new-bmw-electric-car-lineup-dominates-article\/\"]}]},{\"@type\":\"ImageObject\",\"inLanguage\":\"es\",\"@id\":\"https:\/\/www.tjygqc.com\/your-2026-guide-5-reasons-the-new-bmw-electric-car-lineup-dominates-article\/#primaryimage\",\"url\":\"https:\/\/www.tjygqc.com\/wp-content\/uploads\/2025\/08\/your-2026-guide-5-reasons-the-new-bmw-electric-car-lineup-dominates.webp\",\"contentUrl\":\"https:\/\/www.tjygqc.com\/wp-content\/uploads\/2025\/08\/your-2026-guide-5-reasons-the-new-bmw-electric-car-lineup-dominates.webp\",\"width\":800,\"height\":800,\"caption\":\"Your 2026 Guide: 5 Reasons the New BMW Electric Car Lineup Dominates\"},{\"@type\":\"BreadcrumbList\",\"@id\":\"https:\/\/www.tjygqc.com\/your-2026-guide-5-reasons-the-new-bmw-electric-car-lineup-dominates-article\/#breadcrumb\",\"itemListElement\":[{\"@type\":\"ListItem\",\"position\":1,\"name\":\"Home\",\"item\":\"https:\/\/www.tjygqc.com\/\"},{\"@type\":\"ListItem\",\"position\":2,\"name\":\"Your 2026 Guide: 5 Reasons the New BMW Electric Car Lineup Dominates\"}]},{\"@type\":\"WebSite\",\"@id\":\"https:\/\/www.tjygqc.com\/#website\",\"url\":\"https:\/\/www.tjygqc.com\/\",\"name\":\"Tianjin Yigang Automobile Sales Co.,Ltd.\",\"description\":\"Tianjin Yigang Automobile Sales Co.,Ltd.\",\"publisher\":{\"@id\":\"https:\/\/www.tjygqc.com\/#organization\"},\"potentialAction\":[{\"@type\":\"SearchAction\",\"target\":{\"@type\":\"EntryPoint\",\"urlTemplate\":\"https:\/\/www.tjygqc.com\/?s={search_term_string}\"},\"query-input\":{\"@type\":\"PropertyValueSpecification\",\"valueRequired\":true,\"valueName\":\"search_term_string\"}}],\"inLanguage\":\"es\"},{\"@type\":\"Organization\",\"@id\":\"https:\/\/www.tjygqc.com\/#organization\",\"name\":\"Tianjin Yigang Automobile Sales Co., Ltd.\",\"url\":\"https:\/\/www.tjygqc.com\/\",\"logo\":{\"@type\":\"ImageObject\",\"inLanguage\":\"es\",\"@id\":\"https:\/\/www.tjygqc.com\/#\/schema\/logo\/image\/\",\"url\":\"https:\/\/www.tjygqc.com\/wp-content\/uploads\/2025\/03\/cropped-WechatIMG581.png\",\"contentUrl\":\"https:\/\/www.tjygqc.com\/wp-content\/uploads\/2025\/03\/cropped-WechatIMG581.png\",\"width\":338,\"height\":142,\"caption\":\"Tianjin Yigang Automobile Sales Co., Ltd.\"},\"image\":{\"@id\":\"https:\/\/www.tjygqc.com\/#\/schema\/logo\/image\/\"},\"sameAs\":[\"https:\/\/www.facebook.com\/tianjinyigang\/\",\"https:\/\/www.youtube.com\/@TianjinYigangAutomobile\",\"https:\/\/www.instagram.com\/tianjinyigang\/\"]},{\"@type\":\"Person\",\"@id\":\"https:\/\/www.tjygqc.com\/#\/schema\/person\/9a0e27c1156d5a1d4cb23dce2cc5ad36\",\"name\":\"user\",\"image\":{\"@type\":\"ImageObject\",\"inLanguage\":\"es\",\"@id\":\"https:\/\/www.tjygqc.com\/#\/schema\/person\/image\/\",\"url\":\"https:\/\/secure.gravatar.com\/avatar\/b58996c504c5638798eb6b511e6f49af?s=96&d=mm&r=g\",\"contentUrl\":\"https:\/\/secure.gravatar.com\/avatar\/b58996c504c5638798eb6b511e6f49af?s=96&d=mm&r=g\",\"caption\":\"user\"},\"sameAs\":[\"https:\/\/www.tjygqc.com:8182\"],\"url\":\"https:\/\/www.tjygqc.com\/es\/author\/user\/\"}]}<\/script>\n<!-- \/ Yoast SEO plugin. -->","yoast_head_json":{"title":"Your 2026 Guide: 5 Reasons the New BMW Electric Car Lineup Dominates - Tianjin Yigang Automobile Sales Co.,Ltd.","robots":{"index":"index","follow":"follow","max-snippet":"max-snippet:-1","max-image-preview":"max-image-preview:large","max-video-preview":"max-video-preview:-1"},"canonical":"https:\/\/www.tjygqc.com\/es\/your-2026-guide-5-reasons-the-new-bmw-electric-car-lineup-dominates-article\/","og_locale":"es_ES","og_type":"article","og_title":"Your 2026 Guide: 5 Reasons the New BMW Electric Car Lineup Dominates - Tianjin Yigang Automobile Sales Co.,Ltd.","og_description":"Abstract The forthcoming 2026 BMW electric car lineup represents a pivotal moment for the Bavarian automaker, signaling a fundamental strategic and technological reorientation. This analysis examines the comprehensive nature of this transformation, centered on the introduction of the &#8220;Neue Klasse&#8221; (New Class) architecture. This dedicated electric vehicle platform is not merely an engineering update but [&hellip;]","og_url":"https:\/\/www.tjygqc.com\/es\/your-2026-guide-5-reasons-the-new-bmw-electric-car-lineup-dominates-article\/","og_site_name":"Tianjin Yigang Automobile Sales Co.,Ltd.","article_publisher":"https:\/\/www.facebook.com\/tianjinyigang\/","article_published_time":"2025-08-28T07:11:05+00:00","article_modified_time":"2025-09-01T15:46:03+00:00","og_image":[{"width":800,"height":800,"url":"https:\/\/www.tjygqc.com\/wp-content\/uploads\/2025\/08\/your-2026-guide-5-reasons-the-new-bmw-electric-car-lineup-dominates.webp","type":"image\/webp"}],"author":"user","twitter_card":"summary_large_image","twitter_misc":{"Written by":"user","Est. reading time":"23 minutos"},"schema":{"@context":"https:\/\/schema.org","@graph":[{"@type":"Article","@id":"https:\/\/www.tjygqc.com\/your-2026-guide-5-reasons-the-new-bmw-electric-car-lineup-dominates-article\/#article","isPartOf":{"@id":"https:\/\/www.tjygqc.com\/your-2026-guide-5-reasons-the-new-bmw-electric-car-lineup-dominates-article\/"},"author":{"name":"user","@id":"https:\/\/www.tjygqc.com\/#\/schema\/person\/9a0e27c1156d5a1d4cb23dce2cc5ad36"},"headline":"Your 2026 Guide: 5 Reasons the New BMW Electric Car Lineup Dominates","datePublished":"2025-08-28T07:11:05+00:00","dateModified":"2025-09-01T15:46:03+00:00","mainEntityOfPage":{"@id":"https:\/\/www.tjygqc.com\/your-2026-guide-5-reasons-the-new-bmw-electric-car-lineup-dominates-article\/"},"wordCount":4966,"publisher":{"@id":"https:\/\/www.tjygqc.com\/#organization"},"image":{"@id":"https:\/\/www.tjygqc.com\/your-2026-guide-5-reasons-the-new-bmw-electric-car-lineup-dominates-article\/#primaryimage"},"thumbnailUrl":"https:\/\/www.tjygqc.com\/wp-content\/uploads\/2025\/08\/your-2026-guide-5-reasons-the-new-bmw-electric-car-lineup-dominates.webp","articleSection":["News"],"inLanguage":"es"},{"@type":"WebPage","@id":"https:\/\/www.tjygqc.com\/your-2026-guide-5-reasons-the-new-bmw-electric-car-lineup-dominates-article\/","url":"https:\/\/www.tjygqc.com\/your-2026-guide-5-reasons-the-new-bmw-electric-car-lineup-dominates-article\/","name":"Your 2026 Guide: 5 Reasons the New BMW Electric Car Lineup Dominates - Tianjin Yigang Automobile Sales Co.,Ltd.","isPartOf":{"@id":"https:\/\/www.tjygqc.com\/#website"},"primaryImageOfPage":{"@id":"https:\/\/www.tjygqc.com\/your-2026-guide-5-reasons-the-new-bmw-electric-car-lineup-dominates-article\/#primaryimage"},"image":{"@id":"https:\/\/www.tjygqc.com\/your-2026-guide-5-reasons-the-new-bmw-electric-car-lineup-dominates-article\/#primaryimage"},"thumbnailUrl":"https:\/\/www.tjygqc.com\/wp-content\/uploads\/2025\/08\/your-2026-guide-5-reasons-the-new-bmw-electric-car-lineup-dominates.webp","datePublished":"2025-08-28T07:11:05+00:00","dateModified":"2025-09-01T15:46:03+00:00","breadcrumb":{"@id":"https:\/\/www.tjygqc.com\/your-2026-guide-5-reasons-the-new-bmw-electric-car-lineup-dominates-article\/#breadcrumb"},"inLanguage":"es","potentialAction":[{"@type":"ReadAction","target":["https:\/\/www.tjygqc.com\/your-2026-guide-5-reasons-the-new-bmw-electric-car-lineup-dominates-article\/"]}]},{"@type":"ImageObject","inLanguage":"es","@id":"https:\/\/www.tjygqc.com\/your-2026-guide-5-reasons-the-new-bmw-electric-car-lineup-dominates-article\/#primaryimage","url":"https:\/\/www.tjygqc.com\/wp-content\/uploads\/2025\/08\/your-2026-guide-5-reasons-the-new-bmw-electric-car-lineup-dominates.webp","contentUrl":"https:\/\/www.tjygqc.com\/wp-content\/uploads\/2025\/08\/your-2026-guide-5-reasons-the-new-bmw-electric-car-lineup-dominates.webp","width":800,"height":800,"caption":"Your 2026 Guide: 5 Reasons the New BMW Electric Car Lineup Dominates"},{"@type":"BreadcrumbList","@id":"https:\/\/www.tjygqc.com\/your-2026-guide-5-reasons-the-new-bmw-electric-car-lineup-dominates-article\/#breadcrumb","itemListElement":[{"@type":"ListItem","position":1,"name":"Home","item":"https:\/\/www.tjygqc.com\/"},{"@type":"ListItem","position":2,"name":"Your 2026 Guide: 5 Reasons the New BMW Electric Car Lineup Dominates"}]},{"@type":"WebSite","@id":"https:\/\/www.tjygqc.com\/#website","url":"https:\/\/www.tjygqc.com\/","name":"Tianjin Yigang Automobile Sales Co.,Ltd.","description":"Tianjin Yigang Automobile Sales Co.,Ltd.","publisher":{"@id":"https:\/\/www.tjygqc.com\/#organization"},"potentialAction":[{"@type":"SearchAction","target":{"@type":"EntryPoint","urlTemplate":"https:\/\/www.tjygqc.com\/?s={search_term_string}"},"query-input":{"@type":"PropertyValueSpecification","valueRequired":true,"valueName":"search_term_string"}}],"inLanguage":"es"},{"@type":"Organization","@id":"https:\/\/www.tjygqc.com\/#organization","name":"Tianjin Yigang Automobile Sales Co., Ltd.","url":"https:\/\/www.tjygqc.com\/","logo":{"@type":"ImageObject","inLanguage":"es","@id":"https:\/\/www.tjygqc.com\/#\/schema\/logo\/image\/","url":"https:\/\/www.tjygqc.com\/wp-content\/uploads\/2025\/03\/cropped-WechatIMG581.png","contentUrl":"https:\/\/www.tjygqc.com\/wp-content\/uploads\/2025\/03\/cropped-WechatIMG581.png","width":338,"height":142,"caption":"Tianjin Yigang Automobile Sales Co., Ltd."},"image":{"@id":"https:\/\/www.tjygqc.com\/#\/schema\/logo\/image\/"},"sameAs":["https:\/\/www.facebook.com\/tianjinyigang\/","https:\/\/www.youtube.com\/@TianjinYigangAutomobile","https:\/\/www.instagram.com\/tianjinyigang\/"]},{"@type":"Person","@id":"https:\/\/www.tjygqc.com\/#\/schema\/person\/9a0e27c1156d5a1d4cb23dce2cc5ad36","name":"user","image":{"@type":"ImageObject","inLanguage":"es","@id":"https:\/\/www.tjygqc.com\/#\/schema\/person\/image\/","url":"https:\/\/secure.gravatar.com\/avatar\/b58996c504c5638798eb6b511e6f49af?s=96&d=mm&r=g","contentUrl":"https:\/\/secure.gravatar.com\/avatar\/b58996c504c5638798eb6b511e6f49af?s=96&d=mm&r=g","caption":"user"},"sameAs":["https:\/\/www.tjygqc.com:8182"],"url":"https:\/\/www.tjygqc.com\/es\/author\/user\/"}]}},"_links":{"self":[{"href":"https:\/\/www.tjygqc.com\/es\/wp-json\/wp\/v2\/posts\/3050","targetHints":{"allow":["GET"]}}],"collection":[{"href":"https:\/\/www.tjygqc.com\/es\/wp-json\/wp\/v2\/posts"}],"about":[{"href":"https:\/\/www.tjygqc.com\/es\/wp-json\/wp\/v2\/types\/post"}],"author":[{"embeddable":true,"href":"https:\/\/www.tjygqc.com\/es\/wp-json\/wp\/v2\/users\/1"}],"replies":[{"embeddable":true,"href":"https:\/\/www.tjygqc.com\/es\/wp-json\/wp\/v2\/comments?post=3050"}],"version-history":[{"count":2,"href":"https:\/\/www.tjygqc.com\/es\/wp-json\/wp\/v2\/posts\/3050\/revisions"}],"predecessor-version":[{"id":3063,"href":"https:\/\/www.tjygqc.com\/es\/wp-json\/wp\/v2\/posts\/3050\/revisions\/3063"}],"wp:featuredmedia":[{"embeddable":true,"href":"https:\/\/www.tjygqc.com\/es\/wp-json\/wp\/v2\/media\/3052"}],"wp:attachment":[{"href":"https:\/\/www.tjygqc.com\/es\/wp-json\/wp\/v2\/media?parent=3050"}],"wp:term":[{"taxonomy":"category","embeddable":true,"href":"https:\/\/www.tjygqc.com\/es\/wp-json\/wp\/v2\/categories?post=3050"},{"taxonomy":"post_tag","embeddable":true,"href":"https:\/\/www.tjygqc.com\/es\/wp-json\/wp\/v2\/tags?post=3050"}],"curies":[{"name":"wp","href":"https:\/\/api.w.org\/{rel}","templated":true}]}}