{"id":2999,"date":"2025-07-14T09:23:30","date_gmt":"2025-07-14T09:23:30","guid":{"rendered":"https:\/\/www.tjygqc.com\/?p=2999"},"modified":"2025-07-14T09:58:25","modified_gmt":"2025-07-14T09:58:25","slug":"can-you-charge-an-electric-car-with-a-generator","status":"publish","type":"post","link":"https:\/\/www.tjygqc.com\/fr\/can-you-charge-an-electric-car-with-a-generator-article\/","title":{"rendered":"Peut-on charger une voiture \u00e9lectrique avec un g\u00e9n\u00e9rateur ?"},"content":{"rendered":"<p>Alors que les v\u00e9hicules \u00e9lectriques continuent de remodeler le transport mondial, des questions pratiques se posent, notamment en ce qui concerne l'accessibilit\u00e9 \u00e0 la recharge. L'une des questions les plus fr\u00e9quemment pos\u00e9es par les nouveaux propri\u00e9taires de VE est la suivante : Peut-on recharger une voiture \u00e9lectrique avec un groupe \u00e9lectrog\u00e8ne ? Que vous planifiez un long voyage hors r\u00e9seau ou que vous soyez confront\u00e9 \u00e0 une panne d'\u00e9lectricit\u00e9 \u00e0 la maison, l'id\u00e9e d'alimenter votre v\u00e9hicule \u00e0 l'aide d'un groupe \u00e9lectrog\u00e8ne portable peut sembler s\u00e9duisante. Mais est-ce vraiment possible ?<\/p>\n\n\n\n<p>Chez Tianjin Yigang Automobile, nous aidons les clients \u00e0 passer en douceur \u00e0 l'\u00e8re des v\u00e9hicules \u00e9lectriques. Notre gamme de <strong><a href=\"https:\/\/www.tjygqc.com\/volkswagen-category\/\">voitures \u00e9lectriques Volkswagen<\/a><\/strong> La nouvelle g\u00e9n\u00e9ration de mod\u00e8les, dont le SUV \u00e9lectrique ID.4 de Volkswagen, refl\u00e8te l'avenir de la conduite durable, mais elle s'accompagne de la n\u00e9cessit\u00e9 de comprendre les strat\u00e9gies de recharge intelligentes et s\u00fbres.<\/p>\n\n\n<div class=\"wp-block-image\">\n<figure class=\"aligncenter size-full is-resized\"><img loading=\"lazy\" decoding=\"async\" width=\"800\" height=\"800\" src=\"https:\/\/www.tjygqc.com\/wp-content\/uploads\/2025\/03\/2025-Volkswagen-ID.3-Smart-Model-Ultimate-Intelligence-Edition-2.webp\" alt=\"2025 Volkswagen ID.3 Smart Model Ultimate Intelligence Edition\" class=\"wp-image-1288\" style=\"width:471px;height:auto\" srcset=\"https:\/\/www.tjygqc.com\/wp-content\/uploads\/2025\/03\/2025-Volkswagen-ID.3-Smart-Model-Ultimate-Intelligence-Edition-2.webp 800w, https:\/\/www.tjygqc.com\/wp-content\/uploads\/2025\/03\/2025-Volkswagen-ID.3-Smart-Model-Ultimate-Intelligence-Edition-2-300x300.webp 300w, https:\/\/www.tjygqc.com\/wp-content\/uploads\/2025\/03\/2025-Volkswagen-ID.3-Smart-Model-Ultimate-Intelligence-Edition-2-150x150.webp 150w, https:\/\/www.tjygqc.com\/wp-content\/uploads\/2025\/03\/2025-Volkswagen-ID.3-Smart-Model-Ultimate-Intelligence-Edition-2-768x768.webp 768w, https:\/\/www.tjygqc.com\/wp-content\/uploads\/2025\/03\/2025-Volkswagen-ID.3-Smart-Model-Ultimate-Intelligence-Edition-2-12x12.webp 12w\" sizes=\"auto, (max-width: 800px) 100vw, 800px\" \/><\/figure><\/div>\n\n\n<h2 class=\"wp-block-heading\">La r\u00e9ponse courte : Oui, mais avec des consid\u00e9rations<\/h2>\n\n\n\n<p>Techniquement, il est possible de recharger un v\u00e9hicule \u00e9lectrique \u00e0 l'aide d'un g\u00e9n\u00e9rateur. Cependant, plusieurs conditions essentielles doivent \u00eatre remplies. Tous les g\u00e9n\u00e9rateurs ne sont pas adapt\u00e9s \u00e0 la recharge des v\u00e9hicules \u00e9lectriques, et une mauvaise installation peut endommager le syst\u00e8me de batterie de la voiture ou le g\u00e9n\u00e9rateur lui-m\u00eame.<\/p>\n\n\n\n<p>Voyons ce que les propri\u00e9taires de VE, en particulier ceux qui recherchent des voitures \u00e9lectriques Volkswagen \u00e0 vendre, doivent garder \u00e0 l'esprit avant de brancher un g\u00e9n\u00e9rateur sur leur c\u00e2ble de charge.<\/p>\n\n\n\n<h2 class=\"wp-block-heading\">Exigences relatives \u00e0 la recharge des VE par g\u00e9n\u00e9rateur<\/h2>\n\n\n\n<ul class=\"wp-block-list\">\n<li><strong>Sortie sinuso\u00efdale pure<\/strong>: Votre g\u00e9n\u00e9rateur doit produire une onde sinuso\u00efdale stable, tout comme l'\u00e9lectricit\u00e9 domestique. Les g\u00e9n\u00e9rateurs bon march\u00e9 produisant une onde modifi\u00e9e ne fonctionneront pas correctement avec les chargeurs de VE.<\/li>\n\n\n\n<li><strong>Puissance suffisante<\/strong>: La plupart des chargeurs de VE ont besoin d'au moins 2,5kW \u00e0 7kW de puissance constante. Veillez \u00e0 ce que votre groupe \u00e9lectrog\u00e8ne puisse fournir une puissance continue, et pas seulement des pointes.<\/li>\n\n\n\n<li><strong>Mise \u00e0 la terre<\/strong>: Certains VE ont besoin d'une source d'alimentation mise \u00e0 la terre pour d\u00e9marrer la charge. Ce probl\u00e8me peut \u00eatre r\u00e9solu en utilisant un EVSE (Electric Vehicle Supply Equipment) portable avec un adaptateur de mise \u00e0 la terre.<\/li>\n\n\n\n<li><strong>C\u00e2bles et adaptateurs appropri\u00e9s<\/strong>: Un c\u00e2ble EVSE compatible et des adaptateurs de prise appropri\u00e9s sont essentiels. La recharge directe sans interface certifi\u00e9e n'est pas s\u00fbre.<\/li>\n\n\n\n<li><strong>Patience<\/strong>: La recharge avec un groupe \u00e9lectrog\u00e8ne est beaucoup plus lente que la recharge rapide de niveau 2 ou de courant continu. Il s'agit principalement d'une solution d'urgence ou d'une recharge de courte dur\u00e9e, et non d'une utilisation quotidienne.<\/li>\n<\/ul>\n\n\n\n<h2 class=\"wp-block-heading\">Recharger la Volkswagen ID.4 avec un groupe \u00e9lectrog\u00e8ne<\/h2>\n\n\n\n<p>Le SUV \u00e9lectrique ID.4 de Volkswagen a \u00e9t\u00e9 con\u00e7u dans un souci de flexibilit\u00e9. Avec un taux de charge maximal de 11 kW (AC) et une compatibilit\u00e9 avec des entr\u00e9es de puissance inf\u00e9rieure, il peut accepter une charge sur g\u00e9n\u00e9rateur si ce dernier r\u00e9pond aux normes ci-dessus.<\/p>\n\n\n\n<p>Par exemple, un g\u00e9n\u00e9rateur \u00e0 onde sinuso\u00efdale pure de 5 kW et un c\u00e2ble EVSE de qualit\u00e9 conviendront parfaitement \u00e0 une telle configuration, et vous pourrez atteindre une autonomie de 5 \u00e0 10 miles en une heure, en fonction de l'efficacit\u00e9 \u00e9nerg\u00e9tique. Bien que cette source d'\u00e9nergie ne soit pas la meilleure pour la r\u00e9cup\u00e9ration sur de longues distances, c'est un bon moyen de se sortir d'un mauvais pas dans la nature ou d'une coupure d'\u00e9lectricit\u00e9.<\/p>\n\n\n\n<p>C'est l'une des raisons pour lesquelles les voitures \u00e9lectriques Volkswagen continuent d'innover en mati\u00e8re de solutions de recharge et de compatibilit\u00e9. La marque veille \u00e0 ce que des mod\u00e8les tels que l'ID.4 puissent prendre en charge un large \u00e9ventail de sc\u00e9narios de charge dans le monde r\u00e9el, m\u00eame des sc\u00e9narios non traditionnels.<\/p>\n\n\n\n<h2 class=\"wp-block-heading\">Pr\u00e9paration aux situations d'urgence et utilisation hors r\u00e9seau<\/h2>\n\n\n\n<p>De plus en plus de personnes vivant dans des zones rurales et hors des sentiers battus s'int\u00e9ressent d\u00e9sormais \u00e0 la recharge des VE hors r\u00e9seau. En cas d'absence d'uniformit\u00e9 de l'infrastructure du r\u00e9seau, un g\u00e9n\u00e9rateur de secours est une solution qui garantit la tranquillit\u00e9 d'esprit. De nombreux propri\u00e9taires de voitures \u00e9lectriques Volkswagen \u00e0 vendre optent pour des centrales \u00e9lectriques portables ou des syst\u00e8mes de g\u00e9n\u00e9rateurs solaires hybrides, qui leur permettent de b\u00e9n\u00e9ficier de solutions de recharge mobiles gratuites.<\/p>\n\n\n\n<p>Ces moyens de recharge mobiles sont tr\u00e8s favorables \u00e0 la perception des v\u00e9hicules \u00e9lectriques comme des v\u00e9hicules purement urbains. Si l'on sait g\u00e9rer les choses correctement, les v\u00e9hicules \u00e9lectriques peuvent tout aussi bien \u00eatre utilis\u00e9s pour des activit\u00e9s de plein air, de longs trajets ou des conditions m\u00e9t\u00e9orologiques changeantes.<\/p>\n\n\n\n<h2 class=\"wp-block-heading\">Pourquoi Yigang recommande les VE de Volkswagen<\/h2>\n\n\n\n<p>Chez Tianjin Yigang Automobile, nous avons constat\u00e9 une augmentation constante de la demande de v\u00e9hicules \u00e9lectriques qui allient performance, fiabilit\u00e9 et adaptabilit\u00e9. Parmi nos offres les plus populaires, citons <strong><a href=\"https:\/\/www.tjygqc.com\/volkswagen-category\/\">Volkswagen voitures \u00e9lectriques \u00e0 vendre<\/a><\/strong>notamment le SUV \u00e9lectrique ID.4 de Volkswagen, tr\u00e8s recherch\u00e9.<\/p>\n\n\n\n<p>Voici pourquoi les acheteurs de v\u00e9hicules \u00e9lectriques nous choisissent par-del\u00e0 les fronti\u00e8res :<\/p>\n\n\n\n<ul class=\"wp-block-list\">\n<li>Prix comp\u00e9titifs sur les exportations mondiales de v\u00e9hicules<\/li>\n\n\n\n<li>Expertise en mati\u00e8re d'orientation sur la recharge hors r\u00e9seau et la recharge flexible<\/li>\n\n\n\n<li>Consultation en temps r\u00e9el sur l'\u00e9tat de pr\u00e9paration des VE et la compatibilit\u00e9 des syst\u00e8mes<\/li>\n\n\n\n<li>Des exportations av\u00e9r\u00e9es en Asie, au Moyen-Orient et en Am\u00e9rique du Sud<\/li>\n<\/ul>\n\n\n\n<p>Que vous achetiez votre premi\u00e8re voiture \u00e9lectrique ou que vous souhaitiez passer \u00e0 une nouvelle voiture \u00e9lectrique, vous avez le choix. <strong><a href=\"https:\/\/www.tjygqc.com\/vw-id3-category\/\">Volkswagen ID.4<\/a><\/strong>Notre \u00e9quipe s'assure que vous comprenez toutes les options, y compris la fa\u00e7on de le recharger lorsque le r\u00e9seau n'est pas disponible.<\/p>\n\n\n\n<p><\/p>","protected":false},"excerpt":{"rendered":"<p>Alors que les v\u00e9hicules \u00e9lectriques continuent de remodeler le transport mondial, des questions pratiques se posent, notamment en ce qui concerne l'accessibilit\u00e9 \u00e0 la recharge. L'une des questions les plus fr\u00e9quemment pos\u00e9es par les nouveaux propri\u00e9taires de VE est la suivante : Peut-on recharger une voiture \u00e9lectrique avec un groupe \u00e9lectrog\u00e8ne ? Que vous planifiez un long voyage hors r\u00e9seau ou que vous soyez confront\u00e9 \u00e0 une panne d'\u00e9lectricit\u00e9 \u00e0 la maison, l'id\u00e9e d'alimenter votre v\u00e9hicule \u00e0 l'aide d'un g\u00e9n\u00e9rateur portable [...]<\/p>","protected":false},"author":1,"featured_media":1288,"comment_status":"closed","ping_status":"closed","sticky":false,"template":"","format":"standard","meta":{"footnotes":""},"categories":[4],"tags":[222,223,224],"class_list":["post-2999","post","type-post","status-publish","format-standard","has-post-thumbnail","hentry","category-news","tag-electric-cars-volkswagen","tag-volkswagen-electric-cars-for-sale","tag-volkswagen-id-4-electric-suv"],"yoast_head":"<!-- This site is optimized with the Yoast SEO plugin v24.4 - https:\/\/yoast.com\/wordpress\/plugins\/seo\/ -->\n<title>Can You Charge an Electric Car with a Generator? - Tianjin Yigang Automobile Sales Co.,Ltd.<\/title>\n<meta name=\"description\" content=\"Can you charge an electric car with a generator? Learn how EV owners\u2014including Volkswagen ID.4 drivers\u2014can use generators safely for backup or off-grid charging. Tianjin Yigang has the answers.\" \/>\n<meta name=\"robots\" content=\"index, follow, max-snippet:-1, max-image-preview:large, max-video-preview:-1\" \/>\n<link rel=\"canonical\" href=\"https:\/\/www.tjygqc.com\/fr\/can-you-charge-an-electric-car-with-a-generator-article\/\" \/>\n<meta property=\"og:locale\" content=\"fr_FR\" \/>\n<meta property=\"og:type\" content=\"article\" \/>\n<meta property=\"og:title\" content=\"Can You Charge an Electric Car with a Generator? - Tianjin Yigang Automobile Sales Co.,Ltd.\" \/>\n<meta property=\"og:description\" content=\"Can you charge an electric car with a generator? Learn how EV owners\u2014including Volkswagen ID.4 drivers\u2014can use generators safely for backup or off-grid charging. Tianjin Yigang has the answers.\" \/>\n<meta property=\"og:url\" content=\"https:\/\/www.tjygqc.com\/fr\/can-you-charge-an-electric-car-with-a-generator-article\/\" \/>\n<meta property=\"og:site_name\" content=\"Tianjin Yigang Automobile Sales Co.,Ltd.\" \/>\n<meta property=\"article:publisher\" content=\"https:\/\/www.facebook.com\/tianjinyigang\/\" \/>\n<meta property=\"article:published_time\" content=\"2025-07-14T09:23:30+00:00\" \/>\n<meta property=\"article:modified_time\" content=\"2025-07-14T09:58:25+00:00\" \/>\n<meta property=\"og:image\" content=\"https:\/\/www.tjygqc.com\/wp-content\/uploads\/2025\/03\/2025-Volkswagen-ID.3-Smart-Model-Ultimate-Intelligence-Edition-2.webp\" \/>\n\t<meta property=\"og:image:width\" content=\"800\" \/>\n\t<meta property=\"og:image:height\" content=\"800\" \/>\n\t<meta property=\"og:image:type\" content=\"image\/webp\" \/>\n<meta name=\"author\" content=\"user\" \/>\n<meta name=\"twitter:card\" content=\"summary_large_image\" \/>\n<meta name=\"twitter:label1\" content=\"Written by\" \/>\n\t<meta name=\"twitter:data1\" content=\"user\" \/>\n\t<meta name=\"twitter:label2\" content=\"Est. reading time\" \/>\n\t<meta name=\"twitter:data2\" content=\"1 minute\" \/>\n<script type=\"application\/ld+json\" class=\"yoast-schema-graph\">{\"@context\":\"https:\/\/schema.org\",\"@graph\":[{\"@type\":\"Article\",\"@id\":\"https:\/\/www.tjygqc.com\/can-you-charge-an-electric-car-with-a-generator-article\/#article\",\"isPartOf\":{\"@id\":\"https:\/\/www.tjygqc.com\/can-you-charge-an-electric-car-with-a-generator-article\/\"},\"author\":{\"name\":\"user\",\"@id\":\"https:\/\/www.tjygqc.com\/#\/schema\/person\/9a0e27c1156d5a1d4cb23dce2cc5ad36\"},\"headline\":\"Can You Charge an Electric Car with a Generator?\",\"datePublished\":\"2025-07-14T09:23:30+00:00\",\"dateModified\":\"2025-07-14T09:58:25+00:00\",\"mainEntityOfPage\":{\"@id\":\"https:\/\/www.tjygqc.com\/can-you-charge-an-electric-car-with-a-generator-article\/\"},\"wordCount\":704,\"publisher\":{\"@id\":\"https:\/\/www.tjygqc.com\/#organization\"},\"image\":{\"@id\":\"https:\/\/www.tjygqc.com\/can-you-charge-an-electric-car-with-a-generator-article\/#primaryimage\"},\"thumbnailUrl\":\"https:\/\/www.tjygqc.com\/wp-content\/uploads\/2025\/03\/2025-Volkswagen-ID.3-Smart-Model-Ultimate-Intelligence-Edition-2.webp\",\"keywords\":[\"electric cars volkswagen\",\"volkswagen electric cars for sale\",\"volkswagen id 4 electric suv\"],\"articleSection\":[\"News\"],\"inLanguage\":\"fr-FR\"},{\"@type\":\"WebPage\",\"@id\":\"https:\/\/www.tjygqc.com\/can-you-charge-an-electric-car-with-a-generator-article\/\",\"url\":\"https:\/\/www.tjygqc.com\/can-you-charge-an-electric-car-with-a-generator-article\/\",\"name\":\"Can You Charge an Electric Car with a Generator? - Tianjin Yigang Automobile Sales Co.,Ltd.\",\"isPartOf\":{\"@id\":\"https:\/\/www.tjygqc.com\/#website\"},\"primaryImageOfPage\":{\"@id\":\"https:\/\/www.tjygqc.com\/can-you-charge-an-electric-car-with-a-generator-article\/#primaryimage\"},\"image\":{\"@id\":\"https:\/\/www.tjygqc.com\/can-you-charge-an-electric-car-with-a-generator-article\/#primaryimage\"},\"thumbnailUrl\":\"https:\/\/www.tjygqc.com\/wp-content\/uploads\/2025\/03\/2025-Volkswagen-ID.3-Smart-Model-Ultimate-Intelligence-Edition-2.webp\",\"datePublished\":\"2025-07-14T09:23:30+00:00\",\"dateModified\":\"2025-07-14T09:58:25+00:00\",\"description\":\"Can you charge an electric car with a generator? Learn how EV owners\u2014including Volkswagen ID.4 drivers\u2014can use generators safely for backup or off-grid charging. Tianjin Yigang has the answers.\",\"breadcrumb\":{\"@id\":\"https:\/\/www.tjygqc.com\/can-you-charge-an-electric-car-with-a-generator-article\/#breadcrumb\"},\"inLanguage\":\"fr-FR\",\"potentialAction\":[{\"@type\":\"ReadAction\",\"target\":[\"https:\/\/www.tjygqc.com\/can-you-charge-an-electric-car-with-a-generator-article\/\"]}]},{\"@type\":\"ImageObject\",\"inLanguage\":\"fr-FR\",\"@id\":\"https:\/\/www.tjygqc.com\/can-you-charge-an-electric-car-with-a-generator-article\/#primaryimage\",\"url\":\"https:\/\/www.tjygqc.com\/wp-content\/uploads\/2025\/03\/2025-Volkswagen-ID.3-Smart-Model-Ultimate-Intelligence-Edition-2.webp\",\"contentUrl\":\"https:\/\/www.tjygqc.com\/wp-content\/uploads\/2025\/03\/2025-Volkswagen-ID.3-Smart-Model-Ultimate-Intelligence-Edition-2.webp\",\"width\":800,\"height\":800,\"caption\":\"2025 Volkswagen ID.3 Smart Model Ultimate Intelligence Edition\"},{\"@type\":\"BreadcrumbList\",\"@id\":\"https:\/\/www.tjygqc.com\/can-you-charge-an-electric-car-with-a-generator-article\/#breadcrumb\",\"itemListElement\":[{\"@type\":\"ListItem\",\"position\":1,\"name\":\"Home\",\"item\":\"https:\/\/www.tjygqc.com\/\"},{\"@type\":\"ListItem\",\"position\":2,\"name\":\"Can You Charge an Electric Car with a Generator?\"}]},{\"@type\":\"WebSite\",\"@id\":\"https:\/\/www.tjygqc.com\/#website\",\"url\":\"https:\/\/www.tjygqc.com\/\",\"name\":\"Tianjin Yigang Automobile Sales Co.,Ltd.\",\"description\":\"Tianjin Yigang Automobile Sales Co.,Ltd.\",\"publisher\":{\"@id\":\"https:\/\/www.tjygqc.com\/#organization\"},\"potentialAction\":[{\"@type\":\"SearchAction\",\"target\":{\"@type\":\"EntryPoint\",\"urlTemplate\":\"https:\/\/www.tjygqc.com\/?s={search_term_string}\"},\"query-input\":{\"@type\":\"PropertyValueSpecification\",\"valueRequired\":true,\"valueName\":\"search_term_string\"}}],\"inLanguage\":\"fr-FR\"},{\"@type\":\"Organization\",\"@id\":\"https:\/\/www.tjygqc.com\/#organization\",\"name\":\"Tianjin Yigang Automobile Sales Co., Ltd.\",\"url\":\"https:\/\/www.tjygqc.com\/\",\"logo\":{\"@type\":\"ImageObject\",\"inLanguage\":\"fr-FR\",\"@id\":\"https:\/\/www.tjygqc.com\/#\/schema\/logo\/image\/\",\"url\":\"https:\/\/www.tjygqc.com\/wp-content\/uploads\/2025\/03\/cropped-WechatIMG581.png\",\"contentUrl\":\"https:\/\/www.tjygqc.com\/wp-content\/uploads\/2025\/03\/cropped-WechatIMG581.png\",\"width\":338,\"height\":142,\"caption\":\"Tianjin Yigang Automobile Sales Co., Ltd.\"},\"image\":{\"@id\":\"https:\/\/www.tjygqc.com\/#\/schema\/logo\/image\/\"},\"sameAs\":[\"https:\/\/www.facebook.com\/tianjinyigang\/\",\"https:\/\/www.youtube.com\/@TianjinYigangAutomobile\",\"https:\/\/www.instagram.com\/tianjinyigang\/\"]},{\"@type\":\"Person\",\"@id\":\"https:\/\/www.tjygqc.com\/#\/schema\/person\/9a0e27c1156d5a1d4cb23dce2cc5ad36\",\"name\":\"user\",\"image\":{\"@type\":\"ImageObject\",\"inLanguage\":\"fr-FR\",\"@id\":\"https:\/\/www.tjygqc.com\/#\/schema\/person\/image\/\",\"url\":\"https:\/\/secure.gravatar.com\/avatar\/b58996c504c5638798eb6b511e6f49af?s=96&d=mm&r=g\",\"contentUrl\":\"https:\/\/secure.gravatar.com\/avatar\/b58996c504c5638798eb6b511e6f49af?s=96&d=mm&r=g\",\"caption\":\"user\"},\"sameAs\":[\"https:\/\/www.tjygqc.com:8182\"],\"url\":\"https:\/\/www.tjygqc.com\/fr\/author\/user\/\"}]}<\/script>\n<!-- \/ Yoast SEO plugin. -->","yoast_head_json":{"title":"Can You Charge an Electric Car with a Generator? - Tianjin Yigang Automobile Sales Co.,Ltd.","description":"Can you charge an electric car with a generator? Learn how EV owners\u2014including Volkswagen ID.4 drivers\u2014can use generators safely for backup or off-grid charging. Tianjin Yigang has the answers.","robots":{"index":"index","follow":"follow","max-snippet":"max-snippet:-1","max-image-preview":"max-image-preview:large","max-video-preview":"max-video-preview:-1"},"canonical":"https:\/\/www.tjygqc.com\/fr\/can-you-charge-an-electric-car-with-a-generator-article\/","og_locale":"fr_FR","og_type":"article","og_title":"Can You Charge an Electric Car with a Generator? - Tianjin Yigang Automobile Sales Co.,Ltd.","og_description":"Can you charge an electric car with a generator? Learn how EV owners\u2014including Volkswagen ID.4 drivers\u2014can use generators safely for backup or off-grid charging. Tianjin Yigang has the answers.","og_url":"https:\/\/www.tjygqc.com\/fr\/can-you-charge-an-electric-car-with-a-generator-article\/","og_site_name":"Tianjin Yigang Automobile Sales Co.,Ltd.","article_publisher":"https:\/\/www.facebook.com\/tianjinyigang\/","article_published_time":"2025-07-14T09:23:30+00:00","article_modified_time":"2025-07-14T09:58:25+00:00","og_image":[{"width":800,"height":800,"url":"https:\/\/www.tjygqc.com\/wp-content\/uploads\/2025\/03\/2025-Volkswagen-ID.3-Smart-Model-Ultimate-Intelligence-Edition-2.webp","type":"image\/webp"}],"author":"user","twitter_card":"summary_large_image","twitter_misc":{"Written by":"user","Est. reading time":"1 minute"},"schema":{"@context":"https:\/\/schema.org","@graph":[{"@type":"Article","@id":"https:\/\/www.tjygqc.com\/can-you-charge-an-electric-car-with-a-generator-article\/#article","isPartOf":{"@id":"https:\/\/www.tjygqc.com\/can-you-charge-an-electric-car-with-a-generator-article\/"},"author":{"name":"user","@id":"https:\/\/www.tjygqc.com\/#\/schema\/person\/9a0e27c1156d5a1d4cb23dce2cc5ad36"},"headline":"Can You Charge an Electric Car with a Generator?","datePublished":"2025-07-14T09:23:30+00:00","dateModified":"2025-07-14T09:58:25+00:00","mainEntityOfPage":{"@id":"https:\/\/www.tjygqc.com\/can-you-charge-an-electric-car-with-a-generator-article\/"},"wordCount":704,"publisher":{"@id":"https:\/\/www.tjygqc.com\/#organization"},"image":{"@id":"https:\/\/www.tjygqc.com\/can-you-charge-an-electric-car-with-a-generator-article\/#primaryimage"},"thumbnailUrl":"https:\/\/www.tjygqc.com\/wp-content\/uploads\/2025\/03\/2025-Volkswagen-ID.3-Smart-Model-Ultimate-Intelligence-Edition-2.webp","keywords":["electric cars volkswagen","volkswagen electric cars for sale","volkswagen id 4 electric suv"],"articleSection":["News"],"inLanguage":"fr-FR"},{"@type":"WebPage","@id":"https:\/\/www.tjygqc.com\/can-you-charge-an-electric-car-with-a-generator-article\/","url":"https:\/\/www.tjygqc.com\/can-you-charge-an-electric-car-with-a-generator-article\/","name":"Can You Charge an Electric Car with a Generator? - Tianjin Yigang Automobile Sales Co.,Ltd.","isPartOf":{"@id":"https:\/\/www.tjygqc.com\/#website"},"primaryImageOfPage":{"@id":"https:\/\/www.tjygqc.com\/can-you-charge-an-electric-car-with-a-generator-article\/#primaryimage"},"image":{"@id":"https:\/\/www.tjygqc.com\/can-you-charge-an-electric-car-with-a-generator-article\/#primaryimage"},"thumbnailUrl":"https:\/\/www.tjygqc.com\/wp-content\/uploads\/2025\/03\/2025-Volkswagen-ID.3-Smart-Model-Ultimate-Intelligence-Edition-2.webp","datePublished":"2025-07-14T09:23:30+00:00","dateModified":"2025-07-14T09:58:25+00:00","description":"Can you charge an electric car with a generator? Learn how EV owners\u2014including Volkswagen ID.4 drivers\u2014can use generators safely for backup or off-grid charging. Tianjin Yigang has the answers.","breadcrumb":{"@id":"https:\/\/www.tjygqc.com\/can-you-charge-an-electric-car-with-a-generator-article\/#breadcrumb"},"inLanguage":"fr-FR","potentialAction":[{"@type":"ReadAction","target":["https:\/\/www.tjygqc.com\/can-you-charge-an-electric-car-with-a-generator-article\/"]}]},{"@type":"ImageObject","inLanguage":"fr-FR","@id":"https:\/\/www.tjygqc.com\/can-you-charge-an-electric-car-with-a-generator-article\/#primaryimage","url":"https:\/\/www.tjygqc.com\/wp-content\/uploads\/2025\/03\/2025-Volkswagen-ID.3-Smart-Model-Ultimate-Intelligence-Edition-2.webp","contentUrl":"https:\/\/www.tjygqc.com\/wp-content\/uploads\/2025\/03\/2025-Volkswagen-ID.3-Smart-Model-Ultimate-Intelligence-Edition-2.webp","width":800,"height":800,"caption":"2025 Volkswagen ID.3 Smart Model Ultimate Intelligence Edition"},{"@type":"BreadcrumbList","@id":"https:\/\/www.tjygqc.com\/can-you-charge-an-electric-car-with-a-generator-article\/#breadcrumb","itemListElement":[{"@type":"ListItem","position":1,"name":"Home","item":"https:\/\/www.tjygqc.com\/"},{"@type":"ListItem","position":2,"name":"Can You Charge an Electric Car with a Generator?"}]},{"@type":"WebSite","@id":"https:\/\/www.tjygqc.com\/#website","url":"https:\/\/www.tjygqc.com\/","name":"Tianjin Yigang Automobile Sales Co.,Ltd.","description":"Tianjin Yigang Automobile Sales Co.,Ltd.","publisher":{"@id":"https:\/\/www.tjygqc.com\/#organization"},"potentialAction":[{"@type":"SearchAction","target":{"@type":"EntryPoint","urlTemplate":"https:\/\/www.tjygqc.com\/?s={search_term_string}"},"query-input":{"@type":"PropertyValueSpecification","valueRequired":true,"valueName":"search_term_string"}}],"inLanguage":"fr-FR"},{"@type":"Organization","@id":"https:\/\/www.tjygqc.com\/#organization","name":"Tianjin Yigang Automobile Sales Co., Ltd.","url":"https:\/\/www.tjygqc.com\/","logo":{"@type":"ImageObject","inLanguage":"fr-FR","@id":"https:\/\/www.tjygqc.com\/#\/schema\/logo\/image\/","url":"https:\/\/www.tjygqc.com\/wp-content\/uploads\/2025\/03\/cropped-WechatIMG581.png","contentUrl":"https:\/\/www.tjygqc.com\/wp-content\/uploads\/2025\/03\/cropped-WechatIMG581.png","width":338,"height":142,"caption":"Tianjin Yigang Automobile Sales Co., Ltd."},"image":{"@id":"https:\/\/www.tjygqc.com\/#\/schema\/logo\/image\/"},"sameAs":["https:\/\/www.facebook.com\/tianjinyigang\/","https:\/\/www.youtube.com\/@TianjinYigangAutomobile","https:\/\/www.instagram.com\/tianjinyigang\/"]},{"@type":"Person","@id":"https:\/\/www.tjygqc.com\/#\/schema\/person\/9a0e27c1156d5a1d4cb23dce2cc5ad36","name":"user","image":{"@type":"ImageObject","inLanguage":"fr-FR","@id":"https:\/\/www.tjygqc.com\/#\/schema\/person\/image\/","url":"https:\/\/secure.gravatar.com\/avatar\/b58996c504c5638798eb6b511e6f49af?s=96&d=mm&r=g","contentUrl":"https:\/\/secure.gravatar.com\/avatar\/b58996c504c5638798eb6b511e6f49af?s=96&d=mm&r=g","caption":"user"},"sameAs":["https:\/\/www.tjygqc.com:8182"],"url":"https:\/\/www.tjygqc.com\/fr\/author\/user\/"}]}},"_links":{"self":[{"href":"https:\/\/www.tjygqc.com\/fr\/wp-json\/wp\/v2\/posts\/2999","targetHints":{"allow":["GET"]}}],"collection":[{"href":"https:\/\/www.tjygqc.com\/fr\/wp-json\/wp\/v2\/posts"}],"about":[{"href":"https:\/\/www.tjygqc.com\/fr\/wp-json\/wp\/v2\/types\/post"}],"author":[{"embeddable":true,"href":"https:\/\/www.tjygqc.com\/fr\/wp-json\/wp\/v2\/users\/1"}],"replies":[{"embeddable":true,"href":"https:\/\/www.tjygqc.com\/fr\/wp-json\/wp\/v2\/comments?post=2999"}],"version-history":[{"count":2,"href":"https:\/\/www.tjygqc.com\/fr\/wp-json\/wp\/v2\/posts\/2999\/revisions"}],"predecessor-version":[{"id":3004,"href":"https:\/\/www.tjygqc.com\/fr\/wp-json\/wp\/v2\/posts\/2999\/revisions\/3004"}],"wp:featuredmedia":[{"embeddable":true,"href":"https:\/\/www.tjygqc.com\/fr\/wp-json\/wp\/v2\/media\/1288"}],"wp:attachment":[{"href":"https:\/\/www.tjygqc.com\/fr\/wp-json\/wp\/v2\/media?parent=2999"}],"wp:term":[{"taxonomy":"category","embeddable":true,"href":"https:\/\/www.tjygqc.com\/fr\/wp-json\/wp\/v2\/categories?post=2999"},{"taxonomy":"post_tag","embeddable":true,"href":"https:\/\/www.tjygqc.com\/fr\/wp-json\/wp\/v2\/tags?post=2999"}],"curies":[{"name":"wp","href":"https:\/\/api.w.org\/{rel}","templated":true}]}}