{"id":3040,"date":"2025-08-28T07:10:59","date_gmt":"2025-08-28T07:10:59","guid":{"rendered":"https:\/\/www.tjygqc.com\/4-must-have-bmw-electric-vehicles-to-import-in-2025-an-exporters-guide-article\/"},"modified":"2025-09-01T15:40:07","modified_gmt":"2025-09-01T15:40:07","slug":"4-must-have-bmw-electric-vehicles-to-import-in-2025-an-exporters-guide","status":"publish","type":"post","link":"https:\/\/www.tjygqc.com\/fr\/4-must-have-bmw-electric-vehicles-to-import-in-2025-an-exporters-guide-article\/","title":{"rendered":"4 v\u00e9hicules \u00e9lectriques BMW incontournables \u00e0 importer en 2025 : Guide de l'exportateur"},"content":{"rendered":"<h3 id=\"abstract\">R\u00e9sum\u00e9<\/h3>\n<p>Cette analyse examine les imp\u00e9ratifs strat\u00e9giques pour les importateurs commerciaux qui se concentrent sur la distribution mondiale des v\u00e9hicules \u00e9lectriques BMW en 2025. Elle pr\u00e9sente un guide complet de quatre mod\u00e8les cl\u00e9s : l'iX3 de nouvelle g\u00e9n\u00e9ration construite sur l'architecture Neue Klasse, la berline i3 eDrive35L exclusive \u00e0 la Chine, la i4 Gran Coup\u00e9 polyvalente et le SUV phare iX. L'\u00e9tude se penche sur les avanc\u00e9es technologiques, les configurations sp\u00e9cifiques au march\u00e9 et les mesures de performance de chaque v\u00e9hicule, fournissant une compr\u00e9hension approfondie de leur positionnement sur divers march\u00e9s internationaux tels que l'Europe, l'Asie centrale, l'Asie du Sud-Est, le Moyen-Orient et l'Afrique. En explorant les nuances de la strat\u00e9gie \u00e9lectrique \u00e9volutive de BMW, y compris le groupe motopropulseur Gen6 et les pratiques de fabrication durables, ce document offre une justification d\u00e9taill\u00e9e de la s\u00e9lection des mod\u00e8les. Il examine en outre les d\u00e9fis logistiques, financiers et d'homologation inh\u00e9rents \u00e0 l'importation de v\u00e9hicules \u00e9lectriques et souligne le r\u00f4le essentiel des partenaires d'exportation sp\u00e9cialis\u00e9s dans la gestion de ces complexit\u00e9s afin de parvenir \u00e0 un succ\u00e8s commercial.<\/p>\n<h3 id=\"key-takeaways\">Principaux enseignements<\/h3>\n<ul>\n<li>La plateforme 2025 Neue Klasse repr\u00e9sente un saut technologique fondamental pour BMW.<\/li>\n<li>L'approvisionnement de la berline i3, une exclusivit\u00e9 chinoise, offre un avantage concurrentiel unique.<\/li>\n<li>Il est essentiel de comprendre les normes de recharge r\u00e9gionales pour r\u00e9ussir \u00e0 importer des v\u00e9hicules \u00e9lectriques.<\/li>\n<li>Les mod\u00e8les haut de gamme comme l'iX n\u00e9cessitent un traitement sp\u00e9cialis\u00e9 et une connaissance du march\u00e9.<\/li>\n<li>Le partenariat avec un exportateur expert simplifie la logistique complexe et l'homologation.<\/li>\n<li>Un portefeuille vari\u00e9 de v\u00e9hicules \u00e9lectriques BMW r\u00e9pond aux diverses demandes mondiales.<\/li>\n<li>Le co\u00fbt total de possession est un argument de vente essentiel sur les march\u00e9s \u00e9mergents des v\u00e9hicules \u00e9lectriques.<\/li>\n<\/ul>\n<h3 id=\"table-of-contents\">Table des mati\u00e8res<\/h3>\n<ul>\n<li><a href=\"#the-strategic-imperative-of-importing-bmw-electric-vehicles-in-2025\">L'importance strat\u00e9gique d'importer des v\u00e9hicules \u00e9lectriques BMW en 2025<\/a><\/li>\n<li><a href=\"#a-comparative-overview-of-key-2025-bmw-ev-models\">Aper\u00e7u comparatif des principaux mod\u00e8les de VE BMW 2025<\/a><\/li>\n<li><a href=\"#model-deep-dive-1-the-2025-bmw-ix3-neue-klasse-the-future-forward\">Model Deep Dive 1 : La BMW iX3 2025 (Neue Klasse) - L'avenir en marche<\/a><\/li>\n<li><a href=\"#model-deep-dive-2-the-bmw-i3-edrive35l-the-china-exclusive-saloon\">Model Deep Dive 2 : La BMW i3 eDrive35L - La berline exclusive \u00e0 la Chine<\/a><\/li>\n<li><a href=\"#model-deep-dive-3-the-bmw-i4-gran-coup\u00e9-the-established-performer\">Model Deep Dive 3 : La BMW i4 Gran Coup\u00e9 - La performance \u00e9tablie<\/a><\/li>\n<li><a href=\"#model-deep-dive-4-the-bmw-ix-the-luxury-technology-flagship\">Model Deep Dive 4 : La BMW iX - Le vaisseau amiral de la technologie de luxe<\/a><\/li>\n<li><a href=\"#partnering-for-success-your-gateway-to-global-ev-trade\">Un partenariat pour la r\u00e9ussite : Votre porte d'entr\u00e9e pour le commerce mondial des VE<\/a><\/li>\n<\/ul>\n<p><img loading=\"lazy\" decoding=\"async\" class=\"entered loaded\" style=\"display: block; margin-left: auto; margin-right: auto;\" src=\"https:\/\/www.tjygqc.com\/wp-content\/uploads\/2025\/03\/2025-BMW-i3-eDrive-40-L-Night-Sports-Package-1.webp\" alt=\"\" width=\"600\" height=\"600\" data-src=\"https:\/\/www.tjygqc.com\/wp-content\/uploads\/2025\/03\/2025-BMW-i3-eDrive-40-L-Night-Sports-Package-1.webp\" data-ll-status=\"loaded\" \/><\/p>\n<h2 id=\"the-strategic-imperative-of-importing-bmw-electric-vehicles-in-2025\">L'importance strat\u00e9gique d'importer des v\u00e9hicules \u00e9lectriques BMW en 2025<\/h2>\n<p>Le paysage automobile mondial subit une transformation d'une ampleur in\u00e9gal\u00e9e depuis un si\u00e8cle. Le ronronnement du moteur \u00e0 combustion interne est progressivement remplac\u00e9 par le couple silencieux et instantan\u00e9 des moteurs \u00e9lectriques. Pour l'importateur de v\u00e9hicules utilitaires, il ne s'agit pas simplement d'un changement technologique, mais d'un r\u00e9alignement fondamental des opportunit\u00e9s de march\u00e9, des cha\u00eenes d'approvisionnement et des d\u00e9sirs des consommateurs. Dans cet environnement dynamique, certaines marques se distinguent non seulement par leur participation, mais aussi par leur intention de d\u00e9finir l'avenir. En 2025, Bayerische Motoren Werke AG, ou BMW, se trouve au bord d'un tel pr\u00e9cipice. L'entreprise ne se contente plus d'ajouter des options \u00e9lectriques \u00e0 son portefeuille ; elle r\u00e9imagine son essence m\u00eame avec une nouvelle philosophie de conception et une plateforme technologique connue sous le nom de \"Neue Klasse\" ou nouvelle classe.<\/p>\n<p>Saisir l'opportunit\u00e9 offerte par les v\u00e9hicules \u00e9lectriques BMW, c'est s'engager dans une histoire de performance, de luxe et d'ing\u00e9nierie avant-gardiste. Pour un importateur desservant des march\u00e9s aussi divers que les villes europ\u00e9ennes \u00e0 la pointe de la technologie, les \u00e9conomies \u00e0 croissance rapide de l'Asie du Sud-Est ou les centres de luxe du Moyen-Orient, il est primordial de comprendre ce discours. C'est la diff\u00e9rence entre la simple vente d'une voiture et la livraison d'un morceau de l'avenir. La d\u00e9cision de se concentrer sur une strat\u00e9gie d'importation de v\u00e9hicules \u00e9lectriques centr\u00e9e sur BMW est une d\u00e9cision d'alignement sur une marque qui a toujours su allier une ing\u00e9nierie centr\u00e9e sur le conducteur \u00e0 un luxe aspirationnel. Comme nous le verrons, la gamme 2025 de v\u00e9hicules \u00e9lectriques BMW offre une proposition unique et convaincante, adapt\u00e9e \u00e0 un \u00e9ventail de segments de march\u00e9 et de profils de consommateurs. Cette exploration servira de guide, d'examen approfondi non seulement du \"quoi\" mais aussi du \"pourquoi\" - pourquoi ces mod\u00e8les sp\u00e9cifiques, et pourquoi le moment est venu d'agir.<\/p>\n<h3 id=\"the-neue-klasse-a-paradigm-shift-in-ev-technology\">La nouvelle classe : Un changement de paradigme dans la technologie des VE<\/h3>\n<p>Il est impossible d'\u00e9valuer correctement la gamme de v\u00e9hicules \u00e9lectriques BMW 2025 sans d'abord saisir l'importance de la Neue Klasse. Il ne s'agit pas seulement d'une nouvelle plateforme, mais d'une r\u00e9initialisation philosophique et technologique. Il s'agit de la r\u00e9ponse fondamentale de l'entreprise \u00e0 l'\u00e8re \u00e9lectrique, tout comme sa \"Neue Klasse\" originale de berlines et de coup\u00e9s a sauv\u00e9 l'entreprise et d\u00e9fini son identit\u00e9 dans les ann\u00e9es 1960. La Neue Klasse 2025, qui commence avec des mod\u00e8les tels que l'iX3 de nouvelle g\u00e9n\u00e9ration, repose sur plusieurs piliers fondamentaux qui ont un impact direct sur la proposition de valeur pour les importateurs et les utilisateurs finaux.<\/p>\n<p>La premi\u00e8re est la technologie BMW eDrive de sixi\u00e8me g\u00e9n\u00e9ration. Il s'agit de moteurs \u00e9lectriques de conception nouvelle, plus puissants et plus efficaces, qui utilisent moins de terres rares, un point d'une importance consid\u00e9rable pour la stabilit\u00e9 de la cha\u00eene d'approvisionnement et la gestion des co\u00fbts \u00e0 long terme. Plus important encore, elle introduit de nouvelles cellules de batterie lithium-ion rondes. Par rapport aux cellules prismatiques utilis\u00e9es dans les mod\u00e8les pr\u00e9c\u00e9dents, ces nouvelles cellules promettent une densit\u00e9 \u00e9nerg\u00e9tique sup\u00e9rieure de 20%, des vitesses de charge plus rapides de 30% et une am\u00e9lioration de l'autonomie globale de 30%. Pour un importateur, il ne s'agit pas seulement de sp\u00e9cifications techniques ; ce sont de puissants arguments de vente qui r\u00e9pondent aux pr\u00e9occupations les plus courantes des consommateurs : l'angoisse de l'autonomie et les temps d'arr\u00eat de la charge.<\/p>\n<p>Deuxi\u00e8mement, l'accent est mis sur une exp\u00e9rience \"num\u00e9rique d'abord\" gr\u00e2ce \u00e0 la nouvelle g\u00e9n\u00e9ration de BMW iDrive. L'habitacle est repens\u00e9 autour d'un \u00e9cran central et de la \"BMW Panoramic Vision\", une projection qui s'\u00e9tend sur toute la largeur du pare-brise. Cela cr\u00e9e une exp\u00e9rience immersive et partag\u00e9e par le conducteur et le passager. Ce niveau de technologie int\u00e9gr\u00e9e s'adresse directement au consommateur moderne sur les march\u00e9s d'Asie et d'Europe, qui attend de son v\u00e9hicule qu'il soit aussi connect\u00e9 et intuitif que son smartphone.<\/p>\n<p>Enfin, la Neue Klasse d\u00e9fend une nouvelle norme de durabilit\u00e9 qui va au-del\u00e0 de l'absence d'\u00e9missions de gaz d'\u00e9chappement. BMW met l'accent sur une approche d'\u00e9conomie circulaire, en augmentant l'utilisation de mat\u00e9riaux secondaires (recyclats) et en concevant des v\u00e9hicules plus faciles \u00e0 d\u00e9monter et \u00e0 recycler \u00e0 la fin de leur vie. Cet engagement en faveur du \"secondaire d'abord\" trouve un \u00e9cho puissant sur les march\u00e9s dot\u00e9s de r\u00e9glementations environnementales strictes, comme la majeure partie de l'Europe, et constitue un argument de marque convaincant pour les consommateurs soucieux de l'environnement partout dans le monde. Le lancement des premiers v\u00e9hicules Neue Klasse, comme la nouvelle iX3 au salon de l'automobile de Munich en 2025, marque le v\u00e9ritable d\u00e9but de cette nouvelle \u00e8re pour BMW.<\/p>\n<h3 id=\"understanding-regional-market-demands-and-homologation\">Comprendre les demandes des march\u00e9s r\u00e9gionaux et l'homologation<\/h3>\n<p>La r\u00e9ussite d'une entreprise d'importation de v\u00e9hicules \u00e9lectriques repose sur une compr\u00e9hension nuanc\u00e9e du fait qu'une approche unique est vou\u00e9e \u00e0 l'\u00e9chec. La BMW EV id\u00e9ale pour un client de Duba\u00ef est probablement diff\u00e9rente de celle d'un client de Jakarta ou de Varsovie. Ces diff\u00e9rences sont li\u00e9es \u00e0 la r\u00e9glementation, \u00e0 l'infrastructure et \u00e0 la culture.<\/p>\n<p><strong>Normes d'homologation et de tarification :<\/strong> L'Europe applique la norme WLTP (Worldwide Harmonized Light Vehicles Test Procedure) pour l'autonomie et l'efficacit\u00e9 et utilise principalement le connecteur CCS (Combined Charging System) de type 2 pour la recharge rapide en courant continu. En revanche, la Chine utilise la norme CLTC (China Light-Duty Vehicle Test Cycle), qui donne souvent des chiffres d'autonomie plus optimistes, et la norme de charge GB\/T. Un importateur doit non seulement \u00eatre conscient de ces diff\u00e9rences techniques, mais aussi disposer d'une proc\u00e9dure lui permettant de s'assurer que les v\u00e9hicules sont conformes aux r\u00e9glementations locales, ce qui peut impliquer des modifications mat\u00e9rielles (comme le changement de l'entr\u00e9e de charge) ou des ajustements logiciels.<\/p>\n<p><strong>Pr\u00e9f\u00e9rences des consommateurs :<\/strong> Dans de nombreuses r\u00e9gions d'Asie du Sud-Est et d'Asie centrale, l'\u00e9tat des routes et la n\u00e9cessit\u00e9 de transporter des familles peuvent favoriser les SUV tels que l'iX ou le futur iX3. La garde au sol plus \u00e9lev\u00e9e et l'espace int\u00e9rieur sont des avantages pratiques. Dans les villes historiques et denses d'Europe, la i4 Gran Coup\u00e9, plus \u00e9l\u00e9gante et plus dynamique, pourrait \u00eatre plus attrayante. Pour les march\u00e9s de luxe du Moyen-Orient, les prouesses technologiques et l'int\u00e9rieur opulent du vaisseau amiral iX sont de puissants attraits. La berline i3 \u00e0 empattement long, exclusive \u00e0 la Chine, constitue un cas fascinant, car elle offre un confort accru aux places arri\u00e8re, une caract\u00e9ristique tr\u00e8s pris\u00e9e par les consommateurs de Chine et de nombreuses autres r\u00e9gions d'Asie qui peuvent \u00eatre v\u00e9hicul\u00e9s par un chauffeur.<\/p>\n<p>L'achat de v\u00e9hicules d'une r\u00e9gion \u00e0 une autre - par exemple, l'acquisition de la berline i3 en Chine pour l'exporter au Moyen-Orient - n\u00e9cessite une compr\u00e9hension approfondie de ces nuances. Il s'agit de faire correspondre les atouts d'un produit sp\u00e9cifique aux souhaits d'un march\u00e9 sp\u00e9cifique. C'est l\u00e0 que l'expertise d'un partenaire exp\u00e9riment\u00e9 devient inestimable, car elle permet de savoir quels mod\u00e8les trouveront le public le plus r\u00e9ceptif dans une r\u00e9gion donn\u00e9e.<\/p>\n<h2 id=\"a-comparative-overview-of-key-2025-bmw-ev-models\">Aper\u00e7u comparatif des principaux mod\u00e8les de VE BMW 2025<\/h2>\n<p>Pour prendre des d\u00e9cisions \u00e9clair\u00e9es, les importateurs ont besoin de donn\u00e9es pr\u00e9sent\u00e9es dans un format clair et comparatif. Les tableaux suivants donnent un aper\u00e7u des quatre principaux v\u00e9hicules \u00e9lectriques BMW dont il est question dans ce guide. Le tableau 1 pr\u00e9sente une comparaison g\u00e9n\u00e9rale des sp\u00e9cifications, tandis que le tableau 2 se concentre sur leur positionnement strat\u00e9gique sur les diff\u00e9rents march\u00e9s d'importation.<\/p>\n<p><strong>Tableau 1 : Comparaison des sp\u00e9cifications techniques (donn\u00e9es estim\u00e9es pour 2025)<\/strong><\/p>\n<table style=\"width: 100%; border-collapse: collapse;\" border=\"1\">\n<thead>\n<tr>\n<th style=\"text-align: left;\">Fonctionnalit\u00e9<\/th>\n<th style=\"text-align: left;\">BMW iX3 (Neue Klasse)<\/th>\n<th style=\"text-align: left;\">BMW i3 eDrive35L<\/th>\n<th style=\"text-align: left;\">BMW i4 eDrive40<\/th>\n<th style=\"text-align: left;\">BMW iX xDrive50<\/th>\n<\/tr>\n<\/thead>\n<tbody>\n<tr>\n<td style=\"text-align: left;\"><strong>Plate-forme<\/strong><\/td>\n<td style=\"text-align: left;\">Nouvelle classe<\/td>\n<td style=\"text-align: left;\">CLAR (modifi\u00e9)<\/td>\n<td style=\"text-align: left;\">CLAR<\/td>\n<td style=\"text-align: left;\">CLAR (Custom EV)<\/td>\n<\/tr>\n<tr>\n<td style=\"text-align: left;\"><strong>Capacit\u00e9 de la batterie (utilisable)<\/strong><\/td>\n<td style=\"text-align: left;\">~90 kWh<\/td>\n<td style=\"text-align: left;\">66,1 kWh<\/td>\n<td style=\"text-align: left;\">81,5 kWh<\/td>\n<td style=\"text-align: left;\">105,2 kWh<\/td>\n<\/tr>\n<tr>\n<td style=\"text-align: left;\"><strong>Est. Autonomie (WLTP)<\/strong><\/td>\n<td style=\"text-align: left;\">~600 km<\/td>\n<td style=\"text-align: left;\">~450 km (WLTP Est.)<\/td>\n<td style=\"text-align: left;\">~590 km<\/td>\n<td style=\"text-align: left;\">~630 km<\/td>\n<\/tr>\n<tr>\n<td style=\"text-align: left;\"><strong>Transmission<\/strong><\/td>\n<td style=\"text-align: left;\">RWD (option AWD)<\/td>\n<td style=\"text-align: left;\">RWD<\/td>\n<td style=\"text-align: left;\">RWD<\/td>\n<td style=\"text-align: left;\">AWD<\/td>\n<\/tr>\n<tr>\n<td style=\"text-align: left;\"><strong>Puissance de sortie<\/strong><\/td>\n<td style=\"text-align: left;\">~250 kW \/ 340 hp<\/td>\n<td style=\"text-align: left;\">210 kW \/ 286 hp<\/td>\n<td style=\"text-align: left;\">250 kW \/ 340 hp<\/td>\n<td style=\"text-align: left;\">385 kW \/ 523 ch<\/td>\n<\/tr>\n<tr>\n<td style=\"text-align: left;\"><strong>0-100 km\/h<\/strong><\/td>\n<td style=\"text-align: left;\">~5,5 secondes<\/td>\n<td style=\"text-align: left;\">6,2 secondes<\/td>\n<td style=\"text-align: left;\">5,7 secondes<\/td>\n<td style=\"text-align: left;\">4,6 secondes<\/td>\n<\/tr>\n<tr>\n<td style=\"text-align: left;\"><strong>Chargement rapide DC (Max)<\/strong><\/td>\n<td style=\"text-align: left;\">~200 kW<\/td>\n<td style=\"text-align: left;\">95 kW<\/td>\n<td style=\"text-align: left;\">205 kW<\/td>\n<td style=\"text-align: left;\">195 kW<\/td>\n<\/tr>\n<tr>\n<td style=\"text-align: left;\"><strong>March\u00e9 de l'approvisionnement primaire<\/strong><\/td>\n<td style=\"text-align: left;\">Mondial (lancement apr\u00e8s 2025)<\/td>\n<td style=\"text-align: left;\">Chine<\/td>\n<td style=\"text-align: left;\">Mondial<\/td>\n<td style=\"text-align: left;\">Mondial<\/td>\n<\/tr>\n<\/tbody>\n<\/table>\n<p><strong>Tableau 2 : Positionnement strat\u00e9gique des importateurs sur le march\u00e9<\/strong><\/p>\n<table style=\"width: 100%; border-collapse: collapse;\" border=\"1\">\n<thead>\n<tr>\n<th style=\"text-align: left;\">Mod\u00e8le<\/th>\n<th style=\"text-align: left;\">Segments de march\u00e9 cibles<\/th>\n<th style=\"text-align: left;\">Propositions de vente cl\u00e9s<\/th>\n<th style=\"text-align: left;\">Consid\u00e9rations relatives \u00e0 l'importation<\/th>\n<\/tr>\n<\/thead>\n<tbody>\n<tr>\n<td style=\"text-align: left;\"><strong>BMW iX3 (Neue Klasse)<\/strong><\/td>\n<td style=\"text-align: left;\">Familles technophiles (Europe), acheteurs de SUV premium de taille moyenne (Monde)<\/td>\n<td style=\"text-align: left;\">Technologie de pointe, autonomie et recharge sup\u00e9rieures, conception durable.<\/td>\n<td style=\"text-align: left;\">Demande initiale \u00e9lev\u00e9e, n\u00e9cessitant l'acc\u00e8s \u00e0 des cr\u00e9neaux de production pr\u00e9coces.<\/td>\n<\/tr>\n<tr>\n<td style=\"text-align: left;\"><strong>BMW i3 eDrive35L<\/strong><\/td>\n<td style=\"text-align: left;\">Professionnels, familles (Asie, Moyen-Orient, Afrique)<\/td>\n<td style=\"text-align: left;\">Espace arri\u00e8re pour les jambes in\u00e9gal\u00e9 dans sa cat\u00e9gorie, confort d'une berline haut de gamme.<\/td>\n<td style=\"text-align: left;\">Approvisionnement exclusif en Chine, n\u00e9cessite la conversion de GB\/T en CCS.<\/td>\n<\/tr>\n<tr>\n<td style=\"text-align: left;\"><strong>BMW i4 eDrive40<\/strong><\/td>\n<td style=\"text-align: left;\">Passionn\u00e9s de conduite, flottes d'entreprises (Europe, Asie du Sud-Est)<\/td>\n<td style=\"text-align: left;\">Dynamique de conduite BMW classique, style Gran Coup\u00e9, praticit\u00e9.<\/td>\n<td style=\"text-align: left;\">Mod\u00e8le \u00e9tabli, paysage concurrentiel, bonne disponibilit\u00e9.<\/td>\n<\/tr>\n<tr>\n<td style=\"text-align: left;\"><strong>BMW iX xDrive50<\/strong><\/td>\n<td style=\"text-align: left;\">Particuliers fortun\u00e9s, cadres du secteur technologique (mondial)<\/td>\n<td style=\"text-align: left;\">Technologie de pointe, luxe ultime, design audacieux.<\/td>\n<td style=\"text-align: left;\">Co\u00fbt unitaire \u00e9lev\u00e9, logistique sp\u00e9cialis\u00e9e pour les v\u00e9hicules de grande valeur.<\/td>\n<\/tr>\n<\/tbody>\n<\/table>\n<h2 id=\"model-deep-dive-1-the-2025-bmw-ix3-neue-klasse-the-future-forward\">Model Deep Dive 1 : La BMW iX3 2025 (Neue Klasse) - L'avenir en marche<\/h2>\n<p>L'arriv\u00e9e du premier v\u00e9hicule de s\u00e9rie sur la plateforme Neue Klasse est sans doute l'\u00e9v\u00e9nement le plus important pour BMW en 2025. La nouvelle iX3 n'est pas une simple mise \u00e0 jour du mod\u00e8le pr\u00e9c\u00e9dent ; elle est la manifestation physique de l'orientation future de BMW. Pour les importateurs, ce v\u00e9hicule repr\u00e9sente une opportunit\u00e9 d'offrir \u00e0 leurs clients le nec plus ultra de la technologie automobile, un v\u00e9ritable produit de \"nouvelle g\u00e9n\u00e9ration\".<\/p>\n<h3 id=\"a-deep-dive-into-the-gen6-drivetrain-and-battery-technology\">Une plong\u00e9e en profondeur dans la technologie du groupe motopropulseur et de la batterie de la Gen6<\/h3>\n<p>Le groupe motopropulseur est au c\u0153ur de l'attrait de la nouvelle iX3. L'unit\u00e9 eDrive de sixi\u00e8me g\u00e9n\u00e9ration est une merveille d'efficacit\u00e9 et de conception. Les moteurs eux-m\u00eames sont con\u00e7us pour \u00eatre tr\u00e8s efficaces sur une large plage de vitesses, et pas seulement \u00e0 un seul point optimal. Cela se traduit par une meilleure autonomie dans le monde r\u00e9el, que ce soit en ville ou sur l'autoroute.<\/p>\n<p>La v\u00e9ritable r\u00e9volution se situe toutefois au niveau de la batterie. Le passage aux cellules rondes est une d\u00e9cision strat\u00e9gique aux implications profondes. Imaginez que vous expliquiez \u00e0 un client potentiel que son nouveau SUV peut gagner environ 200 kilom\u00e8tres d'autonomie en seulement 10 minutes \u00e0 une station de recharge \u00e0 haute puissance. C'est la promesse de la vitesse de charge 30% combin\u00e9e \u00e0 l'architecture 800 volts de la Neue Klasse. Elle modifie fondamentalement la psychologie de la possession d'un v\u00e9hicule \u00e9lectrique, le faisant passer d'un produit n\u00e9cessitant une planification minutieuse \u00e0 un produit offrant une libert\u00e9 spontan\u00e9e. La densit\u00e9 \u00e9nerg\u00e9tique accrue signifie qu'une batterie plus grande n'\u00e9quivaut pas n\u00e9cessairement \u00e0 une voiture plus lourde, pr\u00e9servant ainsi la maniabilit\u00e9 agile qui fait la r\u00e9putation de BMW. Cette combinaison d'autonomie, de vitesse de chargement et de plaisir de conduire fait du nouveau iX3 un concurrent redoutable dans le segment des SUV \u00e9lectriques haut de gamme.<\/p>\n<h3 id=\"design-philosophy-from-vision-to-production\">Philosophie de la conception : De la vision \u00e0 la production<\/h3>\n<p>Le design ext\u00e9rieur et int\u00e9rieur de la Neue Klasse iX3 sera une \u00e9volution directe du concept \"Vision Neue Klasse X\". Cela signifie un design \u00e0 la fois monolithique et a\u00e9rodynamique. On s'attend \u00e0 des surfaces \u00e9pur\u00e9es, \u00e0 une calandre r\u00e9interpr\u00e9t\u00e9e (et probablement \u00e9clair\u00e9e) qui abrite des capteurs, et \u00e0 de grandes surfaces vitr\u00e9es qui cr\u00e9ent un habitacle a\u00e9r\u00e9 et ouvert. Le design se veut intemporel et technologiquement avanc\u00e9, sans \u00eatre froid.<\/p>\n<p>\u00c0 l'int\u00e9rieur, la r\u00e9volution est encore plus prononc\u00e9e. La r\u00e9duction des boutons physiques au profit du contr\u00f4leur central \"iDrive\", des commandes au volant et des commandes vocales avanc\u00e9es cr\u00e9e un environnement minimaliste et \u00e9pur\u00e9. La caract\u00e9ristique la plus remarquable est la vision panoramique BMW. En projetant des informations cl\u00e9s telles que la vitesse, la navigation et les m\u00e9dias sur une zone sombre au bas du pare-brise, elle permet au conducteur de voir des donn\u00e9es cruciales sans quitter la route des yeux. Il permet \u00e9galement au passager avant de visualiser le contenu, favorisant ainsi une exp\u00e9rience plus inclusive \u00e0 bord du v\u00e9hicule. Cet int\u00e9rieur n'est pas seulement un endroit o\u00f9 l'on s'assoit, c'est un espace interactif, un \u00e9l\u00e9ment cl\u00e9 de diff\u00e9renciation sur un march\u00e9 encombr\u00e9.<\/p>\n<h3 id=\"market-positioning-for-europe-and-the-middle-east\">Positionnement sur le march\u00e9 pour l'Europe et le Moyen-Orient<\/h3>\n<p>Pour le march\u00e9 europ\u00e9en, le nouveau iX3 est un bon choix. Ses dimensions le placent dans la cat\u00e9gorie tr\u00e8s populaire des SUV de taille moyenne. Ses prouesses technologiques, notamment en mati\u00e8re d'efficacit\u00e9 et de durabilit\u00e9, correspondent parfaitement aux valeurs du consommateur europ\u00e9en. La promesse d'un v\u00e9hicule produit avec une empreinte carbone r\u00e9duite et con\u00e7u pour la circularit\u00e9 est un puissant outil de marketing.<\/p>\n<p>Au Moyen-Orient, les choses changent l\u00e9g\u00e8rement. Si la technologie est appr\u00e9ci\u00e9e, l'accent est souvent mis sur la pr\u00e9sence, le luxe et les performances. Le design audacieux et moderne de l'iX3 lui conf\u00e8re une grande pr\u00e9sence sur la route. L'int\u00e9rieur spacieux et high-tech r\u00e9pondra au penchant de la r\u00e9gion pour le luxe et le confort. Les performances \u00e9lev\u00e9es, notamment l'acc\u00e9l\u00e9ration rapide, satisferont le d\u00e9sir d'une exp\u00e9rience de conduite dynamique. Pour les importateurs de cette r\u00e9gion, le marketing devrait se concentrer sur l'iX3 pour affirmer qu'il est \u00e0 la pointe de la technologie et du luxe moderne.<\/p>\n<h3 id=\"import-considerations-and-sourcing-strategy\">Consid\u00e9rations sur les importations et strat\u00e9gie d'approvisionnement<\/h3>\n<p>En tant que tout nouveau mod\u00e8le sur une nouvelle plateforme, la demande initiale pour l'iX3 sera exceptionnellement \u00e9lev\u00e9e. La production sera probablement limit\u00e9e par la mont\u00e9e en puissance des usines de BMW \u00e0 Debrecen, en Hongrie, et plus tard \u00e0 Shenyang, en Chine. Pour un importateur ind\u00e9pendant, le principal d\u00e9fi consistera \u00e0 assurer un approvisionnement rapide et fiable de ces v\u00e9hicules. C'est l\u00e0 qu'un partenariat avec un exportateur de v\u00e9hicules bien connect\u00e9 devient non seulement b\u00e9n\u00e9fique, mais essentiel. Un exportateur \u00e9tabli qui entretient des relations \u00e9troites avec le r\u00e9seau d'approvisionnement peut donner acc\u00e8s \u00e0 des cr\u00e9neaux d'attribution qui ne seraient pas disponibles pour les petites entreprises ind\u00e9pendantes. Il peut g\u00e9rer les complexit\u00e9s li\u00e9es \u00e0 la commande de diff\u00e9rentes sp\u00e9cifications r\u00e9gionales et g\u00e9rer la logistique n\u00e9cessaire pour que ces v\u00e9hicules tr\u00e8s attendus arrivent dans votre salle d'exposition avant la concurrence.<\/p>\n<h2 id=\"model-deep-dive-2-the-bmw-i3-edrive35l-the-china-exclusive-saloon\">Model Deep Dive 2 : La BMW i3 eDrive35L - La berline exclusive \u00e0 la Chine<\/h2>\n<p>Si la Neue Klasse repr\u00e9sente l'avenir, l'une des opportunit\u00e9s les plus int\u00e9ressantes pour les importateurs en 2025 provient d'un mod\u00e8le n\u00e9 d'une demande r\u00e9gionale sp\u00e9cifique : la BMW i3 eDrive35L. Il est essentiel de pr\u00e9ciser qu'il ne s'agit pas de la petite et excentrique i3 \u00e0 hayon qui a \u00e9t\u00e9 vendue dans le monde entier jusqu'en 2022. Il s'agit d'une version enti\u00e8rement \u00e9lectrique de la berline S\u00e9rie 3 \u00e0 empattement long, et jusqu'\u00e0 pr\u00e9sent, elle a \u00e9t\u00e9 produite et vendue exclusivement sur le march\u00e9 chinois. Pour l'importateur avis\u00e9, cette exclusivit\u00e9 n'est pas un obstacle, mais une occasion en or.<\/p>\n<h3 id=\"why-a-long-wheelbase-sedan-is-a-game-changer-for-asia-and-africa\">Pourquoi une berline \u00e0 empattement long change la donne pour l'Asie et l'Afrique<\/h3>\n<p>Pour comprendre l'attrait de la i3 eDrive35L, il faut comprendre le ph\u00e9nom\u00e8ne de l'\"empattement long\" (LWB) en Asie. Dans de nombreuses cultures asiatiques, et de plus en plus dans certaines parties du Moyen-Orient et de l'Afrique, le propri\u00e9taire d'une berline haut de gamme n'est souvent pas le conducteur. Il est un passager sur la banquette arri\u00e8re, qui se fait conduire \u00e0 des r\u00e9unions d'affaires ou \u00e0 des \u00e9v\u00e9nements sociaux. Par cons\u00e9quent, le confort des si\u00e8ges arri\u00e8re, en particulier l'espace pour les jambes, n'est pas une caract\u00e9ristique mineure ; c'est un facteur d'achat essentiel.<\/p>\n<p>La i3 eDrive35L est construite sur un empattement plus long de 11 centim\u00e8tres que celui de la S\u00e9rie 3 standard. Cette augmentation de longueur est enti\u00e8rement d\u00e9di\u00e9e \u00e0 la zone des passagers arri\u00e8re, cr\u00e9ant ainsi un habitacle dont l'espace et le luxe rivalisent avec ceux des voitures d'une classe sup\u00e9rieure. Les si\u00e8ges sont plus spacieux et l'ambiance g\u00e9n\u00e9rale est celle d'un confort d\u00e9contract\u00e9. En important ce mod\u00e8le, vous pouvez offrir \u00e0 vos clients un v\u00e9hicule qui r\u00e9pond directement \u00e0 cette pr\u00e9f\u00e9rence culturelle, une caract\u00e9ristique que ses concurrents du march\u00e9 europ\u00e9en ne peuvent tout simplement pas \u00e9galer. Cela vous permet de cibler un groupe d\u00e9mographique sp\u00e9cifique et ais\u00e9 avec un produit qui semble taill\u00e9 sur mesure pour ses besoins.<\/p>\n<h3 id=\"technical-specifications-and-performance-metrics\">Sp\u00e9cifications techniques et mesures de performance<\/h3>\n<p>La i3 eDrive35L est bas\u00e9e sur l'architecture CLAR \u00e9prouv\u00e9e, la m\u00eame plateforme que celle sur laquelle repose la i4, qui conna\u00eet un succ\u00e8s mondial. Elle est \u00e9quip\u00e9e d'une batterie de 66,1 kWh (utilisable) et d'un moteur \u00e9lectrique mont\u00e9 \u00e0 l'arri\u00e8re qui produit 210 kW (286 chevaux) et 400 Nm de couple. Cela suffit \u00e0 propulser la berline de 0 \u00e0 100 km\/h en un temps respectable de 6,2 secondes. Bien qu'elle ne soit pas aussi ouvertement sportive qu'une i4 M50, sa performance est vive, douce et silencieuse, parfaitement adapt\u00e9e \u00e0 son r\u00f4le de transport ex\u00e9cutif haut de gamme.<\/p>\n<p>L'autonomie officielle selon le cycle CLTC chinois est de 526 km. Un chiffre plus r\u00e9aliste \u00e9quivalent au cycle WLTP serait plus proche de 450 km, ce qui reste plus qu'ad\u00e9quat pour une utilisation quotidienne en milieu urbain et interurbain. Sa capacit\u00e9 de charge rapide en courant continu est plafonn\u00e9e \u00e0 95 kW, ce qui est inf\u00e9rieur aux mod\u00e8les BMW plus r\u00e9cents, mais permet tout de m\u00eame une charge de 10-80% en 35 minutes environ. Ces sp\u00e9cifications repr\u00e9sentent un ensemble bien \u00e9quilibr\u00e9 de performances, de confort et de facilit\u00e9 d'utilisation au quotidien.<\/p>\n<h3 id=\"the-unique-opportunity-of-sourcing-from-the-chinese-market\">L'opportunit\u00e9 unique de s'approvisionner sur le march\u00e9 chinois<\/h3>\n<p>Le fait que la i3 eDrive35L soit construite en Chine pour le march\u00e9 chinois est \u00e0 l'origine de ce cas commercial unique. Le march\u00e9 automobile chinois est le plus important au monde, et l'\u00e9chelle de production peut conduire \u00e0 des prix comp\u00e9titifs. L'approvisionnement de ce mod\u00e8le permet \u00e0 un importateur d'offrir un produit unique qui n'est pas officiellement disponible par le biais du r\u00e9seau de concessionnaires BMW dans sa r\u00e9gion d'origine. Il s'agit d'une opportunit\u00e9 de \"march\u00e9 gris\" au sens propre du terme : fournir un produit l\u00e9gitime et d\u00e9sirable que les canaux officiels n'offrent pas.<\/p>\n<p>Cette strat\u00e9gie permet \u00e0 une petite entreprise d'importation, plus agile, de prendre le dessus sur des organisations plus grandes et plus bureaucratiques. Vous pouvez vous forger une r\u00e9putation de fournisseur exclusif de cette berline \u00e9lectrique tr\u00e8s recherch\u00e9e. Lorsque vous travaillez avec un exportateur professionnel comme <a href=\"https:\/\/www.tjygqc.com\/\" rel=\"nofollow\">un exportateur de v\u00e9hicules utilitaires fiable<\/a>Vous b\u00e9n\u00e9ficiez ainsi d'un partenaire sur place qui comprend le march\u00e9 local, peut garantir des stocks de haute qualit\u00e9 et peut g\u00e9rer les \u00e9tapes initiales du processus d'exportation \u00e0 partir de la Chine.<\/p>\n<h3 id=\"navigating-the-logistics-of-exporting-china-specific-models\">La logistique de l'exportation de mod\u00e8les sp\u00e9cifiques \u00e0 la Chine<\/h3>\n<p>L'exportation d'un v\u00e9hicule depuis la Chine s'accompagne d'une s\u00e9rie de d\u00e9fis qui doivent \u00eatre g\u00e9r\u00e9s de mani\u00e8re professionnelle. L'obstacle technique le plus important est la norme de charge. La Chine utilise la norme GB\/T pour la recharge en courant alternatif et en courant continu. La plupart des autres march\u00e9s cibles (Europe, Moyen-Orient et m\u00eame de nombreuses r\u00e9gions d'Asie du Sud-Est) ont adopt\u00e9 le syst\u00e8me CCS de type 2.<\/p>\n<p>Par cons\u00e9quent, la conversion du port de charge du v\u00e9hicule de GB\/T \u00e0 CCS constitue un \u00e9l\u00e9ment essentiel du processus d'importation. Il ne s'agit pas d'un simple adaptateur, mais d'une modification professionnelle du mat\u00e9riel du v\u00e9hicule, voire de son logiciel, afin de garantir une recharge s\u00fbre et efficace. En outre, le syst\u00e8me d'infodivertissement et de navigation du v\u00e9hicule sera configur\u00e9 pour le march\u00e9 chinois. Cela n\u00e9cessite un flashage professionnel du logiciel pour installer les packs de langues, les donn\u00e9es cartographiques et la compatibilit\u00e9 des services connect\u00e9s pour la r\u00e9gion de destination. Ce ne sont pas des t\u00e2ches pour un amateur. Elles requi\u00e8rent une expertise technique et de l'exp\u00e9rience, ce qui est un service essentiel fourni par les exportateurs de v\u00e9hicules sp\u00e9cialis\u00e9s. Ils veillent \u00e0 ce que la voiture unique que vous achetez en Chine arrive dans les mains de votre client comme si elle avait \u00e9t\u00e9 construite pour son pays d\u00e8s le d\u00e9part.<\/p>\n<h2 id=\"model-deep-dive-3-the-bmw-i4-gran-coup\u00e9-the-established-performer\">Model Deep Dive 3 : La BMW i4 Gran Coup\u00e9 - La performance \u00e9tablie<\/h2>\n<p>Si les mod\u00e8les nouveaux et exclusifs suscitent l'enthousiasme, un portefeuille d'importations r\u00e9ussi doit \u00e9galement \u00eatre \u00e9quilibr\u00e9 par des produits \u00e9prouv\u00e9s et tr\u00e8s demand\u00e9s. C'est pr\u00e9cis\u00e9ment le cas de la BMW i4 Gran Coup\u00e9. Depuis son lancement, elle a \u00e9t\u00e9 largement salu\u00e9e pour avoir r\u00e9ussi ce que beaucoup pensaient \u00eatre difficile : transposer la sensation classique de \"machine \u00e0 conduire ultime\" de BMW dans un format enti\u00e8rement \u00e9lectrique. C'est une voiture qui fait appel au c\u0153ur de l'amateur traditionnel de BMW tout en embrassant l'avenir de la mobilit\u00e9.<\/p>\n<h3 id=\"balancing-performance-luxury-and-practicality\">L'\u00e9quilibre entre performance, luxe et praticit\u00e9<\/h3>\n<p>Le g\u00e9nie de l'i4 r\u00e9side dans son attrait multiforme. C'est un v\u00e9hicule qui a plusieurs casquettes. Son design de Gran Coup\u00e9 \u00e0 quatre portes avec un grand hayon arri\u00e8re le rend \u00e9tonnamment pratique. Elle offre plus d'espace de chargement et se charge plus facilement qu'une berline traditionnelle comme la S\u00e9rie 3, ce qui s\u00e9duit les petites familles ou les personnes au mode de vie actif.<\/p>\n<p>Parall\u00e8lement, son centre de gravit\u00e9 bas (encore plus bas que celui de la berline S\u00e9rie 3, gr\u00e2ce \u00e0 la batterie mont\u00e9e au plancher), son ch\u00e2ssis et sa direction finement r\u00e9gl\u00e9s lui conf\u00e8rent la maniabilit\u00e9 engageante et r\u00e9active qui d\u00e9finit la marque. La voiture est agile et bien connect\u00e9e \u00e0 la route. C'est une voiture pour ceux qui aiment conduire. Enfin, l'int\u00e9rieur offre les mat\u00e9riaux haut de gamme, la qualit\u00e9 de fabrication et la sophistication technologique que l'on attend d'une BMW moderne. Elle fusionne avec succ\u00e8s les mondes de la performance, de la praticit\u00e9 et du luxe dans un ensemble unique et convaincant.<\/p>\n<h3 id=\"analyzing-the-different-trims-edrive35-edrive40-and-m50\">Analyse des diff\u00e9rentes versions : eDrive35, eDrive40 et M50<\/h3>\n<p>L'i4 est disponible en plusieurs variantes, ce qui permet aux importateurs de cibler diff\u00e9rents niveaux de prix et profils de clients.<\/p>\n<ul>\n<li><strong>i4 eDrive35 :<\/strong> Il s'agit du mod\u00e8le d'entr\u00e9e de gamme. Avec une batterie plus petite (67 kWh utilisables) et un moteur de 210 kW, il offre un prix plus accessible. C'est une excellente option pour les flottes d'entreprise ou pour les clients des march\u00e9s o\u00f9 les incitations gouvernementales sont li\u00e9es \u00e0 un prix d'achat plus bas. Elle rend l'exp\u00e9rience d'un v\u00e9hicule \u00e9lectrique haut de gamme plus accessible.<\/li>\n<li><strong>i4 eDrive40 :<\/strong> Pour beaucoup, c'est le point fort de la gamme. Elle associe la batterie de 81,5 kWh \u00e0 un puissant moteur arri\u00e8re de 250 kW (340 ch). Il offre un excellent m\u00e9lange de capacit\u00e9 d'autonomie (jusqu'\u00e0 590 km WLTP) et de performances \u00e9lev\u00e9es. C'est le mod\u00e8le id\u00e9al pour le client qui souhaite vivre la quintessence de l'exp\u00e9rience BMW moderne sans avoir besoin des performances extr\u00eames du mod\u00e8le M.<\/li>\n<li><strong>i4 M50 :<\/strong> Il s'agit du tout premier mod\u00e8le \"M Performance\" enti\u00e8rement \u00e9lectrique. Dot\u00e9 d'un double moteur et d'une transmission int\u00e9grale produisant une puissance stup\u00e9fiante de 400 kW (544 ch), il offre une acc\u00e9l\u00e9ration digne d'une supercar (0-100 km\/h en 3,9 secondes). Il s'agit d'une voiture de prestige, d'un mod\u00e8le destin\u00e9 aux amateurs de performances qui veulent ce qu'il y a de mieux. C'est un produit \u00e0 forte marge qui attire l'attention sur l'ensemble de la gamme i4.<\/li>\n<\/ul>\n<p>Un importateur peut stocker strat\u00e9giquement un m\u00e9lange de ces garnitures pour r\u00e9pondre \u00e0 un large \u00e9ventail du march\u00e9 haut de gamme, de l'acheteur professionnel soucieux des co\u00fbts au conducteur performant \u00e0 la recherche de sensations fortes.<\/p>\n<h3 id=\"strong-demand-in-mature-and-emerging-ev-markets\">Forte demande sur les march\u00e9s matures et \u00e9mergents des VE<\/h3>\n<p>La nature polyvalente de l'i4 a suscit\u00e9 une demande forte et constante sur un large \u00e9ventail de march\u00e9s mondiaux. En Europe, elle est en concurrence directe avec d'autres berlines \u00e9lectriques haut de gamme et est souvent lou\u00e9e pour sa dynamique de conduite sup\u00e9rieure. Sa combinaison d'efficacit\u00e9 et de performance est tr\u00e8s appr\u00e9ci\u00e9e.<\/p>\n<p>Sur les march\u00e9s \u00e9mergents des v\u00e9hicules \u00e9lectriques en Asie du Sud-Est et en Asie centrale, la i4 repr\u00e9sente une entr\u00e9e ambitieuse mais relativement pratique dans le monde de la mobilit\u00e9 \u00e9lectrique haut de gamme. La marque \"Gran Coup\u00e9\" ajoute une touche d'exclusivit\u00e9, et les performances de la voiture sont un argument de vente majeur. La i4 \u00e9tant un mod\u00e8le disponible dans le monde entier, elle b\u00e9n\u00e9ficie d'une plus grande reconnaissance de la marque et d'un r\u00e9seau de connaissances mieux \u00e9tabli en ce qui concerne ses caract\u00e9ristiques et son entretien, ce qui peut \u00eatre un facteur de r\u00e9confort pour les personnes qui ach\u00e8tent un v\u00e9hicule \u00e9lectrique pour la premi\u00e8re fois dans ces r\u00e9gions.<\/p>\n<h3 id=\"sourcing-and-logistics-for-a-globally-available-model\">Approvisionnement et logistique pour un mod\u00e8le disponible dans le monde entier<\/h3>\n<p>Contrairement \u00e0 l'i3, qui est une exclusivit\u00e9 chinoise, l'approvisionnement de l'i4 est plus simple, car elle est produite pour \u00eatre distribu\u00e9e dans le monde entier. Toutefois, des difficult\u00e9s subsistent. Une forte demande peut encore entra\u00eener de longues listes d'attente dans les circuits officiels. Un exportateur exp\u00e9riment\u00e9 peut s'appuyer sur un r\u00e9seau plus large pour s'approvisionner en v\u00e9hicules dans diff\u00e9rentes r\u00e9gions o\u00f9 la disponibilit\u00e9 peut \u00eatre meilleure, ou o\u00f9 certains packs d'options souhaitables sont plus courants. Il peut g\u00e9rer la consolidation des v\u00e9hicules, la conteneurisation et la logistique d'exp\u00e9dition afin de garantir une cha\u00eene d'approvisionnement r\u00e9guli\u00e8re et fiable \u00e0 votre entreprise. Le processus est peut-\u00eatre moins exotique que l'achat de la i3, mais la n\u00e9cessit\u00e9 d'une logistique professionnelle et efficace reste tout aussi essentielle au maintien de la rentabilit\u00e9 et de la satisfaction des clients. En explorant les diff\u00e9rentes <a href=\"https:\/\/www.tjygqc.com\/bmw-category\/\" rel=\"nofollow\">L'offre de v\u00e9hicules \u00e9lectriques de BMW<\/a> peut fournir une image plus claire des options disponibles pour l'importation.<\/p>\n<h2 id=\"model-deep-dive-4-the-bmw-ix-the-luxury-technology-flagship\">Model Deep Dive 4 : La BMW iX - Le vaisseau amiral de la technologie de luxe<\/h2>\n<p>Au sommet de la gamme actuelle des v\u00e9hicules \u00e9lectriques BMW se trouve l'iX. Il ne s'agit pas seulement d'un SUV \u00e9lectrique ; c'est la vitrine roulante des technologies les plus avanc\u00e9es, des mat\u00e9riaux les plus durables et du design le plus audacieux de BMW. L'iX est un v\u00e9hicule d'affirmation, con\u00e7u pour une client\u00e8le qui ne recherche pas seulement un moyen de transport, mais une exp\u00e9rience. Pour l'importateur, l'iX est un produit de grande valeur et \u00e0 forte marge qui sert de halo \u00e0 l'ensemble de la marque, signalant un engagement en faveur du luxe ultime et de l'innovation.<\/p>\n<h3 id=\"defining-the-pinnacle-of-bmw-electric-luxury\">Le summum du luxe \u00e9lectrique BMW<\/h3>\n<p>L'iX a \u00e9t\u00e9 con\u00e7u d\u00e8s le d\u00e9part comme un v\u00e9hicule purement \u00e9lectrique, et cette libert\u00e9 est \u00e9vidente dans ses moindres d\u00e9tails. Le design ext\u00e9rieur est polarisant et sans concession, avec une calandre massive et auto-cicatrisante qui abrite une s\u00e9rie de cam\u00e9ras et de capteurs. C'est un design qui attire l'attention et communique une confiance technologique.<\/p>\n<p>Le vrai luxe, cependant, se trouve \u00e0 l'int\u00e9rieur. L'iX dispose d'un int\u00e9rieur spacieux, semblable \u00e0 un salon. Le plancher plat et le toit panoramique \"Sky Lounge\" cr\u00e9ent une sensation d'ouverture in\u00e9gal\u00e9e. Les mat\u00e9riaux sont un m\u00e9lange de tradition et de futurisme. Les acheteurs peuvent opter pour du bois exquis \u00e0 pores ouverts, mais aussi pour des surfaces garnies d'un textile durable appel\u00e9 \"Loft\" ou d'un cuir tann\u00e9 \u00e0 la feuille d'olivier. Le volant hexagonal et l'\u00e9cran massif et incurv\u00e9 qui int\u00e8gre le combin\u00e9 d'instruments et l'\u00e9cran d'infodivertissement ne ressemblent \u00e0 rien d'autre dans la gamme BMW. Ils donnent l'impression d'\u00eatre sp\u00e9ciaux, sur mesure et profond\u00e9ment luxueux.<\/p>\n<h3 id=\"advanced-features-shy-tech-idrive-8-and-sustainable-materials\">Caract\u00e9ristiques avanc\u00e9es : Shy Tech, iDrive 8 et mat\u00e9riaux durables<\/h3>\n<p>L'iX se d\u00e9finit par sa philosophie \"Shy Tech\", une technologie qui reste cach\u00e9e jusqu'\u00e0 ce qu'elle soit n\u00e9cessaire. Les haut-parleurs sont int\u00e9gr\u00e9s de mani\u00e8re invisible dans les panneaux de porte. Le contr\u00f4leur iDrive est un magnifique morceau de verre cristallin sous lequel se trouvent des boutons tactiles r\u00e9tro\u00e9clair\u00e9s. Le syst\u00e8me de nettoyage de la cam\u00e9ra frontale est cach\u00e9 derri\u00e8re le logo BMW. Cette approche cr\u00e9e un environnement calme et \u00e9pur\u00e9, o\u00f9 la technologie est au service des occupants sans les submerger.<\/p>\n<p>L'iX a \u00e9t\u00e9 l'un des premiers mod\u00e8les \u00e0 \u00eatre \u00e9quip\u00e9 du syst\u00e8me d'exploitation BMW iDrive 8. Avec ses sch\u00e9mas hautement personnalisables, son assistant vocal en langage naturel et son int\u00e9gration pouss\u00e9e avec l'application My BMW, il a \u00e9tabli une nouvelle r\u00e9f\u00e9rence en mati\u00e8re d'interface utilisateur embarqu\u00e9e. Le syst\u00e8me permet des mises \u00e0 jour automatiques, ce qui signifie que le v\u00e9hicule peut b\u00e9n\u00e9ficier de nouvelles fonctionnalit\u00e9s et d'am\u00e9liorations au fil du temps, ce qui lui conf\u00e8re une sensation de fra\u00eecheur et de modernit\u00e9.<\/p>\n<h3 id=\"targeting-high-net-worth-individuals-in-key-markets\">Cibler les personnes fortun\u00e9es sur les march\u00e9s cl\u00e9s<\/h3>\n<p>L'iX n'est pas un produit de masse, c'est un outil de pr\u00e9cision pour cibler le segment le plus ais\u00e9 du march\u00e9. Au Moyen-Orient, son design audacieux et son int\u00e9rieur opulent et technologique correspondent parfaitement aux go\u00fbts des acheteurs de luxe de la r\u00e9gion. Dans les centres technologiques d'Europe et d'Asie, elle s\u00e9duit les entrepreneurs et les cadres sup\u00e9rieurs qui veulent se montrer \u00e0 la fois respectueux de l'environnement et \u00e0 la pointe de la technologie.<\/p>\n<p>La commercialisation de l'iX n\u00e9cessite une approche diff\u00e9rente. Il s'agit moins de sp\u00e9cifications pratiques telles que l'espace de chargement que d'une histoire, celle d'un luxe durable, d'une technologie r\u00e9volutionnaire et d'un design unique. Les essais de conduite, les visites priv\u00e9es et les partenariats avec d'autres marques de luxe peuvent \u00eatre des moyens efficaces d'atteindre la client\u00e8le cible de ce v\u00e9hicule exceptionnel.<\/p>\n<h3 id=\"the-role-of-a-specialized-exporter-in-handling-high-value-units\">Le r\u00f4le d'un exportateur sp\u00e9cialis\u00e9 dans le traitement d'unit\u00e9s de grande valeur<\/h3>\n<p>L'importation d'un v\u00e9hicule tel que l'iX comporte un niveau de risque plus \u00e9lev\u00e9 et n\u00e9cessite une plus grande attention. Il s'agit de biens de grande valeur, et tout dommage ou retard dans le processus d'exp\u00e9dition peut avoir des cons\u00e9quences financi\u00e8res importantes. Un exportateur sp\u00e9cialis\u00e9 offre une tranquillit\u00e9 d'esprit gr\u00e2ce \u00e0 plusieurs services cl\u00e9s. Il veillera \u00e0 ce que le v\u00e9hicule soit enti\u00e8rement assur\u00e9 tout au long de son voyage. Il utilisera des m\u00e9thodes d'exp\u00e9dition s\u00fbres et de qualit\u00e9 sup\u00e9rieure, telles que la conteneurisation individuelle, pour prot\u00e9ger le v\u00e9hicule des \u00e9l\u00e9ments et des dommages potentiels.<\/p>\n<p>En outre, ils g\u00e8rent toutes les formalit\u00e9s douani\u00e8res complexes et les transactions financi\u00e8res associ\u00e9es \u00e0 un article de grande valeur, garantissant ainsi un processus fluide et transparent. Pour un produit phare comme l'iX, une exp\u00e9rience de livraison sans faille fait partie de la promesse de luxe. S'appuyer sur un partenaire expert permet de s'assurer que cette promesse est tenue, depuis l'usine jusqu'\u00e0 l'entr\u00e9e du v\u00e9hicule de votre client. Pour comprendre l'\u00e9thique d'une entreprise d\u00e9di\u00e9e \u00e0 ce niveau de service, il suffit d'en savoir plus. <a href=\"https:\/\/www.tjygqc.com\/about-us\/\" rel=\"nofollow\">\u00e0 propos de nous<\/a>.<\/p>\n<h2 id=\"partnering-for-success-your-gateway-to-global-ev-trade\">Un partenariat pour la r\u00e9ussite : Votre porte d'entr\u00e9e pour le commerce mondial des VE<\/h2>\n<p>Les approfondissements pr\u00e9c\u00e9dents sur ces quatre v\u00e9hicules \u00e9lectriques BMW distincts illustrent un monde d'opportunit\u00e9s. De la technologie d'avenir de la Neue Klasse iX3 \u00e0 l'attrait unique de la berline i3, il existe un mod\u00e8le pour chaque niche strat\u00e9gique. Toutefois, l'identification de l'opportunit\u00e9 n'est que la premi\u00e8re \u00e9tape. Pour en tirer parti, il faut naviguer dans un labyrinthe de logistique, de finances et de r\u00e9glementations internationales. C'est l\u00e0 que l'on r\u00e9alise la v\u00e9ritable valeur d'un partenaire professionnel de l'exportation.<\/p>\n<h3 id=\"the-complexities-of-international-vehicle-homologation\">La complexit\u00e9 de l'homologation internationale des v\u00e9hicules<\/h3>\n<p>L'homologation est le processus qui consiste \u00e0 certifier qu'un v\u00e9hicule r\u00e9pond aux normes techniques et de s\u00e9curit\u00e9 d'un pays ou d'une r\u00e9gion sp\u00e9cifique. Il s'agit d'un domaine complexe et exigeant. Un v\u00e9hicule construit pour le march\u00e9 chinois, par exemple, aura un \u00e9clairage, des \u00e9missions (en termes de param\u00e8tres logiciels) et des dispositifs de s\u00e9curit\u00e9 configur\u00e9s selon les r\u00e9glementations chinoises. Pour importer ce v\u00e9hicule dans l'Union europ\u00e9enne, il faut s'assurer qu'il respecte un ensemble de r\u00e9glementations europ\u00e9ennes compl\u00e8tement diff\u00e9rent.<\/p>\n<p>Cela peut impliquer des modifications physiques, des formalit\u00e9s administratives approfondies et des inspections rigoureuses. Le non-respect de ces exigences peut entra\u00eener la saisie du v\u00e9hicule, le refus d'entr\u00e9e sur le territoire ou l'impossibilit\u00e9 de l'immatriculer, ce qui se traduit par une perte financi\u00e8re totale. Un exportateur professionnel dispose d'\u00e9quipes charg\u00e9es de comprendre les exigences d'homologation sp\u00e9cifiques aux diff\u00e9rents pays de destination. Ces \u00e9quipes g\u00e8rent l'ensemble du processus et veillent \u00e0 ce que chaque v\u00e9hicule exp\u00e9di\u00e9 soit parfaitement conforme et pr\u00eat \u00e0 \u00eatre immatricul\u00e9 l\u00e9galement \u00e0 l'arriv\u00e9e.<\/p>\n<h3 id=\"financial-and-logistical-hurdles-in-cross-border-trade\">Obstacles financiers et logistiques au commerce transfrontalier<\/h3>\n<p>Le transport de marchandises de grande valeur \u00e0 travers le monde est intrins\u00e8quement complexe. La logistique implique la coordination du transport terrestre, de la manutention portuaire, du fret maritime et de la livraison finale. Chaque \u00e9tape comporte ses propres co\u00fbts, risques et possibilit\u00e9s de retard. La gestion efficace de ce processus n\u00e9cessite de l'exp\u00e9rience et un r\u00e9seau bien \u00e9tabli de prestataires logistiques de confiance.<\/p>\n<p>Les aspects financiers sont tout aussi d\u00e9licats. Les transactions internationales impliquent un risque de change, des lettres de cr\u00e9dit ou d'autres m\u00e9thodes de paiement s\u00e9curis\u00e9es, ainsi que la gestion des tarifs, des droits et des taxes. Un partenaire d'exportation simplifie tout cela. Il fournit des prix clairs, tout compris (souvent sur la base du co\u00fbt, de l'assurance et du fret) qui simplifient votre planification financi\u00e8re. Il g\u00e8re la complexit\u00e9 des transactions financi\u00e8res, prot\u00e9geant \u00e0 la fois l'acheteur et le vendeur et garantissant un flux de capitaux sans heurts. Cette gestion financi\u00e8re et logistique est un \u00e9l\u00e9ment essentiel de la strat\u00e9gie de marketing de BMW, qui a permis d'atteindre des clients dans le monde entier.<\/p>\n<h3 id=\"how-a-professional-exporter-streamlines-the-process\">Comment un exportateur professionnel rationalise le processus<\/h3>\n<p>Consid\u00e9rez un exportateur professionnel comme une extension de votre entreprise, un service sp\u00e9cialis\u00e9 dans les achats et la logistique \u00e0 l'\u00e9chelle internationale. Son r\u00f4le est d'\u00e9liminer les frictions du processus d'importation, ce qui vous permet de vous concentrer sur ce que vous faites le mieux : vendre des voitures et servir vos clients.<\/p>\n<p>Ils constituent un point de contact unique pour l'approvisionnement, les modifications techniques, la conformit\u00e9, l'exp\u00e9dition et le financement. Ils tirent parti de leur pouvoir d'achat et de leurs relations pour obtenir des stocks auxquels vous n'auriez pas acc\u00e8s par vos propres moyens. Ils absorbent la complexit\u00e9 et le risque du commerce international, en livrant un v\u00e9hicule pr\u00eat \u00e0 \u00eatre commercialis\u00e9 dans le port de votre choix. Pour toute entreprise d\u00e9sireuse de tirer parti de la demande mondiale de v\u00e9hicules \u00e9lectriques BMW haut de gamme, le partenariat avec une telle organisation n'est pas un co\u00fbt ; c'est un investissement dans l'efficacit\u00e9, la s\u00e9curit\u00e9 et la rentabilit\u00e9. Les avantages de ces v\u00e9hicules de pointe sont \u00e9vidents, et un exportateur professionnel permet d'y acc\u00e9der.<\/p>\n<h3 id=\"frequently-asked-questions-faq\">Foire aux questions (FAQ)<\/h3>\n<p><strong>Quelles sont les principales diff\u00e9rences entre l'i3 eDrive35L chinoise et l'i4 mondiale ?<\/strong> La diff\u00e9rence la plus importante r\u00e9side dans le style de la carrosserie et sa fonction. La i3 eDrive35L est une berline \u00e0 empattement long dont l'objectif est de maximiser le confort et l'espace des passagers arri\u00e8re. L'i4 est un grand coup\u00e9 au design plus sportif, avec un large hayon arri\u00e8re pour plus de praticit\u00e9. Bien qu'elles partagent certaines technologies sous-jacentes, l'i3 est con\u00e7ue pour le march\u00e9 des voitures de fonction avec chauffeur, tandis que l'i4 est un v\u00e9hicule polyvalent davantage ax\u00e9 sur le conducteur.<\/p>\n<p><strong>Quelle est l'incidence de l'architecture Neue Klasse sur la r\u00e9paration et l'entretien de la nouvelle iX3 ?<\/strong> L'architecture de la Neue Klasse est con\u00e7ue pour une plus grande simplicit\u00e9 et une meilleure facilit\u00e9 d'entretien. Le groupe motopropulseur int\u00e9gr\u00e9 et la nouvelle structure de la batterie peuvent n\u00e9cessiter de nouveaux outils de diagnostic et une nouvelle formation pour les techniciens. Cependant, le syst\u00e8me est con\u00e7u pour \u00eatre plus robuste. Des mises \u00e0 jour logicielles en temps r\u00e9el peuvent r\u00e9soudre de nombreux probl\u00e8mes \u00e0 distance. Pour les importateurs, il sera essentiel de s'assurer que leurs centres de service ou ateliers partenaires re\u00e7oivent la formation n\u00e9cessaire pour g\u00e9rer cette technologie de nouvelle g\u00e9n\u00e9ration.<\/p>\n<p><strong>Est-il difficile d'obtenir le soutien d'une infrastructure de recharge pour un v\u00e9hicule \u00e9lectrique BMW import\u00e9 ?<\/strong> En g\u00e9n\u00e9ral, non, \u00e0 condition que le v\u00e9hicule ait \u00e9t\u00e9 correctement converti \u00e0 la norme de charge locale (par exemple, CCS en Europe). Une fois convertie, une BMW EV fonctionnera avec n'importe quel chargeur public standard. Le syst\u00e8me de navigation du v\u00e9hicule, lorsqu'il est correctement mis \u00e0 jour pour la r\u00e9gion, affichera \u00e9galement les stations de recharge compatibles. L'application My BMW est un outil puissant pour planifier les arr\u00eats de recharge au cours d'un voyage.<\/p>\n<p><strong>Quel est l'argument du \"co\u00fbt total de possession\" (TCO) pour les v\u00e9hicules \u00e9lectriques BMW ?<\/strong> Le co\u00fbt total de possession est un puissant argument de vente. Si le prix d'achat initial d'une BMW EV peut \u00eatre plus \u00e9lev\u00e9 que celui d'un v\u00e9hicule \u00e0 moteur \u00e0 combustion interne (ICE) comparable, les co\u00fbts d'utilisation sont nettement inf\u00e9rieurs. L'\u00e9lectricit\u00e9 est g\u00e9n\u00e9ralement moins ch\u00e8re que l'essence ou le diesel. L'entretien est \u00e9galement r\u00e9duit, car les VE ont moins de pi\u00e8ces mobiles (pas de vidange d'huile, de bougies d'allumage, de syst\u00e8mes d'\u00e9chappement). Dans de nombreux pays, les VE b\u00e9n\u00e9ficient \u00e9galement d'une r\u00e9duction des taxes, des p\u00e9ages et des p\u00e9ages urbains. Sur une p\u00e9riode de 3 \u00e0 5 ans, le co\u00fbt total de possession d'un v\u00e9hicule \u00e9lectrique BMW peut \u00eatre nettement inf\u00e9rieur \u00e0 celui d'un v\u00e9hicule \u00e0 moteur \u00e0 combustion interne.<\/p>\n<p><strong>Les services num\u00e9riques et l'infodivertissement d'une BMW fabriqu\u00e9e en Chine peuvent-ils fonctionner en Europe ou au Moyen-Orient ?<\/strong> Oui, mais cela n\u00e9cessite l'intervention d'un professionnel. Un exportateur sp\u00e9cialis\u00e9 effectuera une conversion logicielle. Il s'agit de mettre \u00e0 jour l'ordinateur principal du v\u00e9hicule (l'unit\u00e9 principale) avec le logiciel de la r\u00e9gion cible. Cela permet de changer la langue, d'installer les cartes correctes pour la navigation et d'activer des fonctions de connectivit\u00e9 telles que le magasin ConnectedDrive r\u00e9gional et l'int\u00e9gration d'applications. Il s'agit d'une t\u00e2che technique complexe qui est essentielle pour offrir une bonne exp\u00e9rience \u00e0 l'utilisateur.<\/p>\n<p><strong>Quel mod\u00e8le de BMW EV a la meilleure valeur de revente ?<\/strong> Il est toujours difficile de pr\u00e9dire la valeur de revente future, mais certains facteurs donnent des indices. En r\u00e8gle g\u00e9n\u00e9rale, les mod\u00e8les dot\u00e9s d'une plus grande autonomie et d'une technologie plus avanc\u00e9e, comme la Neue Klasse iX3 \u00e0 venir, devraient conserver leur valeur. Les mod\u00e8les embl\u00e9matiques et tr\u00e8s demand\u00e9s, comme l'i4 M50, ont \u00e9galement tendance \u00e0 avoir des valeurs r\u00e9siduelles \u00e9lev\u00e9es. La nature unique de la i3 eDrive35L pourrait \u00e9galement en faire un v\u00e9hicule recherch\u00e9 sur des march\u00e9s de niche, ce qui pourrait augmenter sa valeur \u00e0 long terme pour ceux qui appr\u00e9cient ses qualit\u00e9s sp\u00e9cifiques.<\/p>\n<p><strong>Y a-t-il des consid\u00e9rations particuli\u00e8res \u00e0 prendre en compte pour l'utilisation de ces v\u00e9hicules dans des climats tr\u00e8s chauds comme celui du Moyen-Orient ?<\/strong> Les v\u00e9hicules \u00e9lectriques BMW sont \u00e9quip\u00e9s de syst\u00e8mes sophistiqu\u00e9s de gestion thermique de la batterie. Ces syst\u00e8mes utilisent des liquides de refroidissement et de chauffage pour maintenir la batterie \u00e0 sa temp\u00e9rature de fonctionnement optimale, que ce soit en hiver scandinave ou en \u00e9t\u00e9 \u00e0 Duba\u00ef. Ils prot\u00e8gent ainsi la sant\u00e9 de la batterie et garantissent des performances et des vitesses de chargement constantes, m\u00eame en cas de chaleur extr\u00eame. La fonction de pr\u00e9-conditionnement, qui vous permet de refroidir l'habitacle \u00e0 l'aide de l'application My BMW avant de monter \u00e0 bord, est \u00e9galement une fonction tr\u00e8s appr\u00e9ci\u00e9e dans les climats chauds.<\/p>\n<h3 id=\"conclusion\">Conclusion<\/h3>\n<p>Le paysage de la mobilit\u00e9 \u00e9lectrique n'est plus un horizon lointain, c'est le sol sous nos pieds. Pour l'importateur de v\u00e9hicules utilitaires, la voie \u00e0 suivre est pav\u00e9e \u00e0 la fois d'immenses possibilit\u00e9s et d'une grande complexit\u00e9. La gamme 2025 de v\u00e9hicules \u00e9lectriques BMW constitue une \u00e9tude de cas convaincante de cette nouvelle r\u00e9alit\u00e9. Elle offre un portefeuille riche en diversit\u00e9 - de la d\u00e9claration technologique avant-gardiste de la Neue Klasse iX3 au luxe pragmatique de la i4 Gran Coup\u00e9, de l'opulence du vaisseau amiral iX \u00e0 l'\u00e9clat unique et sp\u00e9cifique au march\u00e9 de la berline i3 eDrive35L.<\/p>\n<p>Le succ\u00e8s dans cet environnement dynamique ne sera pas d\u00e9termin\u00e9 par le simple choix de la bonne voiture, mais par l'\u00e9laboration de la bonne strat\u00e9gie. Cela exige une compr\u00e9hension profonde et empathique des march\u00e9s cibles, une ma\u00eetrise de l'\u00e9volution technologique et une approche m\u00e9ticuleuse des d\u00e9fis du commerce international. Les importateurs les plus avis\u00e9s reconna\u00eetront que naviguer dans les courants de l'homologation, de la logistique et du financement n'est pas une t\u00e2che \u00e0 entreprendre seul. Forger un partenariat solide avec un exportateur sp\u00e9cialis\u00e9, comp\u00e9tent et fiable est l'\u00e9tape d\u00e9finitive qui transforme un d\u00e9fi complexe en une entreprise commerciale rationalis\u00e9e, rentable et durable, ouvrant les portes d'un monde de possibilit\u00e9s \u00e9lectriques.<\/p>","protected":false},"excerpt":{"rendered":"<p>R\u00e9sum\u00e9 Cette analyse examine les imp\u00e9ratifs strat\u00e9giques pour les importateurs commerciaux qui se concentrent sur la distribution mondiale des v\u00e9hicules \u00e9lectriques BMW en 2025. Elle pr\u00e9sente un guide complet de quatre mod\u00e8les cl\u00e9s : l'iX3 de nouvelle g\u00e9n\u00e9ration construite sur l'architecture Neue Klasse, la berline i3 eDrive35L exclusive \u00e0 la Chine, l'i4 Gran Coup\u00e9 polyvalent et le SUV phare iX. Le [...]<\/p>","protected":false},"author":1,"featured_media":3044,"comment_status":"closed","ping_status":"closed","sticky":false,"template":"","format":"standard","meta":{"footnotes":""},"categories":[4],"tags":[],"class_list":["post-3040","post","type-post","status-publish","format-standard","has-post-thumbnail","hentry","category-news"],"yoast_head":"<!-- This site is optimized with the Yoast SEO plugin v24.4 - https:\/\/yoast.com\/wordpress\/plugins\/seo\/ -->\n<title>4 Must-Have BMW Electric Vehicles to Import in 2025: An Exporter&#039;s Guide - Tianjin Yigang Automobile Sales Co.,Ltd.<\/title>\n<meta name=\"robots\" content=\"index, follow, max-snippet:-1, max-image-preview:large, max-video-preview:-1\" \/>\n<link rel=\"canonical\" href=\"https:\/\/www.tjygqc.com\/fr\/4-must-have-bmw-electric-vehicles-to-import-in-2025-an-exporters-guide-article\/\" \/>\n<meta property=\"og:locale\" content=\"fr_FR\" \/>\n<meta property=\"og:type\" content=\"article\" \/>\n<meta property=\"og:title\" content=\"4 Must-Have BMW Electric Vehicles to Import in 2025: An Exporter&#039;s Guide - Tianjin Yigang Automobile Sales Co.,Ltd.\" \/>\n<meta property=\"og:description\" content=\"Abstract This analysis examines the strategic imperatives for commercial importers focusing on the global distribution of BMW electric vehicles in 2025. It presents a comprehensive guide to four pivotal models: the next-generation iX3 built on the Neue Klasse architecture, the China-exclusive i3 eDrive35L sedan, the versatile i4 Gran Coup\u00e9, and the flagship iX SUV. The [&hellip;]\" \/>\n<meta property=\"og:url\" content=\"https:\/\/www.tjygqc.com\/fr\/4-must-have-bmw-electric-vehicles-to-import-in-2025-an-exporters-guide-article\/\" \/>\n<meta property=\"og:site_name\" content=\"Tianjin Yigang Automobile Sales Co.,Ltd.\" \/>\n<meta property=\"article:publisher\" content=\"https:\/\/www.facebook.com\/tianjinyigang\/\" \/>\n<meta property=\"article:published_time\" content=\"2025-08-28T07:10:59+00:00\" \/>\n<meta property=\"article:modified_time\" content=\"2025-09-01T15:40:07+00:00\" \/>\n<meta property=\"og:image\" content=\"https:\/\/www.tjygqc.com\/wp-content\/uploads\/2025\/08\/4-must-have-bmw-electric-vehicles-to-import-in-2025-an-exporter-s-guide.webp\" \/>\n\t<meta property=\"og:image:width\" content=\"800\" \/>\n\t<meta property=\"og:image:height\" content=\"800\" \/>\n\t<meta property=\"og:image:type\" content=\"image\/webp\" \/>\n<meta name=\"author\" content=\"user\" \/>\n<meta name=\"twitter:card\" content=\"summary_large_image\" \/>\n<meta name=\"twitter:label1\" content=\"Written by\" \/>\n\t<meta name=\"twitter:data1\" content=\"user\" \/>\n\t<meta name=\"twitter:label2\" content=\"Est. reading time\" \/>\n\t<meta name=\"twitter:data2\" content=\"27 minutes\" \/>\n<script type=\"application\/ld+json\" class=\"yoast-schema-graph\">{\"@context\":\"https:\/\/schema.org\",\"@graph\":[{\"@type\":\"Article\",\"@id\":\"https:\/\/www.tjygqc.com\/4-must-have-bmw-electric-vehicles-to-import-in-2025-an-exporters-guide-article\/#article\",\"isPartOf\":{\"@id\":\"https:\/\/www.tjygqc.com\/4-must-have-bmw-electric-vehicles-to-import-in-2025-an-exporters-guide-article\/\"},\"author\":{\"name\":\"user\",\"@id\":\"https:\/\/www.tjygqc.com\/#\/schema\/person\/9a0e27c1156d5a1d4cb23dce2cc5ad36\"},\"headline\":\"4 Must-Have BMW Electric Vehicles to Import in 2025: An Exporter&#8217;s Guide\",\"datePublished\":\"2025-08-28T07:10:59+00:00\",\"dateModified\":\"2025-09-01T15:40:07+00:00\",\"mainEntityOfPage\":{\"@id\":\"https:\/\/www.tjygqc.com\/4-must-have-bmw-electric-vehicles-to-import-in-2025-an-exporters-guide-article\/\"},\"wordCount\":5905,\"publisher\":{\"@id\":\"https:\/\/www.tjygqc.com\/#organization\"},\"image\":{\"@id\":\"https:\/\/www.tjygqc.com\/4-must-have-bmw-electric-vehicles-to-import-in-2025-an-exporters-guide-article\/#primaryimage\"},\"thumbnailUrl\":\"https:\/\/www.tjygqc.com\/wp-content\/uploads\/2025\/08\/4-must-have-bmw-electric-vehicles-to-import-in-2025-an-exporter-s-guide.webp\",\"articleSection\":[\"News\"],\"inLanguage\":\"fr-FR\"},{\"@type\":\"WebPage\",\"@id\":\"https:\/\/www.tjygqc.com\/4-must-have-bmw-electric-vehicles-to-import-in-2025-an-exporters-guide-article\/\",\"url\":\"https:\/\/www.tjygqc.com\/4-must-have-bmw-electric-vehicles-to-import-in-2025-an-exporters-guide-article\/\",\"name\":\"4 Must-Have BMW Electric Vehicles to Import in 2025: An Exporter's Guide - Tianjin Yigang Automobile Sales Co.,Ltd.\",\"isPartOf\":{\"@id\":\"https:\/\/www.tjygqc.com\/#website\"},\"primaryImageOfPage\":{\"@id\":\"https:\/\/www.tjygqc.com\/4-must-have-bmw-electric-vehicles-to-import-in-2025-an-exporters-guide-article\/#primaryimage\"},\"image\":{\"@id\":\"https:\/\/www.tjygqc.com\/4-must-have-bmw-electric-vehicles-to-import-in-2025-an-exporters-guide-article\/#primaryimage\"},\"thumbnailUrl\":\"https:\/\/www.tjygqc.com\/wp-content\/uploads\/2025\/08\/4-must-have-bmw-electric-vehicles-to-import-in-2025-an-exporter-s-guide.webp\",\"datePublished\":\"2025-08-28T07:10:59+00:00\",\"dateModified\":\"2025-09-01T15:40:07+00:00\",\"breadcrumb\":{\"@id\":\"https:\/\/www.tjygqc.com\/4-must-have-bmw-electric-vehicles-to-import-in-2025-an-exporters-guide-article\/#breadcrumb\"},\"inLanguage\":\"fr-FR\",\"potentialAction\":[{\"@type\":\"ReadAction\",\"target\":[\"https:\/\/www.tjygqc.com\/4-must-have-bmw-electric-vehicles-to-import-in-2025-an-exporters-guide-article\/\"]}]},{\"@type\":\"ImageObject\",\"inLanguage\":\"fr-FR\",\"@id\":\"https:\/\/www.tjygqc.com\/4-must-have-bmw-electric-vehicles-to-import-in-2025-an-exporters-guide-article\/#primaryimage\",\"url\":\"https:\/\/www.tjygqc.com\/wp-content\/uploads\/2025\/08\/4-must-have-bmw-electric-vehicles-to-import-in-2025-an-exporter-s-guide.webp\",\"contentUrl\":\"https:\/\/www.tjygqc.com\/wp-content\/uploads\/2025\/08\/4-must-have-bmw-electric-vehicles-to-import-in-2025-an-exporter-s-guide.webp\",\"width\":800,\"height\":800,\"caption\":\"4 Must-Have BMW Electric Vehicles to Import in 2025: An Exporter's Guide\"},{\"@type\":\"BreadcrumbList\",\"@id\":\"https:\/\/www.tjygqc.com\/4-must-have-bmw-electric-vehicles-to-import-in-2025-an-exporters-guide-article\/#breadcrumb\",\"itemListElement\":[{\"@type\":\"ListItem\",\"position\":1,\"name\":\"Home\",\"item\":\"https:\/\/www.tjygqc.com\/\"},{\"@type\":\"ListItem\",\"position\":2,\"name\":\"4 Must-Have BMW Electric Vehicles to Import in 2025: An Exporter&#8217;s Guide\"}]},{\"@type\":\"WebSite\",\"@id\":\"https:\/\/www.tjygqc.com\/#website\",\"url\":\"https:\/\/www.tjygqc.com\/\",\"name\":\"Tianjin Yigang Automobile Sales Co.,Ltd.\",\"description\":\"Tianjin Yigang Automobile Sales Co.,Ltd.\",\"publisher\":{\"@id\":\"https:\/\/www.tjygqc.com\/#organization\"},\"potentialAction\":[{\"@type\":\"SearchAction\",\"target\":{\"@type\":\"EntryPoint\",\"urlTemplate\":\"https:\/\/www.tjygqc.com\/?s={search_term_string}\"},\"query-input\":{\"@type\":\"PropertyValueSpecification\",\"valueRequired\":true,\"valueName\":\"search_term_string\"}}],\"inLanguage\":\"fr-FR\"},{\"@type\":\"Organization\",\"@id\":\"https:\/\/www.tjygqc.com\/#organization\",\"name\":\"Tianjin Yigang Automobile Sales Co., Ltd.\",\"url\":\"https:\/\/www.tjygqc.com\/\",\"logo\":{\"@type\":\"ImageObject\",\"inLanguage\":\"fr-FR\",\"@id\":\"https:\/\/www.tjygqc.com\/#\/schema\/logo\/image\/\",\"url\":\"https:\/\/www.tjygqc.com\/wp-content\/uploads\/2025\/03\/cropped-WechatIMG581.png\",\"contentUrl\":\"https:\/\/www.tjygqc.com\/wp-content\/uploads\/2025\/03\/cropped-WechatIMG581.png\",\"width\":338,\"height\":142,\"caption\":\"Tianjin Yigang Automobile Sales Co., Ltd.\"},\"image\":{\"@id\":\"https:\/\/www.tjygqc.com\/#\/schema\/logo\/image\/\"},\"sameAs\":[\"https:\/\/www.facebook.com\/tianjinyigang\/\",\"https:\/\/www.youtube.com\/@TianjinYigangAutomobile\",\"https:\/\/www.instagram.com\/tianjinyigang\/\"]},{\"@type\":\"Person\",\"@id\":\"https:\/\/www.tjygqc.com\/#\/schema\/person\/9a0e27c1156d5a1d4cb23dce2cc5ad36\",\"name\":\"user\",\"image\":{\"@type\":\"ImageObject\",\"inLanguage\":\"fr-FR\",\"@id\":\"https:\/\/www.tjygqc.com\/#\/schema\/person\/image\/\",\"url\":\"https:\/\/secure.gravatar.com\/avatar\/b58996c504c5638798eb6b511e6f49af?s=96&d=mm&r=g\",\"contentUrl\":\"https:\/\/secure.gravatar.com\/avatar\/b58996c504c5638798eb6b511e6f49af?s=96&d=mm&r=g\",\"caption\":\"user\"},\"sameAs\":[\"https:\/\/www.tjygqc.com:8182\"],\"url\":\"https:\/\/www.tjygqc.com\/fr\/author\/user\/\"}]}<\/script>\n<!-- \/ Yoast SEO plugin. -->","yoast_head_json":{"title":"4 Must-Have BMW Electric Vehicles to Import in 2025: An Exporter's Guide - Tianjin Yigang Automobile Sales Co.,Ltd.","robots":{"index":"index","follow":"follow","max-snippet":"max-snippet:-1","max-image-preview":"max-image-preview:large","max-video-preview":"max-video-preview:-1"},"canonical":"https:\/\/www.tjygqc.com\/fr\/4-must-have-bmw-electric-vehicles-to-import-in-2025-an-exporters-guide-article\/","og_locale":"fr_FR","og_type":"article","og_title":"4 Must-Have BMW Electric Vehicles to Import in 2025: An Exporter's Guide - Tianjin Yigang Automobile Sales Co.,Ltd.","og_description":"Abstract This analysis examines the strategic imperatives for commercial importers focusing on the global distribution of BMW electric vehicles in 2025. It presents a comprehensive guide to four pivotal models: the next-generation iX3 built on the Neue Klasse architecture, the China-exclusive i3 eDrive35L sedan, the versatile i4 Gran Coup\u00e9, and the flagship iX SUV. The [&hellip;]","og_url":"https:\/\/www.tjygqc.com\/fr\/4-must-have-bmw-electric-vehicles-to-import-in-2025-an-exporters-guide-article\/","og_site_name":"Tianjin Yigang Automobile Sales Co.,Ltd.","article_publisher":"https:\/\/www.facebook.com\/tianjinyigang\/","article_published_time":"2025-08-28T07:10:59+00:00","article_modified_time":"2025-09-01T15:40:07+00:00","og_image":[{"width":800,"height":800,"url":"https:\/\/www.tjygqc.com\/wp-content\/uploads\/2025\/08\/4-must-have-bmw-electric-vehicles-to-import-in-2025-an-exporter-s-guide.webp","type":"image\/webp"}],"author":"user","twitter_card":"summary_large_image","twitter_misc":{"Written by":"user","Est. reading time":"27 minutes"},"schema":{"@context":"https:\/\/schema.org","@graph":[{"@type":"Article","@id":"https:\/\/www.tjygqc.com\/4-must-have-bmw-electric-vehicles-to-import-in-2025-an-exporters-guide-article\/#article","isPartOf":{"@id":"https:\/\/www.tjygqc.com\/4-must-have-bmw-electric-vehicles-to-import-in-2025-an-exporters-guide-article\/"},"author":{"name":"user","@id":"https:\/\/www.tjygqc.com\/#\/schema\/person\/9a0e27c1156d5a1d4cb23dce2cc5ad36"},"headline":"4 Must-Have BMW Electric Vehicles to Import in 2025: An Exporter&#8217;s Guide","datePublished":"2025-08-28T07:10:59+00:00","dateModified":"2025-09-01T15:40:07+00:00","mainEntityOfPage":{"@id":"https:\/\/www.tjygqc.com\/4-must-have-bmw-electric-vehicles-to-import-in-2025-an-exporters-guide-article\/"},"wordCount":5905,"publisher":{"@id":"https:\/\/www.tjygqc.com\/#organization"},"image":{"@id":"https:\/\/www.tjygqc.com\/4-must-have-bmw-electric-vehicles-to-import-in-2025-an-exporters-guide-article\/#primaryimage"},"thumbnailUrl":"https:\/\/www.tjygqc.com\/wp-content\/uploads\/2025\/08\/4-must-have-bmw-electric-vehicles-to-import-in-2025-an-exporter-s-guide.webp","articleSection":["News"],"inLanguage":"fr-FR"},{"@type":"WebPage","@id":"https:\/\/www.tjygqc.com\/4-must-have-bmw-electric-vehicles-to-import-in-2025-an-exporters-guide-article\/","url":"https:\/\/www.tjygqc.com\/4-must-have-bmw-electric-vehicles-to-import-in-2025-an-exporters-guide-article\/","name":"4 Must-Have BMW Electric Vehicles to Import in 2025: An Exporter's Guide - Tianjin Yigang Automobile Sales Co.,Ltd.","isPartOf":{"@id":"https:\/\/www.tjygqc.com\/#website"},"primaryImageOfPage":{"@id":"https:\/\/www.tjygqc.com\/4-must-have-bmw-electric-vehicles-to-import-in-2025-an-exporters-guide-article\/#primaryimage"},"image":{"@id":"https:\/\/www.tjygqc.com\/4-must-have-bmw-electric-vehicles-to-import-in-2025-an-exporters-guide-article\/#primaryimage"},"thumbnailUrl":"https:\/\/www.tjygqc.com\/wp-content\/uploads\/2025\/08\/4-must-have-bmw-electric-vehicles-to-import-in-2025-an-exporter-s-guide.webp","datePublished":"2025-08-28T07:10:59+00:00","dateModified":"2025-09-01T15:40:07+00:00","breadcrumb":{"@id":"https:\/\/www.tjygqc.com\/4-must-have-bmw-electric-vehicles-to-import-in-2025-an-exporters-guide-article\/#breadcrumb"},"inLanguage":"fr-FR","potentialAction":[{"@type":"ReadAction","target":["https:\/\/www.tjygqc.com\/4-must-have-bmw-electric-vehicles-to-import-in-2025-an-exporters-guide-article\/"]}]},{"@type":"ImageObject","inLanguage":"fr-FR","@id":"https:\/\/www.tjygqc.com\/4-must-have-bmw-electric-vehicles-to-import-in-2025-an-exporters-guide-article\/#primaryimage","url":"https:\/\/www.tjygqc.com\/wp-content\/uploads\/2025\/08\/4-must-have-bmw-electric-vehicles-to-import-in-2025-an-exporter-s-guide.webp","contentUrl":"https:\/\/www.tjygqc.com\/wp-content\/uploads\/2025\/08\/4-must-have-bmw-electric-vehicles-to-import-in-2025-an-exporter-s-guide.webp","width":800,"height":800,"caption":"4 Must-Have BMW Electric Vehicles to Import in 2025: An Exporter's Guide"},{"@type":"BreadcrumbList","@id":"https:\/\/www.tjygqc.com\/4-must-have-bmw-electric-vehicles-to-import-in-2025-an-exporters-guide-article\/#breadcrumb","itemListElement":[{"@type":"ListItem","position":1,"name":"Home","item":"https:\/\/www.tjygqc.com\/"},{"@type":"ListItem","position":2,"name":"4 Must-Have BMW Electric Vehicles to Import in 2025: An Exporter&#8217;s Guide"}]},{"@type":"WebSite","@id":"https:\/\/www.tjygqc.com\/#website","url":"https:\/\/www.tjygqc.com\/","name":"Tianjin Yigang Automobile Sales Co.,Ltd.","description":"Tianjin Yigang Automobile Sales Co.,Ltd.","publisher":{"@id":"https:\/\/www.tjygqc.com\/#organization"},"potentialAction":[{"@type":"SearchAction","target":{"@type":"EntryPoint","urlTemplate":"https:\/\/www.tjygqc.com\/?s={search_term_string}"},"query-input":{"@type":"PropertyValueSpecification","valueRequired":true,"valueName":"search_term_string"}}],"inLanguage":"fr-FR"},{"@type":"Organization","@id":"https:\/\/www.tjygqc.com\/#organization","name":"Tianjin Yigang Automobile Sales Co., Ltd.","url":"https:\/\/www.tjygqc.com\/","logo":{"@type":"ImageObject","inLanguage":"fr-FR","@id":"https:\/\/www.tjygqc.com\/#\/schema\/logo\/image\/","url":"https:\/\/www.tjygqc.com\/wp-content\/uploads\/2025\/03\/cropped-WechatIMG581.png","contentUrl":"https:\/\/www.tjygqc.com\/wp-content\/uploads\/2025\/03\/cropped-WechatIMG581.png","width":338,"height":142,"caption":"Tianjin Yigang Automobile Sales Co., Ltd."},"image":{"@id":"https:\/\/www.tjygqc.com\/#\/schema\/logo\/image\/"},"sameAs":["https:\/\/www.facebook.com\/tianjinyigang\/","https:\/\/www.youtube.com\/@TianjinYigangAutomobile","https:\/\/www.instagram.com\/tianjinyigang\/"]},{"@type":"Person","@id":"https:\/\/www.tjygqc.com\/#\/schema\/person\/9a0e27c1156d5a1d4cb23dce2cc5ad36","name":"user","image":{"@type":"ImageObject","inLanguage":"fr-FR","@id":"https:\/\/www.tjygqc.com\/#\/schema\/person\/image\/","url":"https:\/\/secure.gravatar.com\/avatar\/b58996c504c5638798eb6b511e6f49af?s=96&d=mm&r=g","contentUrl":"https:\/\/secure.gravatar.com\/avatar\/b58996c504c5638798eb6b511e6f49af?s=96&d=mm&r=g","caption":"user"},"sameAs":["https:\/\/www.tjygqc.com:8182"],"url":"https:\/\/www.tjygqc.com\/fr\/author\/user\/"}]}},"_links":{"self":[{"href":"https:\/\/www.tjygqc.com\/fr\/wp-json\/wp\/v2\/posts\/3040","targetHints":{"allow":["GET"]}}],"collection":[{"href":"https:\/\/www.tjygqc.com\/fr\/wp-json\/wp\/v2\/posts"}],"about":[{"href":"https:\/\/www.tjygqc.com\/fr\/wp-json\/wp\/v2\/types\/post"}],"author":[{"embeddable":true,"href":"https:\/\/www.tjygqc.com\/fr\/wp-json\/wp\/v2\/users\/1"}],"replies":[{"embeddable":true,"href":"https:\/\/www.tjygqc.com\/fr\/wp-json\/wp\/v2\/comments?post=3040"}],"version-history":[{"count":2,"href":"https:\/\/www.tjygqc.com\/fr\/wp-json\/wp\/v2\/posts\/3040\/revisions"}],"predecessor-version":[{"id":3055,"href":"https:\/\/www.tjygqc.com\/fr\/wp-json\/wp\/v2\/posts\/3040\/revisions\/3055"}],"wp:featuredmedia":[{"embeddable":true,"href":"https:\/\/www.tjygqc.com\/fr\/wp-json\/wp\/v2\/media\/3044"}],"wp:attachment":[{"href":"https:\/\/www.tjygqc.com\/fr\/wp-json\/wp\/v2\/media?parent=3040"}],"wp:term":[{"taxonomy":"category","embeddable":true,"href":"https:\/\/www.tjygqc.com\/fr\/wp-json\/wp\/v2\/categories?post=3040"},{"taxonomy":"post_tag","embeddable":true,"href":"https:\/\/www.tjygqc.com\/fr\/wp-json\/wp\/v2\/tags?post=3040"}],"curies":[{"name":"wp","href":"https:\/\/api.w.org\/{rel}","templated":true}]}}