{"id":3050,"date":"2025-08-28T07:11:05","date_gmt":"2025-08-28T07:11:05","guid":{"rendered":"https:\/\/www.tjygqc.com\/your-2026-guide-5-reasons-the-new-bmw-electric-car-lineup-dominates-article\/"},"modified":"2025-09-01T15:46:03","modified_gmt":"2025-09-01T15:46:03","slug":"your-2026-guide-5-reasons-the-new-bmw-electric-car-lineup-dominates","status":"publish","type":"post","link":"https:\/\/www.tjygqc.com\/fr\/your-2026-guide-5-reasons-the-new-bmw-electric-car-lineup-dominates-article\/","title":{"rendered":"Votre guide 2026 : 5 raisons pour lesquelles la nouvelle gamme de voitures \u00e9lectriques BMW domine"},"content":{"rendered":"<h3 id=\"abstract\">R\u00e9sum\u00e9<\/h3>\n<p>La future gamme de voitures \u00e9lectriques BMW 2026 repr\u00e9sente un moment charni\u00e8re pour le constructeur automobile bavarois, signalant une r\u00e9orientation strat\u00e9gique et technologique fondamentale. Cette analyse examine la nature globale de cette transformation, centr\u00e9e sur l'introduction de l'architecture \"Neue Klasse\" (nouvelle classe). Cette plateforme d\u00e9di\u00e9e aux v\u00e9hicules \u00e9lectriques n'est pas une simple mise \u00e0 jour technique, mais une r\u00e9imagination holistique de l'automobile, int\u00e9grant les progr\u00e8s de la technologie des batteries, des interfaces num\u00e9riques et de la fabrication durable. Le premier mod\u00e8le \u00e0 incarner cette philosophie, la BMW iX3 2026, se positionne comme un concurrent direct dans le segment tr\u00e8s disput\u00e9 des SUV \u00e9lectriques haut de gamme. Les principaux d\u00e9veloppements comprennent l'adoption de cellules de batterie cylindriques de sixi\u00e8me g\u00e9n\u00e9ration, un syst\u00e8me \u00e9lectrique de 800 volts pour une recharge rapide, et un concept int\u00e9rieur radical avec l'affichage \"Panoramic Vision\". Ce changement souligne l'engagement de BMW en faveur d'une \u00e9conomie circulaire, mettant l'accent sur les mat\u00e9riaux recycl\u00e9s et l'\u00e9nergie verte dans la production, abordant ainsi les dimensions \u00e9thiques et environnementales de la mobilit\u00e9 moderne.<\/p>\n<h3 id=\"key-takeaways\">Principaux enseignements<\/h3>\n<ul>\n<li>La plateforme Neue Klasse est une architecture d\u00e9di\u00e9e aux v\u00e9hicules \u00e9lectriques, et non une plateforme de combustion modifi\u00e9e.<\/li>\n<li>Les nouvelles cellules de batterie cylindriques promettent plus de 30% d'autonomie et des vitesses de charge plus rapides.<\/li>\n<li>L'iX3 2026 est le premier mod\u00e8le qui vise directement la part de march\u00e9 de la Tesla Model Y.<\/li>\n<li>Le nouvel habitacle est dot\u00e9 d'un affichage t\u00eate haute \"Panoramic Vision\" sur toute la largeur de l'habitacle.<\/li>\n<li>Pour acheter une voiture \u00e9lectrique BMW, il faut comprendre ce nouvel \u00e9cosyst\u00e8me technologique.<\/li>\n<li>La durabilit\u00e9 est au centre des pr\u00e9occupations, l'accent \u00e9tant mis sur les mat\u00e9riaux recycl\u00e9s et la production \u00e9cologique.<\/li>\n<li>BMW pr\u00e9voit au moins six mod\u00e8les Neue Klasse d'ici \u00e0 2028, ce qui \u00e9largira sa gamme de produits \u00e9lectriques.<\/li>\n<\/ul>\n<h3 id=\"table-of-contents\">Table des mati\u00e8res<\/h3>\n<ul>\n<li><a href=\"#1-the-revolutionary-neue-klasse-a-new-foundation-for-electric-dominance\">1. La r\u00e9volutionnaire Neue Klasse : Une nouvelle base pour la domination \u00e9lectrique<\/a><\/li>\n<li><a href=\"#2-battery-technology-and-performance-the-heart-of-the-new-generation\">2. Technologie et performances des batteries : Le c\u0153ur de la nouvelle g\u00e9n\u00e9ration<\/a><\/li>\n<li><a href=\"#3-design-and-aerodynamics-marrying-form-with-electric-function\">3. Conception et a\u00e9rodynamisme : Mariage de la forme et de la fonction \u00e9lectrique<\/a><\/li>\n<li><a href=\"#4-the-strategic-rollout-market-positioning-and-global-impact\">4. Le d\u00e9ploiement strat\u00e9gique : Positionnement sur le march\u00e9 et impact mondial<\/a><\/li>\n<li><a href=\"#5-sustainability-and-the-circular-economy-a-core-tenet-of-the-bmw-electric-car\">5. Durabilit\u00e9 et \u00e9conomie circulaire : Un principe fondamental de la voiture \u00e9lectrique BMW<\/a><\/li>\n<\/ul>\n<p><img loading=\"lazy\" decoding=\"async\" class=\"entered loaded\" style=\"display: block; margin-left: auto; margin-right: auto;\" src=\"https:\/\/www.tjygqc.com\/wp-content\/uploads\/2025\/03\/BMW-i5-eDrive-40L-Luxury-Package-1-2.webp\" alt=\"\" width=\"600\" height=\"600\" data-src=\"https:\/\/www.tjygqc.com\/wp-content\/uploads\/2025\/03\/BMW-i5-eDrive-40L-Luxury-Package-1-2.webp\" data-ll-status=\"loaded\" \/><\/p>\n<h2 id=\"1-the-revolutionary-neue-klasse-a-new-foundation-for-electric-dominance\">1. La r\u00e9volutionnaire Neue Klasse : Une nouvelle base pour la domination \u00e9lectrique<\/h2>\n<p>Pour comprendre l'importance de la gamme de v\u00e9hicules \u00e9lectriques BMW 2026, il faut d'abord saisir le concept de \"Neue Klasse\". Il ne s'agit pas simplement d'un nouveau mod\u00e8le ou d'un lifting, mais d'une r\u00e9initialisation fondamentale, d'une r\u00e9volution philosophique et architecturale pour BMW. Le terme lui-m\u00eame, qui signifie \"nouvelle classe\", fait d\u00e9lib\u00e9r\u00e9ment \u00e9cho \u00e0 la p\u00e9riode de transformation de l'entreprise dans les ann\u00e9es 1960, qui l'a sauv\u00e9e de la ruine et a \u00e9tabli son identit\u00e9 en tant que constructeur de berlines sportives. Aujourd'hui, le d\u00e9fi n'est pas la faillite mais la pertinence dans un monde \u00e9lectrifi\u00e9, num\u00e9ris\u00e9 et soucieux de l'environnement. La Neue Klasse est la r\u00e9ponse de BMW \u00e0 ce d\u00e9fi.<\/p>\n<h3 id=\"what-is-the-neue-klasse-a-philosophical-shift\">Qu'est-ce que la Neue Klasse ? Un changement de philosophie<\/h3>\n<p>\u00c0 la base, la Neue Klasse est une architecture d\u00e9di\u00e9e aux v\u00e9hicules \"\u00e9lectriques d'abord\". Il s'agit l\u00e0 d'une distinction essentielle. Bon nombre des v\u00e9hicules \u00e9lectriques actuellement propos\u00e9s par BMW, tels que les i4 et i7, sont construits sur des plateformes flexibles con\u00e7ues pour accueillir \u00e0 la fois des moteurs \u00e0 combustion interne (ICE) et des groupes motopropulseurs \u00e9lectriques. Bien que commercialement pragmatique, cette approche implique des compromis inh\u00e9rents en mati\u00e8re d'emballage, de r\u00e9partition du poids et d'efficacit\u00e9 spatiale. C'est comme si l'on r\u00e9novait une vieille maison pour y installer une plomberie et un c\u00e2blage modernes ; on peut y arriver, mais ce ne sera jamais aussi int\u00e9gr\u00e9 qu'une maison con\u00e7ue d\u00e8s le d\u00e9part avec ces syst\u00e8mes \u00e0 l'esprit.<\/p>\n<p>La plateforme Neue Klasse abandonne ce compromis. Il s'agit d'un \"skateboard\" sp\u00e9cialement con\u00e7u pour les v\u00e9hicules \u00e9lectriques, avec un plancher plat abritant la batterie, des moteurs \u00e9lectriques aux essieux et des syst\u00e8mes de contr\u00f4le sophistiqu\u00e9s g\u00e9rant l'ensemble de l'appareil. Cette approche, d\u00e9taill\u00e9e par les analystes automobiles, permet de repenser compl\u00e8tement les proportions et l'espace int\u00e9rieur du v\u00e9hicule. L'absence d'un tunnel de transmission, d'un grand compartiment moteur et d'un syst\u00e8me d'\u00e9chappement lib\u00e8re un volume \u00e9norme pour les occupants et le chargement. Cette libert\u00e9 structurelle est le fondement de toutes les autres innovations de la nouvelle famille de voitures \u00e9lectriques BMW.<\/p>\n<h3 id=\"architectural-advantages-beyond-the-skateboard\">Avantages architecturaux : Au-del\u00e0 de la planche \u00e0 roulettes<\/h3>\n<p>Le g\u00e9nie de l'architecture Neue Klasse r\u00e9side dans sa modularit\u00e9 et son int\u00e9gration. Il ne s'agit pas seulement d'une plateforme pour une voiture, mais d'une base flexible pour toute une famille de v\u00e9hicules, des berlines compactes aux grands SUV. Cette \u00e9volutivit\u00e9 est essentielle pour r\u00e9aliser les \u00e9conomies d'\u00e9chelle n\u00e9cessaires \u00e0 une concurrence rentable sur le march\u00e9 mondial des v\u00e9hicules \u00e9lectriques. L'architecture int\u00e8gre quatre \"super-cerveaux\" cl\u00e9s, des ordinateurs \u00e0 haute performance qui contr\u00f4lent le groupe motopropulseur et la dynamique de conduite, les fonctions de conduite autonome, l'infodivertissement et les syst\u00e8mes de carrosserie. Cette consolidation des unit\u00e9s de contr\u00f4le \u00e9lectronique (ECU) simplifie le syst\u00e8me nerveux \u00e9lectronique du v\u00e9hicule, le rendant plus robuste, plus rapide et plus facile \u00e0 mettre \u00e0 jour par voie hertzienne (OTA).<\/p>\n<p>Pour les personnes impliqu\u00e9es dans le commerce international de v\u00e9hicules, comme un <a href=\"https:\/\/www.tjygqc.com\/\" rel=\"nofollow\">la premi\u00e8re source de v\u00e9hicules \u00e9lectriques commerciaux<\/a>La compr\u00e9hension de cette architecture est primordiale. Elle marque un changement dans la d\u00e9finition de la valeur et de la complexit\u00e9 d'un v\u00e9hicule. L'accent n'est plus mis sur la complexit\u00e9 m\u00e9canique, mais sur les performances et les caract\u00e9ristiques d\u00e9finies par logiciel. Le service, les diagnostics et m\u00eame le potentiel de mises \u00e0 niveau futures sont fondamentalement li\u00e9s \u00e0 cette nouvelle \u00e9pine dorsale num\u00e9rique.<\/p>\n<table style=\"width: 100%; border-collapse: collapse;\" border=\"1\">\n<thead>\n<tr>\n<th style=\"text-align: left;\">Fonctionnalit\u00e9<\/th>\n<th style=\"text-align: left;\">V\u00e9hicules \u00e9lectriques BMW actuels (plate-forme CLAR)<\/th>\n<th style=\"text-align: left;\">Neue Klasse EVs (\u00e0 partir de 2026)<\/th>\n<\/tr>\n<\/thead>\n<tbody>\n<tr>\n<td style=\"text-align: left;\"><strong>Plate-forme<\/strong><\/td>\n<td style=\"text-align: left;\">Flexible (ICE, PHEV, BEV)<\/td>\n<td style=\"text-align: left;\">R\u00e9serv\u00e9 aux BEV<\/td>\n<\/tr>\n<tr>\n<td style=\"text-align: left;\"><strong>Cellules de batterie<\/strong><\/td>\n<td style=\"text-align: left;\">Prismatique (Gen5)<\/td>\n<td style=\"text-align: left;\">Cylindrique (Gen6)<\/td>\n<\/tr>\n<tr>\n<td style=\"text-align: left;\"><strong>Tension du syst\u00e8me<\/strong><\/td>\n<td style=\"text-align: left;\">Architecture 400V<\/td>\n<td style=\"text-align: left;\">Architecture 800V<\/td>\n<\/tr>\n<tr>\n<td style=\"text-align: left;\"><strong>Affichage int\u00e9rieur<\/strong><\/td>\n<td style=\"text-align: left;\">\u00c9cran incurv\u00e9<\/td>\n<td style=\"text-align: left;\">Vision panoramique + affichage central<\/td>\n<\/tr>\n<tr>\n<td style=\"text-align: left;\"><strong>Conception structurelle<\/strong><\/td>\n<td style=\"text-align: left;\">Compromis pour plusieurs groupes motopropulseurs<\/td>\n<td style=\"text-align: left;\">Optimisation de l'espace et du poids<\/td>\n<\/tr>\n<tr>\n<td style=\"text-align: left;\"><strong>Logiciel<\/strong><\/td>\n<td style=\"text-align: left;\">Plusieurs calculateurs distribu\u00e9s<\/td>\n<td style=\"text-align: left;\">Quatre \"super-cerveaux\" int\u00e9gr\u00e9s<\/td>\n<\/tr>\n<\/tbody>\n<\/table>\n<h3 id=\"the-firstborn-the-2026-bmw-ix3\">Le premier-n\u00e9 : La BMW iX3 de 2026<\/h3>\n<p>Le premier v\u00e9hicule de s\u00e9rie \u00e0 na\u00eetre de ces nouvelles fondations sera la BMW iX3 de nouvelle g\u00e9n\u00e9ration, dont la production devrait d\u00e9buter fin 2025 pour une mise sur le march\u00e9 en 2026. Ce mod\u00e8le est sans doute la voiture la plus importante pour BMW depuis une d\u00e9cennie. Il s'agit d'un SUV de taille moyenne, ce qui le place au c\u0153ur du segment de march\u00e9 le plus populaire et le plus rentable au monde. Plus important encore, il vise carr\u00e9ment le champion incontest\u00e9 de ce segment : la Tesla Model Y.<\/p>\n<p>Le choix de l'iX3 comme premier mod\u00e8le est une d\u00e9claration d'intention. Il ne s'agit pas d'une voiture de niche, mais d'un v\u00e9hicule de grande diffusion con\u00e7u pour d\u00e9montrer les avantages concrets de la philosophie de la Neue Klasse dans un ensemble pratique et familial. Les premiers rapports et les prototypes aper\u00e7us sugg\u00e8rent un v\u00e9hicule plus a\u00e9rodynamique et plus sportif que son pr\u00e9d\u00e9cesseur, avec un design qui incorpore fortement des \u00e9l\u00e9ments de la voiture conceptuelle \"Vision Neue Klasse\". Il mettra en valeur l'espace offert par la conception du plancher plat, en offrant plus d'espace pour les jambes \u00e0 l'arri\u00e8re et une plus grande flexibilit\u00e9 int\u00e9rieure que son homologue \u00e0 moteur \u00e0 combustion, le X3.<\/p>\n<h3 id=\"implications-for-future-models-i3-sedan-ix4\">Implications pour les futurs mod\u00e8les (i3 Sedan, iX4)<\/h3>\n<p>L'iX3 n'est qu'un d\u00e9but. BMW a confirm\u00e9 qu'au moins cinq autres v\u00e9hicules bas\u00e9s sur la Neue Klasse suivront rapidement, lanc\u00e9s d'ici 2028. Le prochain mod\u00e8le confirm\u00e9 est une berline du segment embl\u00e9matique de la s\u00e9rie 3, qui devrait logiquement porter le nom de i3. Il s'agit d'un appel direct au c\u0153ur traditionnel de la marque, qui promet de transposer la dynamique de conduite classique de BMW dans un format purement \u00e9lectrique. La production de ce mod\u00e8le devrait d\u00e9buter \u00e0 Munich en 2026.<\/p>\n<p>Par ailleurs, des rapports cr\u00e9dibles font \u00e9tat d'un SUV de style coup\u00e9, probablement un iX4, et potentiellement d'une variante tourisme ou familiale de la berline i3. Cette expansion rapide d\u00e9montre l'efficacit\u00e9 de la plateforme modulaire Neue Klasse. Une fois l'ing\u00e9nierie de base achev\u00e9e, la cr\u00e9ation de diff\u00e9rents \"chapeaux\" - les styles de carrosserie qui reposent sur le ch\u00e2ssis de la planche \u00e0 roulettes - devient un processus beaucoup plus rapide et plus rentable. Pour les march\u00e9s mondiaux d'Europe, d'Asie du Sud-Est et du Moyen-Orient, cela signifie qu'un portefeuille diversifi\u00e9 de mod\u00e8les avanc\u00e9s de voitures \u00e9lectriques BMW sera disponible dans un d\u00e9lai relativement court.<\/p>\n<h2 id=\"2-battery-technology-and-performance-the-heart-of-the-new-generation\">2. Technologie et performances des batteries : Le c\u0153ur de la nouvelle g\u00e9n\u00e9ration<\/h2>\n<p>Si l'architecture Neue Klasse est le squelette de la nouvelle voiture \u00e9lectrique BMW, la technologie de la batterie de sixi\u00e8me g\u00e9n\u00e9ration en est le c\u0153ur. L'autonomie d'un v\u00e9hicule, sa vitesse de chargement et une grande partie de son co\u00fbt et de son poids d\u00e9pendent tous de la batterie. Le passage de BMW \u00e0 un nouveau format de batterie et \u00e0 une nouvelle chimie est aussi important que la plateforme elle-m\u00eame, car il permet de r\u00e9aliser des gains de performance et d'efficacit\u00e9 qui d\u00e9finiront l'exp\u00e9rience de l'utilisateur.<\/p>\n<h3 id=\"sixth-generation-round-cells-a-leap-forward\">Cellules rondes de sixi\u00e8me g\u00e9n\u00e9ration : Un pas en avant<\/h3>\n<p>Pour ses VE de cinqui\u00e8me g\u00e9n\u00e9ration (comme l'iX et l'i4), BMW a utilis\u00e9 des cellules prismatiques. Pour la Neue Klasse, l'entreprise passe \u00e0 de nouvelles cellules cylindriques, souvent appel\u00e9es \"cellules rondes\". Cela peut sembler un d\u00e9tail technique mineur, mais il a des implications profondes. Ces nouvelles cellules, d'un diam\u00e8tre standard de 46 mm et disponibles en deux hauteurs diff\u00e9rentes, sont dot\u00e9es d'une cathode riche en nickel et d'une anode \u00e0 teneur accrue en silicium.<\/p>\n<p>Qu'est-ce que cela signifie concr\u00e8tement ?<\/p>\n<ol>\n<li><strong>Densit\u00e9 \u00e9nerg\u00e9tique :<\/strong> BMW pr\u00e9voit une augmentation de la densit\u00e9 \u00e9nerg\u00e9tique volum\u00e9trique de plus de 20% par rapport aux cellules prismatiques pr\u00e9c\u00e9dentes. Cela signifie qu'il est possible de concentrer plus d'\u00e9nergie dans le m\u00eame espace, ce qui peut \u00eatre utilis\u00e9 pour augmenter l'autonomie ou r\u00e9duire la taille et le poids du bloc-batterie pour une autonomie donn\u00e9e.<\/li>\n<li><strong>Durabilit\u00e9 et dur\u00e9e de vie :<\/strong> La chimie am\u00e9lior\u00e9e est con\u00e7ue pour une dur\u00e9e de vie plus longue, ce qui est une consid\u00e9ration cruciale pour les premiers propri\u00e9taires et le march\u00e9 secondaire.<\/li>\n<li><strong>R\u00e9duction des co\u00fbts :<\/strong> La nouvelle conception des cellules et un processus de production optimis\u00e9 devraient permettre de r\u00e9duire le co\u00fbt de l'ensemble de la batterie jusqu'\u00e0 50%. Il s'agit du facteur le plus important pour rapprocher le prix des VE haut de gamme de celui de leurs \u00e9quivalents \u00e0 moteur \u00e0 combustion interne.<\/li>\n<\/ol>\n<h3 id=\"charging-speed-and-infrastructure-the-800v-architecture\">Vitesse de charge et infrastructure : L'architecture 800V<\/h3>\n<p>L'am\u00e9lioration la plus visible pour l'utilisateur est sans doute le passage d'une architecture de syst\u00e8me de 400 volts \u00e0 800 volts. En termes \u00e9lectriques, la puissance (le taux de transfert d'\u00e9nergie) est le produit de la tension et du courant (Puissance = Tension \u00d7 Courant). En doublant la tension \u00e0 800 V, vous pouvez obtenir la m\u00eame puissance de charge avec la moiti\u00e9 du courant. Un courant plus faible signifie que moins de chaleur est g\u00e9n\u00e9r\u00e9e dans les c\u00e2bles et les composants de la batterie, ce qui est le principal facteur limitant de la charge rapide.<\/p>\n<p>Le r\u00e9sultat ? BMW affirme que les v\u00e9hicules de la Neue Klasse pourront augmenter leur autonomie de 300 kilom\u00e8tres (environ 186 miles) en seulement 10 minutes de charge \u00e0 une station de charge rapide CC compatible. La vitesse de charge devrait \u00eatre jusqu'\u00e0 30% plus rapide dans l'ensemble, passant d'un \u00e9tat de charge de 10% \u00e0 80%. Cela r\u00e9duit consid\u00e9rablement l'un des principaux inconv\u00e9nients des VE - les longues attentes pendant les trajets - et rapproche l'exp\u00e9rience du \"ravitaillement\" de celle d'une voiture conventionnelle. Pour les op\u00e9rateurs commerciaux et les exportateurs, cette caract\u00e9ristique est un argument de vente majeur, en particulier dans les r\u00e9gions qui d\u00e9veloppent rapidement leur infrastructure de recharge \u00e0 haute puissance.<\/p>\n<table style=\"width: 100%; border-collapse: collapse;\" border=\"1\">\n<thead>\n<tr>\n<th style=\"text-align: left;\">Mod\u00e8le<\/th>\n<th style=\"text-align: left;\">D\u00e9but de production pr\u00e9vu<\/th>\n<th style=\"text-align: left;\">Segment<\/th>\n<th style=\"text-align: left;\">Principaux concurrents<\/th>\n<\/tr>\n<\/thead>\n<tbody>\n<tr>\n<td style=\"text-align: left;\"><strong>BMW iX3 (NA5)<\/strong><\/td>\n<td style=\"text-align: left;\">Fin 2025<\/td>\n<td style=\"text-align: left;\">SUV \u00e9lectrique de taille moyenne<\/td>\n<td style=\"text-align: left;\">Tesla Model Y, Audi Q6 e-tron, Mercedes EQC SUV<\/td>\n<\/tr>\n<tr>\n<td style=\"text-align: left;\"><strong>BMW i3 Berline (NA0)<\/strong><\/td>\n<td style=\"text-align: left;\">2026<\/td>\n<td style=\"text-align: left;\">Berline \u00e9lectrique de taille moyenne<\/td>\n<td style=\"text-align: left;\">Tesla Model 3, Polestar 2, Hyundai Ioniq 6<\/td>\n<\/tr>\n<tr>\n<td style=\"text-align: left;\"><strong>BMW iX4 (NA7)<\/strong><\/td>\n<td style=\"text-align: left;\">2027 (estimation)<\/td>\n<td style=\"text-align: left;\">Coup\u00e9-SUV \u00e9lectrique de taille moyenne<\/td>\n<td style=\"text-align: left;\">Tesla Model Y, Polestar 4, Audi Q6 Sportback e-tron<\/td>\n<\/tr>\n<tr>\n<td style=\"text-align: left;\"><strong>BMW i3 Touring (NA1)<\/strong><\/td>\n<td style=\"text-align: left;\">2027 (estimation)<\/td>\n<td style=\"text-align: left;\">Wagon \u00e9lectrique de taille moyenne<\/td>\n<td style=\"text-align: left;\">Nio ET5 Touring, VW ID.7 Tourer<\/td>\n<\/tr>\n<tr>\n<td style=\"text-align: left;\"><strong>Mod\u00e8le d'entr\u00e9e sans nom<\/strong><\/td>\n<td style=\"text-align: left;\">2028 (estimation)<\/td>\n<td style=\"text-align: left;\">Segment compact<\/td>\n<td style=\"text-align: left;\">Mercedes EQA, Volvo EX30<\/td>\n<\/tr>\n<\/tbody>\n<\/table>\n<h3 id=\"range-and-efficiency-redefining-expectations\">Autonomie et efficacit\u00e9 : Red\u00e9finir les attentes<\/h3>\n<p>La combinaison d'une densit\u00e9 \u00e9nerg\u00e9tique plus \u00e9lev\u00e9e, d'une chimie cellulaire am\u00e9lior\u00e9e et d'un a\u00e9rodynamisme sup\u00e9rieur du v\u00e9hicule devrait permettre d'augmenter consid\u00e9rablement l'autonomie globale. BMW vise une am\u00e9lioration de l'autonomie allant jusqu'\u00e0 30% par rapport \u00e0 la g\u00e9n\u00e9ration actuelle de VE. Cela signifie que les mod\u00e8les Neue Klasse de haut de gamme pourraient confortablement d\u00e9passer les 600-700 kilom\u00e8tres (370-435 miles) selon le cycle WLTP, en fonction de la taille et de la configuration de la batterie.<\/p>\n<p>Cependant, l'autonomie n'est pas seulement une question de grande batterie, c'est aussi une question d'efficacit\u00e9. L'approche globale de la Neue Klasse - r\u00e9duction du poids, am\u00e9lioration de l'a\u00e9rodynamisme et optimisation du logiciel du groupe motopropulseur - signifie que le v\u00e9hicule consomme moins d'\u00e9nergie pour parcourir chaque kilom\u00e8tre. Il s'agit l\u00e0 d'un moyen plus durable d'accro\u00eetre l'autonomie que la simple installation de batteries de plus en plus grandes et de plus en plus lourdes. Pour les acheteurs des march\u00e9s o\u00f9 le co\u00fbt de l'\u00e9lectricit\u00e9 est \u00e9lev\u00e9, cette efficacit\u00e9 sup\u00e9rieure se traduit directement par une r\u00e9duction des co\u00fbts d'exploitation. Au moment de choisir les mod\u00e8les \u00e0 importer, ceux qui cherchent \u00e0 <a href=\"https:\/\/www.tjygqc.com\/bmw-category\/\" rel=\"nofollow\">D\u00e9couvrez notre gamme actuelle de BMW EV<\/a> constateront que cette nouvelle g\u00e9n\u00e9ration offre des arguments convaincants en mati\u00e8re de co\u00fbt total de possession.<\/p>\n<h3 id=\"performance-metrics-from-ix3-to-potential-m-models\">Mesures de performance : De iX3 aux mod\u00e8les M potentiels<\/h3>\n<p>Si l'efficacit\u00e9 est essentielle, il s'agit toujours d'une BMW, et la performance reste un \u00e9l\u00e9ment essentiel de l'ADN de la marque. L'architecture Neue Klasse est con\u00e7ue pour prendre en charge une large gamme de puissances, depuis les configurations \u00e0 moteur unique \u00e0 propulsion arri\u00e8re jusqu'aux configurations \u00e0 double moteur \u00e0 transmission int\u00e9grale de haute performance.<\/p>\n<p>Les premi\u00e8res versions de l'iX3 devraient offrir diff\u00e9rents niveaux de puissance, potentiellement baptis\u00e9s iX330, iX340 et iX350, ce qui indique une structure de performances par paliers. La v\u00e9ritable excitation, cependant, r\u00e9side dans le potentiel de performance M et de mod\u00e8les M \u00e0 part enti\u00e8re. Des rapports cr\u00e9dibles font \u00e9tat d'un futur mod\u00e8le BMW iX3 M60 qui arriverait vers 2026 et qui serait probablement dot\u00e9 d'une configuration \u00e0 deux moteurs d\u00e9veloppant plus de 500 chevaux. Le couple instantan\u00e9 fourni par les moteurs \u00e9lectriques, associ\u00e9 au contr\u00f4le sophistiqu\u00e9 de la dynamique de conduite des nouveaux \"super-cerveaux\", promet un niveau d'acc\u00e9l\u00e9ration et de maniabilit\u00e9 qui pourrait red\u00e9finir les performances dans ce segment. La possibilit\u00e9 d'une voiture M purement \u00e9lectrique construite sur cette plateforme est une perspective all\u00e9chante pour les passionn\u00e9s du monde entier.<\/p>\n<h2 id=\"3-design-and-aerodynamics-marrying-form-with-electric-function\">3. Conception et a\u00e9rodynamisme : Mariage de la forme et de la fonction \u00e9lectrique<\/h2>\n<p>L'identit\u00e9 visuelle des v\u00e9hicules de la Neue Klasse sera aussi r\u00e9volutionnaire que leur technologie sous-jacente. Le design repr\u00e9sente une rupture consciente avec le pass\u00e9, s'orientant vers un langage plus \u00e9pur\u00e9, plus monolithique et intrins\u00e8quement num\u00e9rique. Il s'agit d'une esth\u00e9tique n\u00e9e des exigences de la mobilit\u00e9 \u00e9lectrique, o\u00f9 l'efficacit\u00e9 a\u00e9rodynamique n'est pas seulement un objectif stylistique, mais une n\u00e9cessit\u00e9 fonctionnelle pour maximiser l'autonomie.<\/p>\n<h3 id=\"a-new-design-language-inspired-by-the-vision-neue-klasse-concept\">Un nouveau langage de conception : Inspir\u00e9 par le concept Vision Neue Klasse<\/h3>\n<p>Les concepts BMW Vision Neue Klasse et Vision Neue Klasse X sont nos fen\u00eatres les plus claires sur cette nouvelle philosophie du design. Le look se caract\u00e9rise par des surfaces nettes et \u00e9tendues et par une r\u00e9duction du nombre de lignes de caract\u00e8re. La traditionnelle calandre BMW est r\u00e9imagin\u00e9e, non plus comme une entr\u00e9e d'air pour un moteur, mais comme un \"panneau d'interaction\" num\u00e9rique abritant des capteurs pour les syst\u00e8mes d'assistance au conducteur. Elle est flanqu\u00e9e de nouvelles signatures de phares qui s'int\u00e8grent parfaitement dans le bouclier avant.<\/p>\n<p>Les \u00e9l\u00e9ments cl\u00e9s sont les suivants<\/p>\n<ul>\n<li><strong>Corps monolithique :<\/strong> On a l'impression que la voiture a \u00e9t\u00e9 taill\u00e9e dans un seul bloc, avec moins de d\u00e9tails compliqu\u00e9s.<\/li>\n<li><strong>Des ic\u00f4nes revisit\u00e9es :<\/strong> La calandre r\u00e9niforme, les phares jumel\u00e9s et le \"pli Hofmeister\" du montant C sont tous pr\u00e9sents, mais r\u00e9interpr\u00e9t\u00e9s dans un contexte moderne et num\u00e9rique.<\/li>\n<li><strong>Grandes serres :<\/strong> Les avantages de la plate-forme en skateboard permettent d'abaisser la ceinture de caisse et d'agrandir les vitres, cr\u00e9ant ainsi un habitacle a\u00e9r\u00e9 et lumineux.<\/li>\n<li><strong>D\u00e9taillage au ras du sol :<\/strong> Les poign\u00e9es de porte, les joints de fen\u00eatre et les interstices des panneaux sont r\u00e9duits au minimum pour cr\u00e9er une surface lisse et ininterrompue qui favorise la circulation de l'air.<\/li>\n<\/ul>\n<p>Cette conception est d\u00e9lib\u00e9r\u00e9ment tourn\u00e9e vers l'avenir. Il cherche \u00e0 communiquer le saut technologique que repr\u00e9sente la Neue Klasse. Il affirme avec assurance que la voiture \u00e9lectrique BMW ne cherche pas \u00e0 \u00eatre une version \u00e9lectrique d'une voiture \u00e0 essence, mais qu'elle est tout \u00e0 fait nouvelle.<\/p>\n<h3 id=\"aerodynamic-efficiency-as-a-core-principle\">L'efficacit\u00e9 a\u00e9rodynamique comme principe de base<\/h3>\n<p>Dans un v\u00e9hicule \u00e0 combustion interne, l'a\u00e9rodynamisme influe sur l'\u00e9conomie de carburant. Dans un v\u00e9hicule \u00e9lectrique, elle d\u00e9termine directement l'autonomie. La moindre tra\u00een\u00e9e a\u00e9rodynamique est de l'\u00e9nergie qui doit \u00eatre pr\u00e9lev\u00e9e sur la batterie simplement pour repousser l'air. Les ing\u00e9nieurs de BMW ont fait de la r\u00e9duction de cette tra\u00een\u00e9e un pilier central de la conception de la Neue Klasse.<\/p>\n<p>Ils y parviennent par plusieurs moyens : un soubassement plus lisse (gr\u00e2ce \u00e0 la batterie plate), des \u00e9l\u00e9ments a\u00e9rodynamiques actifs qui peuvent s'ouvrir ou se fermer pour g\u00e9rer le flux d'air, des panneaux de carrosserie soigneusement sculpt\u00e9s et des roues optimis\u00e9es sur le plan a\u00e9rodynamique. Le concept Vision Neue Klasse affiche une r\u00e9duction de 30% de la tra\u00een\u00e9e par rapport aux mod\u00e8les actuels du m\u00eame segment. Si l'on transpose ne serait-ce qu'une partie significative de cette am\u00e9lioration aux mod\u00e8les iX3 et i3 de s\u00e9rie, on obtiendra une augmentation substantielle de l'autonomie en conditions r\u00e9elles, en particulier sur autoroute, o\u00f9 la r\u00e9sistance \u00e0 l'air est la force dominante.<\/p>\n<h3 id=\"interior-revolution-panoramic-vision-and-idrive-10\">R\u00e9volution int\u00e9rieure : Vision panoramique et iDrive 10<\/h3>\n<p>L'int\u00e9rieur des v\u00e9hicules de la Neue Klasse repr\u00e9sente la rupture la plus radicale avec le design automobile actuel. La pi\u00e8ce ma\u00eetresse de ce nouvel habitacle est la \"vision panoramique BMW\". Il ne s'agit pas d'un affichage t\u00eate haute traditionnel, mais d'une matrice d'affichage haute r\u00e9solution projet\u00e9e sur toute la largeur inf\u00e9rieure du pare-brise. Il affiche les informations essentielles sur la conduite, la navigation et les m\u00e9dias dans le champ de vision direct du conducteur, ce qui lui permet de garder les yeux sur la route.<\/p>\n<p>Il est compl\u00e9t\u00e9 par un nouvel \u00e9cran tactile central en forme de parall\u00e9logramme aliment\u00e9 par le syst\u00e8me d'exploitation iDrive 10 de nouvelle g\u00e9n\u00e9ration. Ce syst\u00e8me est bas\u00e9 sur Android Automotive et promet un haut degr\u00e9 de personnalisation, des temps de r\u00e9ponse rapides et une int\u00e9gration transparente dans la vie num\u00e9rique du conducteur. Le contr\u00f4leur iDrive traditionnel est conserv\u00e9, offrant une alternative tactile \u00e0 l'\u00e9cran tactile.<\/p>\n<p>L'effet global est un tableau de bord \u00e9pur\u00e9 et minimaliste. En d\u00e9pla\u00e7ant les informations principales vers l'\u00e9cran Panoramic Vision, il n'est plus n\u00e9cessaire d'avoir un grand tableau de bord traditionnel derri\u00e8re le volant. Il en r\u00e9sulte une sensation d'ouverture et d'espace sans pr\u00e9c\u00e9dent. Il s'agit d'une interface centr\u00e9e sur l'homme, con\u00e7ue pour r\u00e9duire les distractions et pr\u00e9senter les informations dans un format intuitif et facile \u00e0 consulter.<\/p>\n<h3 id=\"materiality-and-sustainability-in-design\">Mat\u00e9rialit\u00e9 et durabilit\u00e9 dans la conception<\/h3>\n<p>Le choix des mat\u00e9riaux utilis\u00e9s dans l'habitacle de la Neue Klasse est guid\u00e9 par le principe de durabilit\u00e9. BMW abandonne le chrome et le cuir traditionnels au profit de mat\u00e9riaux de haute qualit\u00e9, d'origine v\u00e9g\u00e9tale et recycl\u00e9s. Les tissus sont souvent fabriqu\u00e9s \u00e0 partir de plastiques recycl\u00e9s et les garnitures d\u00e9coratives utilisent des bois durables ou d'autres ressources renouvelables.<\/p>\n<p>Il ne s'agit pas d'aust\u00e9rit\u00e9, mais d'une nouvelle d\u00e9finition du luxe. L'accent est mis sur la qualit\u00e9 tactile, les mat\u00e9riaux honn\u00eates et un design \u00e0 la fois technologiquement avanc\u00e9 et chaleureux. Les couleurs s'inspirent de la nature, cr\u00e9ant un environnement calme et agr\u00e9able. Pour les clients qui sont de plus en plus conscients de l'empreinte \u00e9cologique de leurs achats, cet engagement en faveur des mat\u00e9riaux durables est un \u00e9l\u00e9ment important de l'attrait du v\u00e9hicule. Il t\u00e9moigne d'une approche holistique o\u00f9 la voiture n'est pas seulement z\u00e9ro \u00e9mission en fonctionnement, mais aussi plus responsable dans sa construction m\u00eame. Cette approche s'aligne sur l'\u00e9thique des entreprises du secteur qui <a href=\"https:\/\/www.tjygqc.com\/about-us\/\" rel=\"nofollow\">en savoir plus sur notre engagement en faveur de la qualit\u00e9<\/a> et l'approvisionnement responsable.<\/p>\n<h2 id=\"4-the-strategic-rollout-market-positioning-and-global-impact\">4. Le d\u00e9ploiement strat\u00e9gique : Positionnement sur le march\u00e9 et impact mondial<\/h2>\n<p>Le lancement r\u00e9ussi d'une nouvelle famille de v\u00e9hicules ne d\u00e9pend pas seulement d'une ing\u00e9nierie et d'une conception excellentes ; il n\u00e9cessite une strat\u00e9gie de march\u00e9 astucieuse, un plan de fabrication solide et une vision claire de son r\u00f4le mondial. Le lancement de la Neue Klasse est un cours magistral de planification strat\u00e9gique, con\u00e7u pour maximiser l'impact et assurer la position de BMW dans le paysage des v\u00e9hicules \u00e9lectriques haut de gamme pour la prochaine d\u00e9cennie.<\/p>\n<h3 id=\"targeting-the-tesla-model-y-the-ix3-s-mission\">Cibler la Tesla Model Y : la mission de l'iX3<\/h3>\n<p>La d\u00e9cision de lancer la Neue Klasse avec l'iX3 est un d\u00e9fi direct et sans ambigu\u00eft\u00e9 \u00e0 la domination de Tesla sur le march\u00e9 des SUV \u00e9lectriques haut de gamme. Le mod\u00e8le Y de Tesla a connu un succ\u00e8s fulgurant dans le monde entier, \u00e9tablissant la r\u00e9f\u00e9rence en mati\u00e8re de performance, d'efficacit\u00e9 et d'emballage dans sa cat\u00e9gorie. Pour que BMW r\u00e9ussisse, l'iX3 ne doit pas se contenter d'\u00eatre un bon SUV \u00e9lectrique ; il doit \u00eatre une alternative convaincante \u00e0 la Model Y.<\/p>\n<p>La strat\u00e9gie de BMW semble \u00eatre une attaque sur plusieurs fronts :<\/p>\n<ul>\n<li><strong>Performances et autonomie :<\/strong> L'objectif est d'atteindre ou de d\u00e9passer les chiffres de la Model Y gr\u00e2ce \u00e0 la nouvelle technologie de batterie et de plate-forme.<\/li>\n<li><strong>Qualit\u00e9 de construction et luxe :<\/strong> En s'appuyant sur l'h\u00e9ritage de BMW en mati\u00e8re de mat\u00e9riaux int\u00e9rieurs de qualit\u00e9 sup\u00e9rieure, d'ajustement et de finition, il offre une exp\u00e9rience d'habitacle plus luxueuse.<\/li>\n<li><strong>Dynamique de conduite :<\/strong> Souligner la force traditionnelle de la marque en cr\u00e9ant des voitures attrayantes et agr\u00e9ables \u00e0 conduire, un domaine subjectif dans lequel certains critiques trouvent que Tesla manque d'atouts.<\/li>\n<li><strong>H\u00e9ritage de la marque :<\/strong> Il s'adresse aux clients fid\u00e8les de BMW et \u00e0 ceux qui recherchent le prestige et le r\u00e9seau de service \u00e9tabli d'un constructeur automobile traditionnel.<\/li>\n<\/ul>\n<p>Le succ\u00e8s de l'iX3 sera un barom\u00e8tre crucial pour l'ensemble du projet Neue Klasse. Une bonne performance par rapport au mod\u00e8le Y validera l'investissement massif de BMW et indiquera aux march\u00e9s d'Europe, d'Asie et d'Afrique qu'une nouvelle voiture \u00e9lectrique BMW tr\u00e8s comp\u00e9titive est disponible.<\/p>\n<h3 id=\"production-and-manufacturing-strategy-debrecen-plant\">Strat\u00e9gie de production et de fabrication (usine de Debrecen)<\/h3>\n<p>Signe de l'importance de ce nouveau chapitre, BMW a construit une usine enti\u00e8rement nouvelle \u00e0 Debrecen, en Hongrie, sp\u00e9cialement pour produire des v\u00e9hicules de la Neue Klasse. L'usine elle-m\u00eame est con\u00e7ue selon les principes du concept \"iFACTORY\" de BMW, qui met l'accent sur une fabrication all\u00e9g\u00e9e, \u00e9cologique et num\u00e9rique.<\/p>\n<p>L'un des aspects essentiels de l'usine de Debrecen est son engagement \u00e0 devenir une installation \"sans \u00e9nergie fossile\". Elle s'appuiera enti\u00e8rement sur des sources d'\u00e9nergie renouvelables pour ses besoins en \u00e9lectricit\u00e9, ce qui constitue une \u00e9tape importante dans la r\u00e9duction de l'empreinte carbone globale de chaque v\u00e9hicule produit. En outre, l'usine est con\u00e7ue pour une efficacit\u00e9 maximale, avec des processus hautement num\u00e9ris\u00e9s et automatis\u00e9s. Elle disposera m\u00eame d'une installation int\u00e9gr\u00e9e d'assemblage de batteries \u00e0 haute tension sur le site, ce qui permettra de r\u00e9duire les co\u00fbts logistiques et d'am\u00e9liorer l'int\u00e9gration entre la production de batteries et celle de v\u00e9hicules. Cette int\u00e9gration verticale est un avantage strat\u00e9gique cl\u00e9, qui permet \u00e0 BMW de mieux contr\u00f4ler la qualit\u00e9 et l'approvisionnement du composant le plus critique de tout v\u00e9hicule \u00e9lectrique.<\/p>\n<h3 id=\"nomenclature-changes-a-clearer-electric-identity\">Changements de nomenclature : Une identit\u00e9 \u00e9lectrique plus claire<\/h3>\n<p>Parall\u00e8lement \u00e0 cette nouvelle technologie, BMW aurait l'intention d'apporter un changement subtil mais important \u00e0 son syst\u00e8me de d\u00e9nomination des v\u00e9hicules afin de cr\u00e9er une distinction plus claire entre ses mod\u00e8les \u00e9lectriques et ses mod\u00e8les \u00e0 combustion. Dans le cadre du nouveau syst\u00e8me propos\u00e9, la lettre \"i\" qui pr\u00e9c\u00e8de actuellement les noms des mod\u00e8les \u00e9lectriques (comme i4, iX) serait utilis\u00e9e pour d\u00e9signer le groupe motopropulseur \u00e9lectrique lui-m\u00eame.<\/p>\n<p>Par exemple :<\/p>\n<ul>\n<li>Le X3 \u00e0 essence pourrait \u00eatre baptis\u00e9 \"X330\".<\/li>\n<li>L'\u00e9quivalent \u00e9lectrique, l'iX3, pourrait \u00eatre baptis\u00e9 \"iX330\", \"iX340\", etc.<\/li>\n<\/ul>\n<p>Ce changement r\u00e9serverait le pr\u00e9fixe \"i\" aux lignes de mod\u00e8les d\u00e9di\u00e9es aux v\u00e9hicules \u00e9lectriques, tout en clarifiant le type de groupe motopropulseur pour l'ensemble de la gamme. Si ce d\u00e9tail peut sembler mineur pour l'utilisateur final, pour les importateurs et les concessionnaires, il simplifie la hi\u00e9rarchie des mod\u00e8les et fait des offres de v\u00e9hicules \u00e9lectriques une partie plus int\u00e9gr\u00e9e de la gamme principale de produits, plut\u00f4t qu'une sous-marque distincte.<\/p>\n<h3 id=\"global-availability-and-market-specific-considerations\">Disponibilit\u00e9 mondiale et consid\u00e9rations sp\u00e9cifiques au march\u00e9<\/h3>\n<p>La Neue Klasse est une plate-forme mondiale et ses mod\u00e8les sont destin\u00e9s \u00e0 tous les grands march\u00e9s. La production ne sera pas limit\u00e9e \u00e0 la Hongrie. L'usine de Munich commencera \u00e0 construire la berline i3 en 2026, suivie par les usines de Shenyang, en Chine, et de San Luis Potos\u00ed, au Mexique. Cette r\u00e9partition de la production est essentielle pour att\u00e9nuer les risques g\u00e9opolitiques, r\u00e9duire les co\u00fbts d'exp\u00e9dition et adapter les v\u00e9hicules aux go\u00fbts et aux r\u00e9glementations r\u00e9gionales.<\/p>\n<p>Pour les march\u00e9s d'Asie du Sud-Est, du Moyen-Orient et d'Afrique, cette strat\u00e9gie de production mondiale est une bonne nouvelle. Elle augmente la probabilit\u00e9 d'une disponibilit\u00e9 en temps voulu et d'une tarification potentiellement plus comp\u00e9titive en \u00e9vitant les droits d'importation \u00e9lev\u00e9s provenant d'une source de production unique. En outre, la modularit\u00e9 de la plateforme permet de varier la taille des batteries et la configuration des moteurs, ce qui permet de r\u00e9pondre aux besoins sp\u00e9cifiques et aux niveaux de prix des diff\u00e9rents march\u00e9s. Qu'un client de Duba\u00ef privil\u00e9gie les performances extr\u00eames ou qu'un op\u00e9rateur de flotte d'Afrique du Sud recherche une autonomie et une durabilit\u00e9 maximales, l'architecture Neue Klasse est con\u00e7ue pour r\u00e9pondre \u00e0 ces diverses exigences. La confirmation que la nouvelle iX3 sera vendue aux \u00c9tats-Unis, un march\u00e9 que la g\u00e9n\u00e9ration pr\u00e9c\u00e9dente avait ignor\u00e9, t\u00e9moigne \u00e9galement de la confiance de BMW dans l'attrait mondial de ce nouveau produit.<\/p>\n<h2 id=\"5-sustainability-and-the-circular-economy-a-core-tenet-of-the-bmw-electric-car\">5. Durabilit\u00e9 et \u00e9conomie circulaire : Un principe fondamental de la voiture \u00e9lectrique BMW<\/h2>\n<p>Au XXIe si\u00e8cle, le concept de produit haut de gamme est inextricablement li\u00e9 \u00e0 la durabilit\u00e9. Une marque de luxe moderne ne peut ignorer les implications environnementales et \u00e9thiques de ses produits et processus. BMW a plac\u00e9 la durabilit\u00e9 au c\u0153ur m\u00eame du d\u00e9veloppement de la Neue Klasse, allant au-del\u00e0 de la simple production de v\u00e9hicules \u00e0 z\u00e9ro \u00e9mission de gaz d'\u00e9chappement pour s'int\u00e9resser \u00e0 l'ensemble du cycle de vie de la voiture. Cette d\u00e9marche s'inscrit dans les principes de l'\u00e9conomie circulaire.<\/p>\n<h3 id=\"secondary-first-integrating-recycled-materials\">\"Le secondaire d'abord : Int\u00e9gration de mat\u00e9riaux recycl\u00e9s<\/h3>\n<p>L'\u00e9conomie circulaire est un mod\u00e8le de production et de consommation qui implique le partage, la location, la r\u00e9utilisation, la r\u00e9paration, la remise \u00e0 neuf et le recyclage des mat\u00e9riaux et produits existants le plus longtemps possible. De cette mani\u00e8re, le cycle de vie des produits est prolong\u00e9. Pour la Neue Klasse, BMW met en \u0153uvre une approche \"secondaire d'abord\". Cela signifie que lorsque la qualit\u00e9 et la disponibilit\u00e9 des mat\u00e9riaux le permettent, les mat\u00e9riaux recycl\u00e9s (mati\u00e8res premi\u00e8res secondaires) seront privil\u00e9gi\u00e9s par rapport aux mat\u00e9riaux nouvellement extraits (mati\u00e8res premi\u00e8res primaires).<\/p>\n<p>Cela s'applique \u00e0 de nombreux composants de la voiture :<\/p>\n<ul>\n<li><strong>Acier et aluminium :<\/strong> L'augmentation du pourcentage d'acier secondaire et d'aluminium dans la carrosserie et le ch\u00e2ssis r\u00e9duit l'immense consommation d'\u00e9nergie et les \u00e9missions de CO2 associ\u00e9es \u00e0 la production de m\u00e9tal primaire.<\/li>\n<li><strong>Plastiques :<\/strong> Un grand nombre de garnitures int\u00e9rieures, de tissus et de composants structurels en plastique seront fabriqu\u00e9s \u00e0 partir de plastiques recycl\u00e9s, tels que des filets de p\u00eache r\u00e9cup\u00e9r\u00e9s et des bouteilles en plastique post-consommation.<\/li>\n<li><strong>Mat\u00e9riaux de la batterie :<\/strong> L'objectif \u00e0 long terme est de cr\u00e9er un circuit ferm\u00e9 pour les mat\u00e9riaux des batteries comme le lithium, le cobalt et le nickel, o\u00f9 les vieilles batteries sont collect\u00e9es, d\u00e9mont\u00e9es et leurs mat\u00e9riaux pr\u00e9cieux sont r\u00e9cup\u00e9r\u00e9s pour produire de nouvelles batteries.<\/li>\n<\/ul>\n<p>Cet engagement n'est pas seulement une d\u00e9claration environnementale, c'est aussi une strat\u00e9gie \u00e9conomique saine. Face \u00e0 la rar\u00e9faction des ressources et \u00e0 l'augmentation du co\u00fbt des mati\u00e8res premi\u00e8res, la r\u00e9duction de la d\u00e9pendance \u00e0 l'\u00e9gard de l'extraction primaire permet de se pr\u00e9munir contre la volatilit\u00e9 des prix et les perturbations de la cha\u00eene d'approvisionnement.<\/p>\n<h3 id=\"green-energy-in-production-processes\">L'\u00e9nergie verte dans les processus de production<\/h3>\n<p>L'empreinte carbone d'une voiture commence bien avant qu'elle ne roule. Le processus de fabrication, en particulier pour un produit \u00e0 forte consommation d'\u00e9nergie comme une voiture, est une source majeure d'\u00e9missions de CO2. Comme indiqu\u00e9, la nouvelle usine de Debrecen, en Hongrie, est con\u00e7ue pour \u00eatre enti\u00e8rement aliment\u00e9e par des \u00e9nergies renouvelables. Cet engagement s'\u00e9tend \u00e0 l'ensemble du r\u00e9seau de production mondial de BMW.<\/p>\n<p>En orientant syst\u00e9matiquement ses usines vers l'\u00e9lectricit\u00e9 verte et en investissant dans l'efficacit\u00e9 \u00e9nerg\u00e9tique, BMW vise \u00e0 r\u00e9duire consid\u00e9rablement le \"carbone incorpor\u00e9\" dans chaque v\u00e9hicule de la Neue Klasse. Cela signifie que lorsqu'un client prend livraison de sa nouvelle voiture \u00e9lectrique BMW, il peut \u00eatre certain que sa production a eu un impact environnemental nettement inf\u00e9rieur \u00e0 celui des g\u00e9n\u00e9rations pr\u00e9c\u00e9dentes de v\u00e9hicules. Il s'agit l\u00e0 d'un argument de poids pour une marque et d'un argument de vente essentiel pour les consommateurs soucieux de l'environnement.<\/p>\n<h3 id=\"battery-lifecycle-management-and-recycling\">Gestion du cycle de vie des piles et recyclage<\/h3>\n<p>La batterie est le composant d'un v\u00e9hicule \u00e9lectrique qui consomme le plus de ressources. Une strat\u00e9gie responsable en mati\u00e8re de v\u00e9hicules \u00e9lectriques doit donc inclure un plan clair sur ce qu'il advient de la batterie \u00e0 la fin de sa vie utile dans la voiture. L'approche de BMW comporte plusieurs \u00e9tapes.<\/p>\n<p>Tout d'abord, les batteries sont con\u00e7ues pour durer. Les nouvelles cellules de sixi\u00e8me g\u00e9n\u00e9ration sont con\u00e7ues pour une longue dur\u00e9e de vie. Deuxi\u00e8mement, lorsqu'une batterie ne r\u00e9pond plus aux exigences de l'utilisation automobile, elle peut \u00eatre r\u00e9utilis\u00e9e pour une \"seconde vie\" en tant qu'unit\u00e9 de stockage d'\u00e9nergie stationnaire. Par exemple, une banque de batteries automobiles usag\u00e9es peut \u00eatre utilis\u00e9e pour stocker de l'\u00e9nergie solaire pour une usine ou pour aider \u00e0 stabiliser un r\u00e9seau \u00e9lectrique local.<\/p>\n<p>Enfin, \u00e0 la fin de sa vie, la batterie entre dans le circuit de recyclage. BMW investit massivement dans les technologies de recyclage afin de r\u00e9cup\u00e9rer un pourcentage \u00e9lev\u00e9 des mati\u00e8res premi\u00e8res essentielles. La cr\u00e9ation de cette boucle ferm\u00e9e est essentielle pour la durabilit\u00e9 \u00e0 long terme de la mobilit\u00e9 \u00e9lectrique, car elle r\u00e9duit la n\u00e9cessit\u00e9 d'une nouvelle exploitation mini\u00e8re, qui a souvent des co\u00fbts environnementaux et sociaux importants.<\/p>\n<h3 id=\"the-ethical-dimension-of-sourcing-raw-materials\">La dimension \u00e9thique de l'approvisionnement en mati\u00e8res premi\u00e8res<\/h3>\n<p>L'approvisionnement en mati\u00e8res premi\u00e8res pour les batteries, en particulier le cobalt et le lithium, a fait l'objet d'un examen \u00e9thique approfondi en raison de pr\u00e9occupations concernant les pratiques de travail et les dommages caus\u00e9s \u00e0 l'environnement dans certaines r\u00e9gions mini\u00e8res. BMW a pris les devants en mettant en place des normes strictes pour ses fournisseurs et en am\u00e9liorant la transparence de sa cha\u00eene d'approvisionnement.<\/p>\n<p>L'entreprise utilise une combinaison d'approvisionnement direct aupr\u00e8s de mines certifi\u00e9es et d'innovation technologique pour att\u00e9nuer ces probl\u00e8mes. Par exemple, la nouvelle g\u00e9n\u00e9ration de cellules de batteries utilise d\u00e9j\u00e0 une quantit\u00e9 r\u00e9duite de cobalt dans la chimie de la cathode. L'ambition \u00e0 long terme est d'\u00e9voluer vers des batteries sans cobalt, comme le lithium-fer-phosphate (LFP) pour certains mod\u00e8les, et de s'appuyer de plus en plus sur des mat\u00e9riaux recycl\u00e9s. Cet engagement \u00e9thique est un aspect non n\u00e9gociable de l'image de marque haut de gamme moderne et constitue une garantie essentielle pour les clients et les partenaires commerciaux.<\/p>\n<h3 id=\"frequently-asked-questions-faq\">Foire aux questions (FAQ)<\/h3>\n<p><strong>1. Quand les premiers mod\u00e8les de voitures \u00e9lectriques Neue Klasse BMW seront-ils disponibles ?<\/strong> Le premier mod\u00e8le, la BMW iX3 2026, devrait commencer \u00e0 \u00eatre produit fin 2025 dans la nouvelle usine de Debrecen, en Hongrie, et \u00eatre commercialis\u00e9 \u00e0 partir de d\u00e9but 2026. Une berline de la taille de la S\u00e9rie 3, probablement appel\u00e9e i3, suivra avec une production d\u00e9butant \u00e0 Munich en 2026.<\/p>\n<p><strong>2. Quelle est la fourchette de prix pr\u00e9vue pour la BMW iX3 2026 ?<\/strong> Bien que le prix officiel n'ait pas \u00e9t\u00e9 annonc\u00e9, BMW vise \u00e0 r\u00e9duire le co\u00fbt des batteries de 50%. Cela laisse supposer que le prix de l'iX3 sera comp\u00e9titif par rapport \u00e0 son principal rival, la Tesla Model Y, et \u00e0 d'autres SUV \u00e9lectriques haut de gamme. Le prix variera en fonction du march\u00e9 et de la configuration sp\u00e9cifique.<\/p>\n<p><strong>3. La nouvelle BMW iX3 sera-t-elle vendue aux \u00c9tats-Unis ?<\/strong> Oui. Contrairement \u00e0 son pr\u00e9d\u00e9cesseur, la nouvelle BMW iX3, bas\u00e9e sur la Neue Klasse, est d\u00e9velopp\u00e9e pour un march\u00e9 mondial, et sa vente aux \u00c9tats-Unis a \u00e9t\u00e9 confirm\u00e9e. Cela marque un changement strat\u00e9gique important pour les offres de SUV \u00e9lectriques de BMW.<\/p>\n<p><strong>4. En quoi la technologie des piles Neue Klasse diff\u00e8re-t-elle des g\u00e9n\u00e9rations pr\u00e9c\u00e9dentes ?<\/strong> Les principales diff\u00e9rences sont le passage de cellules prismatiques \u00e0 des cellules cylindriques (Gen6), une architecture de syst\u00e8me de 800 volts (contre 400 volts auparavant) et une chimie am\u00e9lior\u00e9e. Il en r\u00e9sulte une densit\u00e9 \u00e9nerg\u00e9tique sup\u00e9rieure de plus de 20%, une charge plus rapide de 30% et une autonomie sup\u00e9rieure de 30% par rapport aux v\u00e9hicules \u00e9lectriques BMW actuels.<\/p>\n<p><strong>5. Quels autres mod\u00e8les seront construits sur la plate-forme Neue Klasse ?<\/strong> BMW a confirm\u00e9 son intention de produire au moins six mod\u00e8les Neue Klasse d'ici \u00e0 2028. Apr\u00e8s le SUV iX3 et la berline i3, un SUV de style coup\u00e9 (probablement un iX4) et une variante familiale (i3 Touring) sont fortement attendus. D'autres mod\u00e8les destin\u00e9s \u00e0 diff\u00e9rents segments sont \u00e9galement en cours de d\u00e9veloppement.<\/p>\n<p><strong>6. BMW abandonne-t-il progressivement ses moteurs \u00e0 combustion interne (ICE) ?<\/strong> BMW n'a pas annonc\u00e9 de date butoir pour l'arr\u00eat de la production de moteurs \u00e0 combustion interne, adoptant une strat\u00e9gie qui consiste \u00e0 offrir le choix au client. Toutefois, l'investissement massif dans la plateforme \u00e9lectrique Neue Klasse indique clairement que l'entreprise concentre ses efforts de d\u00e9veloppement et ses ressources pour devenir un leader dans le domaine de la mobilit\u00e9 \u00e9lectrique.<\/p>\n<p><strong>7. Qu'est-ce qui rend l'int\u00e9rieur des v\u00e9hicules de la Neue Klasse unique ?<\/strong> La caract\u00e9ristique la plus unique est la \"BMW Panoramic Vision\", un \u00e9cran projet\u00e9 sur toute la largeur du pare-brise, r\u00e9duisant ainsi le besoin d'un tableau de bord traditionnel. Associ\u00e9 \u00e0 un nouvel \u00e9cran tactile central et \u00e0 un tableau de bord minimaliste, cet \u00e9cran cr\u00e9e un habitacle ouvert, futuriste et ax\u00e9 sur le num\u00e9rique.<\/p>\n<h3 id=\"conclusion\">Conclusion<\/h3>\n<p>L'arriv\u00e9e de la Neue Klasse est bien plus qu'une simple mise \u00e0 jour du cycle des mod\u00e8les pour BMW. Il s'agit d'une r\u00e9invention compl\u00e8te de l'approche de l'entreprise en mati\u00e8re de conception, de construction et de vente d'automobiles. En cr\u00e9ant une architecture \u00e9lectrique d\u00e9di\u00e9e, BMW s'est affranchie des compromis des plates-formes \u00e0 groupes motopropulseurs multiples, ce qui a permis des am\u00e9liorations fondamentales en termes d'espace, d'efficacit\u00e9 et de performances. La synergie entre la nouvelle plateforme, la technologie avanc\u00e9e des batteries de sixi\u00e8me g\u00e9n\u00e9ration et un int\u00e9rieur num\u00e9rique r\u00e9volutionnaire cr\u00e9e un produit qui n'est pas seulement comp\u00e9titif, mais qui a le potentiel de devenir le leader de sa cat\u00e9gorie.<\/p>\n<p>Pour les importateurs commerciaux, les passionn\u00e9s et les conducteurs quotidiens du monde entier, la gamme de voitures \u00e9lectriques BMW 2026, dont le fer de lance est l'iX3, repr\u00e9sente un nouveau chapitre captivant de l'histoire de la mobilit\u00e9. C'est l'histoire d'une innovation technologique fusionn\u00e9e avec un engagement profond pour le plaisir de conduire et une vision responsable et durable de l'avenir. Il ne s'agit pas seulement d'une nouvelle voiture ; c'est la proposition de BMW sur ce que devrait \u00eatre une automobile haut de gamme \u00e0 l'\u00e8re de l'\u00e9lectricit\u00e9.<\/p>","protected":false},"excerpt":{"rendered":"<p>Abstract The forthcoming 2026 BMW electric car lineup represents a pivotal moment for the Bavarian automaker, signaling a fundamental strategic and technological reorientation. This analysis examines the comprehensive nature of this transformation, centered on the introduction of the &#8220;Neue Klasse&#8221; (New Class) architecture. This dedicated electric vehicle platform is not merely an engineering update but [&hellip;]<\/p>","protected":false},"author":1,"featured_media":3052,"comment_status":"closed","ping_status":"closed","sticky":false,"template":"","format":"standard","meta":{"footnotes":""},"categories":[4],"tags":[],"class_list":["post-3050","post","type-post","status-publish","format-standard","has-post-thumbnail","hentry","category-news"],"yoast_head":"<!-- This site is optimized with the Yoast SEO plugin v24.4 - https:\/\/yoast.com\/wordpress\/plugins\/seo\/ -->\n<title>Your 2026 Guide: 5 Reasons the New BMW Electric Car Lineup Dominates - Tianjin Yigang Automobile Sales Co.,Ltd.<\/title>\n<meta name=\"robots\" content=\"index, follow, max-snippet:-1, max-image-preview:large, max-video-preview:-1\" \/>\n<link rel=\"canonical\" href=\"https:\/\/www.tjygqc.com\/fr\/your-2026-guide-5-reasons-the-new-bmw-electric-car-lineup-dominates-article\/\" \/>\n<meta property=\"og:locale\" content=\"fr_FR\" \/>\n<meta property=\"og:type\" content=\"article\" \/>\n<meta property=\"og:title\" content=\"Your 2026 Guide: 5 Reasons the New BMW Electric Car Lineup Dominates - Tianjin Yigang Automobile Sales Co.,Ltd.\" \/>\n<meta property=\"og:description\" content=\"Abstract The forthcoming 2026 BMW electric car lineup represents a pivotal moment for the Bavarian automaker, signaling a fundamental strategic and technological reorientation. This analysis examines the comprehensive nature of this transformation, centered on the introduction of the &#8220;Neue Klasse&#8221; (New Class) architecture. This dedicated electric vehicle platform is not merely an engineering update but [&hellip;]\" \/>\n<meta property=\"og:url\" content=\"https:\/\/www.tjygqc.com\/fr\/your-2026-guide-5-reasons-the-new-bmw-electric-car-lineup-dominates-article\/\" \/>\n<meta property=\"og:site_name\" content=\"Tianjin Yigang Automobile Sales Co.,Ltd.\" \/>\n<meta property=\"article:publisher\" content=\"https:\/\/www.facebook.com\/tianjinyigang\/\" \/>\n<meta property=\"article:published_time\" content=\"2025-08-28T07:11:05+00:00\" \/>\n<meta property=\"article:modified_time\" content=\"2025-09-01T15:46:03+00:00\" \/>\n<meta property=\"og:image\" content=\"https:\/\/www.tjygqc.com\/wp-content\/uploads\/2025\/08\/your-2026-guide-5-reasons-the-new-bmw-electric-car-lineup-dominates.webp\" \/>\n\t<meta property=\"og:image:width\" content=\"800\" \/>\n\t<meta property=\"og:image:height\" content=\"800\" \/>\n\t<meta property=\"og:image:type\" content=\"image\/webp\" \/>\n<meta name=\"author\" content=\"user\" \/>\n<meta name=\"twitter:card\" content=\"summary_large_image\" \/>\n<meta name=\"twitter:label1\" content=\"Written by\" \/>\n\t<meta name=\"twitter:data1\" content=\"user\" \/>\n\t<meta name=\"twitter:label2\" content=\"Est. reading time\" \/>\n\t<meta name=\"twitter:data2\" content=\"23 minutes\" \/>\n<script type=\"application\/ld+json\" class=\"yoast-schema-graph\">{\"@context\":\"https:\/\/schema.org\",\"@graph\":[{\"@type\":\"Article\",\"@id\":\"https:\/\/www.tjygqc.com\/your-2026-guide-5-reasons-the-new-bmw-electric-car-lineup-dominates-article\/#article\",\"isPartOf\":{\"@id\":\"https:\/\/www.tjygqc.com\/your-2026-guide-5-reasons-the-new-bmw-electric-car-lineup-dominates-article\/\"},\"author\":{\"name\":\"user\",\"@id\":\"https:\/\/www.tjygqc.com\/#\/schema\/person\/9a0e27c1156d5a1d4cb23dce2cc5ad36\"},\"headline\":\"Your 2026 Guide: 5 Reasons the New BMW Electric Car Lineup Dominates\",\"datePublished\":\"2025-08-28T07:11:05+00:00\",\"dateModified\":\"2025-09-01T15:46:03+00:00\",\"mainEntityOfPage\":{\"@id\":\"https:\/\/www.tjygqc.com\/your-2026-guide-5-reasons-the-new-bmw-electric-car-lineup-dominates-article\/\"},\"wordCount\":4966,\"publisher\":{\"@id\":\"https:\/\/www.tjygqc.com\/#organization\"},\"image\":{\"@id\":\"https:\/\/www.tjygqc.com\/your-2026-guide-5-reasons-the-new-bmw-electric-car-lineup-dominates-article\/#primaryimage\"},\"thumbnailUrl\":\"https:\/\/www.tjygqc.com\/wp-content\/uploads\/2025\/08\/your-2026-guide-5-reasons-the-new-bmw-electric-car-lineup-dominates.webp\",\"articleSection\":[\"News\"],\"inLanguage\":\"fr-FR\"},{\"@type\":\"WebPage\",\"@id\":\"https:\/\/www.tjygqc.com\/your-2026-guide-5-reasons-the-new-bmw-electric-car-lineup-dominates-article\/\",\"url\":\"https:\/\/www.tjygqc.com\/your-2026-guide-5-reasons-the-new-bmw-electric-car-lineup-dominates-article\/\",\"name\":\"Your 2026 Guide: 5 Reasons the New BMW Electric Car Lineup Dominates - Tianjin Yigang Automobile Sales Co.,Ltd.\",\"isPartOf\":{\"@id\":\"https:\/\/www.tjygqc.com\/#website\"},\"primaryImageOfPage\":{\"@id\":\"https:\/\/www.tjygqc.com\/your-2026-guide-5-reasons-the-new-bmw-electric-car-lineup-dominates-article\/#primaryimage\"},\"image\":{\"@id\":\"https:\/\/www.tjygqc.com\/your-2026-guide-5-reasons-the-new-bmw-electric-car-lineup-dominates-article\/#primaryimage\"},\"thumbnailUrl\":\"https:\/\/www.tjygqc.com\/wp-content\/uploads\/2025\/08\/your-2026-guide-5-reasons-the-new-bmw-electric-car-lineup-dominates.webp\",\"datePublished\":\"2025-08-28T07:11:05+00:00\",\"dateModified\":\"2025-09-01T15:46:03+00:00\",\"breadcrumb\":{\"@id\":\"https:\/\/www.tjygqc.com\/your-2026-guide-5-reasons-the-new-bmw-electric-car-lineup-dominates-article\/#breadcrumb\"},\"inLanguage\":\"fr-FR\",\"potentialAction\":[{\"@type\":\"ReadAction\",\"target\":[\"https:\/\/www.tjygqc.com\/your-2026-guide-5-reasons-the-new-bmw-electric-car-lineup-dominates-article\/\"]}]},{\"@type\":\"ImageObject\",\"inLanguage\":\"fr-FR\",\"@id\":\"https:\/\/www.tjygqc.com\/your-2026-guide-5-reasons-the-new-bmw-electric-car-lineup-dominates-article\/#primaryimage\",\"url\":\"https:\/\/www.tjygqc.com\/wp-content\/uploads\/2025\/08\/your-2026-guide-5-reasons-the-new-bmw-electric-car-lineup-dominates.webp\",\"contentUrl\":\"https:\/\/www.tjygqc.com\/wp-content\/uploads\/2025\/08\/your-2026-guide-5-reasons-the-new-bmw-electric-car-lineup-dominates.webp\",\"width\":800,\"height\":800,\"caption\":\"Your 2026 Guide: 5 Reasons the New BMW Electric Car Lineup Dominates\"},{\"@type\":\"BreadcrumbList\",\"@id\":\"https:\/\/www.tjygqc.com\/your-2026-guide-5-reasons-the-new-bmw-electric-car-lineup-dominates-article\/#breadcrumb\",\"itemListElement\":[{\"@type\":\"ListItem\",\"position\":1,\"name\":\"Home\",\"item\":\"https:\/\/www.tjygqc.com\/\"},{\"@type\":\"ListItem\",\"position\":2,\"name\":\"Your 2026 Guide: 5 Reasons the New BMW Electric Car Lineup Dominates\"}]},{\"@type\":\"WebSite\",\"@id\":\"https:\/\/www.tjygqc.com\/#website\",\"url\":\"https:\/\/www.tjygqc.com\/\",\"name\":\"Tianjin Yigang Automobile Sales Co.,Ltd.\",\"description\":\"Tianjin Yigang Automobile Sales Co.,Ltd.\",\"publisher\":{\"@id\":\"https:\/\/www.tjygqc.com\/#organization\"},\"potentialAction\":[{\"@type\":\"SearchAction\",\"target\":{\"@type\":\"EntryPoint\",\"urlTemplate\":\"https:\/\/www.tjygqc.com\/?s={search_term_string}\"},\"query-input\":{\"@type\":\"PropertyValueSpecification\",\"valueRequired\":true,\"valueName\":\"search_term_string\"}}],\"inLanguage\":\"fr-FR\"},{\"@type\":\"Organization\",\"@id\":\"https:\/\/www.tjygqc.com\/#organization\",\"name\":\"Tianjin Yigang Automobile Sales Co., Ltd.\",\"url\":\"https:\/\/www.tjygqc.com\/\",\"logo\":{\"@type\":\"ImageObject\",\"inLanguage\":\"fr-FR\",\"@id\":\"https:\/\/www.tjygqc.com\/#\/schema\/logo\/image\/\",\"url\":\"https:\/\/www.tjygqc.com\/wp-content\/uploads\/2025\/03\/cropped-WechatIMG581.png\",\"contentUrl\":\"https:\/\/www.tjygqc.com\/wp-content\/uploads\/2025\/03\/cropped-WechatIMG581.png\",\"width\":338,\"height\":142,\"caption\":\"Tianjin Yigang Automobile Sales Co., Ltd.\"},\"image\":{\"@id\":\"https:\/\/www.tjygqc.com\/#\/schema\/logo\/image\/\"},\"sameAs\":[\"https:\/\/www.facebook.com\/tianjinyigang\/\",\"https:\/\/www.youtube.com\/@TianjinYigangAutomobile\",\"https:\/\/www.instagram.com\/tianjinyigang\/\"]},{\"@type\":\"Person\",\"@id\":\"https:\/\/www.tjygqc.com\/#\/schema\/person\/9a0e27c1156d5a1d4cb23dce2cc5ad36\",\"name\":\"user\",\"image\":{\"@type\":\"ImageObject\",\"inLanguage\":\"fr-FR\",\"@id\":\"https:\/\/www.tjygqc.com\/#\/schema\/person\/image\/\",\"url\":\"https:\/\/secure.gravatar.com\/avatar\/b58996c504c5638798eb6b511e6f49af?s=96&d=mm&r=g\",\"contentUrl\":\"https:\/\/secure.gravatar.com\/avatar\/b58996c504c5638798eb6b511e6f49af?s=96&d=mm&r=g\",\"caption\":\"user\"},\"sameAs\":[\"https:\/\/www.tjygqc.com:8182\"],\"url\":\"https:\/\/www.tjygqc.com\/fr\/author\/user\/\"}]}<\/script>\n<!-- \/ Yoast SEO plugin. -->","yoast_head_json":{"title":"Your 2026 Guide: 5 Reasons the New BMW Electric Car Lineup Dominates - Tianjin Yigang Automobile Sales Co.,Ltd.","robots":{"index":"index","follow":"follow","max-snippet":"max-snippet:-1","max-image-preview":"max-image-preview:large","max-video-preview":"max-video-preview:-1"},"canonical":"https:\/\/www.tjygqc.com\/fr\/your-2026-guide-5-reasons-the-new-bmw-electric-car-lineup-dominates-article\/","og_locale":"fr_FR","og_type":"article","og_title":"Your 2026 Guide: 5 Reasons the New BMW Electric Car Lineup Dominates - Tianjin Yigang Automobile Sales Co.,Ltd.","og_description":"Abstract The forthcoming 2026 BMW electric car lineup represents a pivotal moment for the Bavarian automaker, signaling a fundamental strategic and technological reorientation. This analysis examines the comprehensive nature of this transformation, centered on the introduction of the &#8220;Neue Klasse&#8221; (New Class) architecture. This dedicated electric vehicle platform is not merely an engineering update but [&hellip;]","og_url":"https:\/\/www.tjygqc.com\/fr\/your-2026-guide-5-reasons-the-new-bmw-electric-car-lineup-dominates-article\/","og_site_name":"Tianjin Yigang Automobile Sales Co.,Ltd.","article_publisher":"https:\/\/www.facebook.com\/tianjinyigang\/","article_published_time":"2025-08-28T07:11:05+00:00","article_modified_time":"2025-09-01T15:46:03+00:00","og_image":[{"width":800,"height":800,"url":"https:\/\/www.tjygqc.com\/wp-content\/uploads\/2025\/08\/your-2026-guide-5-reasons-the-new-bmw-electric-car-lineup-dominates.webp","type":"image\/webp"}],"author":"user","twitter_card":"summary_large_image","twitter_misc":{"Written by":"user","Est. reading time":"23 minutes"},"schema":{"@context":"https:\/\/schema.org","@graph":[{"@type":"Article","@id":"https:\/\/www.tjygqc.com\/your-2026-guide-5-reasons-the-new-bmw-electric-car-lineup-dominates-article\/#article","isPartOf":{"@id":"https:\/\/www.tjygqc.com\/your-2026-guide-5-reasons-the-new-bmw-electric-car-lineup-dominates-article\/"},"author":{"name":"user","@id":"https:\/\/www.tjygqc.com\/#\/schema\/person\/9a0e27c1156d5a1d4cb23dce2cc5ad36"},"headline":"Your 2026 Guide: 5 Reasons the New BMW Electric Car Lineup Dominates","datePublished":"2025-08-28T07:11:05+00:00","dateModified":"2025-09-01T15:46:03+00:00","mainEntityOfPage":{"@id":"https:\/\/www.tjygqc.com\/your-2026-guide-5-reasons-the-new-bmw-electric-car-lineup-dominates-article\/"},"wordCount":4966,"publisher":{"@id":"https:\/\/www.tjygqc.com\/#organization"},"image":{"@id":"https:\/\/www.tjygqc.com\/your-2026-guide-5-reasons-the-new-bmw-electric-car-lineup-dominates-article\/#primaryimage"},"thumbnailUrl":"https:\/\/www.tjygqc.com\/wp-content\/uploads\/2025\/08\/your-2026-guide-5-reasons-the-new-bmw-electric-car-lineup-dominates.webp","articleSection":["News"],"inLanguage":"fr-FR"},{"@type":"WebPage","@id":"https:\/\/www.tjygqc.com\/your-2026-guide-5-reasons-the-new-bmw-electric-car-lineup-dominates-article\/","url":"https:\/\/www.tjygqc.com\/your-2026-guide-5-reasons-the-new-bmw-electric-car-lineup-dominates-article\/","name":"Your 2026 Guide: 5 Reasons the New BMW Electric Car Lineup Dominates - Tianjin Yigang Automobile Sales Co.,Ltd.","isPartOf":{"@id":"https:\/\/www.tjygqc.com\/#website"},"primaryImageOfPage":{"@id":"https:\/\/www.tjygqc.com\/your-2026-guide-5-reasons-the-new-bmw-electric-car-lineup-dominates-article\/#primaryimage"},"image":{"@id":"https:\/\/www.tjygqc.com\/your-2026-guide-5-reasons-the-new-bmw-electric-car-lineup-dominates-article\/#primaryimage"},"thumbnailUrl":"https:\/\/www.tjygqc.com\/wp-content\/uploads\/2025\/08\/your-2026-guide-5-reasons-the-new-bmw-electric-car-lineup-dominates.webp","datePublished":"2025-08-28T07:11:05+00:00","dateModified":"2025-09-01T15:46:03+00:00","breadcrumb":{"@id":"https:\/\/www.tjygqc.com\/your-2026-guide-5-reasons-the-new-bmw-electric-car-lineup-dominates-article\/#breadcrumb"},"inLanguage":"fr-FR","potentialAction":[{"@type":"ReadAction","target":["https:\/\/www.tjygqc.com\/your-2026-guide-5-reasons-the-new-bmw-electric-car-lineup-dominates-article\/"]}]},{"@type":"ImageObject","inLanguage":"fr-FR","@id":"https:\/\/www.tjygqc.com\/your-2026-guide-5-reasons-the-new-bmw-electric-car-lineup-dominates-article\/#primaryimage","url":"https:\/\/www.tjygqc.com\/wp-content\/uploads\/2025\/08\/your-2026-guide-5-reasons-the-new-bmw-electric-car-lineup-dominates.webp","contentUrl":"https:\/\/www.tjygqc.com\/wp-content\/uploads\/2025\/08\/your-2026-guide-5-reasons-the-new-bmw-electric-car-lineup-dominates.webp","width":800,"height":800,"caption":"Your 2026 Guide: 5 Reasons the New BMW Electric Car Lineup Dominates"},{"@type":"BreadcrumbList","@id":"https:\/\/www.tjygqc.com\/your-2026-guide-5-reasons-the-new-bmw-electric-car-lineup-dominates-article\/#breadcrumb","itemListElement":[{"@type":"ListItem","position":1,"name":"Home","item":"https:\/\/www.tjygqc.com\/"},{"@type":"ListItem","position":2,"name":"Your 2026 Guide: 5 Reasons the New BMW Electric Car Lineup Dominates"}]},{"@type":"WebSite","@id":"https:\/\/www.tjygqc.com\/#website","url":"https:\/\/www.tjygqc.com\/","name":"Tianjin Yigang Automobile Sales Co.,Ltd.","description":"Tianjin Yigang Automobile Sales Co.,Ltd.","publisher":{"@id":"https:\/\/www.tjygqc.com\/#organization"},"potentialAction":[{"@type":"SearchAction","target":{"@type":"EntryPoint","urlTemplate":"https:\/\/www.tjygqc.com\/?s={search_term_string}"},"query-input":{"@type":"PropertyValueSpecification","valueRequired":true,"valueName":"search_term_string"}}],"inLanguage":"fr-FR"},{"@type":"Organization","@id":"https:\/\/www.tjygqc.com\/#organization","name":"Tianjin Yigang Automobile Sales Co., Ltd.","url":"https:\/\/www.tjygqc.com\/","logo":{"@type":"ImageObject","inLanguage":"fr-FR","@id":"https:\/\/www.tjygqc.com\/#\/schema\/logo\/image\/","url":"https:\/\/www.tjygqc.com\/wp-content\/uploads\/2025\/03\/cropped-WechatIMG581.png","contentUrl":"https:\/\/www.tjygqc.com\/wp-content\/uploads\/2025\/03\/cropped-WechatIMG581.png","width":338,"height":142,"caption":"Tianjin Yigang Automobile Sales Co., Ltd."},"image":{"@id":"https:\/\/www.tjygqc.com\/#\/schema\/logo\/image\/"},"sameAs":["https:\/\/www.facebook.com\/tianjinyigang\/","https:\/\/www.youtube.com\/@TianjinYigangAutomobile","https:\/\/www.instagram.com\/tianjinyigang\/"]},{"@type":"Person","@id":"https:\/\/www.tjygqc.com\/#\/schema\/person\/9a0e27c1156d5a1d4cb23dce2cc5ad36","name":"user","image":{"@type":"ImageObject","inLanguage":"fr-FR","@id":"https:\/\/www.tjygqc.com\/#\/schema\/person\/image\/","url":"https:\/\/secure.gravatar.com\/avatar\/b58996c504c5638798eb6b511e6f49af?s=96&d=mm&r=g","contentUrl":"https:\/\/secure.gravatar.com\/avatar\/b58996c504c5638798eb6b511e6f49af?s=96&d=mm&r=g","caption":"user"},"sameAs":["https:\/\/www.tjygqc.com:8182"],"url":"https:\/\/www.tjygqc.com\/fr\/author\/user\/"}]}},"_links":{"self":[{"href":"https:\/\/www.tjygqc.com\/fr\/wp-json\/wp\/v2\/posts\/3050","targetHints":{"allow":["GET"]}}],"collection":[{"href":"https:\/\/www.tjygqc.com\/fr\/wp-json\/wp\/v2\/posts"}],"about":[{"href":"https:\/\/www.tjygqc.com\/fr\/wp-json\/wp\/v2\/types\/post"}],"author":[{"embeddable":true,"href":"https:\/\/www.tjygqc.com\/fr\/wp-json\/wp\/v2\/users\/1"}],"replies":[{"embeddable":true,"href":"https:\/\/www.tjygqc.com\/fr\/wp-json\/wp\/v2\/comments?post=3050"}],"version-history":[{"count":2,"href":"https:\/\/www.tjygqc.com\/fr\/wp-json\/wp\/v2\/posts\/3050\/revisions"}],"predecessor-version":[{"id":3063,"href":"https:\/\/www.tjygqc.com\/fr\/wp-json\/wp\/v2\/posts\/3050\/revisions\/3063"}],"wp:featuredmedia":[{"embeddable":true,"href":"https:\/\/www.tjygqc.com\/fr\/wp-json\/wp\/v2\/media\/3052"}],"wp:attachment":[{"href":"https:\/\/www.tjygqc.com\/fr\/wp-json\/wp\/v2\/media?parent=3050"}],"wp:term":[{"taxonomy":"category","embeddable":true,"href":"https:\/\/www.tjygqc.com\/fr\/wp-json\/wp\/v2\/categories?post=3050"},{"taxonomy":"post_tag","embeddable":true,"href":"https:\/\/www.tjygqc.com\/fr\/wp-json\/wp\/v2\/tags?post=3050"}],"curies":[{"name":"wp","href":"https:\/\/api.w.org\/{rel}","templated":true}]}}