{"id":2999,"date":"2025-07-14T09:23:30","date_gmt":"2025-07-14T09:23:30","guid":{"rendered":"https:\/\/www.tjygqc.com\/?p=2999"},"modified":"2025-07-14T09:58:25","modified_gmt":"2025-07-14T09:58:25","slug":"can-you-charge-an-electric-car-with-a-generator","status":"publish","type":"post","link":"https:\/\/www.tjygqc.com\/it\/can-you-charge-an-electric-car-with-a-generator-article\/","title":{"rendered":"\u00c8 possibile ricaricare un'auto elettrica con un generatore?"},"content":{"rendered":"<p>Mentre i veicoli elettrici continuano a ridisegnare il trasporto globale, sorgono questioni pratiche, soprattutto per quanto riguarda l'accessibilit\u00e0 alla ricarica. Una domanda comune dei nuovi proprietari di veicoli elettrici \u00e8 la seguente: \u00c8 possibile ricaricare un'auto elettrica con un generatore? Sia che stiate pianificando un lungo viaggio off-grid o che dobbiate affrontare un blackout a casa, l'idea di alimentare il vostro veicolo con un generatore portatile potrebbe sembrare allettante. Ma \u00e8 davvero fattibile?<\/p>\n\n\n\n<p>Noi di Tianjin Yigang Automobile aiutiamo i clienti a passare senza problemi all'era dei veicoli elettrici. La nostra gamma di <strong><a href=\"https:\/\/www.tjygqc.com\/volkswagen-category\/\">auto elettriche Volkswagen<\/a><\/strong> modelli, tra cui l'avanzato SUV elettrico Volkswagen ID.4, riflette il futuro della guida sostenibile, ma con esso la necessit\u00e0 di comprendere strategie di ricarica intelligenti e sicure.<\/p>\n\n\n<div class=\"wp-block-image\">\n<figure class=\"aligncenter size-full is-resized\"><img loading=\"lazy\" decoding=\"async\" width=\"800\" height=\"800\" src=\"https:\/\/www.tjygqc.com\/wp-content\/uploads\/2025\/03\/2025-Volkswagen-ID.3-Smart-Model-Ultimate-Intelligence-Edition-2.webp\" alt=\"2025 Volkswagen ID.3 Smart Model Ultimate Intelligence Edition\" class=\"wp-image-1288\" style=\"width:471px;height:auto\" srcset=\"https:\/\/www.tjygqc.com\/wp-content\/uploads\/2025\/03\/2025-Volkswagen-ID.3-Smart-Model-Ultimate-Intelligence-Edition-2.webp 800w, https:\/\/www.tjygqc.com\/wp-content\/uploads\/2025\/03\/2025-Volkswagen-ID.3-Smart-Model-Ultimate-Intelligence-Edition-2-300x300.webp 300w, https:\/\/www.tjygqc.com\/wp-content\/uploads\/2025\/03\/2025-Volkswagen-ID.3-Smart-Model-Ultimate-Intelligence-Edition-2-150x150.webp 150w, https:\/\/www.tjygqc.com\/wp-content\/uploads\/2025\/03\/2025-Volkswagen-ID.3-Smart-Model-Ultimate-Intelligence-Edition-2-768x768.webp 768w, https:\/\/www.tjygqc.com\/wp-content\/uploads\/2025\/03\/2025-Volkswagen-ID.3-Smart-Model-Ultimate-Intelligence-Edition-2-12x12.webp 12w\" sizes=\"auto, (max-width: 800px) 100vw, 800px\" \/><\/figure><\/div>\n\n\n<h2 class=\"wp-block-heading\">La risposta breve: S\u00ec, ma con delle considerazioni<\/h2>\n\n\n\n<p>Tecnicamente, \u00e8 possibile ricaricare un veicolo elettrico utilizzando un generatore. Tuttavia, devono essere soddisfatte diverse condizioni fondamentali. Non tutti i generatori sono adatti alla ricarica dei veicoli elettrici e una configurazione non corretta pu\u00f2 danneggiare il sistema di batterie dell'auto o il generatore stesso.<\/p>\n\n\n\n<p>Vediamo cosa devono tenere a mente i proprietari di veicoli elettrici, in particolare quelli che stanno valutando le auto elettriche Volkswagen in vendita, prima di collegare un generatore al cavo di ricarica.<\/p>\n\n\n\n<h2 class=\"wp-block-heading\">Requisiti per la ricarica dei veicoli elettrici tramite generatore<\/h2>\n\n\n\n<ul class=\"wp-block-list\">\n<li><strong>Uscita a onda sinusoidale pura<\/strong>: Il generatore deve produrre un'onda sinusoidale stabile, proprio come l'elettricit\u00e0 domestica. Le unit\u00e0 economiche con uscita a onda modificata non funzionano correttamente con i caricabatterie per veicoli elettrici.<\/li>\n\n\n\n<li><strong>Potenza sufficiente<\/strong>: La maggior parte dei caricabatterie per veicoli elettrici richiede una potenza costante compresa tra 2,5 e 7 kW. Assicuratevi che il vostro generatore sia in grado di erogare una potenza continua, non solo picchi.<\/li>\n\n\n\n<li><strong>Messa a terra<\/strong>: Alcuni veicoli elettrici richiedono una fonte di alimentazione con messa a terra per avviare la ricarica. Questo problema pu\u00f2 essere risolto utilizzando un EVSE (Electric Vehicle Supply Equipment) portatile con un adattatore di messa a terra.<\/li>\n\n\n\n<li><strong>Cavi e adattatori adeguati<\/strong>: \u00c8 essenziale disporre di un cavo EVSE compatibile e di adattatori di spina appropriati. La ricarica diretta senza un'interfaccia certificata non \u00e8 sicura.<\/li>\n\n\n\n<li><strong>Pazienza<\/strong>: La ricarica con un generatore \u00e8 molto pi\u00f9 lenta rispetto alla ricarica rapida di livello 2 o DC. Si tratta di una soluzione ideale per le emergenze o per brevi ricariche, non per l'uso quotidiano.<\/li>\n<\/ul>\n\n\n\n<h2 class=\"wp-block-heading\">Ricarica del Volkswagen ID.4 con un generatore<\/h2>\n\n\n\n<p>Il SUV elettrico Volkswagen ID.4 \u00e8 stato progettato all'insegna della flessibilit\u00e0. Con una velocit\u00e0 di ricarica massima di 11 kW (CA) e la compatibilit\u00e0 con ingressi di potenza inferiore, pu\u00f2 accettare la ricarica tramite generatore se quest'ultimo soddisfa gli standard sopra indicati.<\/p>\n\n\n\n<p>Ad esempio, un generatore a onda sinusoidale pura da 5 kW e un cavo EVSE di qualit\u00e0 saranno un buon abbinamento per una configurazione di questo tipo, e sarete in grado di raggiungere circa 5-10 miglia di autonomia in un'ora, a seconda dell'efficienza energetica. Anche se questa fonte di energia non \u00e8 la migliore per i recuperi a lunga distanza, \u00e8 un buon modo per uscire dai guai nella natura o in caso di interruzione di corrente.<\/p>\n\n\n\n<p>Questo \u00e8 uno dei motivi per cui le auto elettriche Volkswagen continuano a innovare le soluzioni di ricarica e la compatibilit\u00e0. Il marchio garantisce che modelli come l'ID.4 possano supportare un'ampia gamma di scenari di ricarica reali, anche non tradizionali.<\/p>\n\n\n\n<h2 class=\"wp-block-heading\">Preparazione alle emergenze e uso fuori rete<\/h2>\n\n\n\n<p>Sempre pi\u00f9 persone in aree rurali e fuori mano sono interessate alla ricarica dei veicoli elettrici off-grid. In caso di non uniformit\u00e0 dell'infrastruttura di rete, un generatore di backup \u00e8 una soluzione che garantisce la tranquillit\u00e0. Molti proprietari di auto elettriche Volkswagen in vendita optano per stazioni di alimentazione portatili o sistemi di generatori solari ibridi, che offrono loro soluzioni di ricarica mobile gratuite.<\/p>\n\n\n\n<p>Questi mezzi di ricarica mobile favoriscono fortemente la percezione dei veicoli elettrici come veicoli puramente urbani. Sapendo come gestire correttamente le cose, i veicoli elettrici possono essere utilizzati anche per attivit\u00e0 all'aperto, per lunghi viaggi o per condizioni meteorologiche variabili.<\/p>\n\n\n\n<h2 class=\"wp-block-heading\">Perch\u00e9 Yigang raccomanda i veicoli elettrici Volkswagen<\/h2>\n\n\n\n<p>Alla Tianjin Yigang Automobile, abbiamo assistito a un costante aumento della domanda di veicoli elettrici che bilanciano prestazioni, affidabilit\u00e0 e adattabilit\u00e0. Tra le nostre offerte pi\u00f9 popolari ci sono <strong><a href=\"https:\/\/www.tjygqc.com\/volkswagen-category\/\">Volkswagen auto elettriche in vendita<\/a><\/strong>, in particolare il ricercato SUV elettrico Volkswagen ID.4.<\/p>\n\n\n\n<p>Ecco perch\u00e9 gli acquirenti di EV di tutto il mondo scelgono noi:<\/p>\n\n\n\n<ul class=\"wp-block-list\">\n<li>Prezzi competitivi sulle esportazioni globali di veicoli<\/li>\n\n\n\n<li>Esperienza nella guida alla ricarica off-grid e flessibile<\/li>\n\n\n\n<li>Consultazione in tempo reale sulla preparazione dei veicoli elettrici e sulla compatibilit\u00e0 del sistema<\/li>\n\n\n\n<li>Comprovati record di esportazione in Asia, Medio Oriente e Sud America<\/li>\n<\/ul>\n\n\n\n<p>Sia che stiate acquistando la vostra prima auto elettrica, sia che stiate passando ad una <strong><a href=\"https:\/\/www.tjygqc.com\/vw-id3-category\/\">Volkswagen ID.4<\/a><\/strong>Il nostro team si assicura che comprendiate tutte le opzioni, compresa la modalit\u00e0 di ricarica quando la rete elettrica non \u00e8 disponibile.<\/p>\n\n\n\n<p><\/p>","protected":false},"excerpt":{"rendered":"<p>Mentre i veicoli elettrici continuano a ridisegnare il trasporto globale, sorgono questioni pratiche, soprattutto per quanto riguarda l'accessibilit\u00e0 alla ricarica. Una domanda comune dei nuovi proprietari di veicoli elettrici \u00e8: \u00c8 possibile ricaricare un'auto elettrica con un generatore? Sia che stiate pianificando un lungo viaggio off-grid o che dobbiate affrontare un blackout a casa, l'idea di alimentare il vostro veicolo con un generatore portatile [...]<\/p>","protected":false},"author":1,"featured_media":1288,"comment_status":"closed","ping_status":"closed","sticky":false,"template":"","format":"standard","meta":{"footnotes":""},"categories":[4],"tags":[222,223,224],"class_list":["post-2999","post","type-post","status-publish","format-standard","has-post-thumbnail","hentry","category-news","tag-electric-cars-volkswagen","tag-volkswagen-electric-cars-for-sale","tag-volkswagen-id-4-electric-suv"],"yoast_head":"<!-- This site is optimized with the Yoast SEO plugin v24.4 - https:\/\/yoast.com\/wordpress\/plugins\/seo\/ -->\n<title>Can You Charge an Electric Car with a Generator? - Tianjin Yigang Automobile Sales Co.,Ltd.<\/title>\n<meta name=\"description\" content=\"Can you charge an electric car with a generator? Learn how EV owners\u2014including Volkswagen ID.4 drivers\u2014can use generators safely for backup or off-grid charging. Tianjin Yigang has the answers.\" \/>\n<meta name=\"robots\" content=\"index, follow, max-snippet:-1, max-image-preview:large, max-video-preview:-1\" \/>\n<link rel=\"canonical\" href=\"https:\/\/www.tjygqc.com\/it\/can-you-charge-an-electric-car-with-a-generator-article\/\" \/>\n<meta property=\"og:locale\" content=\"it_IT\" \/>\n<meta property=\"og:type\" content=\"article\" \/>\n<meta property=\"og:title\" content=\"Can You Charge an Electric Car with a Generator? - Tianjin Yigang Automobile Sales Co.,Ltd.\" \/>\n<meta property=\"og:description\" content=\"Can you charge an electric car with a generator? Learn how EV owners\u2014including Volkswagen ID.4 drivers\u2014can use generators safely for backup or off-grid charging. Tianjin Yigang has the answers.\" \/>\n<meta property=\"og:url\" content=\"https:\/\/www.tjygqc.com\/it\/can-you-charge-an-electric-car-with-a-generator-article\/\" \/>\n<meta property=\"og:site_name\" content=\"Tianjin Yigang Automobile Sales Co.,Ltd.\" \/>\n<meta property=\"article:publisher\" content=\"https:\/\/www.facebook.com\/tianjinyigang\/\" \/>\n<meta property=\"article:published_time\" content=\"2025-07-14T09:23:30+00:00\" \/>\n<meta property=\"article:modified_time\" content=\"2025-07-14T09:58:25+00:00\" \/>\n<meta property=\"og:image\" content=\"https:\/\/www.tjygqc.com\/wp-content\/uploads\/2025\/03\/2025-Volkswagen-ID.3-Smart-Model-Ultimate-Intelligence-Edition-2.webp\" \/>\n\t<meta property=\"og:image:width\" content=\"800\" \/>\n\t<meta property=\"og:image:height\" content=\"800\" \/>\n\t<meta property=\"og:image:type\" content=\"image\/webp\" \/>\n<meta name=\"author\" content=\"user\" \/>\n<meta name=\"twitter:card\" content=\"summary_large_image\" \/>\n<meta name=\"twitter:label1\" content=\"Written by\" \/>\n\t<meta name=\"twitter:data1\" content=\"user\" \/>\n\t<meta name=\"twitter:label2\" content=\"Est. reading time\" \/>\n\t<meta name=\"twitter:data2\" content=\"1 minuto\" \/>\n<script type=\"application\/ld+json\" class=\"yoast-schema-graph\">{\"@context\":\"https:\/\/schema.org\",\"@graph\":[{\"@type\":\"Article\",\"@id\":\"https:\/\/www.tjygqc.com\/can-you-charge-an-electric-car-with-a-generator-article\/#article\",\"isPartOf\":{\"@id\":\"https:\/\/www.tjygqc.com\/can-you-charge-an-electric-car-with-a-generator-article\/\"},\"author\":{\"name\":\"user\",\"@id\":\"https:\/\/www.tjygqc.com\/#\/schema\/person\/9a0e27c1156d5a1d4cb23dce2cc5ad36\"},\"headline\":\"Can You Charge an Electric Car with a Generator?\",\"datePublished\":\"2025-07-14T09:23:30+00:00\",\"dateModified\":\"2025-07-14T09:58:25+00:00\",\"mainEntityOfPage\":{\"@id\":\"https:\/\/www.tjygqc.com\/can-you-charge-an-electric-car-with-a-generator-article\/\"},\"wordCount\":704,\"publisher\":{\"@id\":\"https:\/\/www.tjygqc.com\/#organization\"},\"image\":{\"@id\":\"https:\/\/www.tjygqc.com\/can-you-charge-an-electric-car-with-a-generator-article\/#primaryimage\"},\"thumbnailUrl\":\"https:\/\/www.tjygqc.com\/wp-content\/uploads\/2025\/03\/2025-Volkswagen-ID.3-Smart-Model-Ultimate-Intelligence-Edition-2.webp\",\"keywords\":[\"electric cars volkswagen\",\"volkswagen electric cars for sale\",\"volkswagen id 4 electric suv\"],\"articleSection\":[\"News\"],\"inLanguage\":\"it-IT\"},{\"@type\":\"WebPage\",\"@id\":\"https:\/\/www.tjygqc.com\/can-you-charge-an-electric-car-with-a-generator-article\/\",\"url\":\"https:\/\/www.tjygqc.com\/can-you-charge-an-electric-car-with-a-generator-article\/\",\"name\":\"Can You Charge an Electric Car with a Generator? - Tianjin Yigang Automobile Sales Co.,Ltd.\",\"isPartOf\":{\"@id\":\"https:\/\/www.tjygqc.com\/#website\"},\"primaryImageOfPage\":{\"@id\":\"https:\/\/www.tjygqc.com\/can-you-charge-an-electric-car-with-a-generator-article\/#primaryimage\"},\"image\":{\"@id\":\"https:\/\/www.tjygqc.com\/can-you-charge-an-electric-car-with-a-generator-article\/#primaryimage\"},\"thumbnailUrl\":\"https:\/\/www.tjygqc.com\/wp-content\/uploads\/2025\/03\/2025-Volkswagen-ID.3-Smart-Model-Ultimate-Intelligence-Edition-2.webp\",\"datePublished\":\"2025-07-14T09:23:30+00:00\",\"dateModified\":\"2025-07-14T09:58:25+00:00\",\"description\":\"Can you charge an electric car with a generator? Learn how EV owners\u2014including Volkswagen ID.4 drivers\u2014can use generators safely for backup or off-grid charging. Tianjin Yigang has the answers.\",\"breadcrumb\":{\"@id\":\"https:\/\/www.tjygqc.com\/can-you-charge-an-electric-car-with-a-generator-article\/#breadcrumb\"},\"inLanguage\":\"it-IT\",\"potentialAction\":[{\"@type\":\"ReadAction\",\"target\":[\"https:\/\/www.tjygqc.com\/can-you-charge-an-electric-car-with-a-generator-article\/\"]}]},{\"@type\":\"ImageObject\",\"inLanguage\":\"it-IT\",\"@id\":\"https:\/\/www.tjygqc.com\/can-you-charge-an-electric-car-with-a-generator-article\/#primaryimage\",\"url\":\"https:\/\/www.tjygqc.com\/wp-content\/uploads\/2025\/03\/2025-Volkswagen-ID.3-Smart-Model-Ultimate-Intelligence-Edition-2.webp\",\"contentUrl\":\"https:\/\/www.tjygqc.com\/wp-content\/uploads\/2025\/03\/2025-Volkswagen-ID.3-Smart-Model-Ultimate-Intelligence-Edition-2.webp\",\"width\":800,\"height\":800,\"caption\":\"2025 Volkswagen ID.3 Smart Model Ultimate Intelligence Edition\"},{\"@type\":\"BreadcrumbList\",\"@id\":\"https:\/\/www.tjygqc.com\/can-you-charge-an-electric-car-with-a-generator-article\/#breadcrumb\",\"itemListElement\":[{\"@type\":\"ListItem\",\"position\":1,\"name\":\"Home\",\"item\":\"https:\/\/www.tjygqc.com\/\"},{\"@type\":\"ListItem\",\"position\":2,\"name\":\"Can You Charge an Electric Car with a Generator?\"}]},{\"@type\":\"WebSite\",\"@id\":\"https:\/\/www.tjygqc.com\/#website\",\"url\":\"https:\/\/www.tjygqc.com\/\",\"name\":\"Tianjin Yigang Automobile Sales Co.,Ltd.\",\"description\":\"Tianjin Yigang Automobile Sales Co.,Ltd.\",\"publisher\":{\"@id\":\"https:\/\/www.tjygqc.com\/#organization\"},\"potentialAction\":[{\"@type\":\"SearchAction\",\"target\":{\"@type\":\"EntryPoint\",\"urlTemplate\":\"https:\/\/www.tjygqc.com\/?s={search_term_string}\"},\"query-input\":{\"@type\":\"PropertyValueSpecification\",\"valueRequired\":true,\"valueName\":\"search_term_string\"}}],\"inLanguage\":\"it-IT\"},{\"@type\":\"Organization\",\"@id\":\"https:\/\/www.tjygqc.com\/#organization\",\"name\":\"Tianjin Yigang Automobile Sales Co., Ltd.\",\"url\":\"https:\/\/www.tjygqc.com\/\",\"logo\":{\"@type\":\"ImageObject\",\"inLanguage\":\"it-IT\",\"@id\":\"https:\/\/www.tjygqc.com\/#\/schema\/logo\/image\/\",\"url\":\"https:\/\/www.tjygqc.com\/wp-content\/uploads\/2025\/03\/cropped-WechatIMG581.png\",\"contentUrl\":\"https:\/\/www.tjygqc.com\/wp-content\/uploads\/2025\/03\/cropped-WechatIMG581.png\",\"width\":338,\"height\":142,\"caption\":\"Tianjin Yigang Automobile Sales Co., Ltd.\"},\"image\":{\"@id\":\"https:\/\/www.tjygqc.com\/#\/schema\/logo\/image\/\"},\"sameAs\":[\"https:\/\/www.facebook.com\/tianjinyigang\/\",\"https:\/\/www.youtube.com\/@TianjinYigangAutomobile\",\"https:\/\/www.instagram.com\/tianjinyigang\/\"]},{\"@type\":\"Person\",\"@id\":\"https:\/\/www.tjygqc.com\/#\/schema\/person\/9a0e27c1156d5a1d4cb23dce2cc5ad36\",\"name\":\"user\",\"image\":{\"@type\":\"ImageObject\",\"inLanguage\":\"it-IT\",\"@id\":\"https:\/\/www.tjygqc.com\/#\/schema\/person\/image\/\",\"url\":\"https:\/\/secure.gravatar.com\/avatar\/b58996c504c5638798eb6b511e6f49af?s=96&d=mm&r=g\",\"contentUrl\":\"https:\/\/secure.gravatar.com\/avatar\/b58996c504c5638798eb6b511e6f49af?s=96&d=mm&r=g\",\"caption\":\"user\"},\"sameAs\":[\"https:\/\/www.tjygqc.com:8182\"],\"url\":\"https:\/\/www.tjygqc.com\/it\/author\/user\/\"}]}<\/script>\n<!-- \/ Yoast SEO plugin. -->","yoast_head_json":{"title":"Can You Charge an Electric Car with a Generator? - Tianjin Yigang Automobile Sales Co.,Ltd.","description":"Can you charge an electric car with a generator? Learn how EV owners\u2014including Volkswagen ID.4 drivers\u2014can use generators safely for backup or off-grid charging. Tianjin Yigang has the answers.","robots":{"index":"index","follow":"follow","max-snippet":"max-snippet:-1","max-image-preview":"max-image-preview:large","max-video-preview":"max-video-preview:-1"},"canonical":"https:\/\/www.tjygqc.com\/it\/can-you-charge-an-electric-car-with-a-generator-article\/","og_locale":"it_IT","og_type":"article","og_title":"Can You Charge an Electric Car with a Generator? - Tianjin Yigang Automobile Sales Co.,Ltd.","og_description":"Can you charge an electric car with a generator? Learn how EV owners\u2014including Volkswagen ID.4 drivers\u2014can use generators safely for backup or off-grid charging. Tianjin Yigang has the answers.","og_url":"https:\/\/www.tjygqc.com\/it\/can-you-charge-an-electric-car-with-a-generator-article\/","og_site_name":"Tianjin Yigang Automobile Sales Co.,Ltd.","article_publisher":"https:\/\/www.facebook.com\/tianjinyigang\/","article_published_time":"2025-07-14T09:23:30+00:00","article_modified_time":"2025-07-14T09:58:25+00:00","og_image":[{"width":800,"height":800,"url":"https:\/\/www.tjygqc.com\/wp-content\/uploads\/2025\/03\/2025-Volkswagen-ID.3-Smart-Model-Ultimate-Intelligence-Edition-2.webp","type":"image\/webp"}],"author":"user","twitter_card":"summary_large_image","twitter_misc":{"Written by":"user","Est. reading time":"1 minuto"},"schema":{"@context":"https:\/\/schema.org","@graph":[{"@type":"Article","@id":"https:\/\/www.tjygqc.com\/can-you-charge-an-electric-car-with-a-generator-article\/#article","isPartOf":{"@id":"https:\/\/www.tjygqc.com\/can-you-charge-an-electric-car-with-a-generator-article\/"},"author":{"name":"user","@id":"https:\/\/www.tjygqc.com\/#\/schema\/person\/9a0e27c1156d5a1d4cb23dce2cc5ad36"},"headline":"Can You Charge an Electric Car with a Generator?","datePublished":"2025-07-14T09:23:30+00:00","dateModified":"2025-07-14T09:58:25+00:00","mainEntityOfPage":{"@id":"https:\/\/www.tjygqc.com\/can-you-charge-an-electric-car-with-a-generator-article\/"},"wordCount":704,"publisher":{"@id":"https:\/\/www.tjygqc.com\/#organization"},"image":{"@id":"https:\/\/www.tjygqc.com\/can-you-charge-an-electric-car-with-a-generator-article\/#primaryimage"},"thumbnailUrl":"https:\/\/www.tjygqc.com\/wp-content\/uploads\/2025\/03\/2025-Volkswagen-ID.3-Smart-Model-Ultimate-Intelligence-Edition-2.webp","keywords":["electric cars volkswagen","volkswagen electric cars for sale","volkswagen id 4 electric suv"],"articleSection":["News"],"inLanguage":"it-IT"},{"@type":"WebPage","@id":"https:\/\/www.tjygqc.com\/can-you-charge-an-electric-car-with-a-generator-article\/","url":"https:\/\/www.tjygqc.com\/can-you-charge-an-electric-car-with-a-generator-article\/","name":"Can You Charge an Electric Car with a Generator? - Tianjin Yigang Automobile Sales Co.,Ltd.","isPartOf":{"@id":"https:\/\/www.tjygqc.com\/#website"},"primaryImageOfPage":{"@id":"https:\/\/www.tjygqc.com\/can-you-charge-an-electric-car-with-a-generator-article\/#primaryimage"},"image":{"@id":"https:\/\/www.tjygqc.com\/can-you-charge-an-electric-car-with-a-generator-article\/#primaryimage"},"thumbnailUrl":"https:\/\/www.tjygqc.com\/wp-content\/uploads\/2025\/03\/2025-Volkswagen-ID.3-Smart-Model-Ultimate-Intelligence-Edition-2.webp","datePublished":"2025-07-14T09:23:30+00:00","dateModified":"2025-07-14T09:58:25+00:00","description":"Can you charge an electric car with a generator? Learn how EV owners\u2014including Volkswagen ID.4 drivers\u2014can use generators safely for backup or off-grid charging. Tianjin Yigang has the answers.","breadcrumb":{"@id":"https:\/\/www.tjygqc.com\/can-you-charge-an-electric-car-with-a-generator-article\/#breadcrumb"},"inLanguage":"it-IT","potentialAction":[{"@type":"ReadAction","target":["https:\/\/www.tjygqc.com\/can-you-charge-an-electric-car-with-a-generator-article\/"]}]},{"@type":"ImageObject","inLanguage":"it-IT","@id":"https:\/\/www.tjygqc.com\/can-you-charge-an-electric-car-with-a-generator-article\/#primaryimage","url":"https:\/\/www.tjygqc.com\/wp-content\/uploads\/2025\/03\/2025-Volkswagen-ID.3-Smart-Model-Ultimate-Intelligence-Edition-2.webp","contentUrl":"https:\/\/www.tjygqc.com\/wp-content\/uploads\/2025\/03\/2025-Volkswagen-ID.3-Smart-Model-Ultimate-Intelligence-Edition-2.webp","width":800,"height":800,"caption":"2025 Volkswagen ID.3 Smart Model Ultimate Intelligence Edition"},{"@type":"BreadcrumbList","@id":"https:\/\/www.tjygqc.com\/can-you-charge-an-electric-car-with-a-generator-article\/#breadcrumb","itemListElement":[{"@type":"ListItem","position":1,"name":"Home","item":"https:\/\/www.tjygqc.com\/"},{"@type":"ListItem","position":2,"name":"Can You Charge an Electric Car with a Generator?"}]},{"@type":"WebSite","@id":"https:\/\/www.tjygqc.com\/#website","url":"https:\/\/www.tjygqc.com\/","name":"Tianjin Yigang Automobile Sales Co.,Ltd.","description":"Tianjin Yigang Automobile Sales Co.,Ltd.","publisher":{"@id":"https:\/\/www.tjygqc.com\/#organization"},"potentialAction":[{"@type":"SearchAction","target":{"@type":"EntryPoint","urlTemplate":"https:\/\/www.tjygqc.com\/?s={search_term_string}"},"query-input":{"@type":"PropertyValueSpecification","valueRequired":true,"valueName":"search_term_string"}}],"inLanguage":"it-IT"},{"@type":"Organization","@id":"https:\/\/www.tjygqc.com\/#organization","name":"Tianjin Yigang Automobile Sales Co., Ltd.","url":"https:\/\/www.tjygqc.com\/","logo":{"@type":"ImageObject","inLanguage":"it-IT","@id":"https:\/\/www.tjygqc.com\/#\/schema\/logo\/image\/","url":"https:\/\/www.tjygqc.com\/wp-content\/uploads\/2025\/03\/cropped-WechatIMG581.png","contentUrl":"https:\/\/www.tjygqc.com\/wp-content\/uploads\/2025\/03\/cropped-WechatIMG581.png","width":338,"height":142,"caption":"Tianjin Yigang Automobile Sales Co., Ltd."},"image":{"@id":"https:\/\/www.tjygqc.com\/#\/schema\/logo\/image\/"},"sameAs":["https:\/\/www.facebook.com\/tianjinyigang\/","https:\/\/www.youtube.com\/@TianjinYigangAutomobile","https:\/\/www.instagram.com\/tianjinyigang\/"]},{"@type":"Person","@id":"https:\/\/www.tjygqc.com\/#\/schema\/person\/9a0e27c1156d5a1d4cb23dce2cc5ad36","name":"user","image":{"@type":"ImageObject","inLanguage":"it-IT","@id":"https:\/\/www.tjygqc.com\/#\/schema\/person\/image\/","url":"https:\/\/secure.gravatar.com\/avatar\/b58996c504c5638798eb6b511e6f49af?s=96&d=mm&r=g","contentUrl":"https:\/\/secure.gravatar.com\/avatar\/b58996c504c5638798eb6b511e6f49af?s=96&d=mm&r=g","caption":"user"},"sameAs":["https:\/\/www.tjygqc.com:8182"],"url":"https:\/\/www.tjygqc.com\/it\/author\/user\/"}]}},"_links":{"self":[{"href":"https:\/\/www.tjygqc.com\/it\/wp-json\/wp\/v2\/posts\/2999","targetHints":{"allow":["GET"]}}],"collection":[{"href":"https:\/\/www.tjygqc.com\/it\/wp-json\/wp\/v2\/posts"}],"about":[{"href":"https:\/\/www.tjygqc.com\/it\/wp-json\/wp\/v2\/types\/post"}],"author":[{"embeddable":true,"href":"https:\/\/www.tjygqc.com\/it\/wp-json\/wp\/v2\/users\/1"}],"replies":[{"embeddable":true,"href":"https:\/\/www.tjygqc.com\/it\/wp-json\/wp\/v2\/comments?post=2999"}],"version-history":[{"count":2,"href":"https:\/\/www.tjygqc.com\/it\/wp-json\/wp\/v2\/posts\/2999\/revisions"}],"predecessor-version":[{"id":3004,"href":"https:\/\/www.tjygqc.com\/it\/wp-json\/wp\/v2\/posts\/2999\/revisions\/3004"}],"wp:featuredmedia":[{"embeddable":true,"href":"https:\/\/www.tjygqc.com\/it\/wp-json\/wp\/v2\/media\/1288"}],"wp:attachment":[{"href":"https:\/\/www.tjygqc.com\/it\/wp-json\/wp\/v2\/media?parent=2999"}],"wp:term":[{"taxonomy":"category","embeddable":true,"href":"https:\/\/www.tjygqc.com\/it\/wp-json\/wp\/v2\/categories?post=2999"},{"taxonomy":"post_tag","embeddable":true,"href":"https:\/\/www.tjygqc.com\/it\/wp-json\/wp\/v2\/tags?post=2999"}],"curies":[{"name":"wp","href":"https:\/\/api.w.org\/{rel}","templated":true}]}}