{"id":3104,"date":"2025-11-13T11:24:20","date_gmt":"2025-11-13T11:24:20","guid":{"rendered":"https:\/\/www.tjygqc.com\/5-proven-facts-is-the-bmw-i8-an-electric-car-the-2025-buyers-guide-article\/"},"modified":"2025-11-13T11:24:22","modified_gmt":"2025-11-13T11:24:22","slug":"5-proven-facts-is-the-bmw-i8-an-electric-car-the-2025-buyers-guide","status":"publish","type":"post","link":"https:\/\/www.tjygqc.com\/it\/5-proven-facts-is-the-bmw-i8-an-electric-car-the-2025-buyers-guide-article\/","title":{"rendered":"5 fatti provati: La BMW i8 \u00e8 un'auto elettrica? La guida all'acquisto del 2025"},"content":{"rendered":"<p><img loading=\"lazy\" decoding=\"async\" style=\"display: block; margin-left: auto; margin-right: auto;\" data-src=\"https:\/\/www.tjygqc.com\/wp-content\/uploads\/2025\/03\/BMW-i5-eDrive-40L-Luxury-Package-1-2.webp\" alt=\"\" width=\"600\" height=\"600\" src=\"https:\/\/www.tjygqc.com\/wp-content\/uploads\/2025\/03\/BMW-i5-eDrive-40L-Luxury-Package-1-2.webp\" data-ll-status=\"loaded\" class=\"entered loaded\"><\/p>\n<h2 id=\"abstract\">Astratto<\/h2>\n<p>La BMW i8 occupa una posizione unica e spesso fraintesa all'interno del panorama automobilistico, tanto che spesso ci si chiede se sia classificabile come veicolo completamente elettrico. Questa analisi chiarisce che la BMW i8 non \u00e8 un veicolo elettrico a batteria (BEV), ma piuttosto un veicolo elettrico ibrido plug-in (PHEV) tecnologicamente avanzato. Esamina l'architettura a doppia fonte di energia del veicolo, che comprende un motore a combustione interna compatto e turbocompresso e un motore elettrico supplementare. Il funzionamento sinergico di questi due componenti offre un'esperienza di guida poliedrica, che va dalla silenziosa mobilit\u00e0 urbana a emissioni zero alla guida dinamica ad alte prestazioni su strade aperte. Questo esame approfondisce le modalit\u00e0 operative specifiche, le metriche delle prestazioni, i requisiti di ricarica e l'innovativa scienza dei materiali che definiscono la i8. Contestualizzando la i8 all'interno della pi\u00f9 ampia evoluzione delle tecnologie elettriche e ibride, il suo ruolo di veicolo di transizione ma seminale diventa evidente, evidenziando la sua influenza duratura sui progetti successivi e sul pi\u00f9 ampio passaggio del settore all'elettrificazione.<\/p>\n<h2 id=\"key-takeaways\">Punti di forza<\/h2>\n<ul>\n<li>La BMW i8 \u00e8 un'auto ibrida plug-in (PHEV), non un'auto completamente elettrica.<\/li>\n<li>Combina un motore a benzina con un motore elettrico per prestazioni versatili.<\/li>\n<li>Il conducente pu\u00f2 scegliere tra le modalit\u00e0 di guida puramente elettrica, ibrida e sportiva.<\/li>\n<li>Capire se la BMW i8 \u00e8 un'auto elettrica aiuta a chiarirne i vantaggi unici.<\/li>\n<li>La sua struttura in fibra di carbonio era rivoluzionaria per un veicolo di serie.<\/li>\n<li>La ricarica \u00e8 possibile a casa o nelle stazioni pubbliche per la guida esclusivamente elettrica.<\/li>\n<li>La i8 \u00e8 stata un ponte cruciale verso gli attuali modelli \"i\" completamente elettrici di BMW.<\/li>\n<\/ul>\n<h2 id=\"table-of-contents\">Indice dei contenuti<\/h2>\n<ul>\n<li><a href=\"#fact-1-the-heart-of-the-matter-the-i8-s-plug-in-hybrid-phev-powertrain\">Fatto 1: il cuore della questione: il gruppo propulsore ibrido plug-in (PHEV) della i8&#039;&amp;nbsp.<\/a><\/li>\n<li><a href=\"#fact-2-two-worlds-one-car-understanding-the-driving-modes\">Fatto 2: Due mondi, un'auto: capire le modalit\u00e0 di guida<\/a><\/li>\n<li><a href=\"#fact-3-the-numbers-game-performance-range-and-charging-explained\">Fatto 3: il gioco dei numeri: prestazioni, autonomia e ricarica spiegate<\/a><\/li>\n<li><a href=\"#fact-4-a-glimpse-into-the-future-the-i8-s-design-and-material-philosophy\">Fatto 4: Uno sguardo al futuro - La filosofia di design e materiali della i8&#039;i8<\/a><\/li>\n<li><a href=\"#fact-5-the-i8-s-legacy-and-its-place-in-automotive-history\">Fatto 5: l'eredit\u00e0 della i8&#039;e il suo posto nella storia dell'automobile<\/a><\/li>\n<li><a href=\"#frequently-asked-questions-faq\">Domande frequenti (FAQ)<\/a><\/li>\n<li><a href=\"#conclusion\">Conclusione<\/a><\/li>\n<li><a href=\"#references\">Riferimenti<\/a><\/li>\n<\/ul>\n<h2 id=\"fact-1-the-heart-of-the-matter-the-i8-s-plug-in-hybrid-phev-powertrain\">Fatto 1: il cuore della questione: il gruppo propulsore ibrido plug-in (PHEV) della i8&#039;&amp;nbsp.<\/h2>\n<p>Il punto centrale della confusione che circonda la BMW i8 deriva dalla sua stessa identit\u00e0. Quando ci si chiede \"la BMW i8 \u00e8 un'auto elettrica?\", ci si trova di fronte a un veicolo che, al momento della sua uscita, sfidava la semplice categorizzazione. La risposta, nel modo pi\u00f9 diretto, \u00e8 no. Non \u00e8 un'auto completamente elettrica come lo sono una Tesla Model S o una BYD Han. La i8 \u00e8 invece qualcosa di pi\u00f9 complesso e, per l'epoca, probabilmente pi\u00f9 rivoluzionario: un veicolo elettrico ibrido plug-in, o PHEV.<\/p>\n<p>Per capire veramente la i8, dobbiamo considerarla non come un compromesso ma come un ponte. \u00c8 stata progettata per collegare il mondo familiare del motore a combustione interna (ICE) con il futuro fiorente della mobilit\u00e0 elettrica. Offre una soluzione alla diffusa \"ansia da autonomia\" che rende molti consumatori esitanti ad adottare veicoli completamente elettrici, offrendo al contempo un'autentica esperienza di guida a zero emissioni per i tragitti pi\u00f9 brevi.<\/p>\n<h3 id=\"defining-the-plug-in-hybrid\">Definizione di ibrido plug-in<\/h3>\n<p>Analizziamo questo concetto come se lo stessimo costruendo da zero. Immaginate un'auto tradizionale con il suo motore a benzina, il serbatoio e lo scarico. Ora immaginate un'auto completamente elettrica con il suo grande pacco batterie e il suo motore elettrico. Una PHEV, come la i8, integra entrambi i sistemi in un unico veicolo.<\/p>\n<p>Possiede un motore a combustione interna, proprio come un'auto tradizionale. Nel caso della i8&#039;\u00e8 un motore turbo a tre cilindri da 1,5 litri, sorprendentemente piccolo. Tuttavia, \u00e8 dotata anche di un importante motore elettrico e di un pacco batterie agli ioni di litio molto pi\u00f9 grande di quello presente in un ibrido standard (come la Toyota Prius originale). La parte \"plug-in\" del suo nome \u00e8 il fattore chiave di differenziazione. A differenza di un ibrido tradizionale, che ricarica la batteria solo attraverso la frenata e la potenza del motore, un PHEV pu\u00f2 essere collegato a una fonte di alimentazione esterna per caricare la batteria, proprio come un veicolo completamente elettrico.<\/p>\n<p>Questa capacit\u00e0 a doppia fonte \u00e8 la genialit\u00e0 della i8. Permette all'auto di funzionare come veicolo elettrico puro per gli spostamenti quotidiani o la guida in citt\u00e0, per poi passare senza problemi a un'auto sportiva a benzina ad alte prestazioni per i viaggi pi\u00f9 lunghi o quando si desidera una guida sportiva.<\/p>\n<h3 id=\"the-dual-power-sources-gasoline-engine-and-electric-motor\">La doppia alimentazione: Motore a benzina e motore elettrico<\/h3>\n<p>La genialit\u00e0 ingegneristica della i8 sta nel modo in cui orchestra le due fonti di energia. Il motore elettrico si trova sull'asse anteriore e aziona le ruote anteriori. Questo motore, alimentato dalla batteria montata centralmente, fornisce una coppia istantanea per un'accelerazione silenziosa e rapida da fermo. \u00c8 responsabile della modalit\u00e0 EV pura, nota come eDrive.<\/p>\n<p>Sull'asse posteriore si trova il motore a benzina. Non si tratta di un motore qualsiasi, ma di un'unit&amp;agrave potente e altamente perfezionata, derivata dalla stessa famiglia di motori della Mini Cooper. Nella i8, tuttavia, \u00e8 potenziato per produrre una quantit\u00e0 di potenza impressionante per le sue dimensioni. Questo motore aziona le ruote posteriori attraverso un cambio automatico convenzionale.<\/p>\n<p>Quando si richiedono le massime prestazioni, il sistema di gestione intelligente dell'auto&#039;impegna contemporaneamente entrambe le fonti di energia. Il motore elettrico alimenta le ruote anteriori mentre il motore a benzina alimenta quelle posteriori, creando di fatto una supercar a trazione integrale. La sinergia tra questi due sistemi, l'uno silenzioso e istantaneo, l'altro viscerale e sonoro, crea un'esperienza di guida diversa da qualsiasi altra in circolazione. \u00c8 questa intricata danza tra elettroni e benzina a definire il carattere della i8.<\/p>\n<h3 id=\"how-the-i8-differs-from-a-mild-hybrid-or-a-full-ev\">Come la i8 si differenzia da un ibrido leggero o da un veicolo elettrico completo<\/h3>\n<p>Per collocare correttamente la i8, \u00e8 utile visualizzare uno spettro di elettrificazione dei veicoli. Da un lato c'\u00e8 il veicolo ICE convenzionale. All'estremit\u00e0 opposta, il veicolo elettrico a batteria (BEV). Lo spazio intermedio \u00e8 occupato dagli ibridi.<\/p>\n<p>A <strong>Ibrido leggero (MHEV)<\/strong> ha un motore elettrico e una batteria molto piccoli. Questo sistema non \u00e8 in grado di alimentare l'auto da solo, ma si limita a coadiuvare il motore a benzina per migliorarne l'efficienza, ad esempio in fase di accelerazione o di spegnimento del motore durante la fase di navigazione.<\/p>\n<p>A <strong>Ibrido completo (HEV)<\/strong>Come la classica Toyota Prius, ha una batteria e un motore pi\u00f9 grandi. Pu\u00f2 percorrere distanze molto brevi (forse un chilometro o due) a bassa velocit\u00e0 con la sola energia elettrica prima che entri in funzione il motore a benzina. Non pu\u00f2 essere collegata alla presa di corrente per la ricarica.<\/p>\n<p>A <strong>Ibrido plug-in (PHEV)<\/strong>Il nostro soggetto, la BMW i8, compie un significativo balzo in avanti. La sua batteria pi&amp;ugrave grande consente un'autonomia sostanziale solo elettrica, adatta a molte persone&#039;intero tragitto quotidiano. La sua capacit\u00e0 di essere collegata alla presa di corrente significa che un guidatore potrebbe potenzialmente passare settimane senza utilizzare una goccia di benzina, se le sue abitudini di guida rientrano nell'autonomia elettrica.<\/p>\n<p>Infine, un <strong>Veicolo elettrico a batteria (BEV)<\/strong>come quelli presenti nel <a href=\"https:\/\/www.tjygqc.com\/bmw-category\/\" rel=\"nofollow\">esplorate la nostra gamma di veicoli BMW avanzati<\/a>non ha alcun motore a benzina. Per la propulsione si affida interamente al suo grande pacco batterie, offrendo un'esperienza di guida a zero emissioni in qualsiasi momento.<\/p>\n<p>La tabella seguente fornisce un chiaro confronto tra queste tecnologie.<\/p>\n<table class=\"mce-item-table\" style=\"width:100%; border-collapse: collapse;\" border=\"1\">\n<thead>\n<tr>\n<th style=\"text-align:left;\">Caratteristica<\/th>\n<th style=\"text-align:left;\">Ibrido leggero (MHEV)<\/th>\n<th style=\"text-align:left;\">Ibrido completo (HEV)<\/th>\n<th style=\"text-align:left;\">Ibrido plug-in (PHEV) - BMW i8<\/th>\n<th style=\"text-align:left;\">Elettrico a batteria (BEV)<\/th>\n<\/tr>\n<\/thead>\n<tbody>\n<tr>\n<td style=\"text-align:left;\"><strong>Potenza primaria<\/strong><\/td>\n<td style=\"text-align:left;\">Motore a benzina<\/td>\n<td style=\"text-align:left;\">Motore a benzina<\/td>\n<td style=\"text-align:left;\">Motore a benzina e motore elettrico<\/td>\n<td style=\"text-align:left;\">Motore elettrico<\/td>\n<\/tr>\n<tr>\n<td style=\"text-align:left;\"><strong>Ruolo del motore elettrico<\/strong><\/td>\n<td style=\"text-align:left;\">Assiste il motore<\/td>\n<td style=\"text-align:left;\">Assistenza al motore, guida EV limitata<\/td>\n<td style=\"text-align:left;\">Guida completamente EV, assiste il motore<\/td>\n<td style=\"text-align:left;\">Propulsione unica<\/td>\n<\/tr>\n<tr>\n<td style=\"text-align:left;\"><strong>Ricarica esterna<\/strong><\/td>\n<td style=\"text-align:left;\">No<\/td>\n<td style=\"text-align:left;\">No<\/td>\n<td style=\"text-align:left;\">S\u00ec<\/td>\n<td style=\"text-align:left;\">S\u00ec<\/td>\n<\/tr>\n<tr>\n<td style=\"text-align:left;\"><strong>Gamma solo elettrica<\/strong><\/td>\n<td style=\"text-align:left;\">Nessuno<\/td>\n<td style=\"text-align:left;\">Molto basso (1-2 km)<\/td>\n<td style=\"text-align:left;\">Moderato (20-50 km)<\/td>\n<td style=\"text-align:left;\">Alto (300-600+ km)<\/td>\n<\/tr>\n<tr>\n<td style=\"text-align:left;\"><strong>Motore a benzina<\/strong><\/td>\n<td style=\"text-align:left;\">S\u00ec<\/td>\n<td style=\"text-align:left;\">S\u00ec<\/td>\n<td style=\"text-align:left;\">S\u00ec<\/td>\n<td style=\"text-align:left;\">No<\/td>\n<\/tr>\n<tr>\n<td style=\"text-align:left;\"><strong>Esempio<\/strong><\/td>\n<td style=\"text-align:left;\">Mercedes-Benz C200 EQ Boost<\/td>\n<td style=\"text-align:left;\">Toyota Prius<\/td>\n<td style=\"text-align:left;\">BMW i8<\/td>\n<td style=\"text-align:left;\">Sigillo BYD<\/td>\n<\/tr>\n<\/tbody>\n<\/table>\n<p>Comprendere questa classificazione \u00e8 il primo e pi\u00f9 importante passo per apprezzare la i8. Non si trattava di un tentativo di costruire una Tesla migliore, ma di gettare un ponte migliore verso il futuro dell'auto sportiva.<\/p>\n<h2 id=\"fact-2-two-worlds-one-car-understanding-the-driving-modes\">Fatto 2: Due mondi, un'auto: capire le modalit\u00e0 di guida<\/h2>\n<p>Per cogliere veramente la personalit\u00e0 sfaccettata della BMW i8, bisogna esplorare le sue diverse modalit\u00e0 di guida. Non si tratta semplicemente di piccoli aggiustamenti alla risposta dell'acceleratore, ma di cambiamenti fondamentali nel carattere dell'auto, che la trasformano da silenziosa auto da crociera in un'auto sportiva con un semplice interruttore. Ogni modalit&amp;agrave rappresenta una risposta diversa alla domanda su come combinare al meglio l'energia elettrica e quella a benzina, dando al guidatore un profondo controllo sul comportamento, l'efficienza e le prestazioni del veicolo. Pensare a queste modalit\u00e0 \u00e8 come considerare abiti diversi per occasioni diverse: ognuno \u00e8 perfettamente adatto a uno scopo specifico.<\/p>\n<h3 id=\"comfort-mode-the-balanced-act\">Modalit\u00e0 Comfort: L'atto di equilibrio<\/h3>\n<p>La modalit\u00e0 Comfort \u00e8 lo stato di default della i8, il suo personaggio quotidiano. In questa modalit\u00e0, il sofisticato cervello dell'auto, l'unit\u00e0 di controllo dell'elettronica di potenza, prende tutte le decisioni al posto vostro. Analizza costantemente lo stile di guida, la velocit\u00e0 e la richiesta di potenza per offrire la miscela ottimale di prestazioni ed efficienza.<\/p>\n<p>Quando ci si allontana da un semaforo, la i8 si avvia in un sereno silenzio, utilizzando solo il motore elettrico. \u00c8 una partenza fluida, senza interruzioni e sorprendentemente veloce. Quando si accelera su una strada principale o si richiede pi\u00f9 potenza, il motore a benzina da 1,5 litri si risveglia, ma lo fa con notevole delicatezza. Non c'\u00e8 un sussulto stridente o un ruggito improvviso: un momento prima \u00e8 spento, un momento dopo \u00e8 acceso, lavorando di concerto con il motore elettrico. I display dell'auto indicano chiaramente quale fonte di energia \u00e8 attiva, ma la transizione \u00e8 cos\u00ec fluida che spesso la si sente pi\u00f9 di quanto la si senta. Questa modalit\u00e0 \u00e8 la massima espressione del concetto di ibrido: utilizzare l'elettricit\u00e0 quando ha senso (bassa velocit\u00e0, accelerazione leggera) e la benzina quando \u00e8 necessaria (velocit\u00e0 pi\u00f9 elevata, maggiore richiesta di potenza), il tutto senza richiedere alcun intervento da parte del conducente.<\/p>\n<h3 id=\"eco-pro-mode-maximizing-efficiency\">Modalit\u00e0 Eco Pro: Massima efficienza<\/h3>\n<p>Attivare la modalit\u00e0 Eco Pro equivale a dire all'auto: \"La mia priorit\u00e0 oggi \u00e8 viaggiare il pi\u00f9 lontano possibile utilizzando la minor quantit\u00e0 di energia\". L'auto si adegua regolando diversi parametri. La risposta dell'acceleratore diventa pi\u00f9 morbida, incoraggiando uno stile di guida pi\u00f9 dolce. L'erogazione di potenza da parte del motore elettrico e del motore a benzina viene moderata e il sistema di climatizzazione riduce la sua potenza per risparmiare energia.<\/p>\n<p>In questa modalit\u00e0, l'auto privilegia l'utilizzo del motore elettrico e rinuncia ad avviare il motore a benzina il pi\u00f9 a lungo possibile. Viene inoltre potenziato il sistema di recupero dell'energia. Quando si solleva il piede dall'acceleratore, l'auto cattura una parte maggiore dell'energia cinetica che altrimenti andrebbe persa durante la corsa, convertendola in elettricit\u00e0 per ricaricare la batteria. La modalit\u00e0 Eco Pro \u00e8 la pi\u00f9 coscienziosa della i8, perfetta per i lunghi viaggi in cui l'obiettivo principale \u00e8 massimizzare il risparmio di carburante e l'autonomia elettrica. Questa modalit\u00e0 dimostra il potenziale dell'auto come gran turismo davvero efficiente.<\/p>\n<h3 id=\"sport-mode-unleashing-the-beast\">Modalit\u00e0 Sport: Scatenare la bestia<\/h3>\n<p>Questa \u00e8 la modalit\u00e0 che trasforma la i8 da un futuristico eco-cruiser in una vera e propria supercar. Per attivare la modalit\u00e0 Sport \u00e8 sufficiente far scorrere la leva del cambio verso sinistra. Nel momento in cui lo si fa, l'intero comportamento dell'auto&#039;cambia. Il quadro strumenti digitale, che prima era di un sereno blu, diventa immediatamente rosso fuoco. Il motore a benzina, che era rimasto inattivo, prende vita e rimane acceso per sempre.<\/p>\n<p>In modalit\u00e0 Sport, l'unico obiettivo dell'auto \u00e8 la massima prestazione. La risposta dell'acceleratore diventa affilatissima. Il motore elettrico non si limita pi\u00f9 ad assistere, ma fornisce una funzione di \"e-Boost\", colmando i vuoti di coppia del motore turbo per offrire un'accelerazione lineare e incessante. Lo sterzo \u00e8 pi\u00f9 pesante, le sospensioni si irrigidiscono e il cambio automatico a sei rapporti mantiene le marce pi\u00f9 a lungo, mantenendo il motore nella sua fascia di potenza. Anche il suono cambia radicalmente. Una sinfonia di rumori del motore, sibili del turbo e sibili elettrici riempie l'abitacolo, creando un'esperienza coinvolgente ed emozionante. \u00c8 questa la modalit\u00e0 che ha permesso di ottenere prestazioni da prima pagina e di consolidare la reputazione della i8 come auto in grado di sfidare le auto sportive affermate.<\/p>\n<h3 id=\"edrive-the-silent-pure-electric-experience\">eDrive: L'esperienza elettrica pura e silenziosa<\/h3>\n<p>Separato dalle modalit\u00e0 di guida principali, il pulsante eDrive consente al conducente di portare l'auto in uno stato completamente elettrico, a condizione che la batteria sia sufficientemente carica. Premendo questo pulsante si silenzia il motore a benzina e si trasforma la i8 in un veicolo elettrico a trazione anteriore. Questa \u00e8 la modalit\u00e0 che risponde veramente alla parte elettrica della domanda \"la BMW i8 \u00e8 un'auto elettrica?\".<\/p>\n<p>In modalit\u00e0 eDrive, la i8 scivola nelle strade cittadine con un'inquietante silenziosit\u00e0, la sua presenza \u00e8 segnata solo dal leggero ronzio dei suoi pneumatici sul selciato. Le prestazioni sono comunque vivaci, con la coppia istantanea del motore elettrico che la rende perfetta per navigare nel traffico urbano. La velocit\u00e0 massima in questa modalit\u00e0 \u00e8 limitata a circa 120 km\/h (75 mph) per preservare la batteria. Per molti proprietari, questa modalit\u00e0 ha coperto l'intero tragitto quotidiano, consentendo loro di sperimentare tutti i vantaggi di un'auto elettrica - assenza di emissioni locali, funzionamento silenzioso e bassi costi di gestione - senza mai aver bisogno del motore a benzina. \u00c8 stata questa capacit\u00e0 a rendere la i8 cos\u00ec lungimirante, offrendo un assaggio reale del futuro elettrico in un pacchetto che era disponibile quasi un decennio fa.<\/p>\n<h2 id=\"fact-3-the-numbers-game-performance-range-and-charging-explained\">Fatto 3: il gioco dei numeri: prestazioni, autonomia e ricarica spiegate<\/h2>\n<p>Sebbene la filosofia e il design della BMW i8 siano affascinanti, per molti potenziali proprietari e appassionati ci\u00f2 che conta davvero sono i numeri pratici. Quanto \u00e8 veloce? Quanto pu\u00f2 andare avanti con la sola elettricit\u00e0? Come si fa a tenerla in carica? L'esame di queste cifre rivela la realt\u00e0 tangibile della proposta ibrida della i8&#039;e aiuta a gestire le aspettative su ci\u00f2 che questa macchina futuristica potr\u00e0 offrire nell'uso quotidiano nel 2025. Le prestazioni dell'auto&#039;non sono solo un numero, ma una storia raccontata dall'interazione dei suoi due cuori.<\/p>\n<h3 id=\"electric-only-range-what-to-expect-in-the-real-world\">Autonomia solo elettrica: Cosa aspettarsi nel mondo reale<\/h3>\n<p>La BMW i8 era dotata di una batteria agli ioni di litio che, nel corso della sua produzione, ha subito un paio di aggiornamenti. I primi modelli (2014-2018) erano dotati di una batteria da 7,1 kWh. Secondo il test ufficiale del Nuovo ciclo di guida europeo (NEDC), questa batteria era in grado di garantire un'autonomia solo elettrica fino a 37 chilometri (23 miglia). I modelli successivi, aggiornati e prodotti a partire dal 2018, hanno ricevuto una batteria pi\u00f9 grande da 11,6 kWh, che ha aumentato l'autonomia ufficiale NEDC a 55 chilometri (34 miglia).<\/p>\n<p>\u00c8 tuttavia fondamentale avvicinarsi a queste cifre ufficiali con una dose di realismo. I cicli di prova come il NEDC sono condotti in condizioni di laboratorio altamente controllate e idealizzate. Nel mondo reale, fattori come la temperatura ambientale (le batterie funzionano in modo meno ottimale in condizioni di freddo o caldo estremo), lo stile di guida (un'accelerazione aggressiva esaurisce la batteria molto pi\u00f9 rapidamente), il terreno (la guida in salita richiede pi\u00f9 energia) e l'uso di servizi dell'abitacolo come l'aria condizionata riducono l'autonomia raggiungibile.<\/p>\n<p>Per un proprietario di un modello precedente di i8 nel 2025, l'autonomia elettrica realistica sarebbe pi\u00f9 vicina ai 20-25 chilometri (12-15 miglia). Per i modelli pi\u00f9 recenti, dotati di una batteria pi\u00f9 grande, l'obiettivo pi\u00f9 raggiungibile \u00e8 di 35-40 chilometri (22-25 miglia). Anche se non sembra una distanza enorme rispetto ai moderni BEV, spesso \u00e8 pi\u00f9 che sufficiente per coprire il tragitto giornaliero medio in molte citt\u00e0 europee o del Sud-Est asiatico, consentendo di viaggiare senza benzina per la maggior parte delle attivit\u00e0 quotidiane.<\/p>\n<h3 id=\"charging-the-i8-home-and-public-options\">Ricarica della i8: opzioni domestiche e pubbliche<\/h3>\n<p>Il rifornimento della batteria della i8&#039;\u00e8 un processo semplice, simile a quello di qualsiasi altro PHEV o BEV. Ci sono principalmente tre modi per ricaricare l'auto.<\/p>\n<ol>\n<li>\n<p><strong>Ricarica di livello 1 (presa domestica standard):<\/strong> La i8 pu\u00f2 essere ricaricata utilizzando una presa di corrente domestica standard (ad esempio, 230V in Europa o 120V in alcune regioni). Questo \u00e8 il metodo pi\u00f9 lento. Per la batteria precedente da 7,1 kWh, una carica completa richiede circa 3,5-4 ore. Per la batteria pi\u00f9 grande da 11,6 kWh, il tempo si estende a circa 4,5-5 ore. Questo metodo \u00e8 perfettamente adatto alla ricarica notturna a casa.<\/p>\n<\/li>\n<li>\n<p><strong>Ricarica di livello 2 (Wallbox o caricatore pubblico):<\/strong> Il metodo pi\u00f9 comune e conveniente \u00e8 l'utilizzo di una stazione di ricarica dedicata di livello 2, come una wallbox installata a casa o una tipica stazione di ricarica pubblica presente nei centri commerciali, negli uffici e lungo le strade. Queste stazioni funzionano con una tensione e un amperaggio pi\u00f9 elevati. Utilizzando un caricabatterie di livello 2, la batteria da 7,1 kWh pu\u00f2 essere completamente rifornita in circa 2 ore, mentre quella da 11,6 kWh richiede poco pi\u00f9 di 3 ore. Questo rende pratico il rabbocco della batteria durante un giro di shopping o in ufficio.<\/p>\n<\/li>\n<li>\n<p><strong>Ricarica a bordo (modalit\u00e0 Sport):<\/strong> Una caratteristica unica della i8 \u00e8 la capacit\u00e0 di utilizzare il motore a benzina per ricaricare la propria batteria. Quando si guida in modalit\u00e0 Sport, il motore non solo spinge l'auto, ma devia anche parte della sua potenza al generatore per rifornire la batteria. Anche se questo non \u00e8 il modo pi\u00f9 efficiente di ottenere elettricit\u00e0, \u00e8 una funzione incredibilmente utile. Immaginate di guidare in autostrada verso un centro urbano; potete usare la modalit\u00e0 Sport in autostrada per arrivare ai confini della citt\u00e0 con la batteria completamente carica, pronti a passare alla silenziosa modalit\u00e0 eDrive a emissioni zero.<\/p>\n<\/li>\n<\/ol>\n<h3 id=\"combined-power-and-acceleration-a-supercar-s-soul\">Potenza e accelerazione combinate: L'anima di una supercar<\/h3>\n<p>La domanda \"la BMW i8 \u00e8 un'auto elettrica?\" porta spesso con s\u00e9 un implicito seguito: \"\u00e8 veloce?\". La risposta \u00e8 un s\u00ec inequivocabile. Quando il motore elettrico e quello a benzina lavorano insieme in modalit\u00e0 Sport, le prestazioni della i8&#039;sono esaltanti.<\/p>\n<p>Il motore a tre cilindri da 1,5 litri, nonostante le dimensioni ridotte, produce una notevole potenza di 228 cavalli e una coppia di 320 Nm, tutti inviati alle ruote posteriori. Il motore elettrico aggiunge altri 141 cavalli e 250 Nm di coppia alle ruote anteriori. \u00c8 importante notare che la potenza e la coppia di picco dei due sistemi non si verificano esattamente nello stesso momento, quindi non \u00e8 possibile sommare semplicemente i numeri. La potenza ufficiale del sistema combinato \u00e8 di 369 cavalli e 570 Nm di coppia.<\/p>\n<p>Se si considera la leggerezza della costruzione in fibra di carbonio, questi numeri si traducono in un'accelerazione straordinaria. La BMW i8 pu\u00f2 scattare da 0 a 100 km\/h in soli 4,4 secondi. Questa cifra la colloca saldamente nel territorio delle auto sportive tradizionali come la Porsche 911 della sua epoca. La velocit\u00e0 massima \u00e8 limitata elettronicamente a 250 km\/h (155 mph). Quello che i numeri non trasmettono&#039;\u00e8 la sensazione unica di questa accelerazione. La spinta istantanea del motore elettrico anteriore, combinata con l'aumento di potenza del motore turbo posteriore, crea un'impennata senza soluzione di continuit\u00e0, a trazione integrale, che sembra al tempo stesso futuristica e profondamente appagante.<\/p>\n<p>La tabella seguente mette a confronto le specifiche della i8&#039;con quelle di una vettura full EV contemporanea, illustrando le diverse filosofie.<\/p>\n<table class=\"mce-item-table\" style=\"width:100%; border-collapse: collapse;\" border=\"1\">\n<thead>\n<tr>\n<th style=\"text-align:left;\">Specifiche<\/th>\n<th style=\"text-align:left;\">BMW i8 (PHEV)<\/th>\n<th style=\"text-align:left;\">BYD Han EV (BEV)<\/th>\n<\/tr>\n<\/thead>\n<tbody>\n<tr>\n<td style=\"text-align:left;\"><strong>Propulsore<\/strong><\/td>\n<td style=\"text-align:left;\">1.5L I3 Turbo + Motore elettrico<\/td>\n<td style=\"text-align:left;\">Doppio motore elettrico<\/td>\n<\/tr>\n<tr>\n<td style=\"text-align:left;\"><strong>Potenza combinata<\/strong><\/td>\n<td style=\"text-align:left;\">369 CV<\/td>\n<td style=\"text-align:left;\">510 CV<\/td>\n<\/tr>\n<tr>\n<td style=\"text-align:left;\"><strong>Coppia combinata<\/strong><\/td>\n<td style=\"text-align:left;\">570 Nm<\/td>\n<td style=\"text-align:left;\">700 Nm<\/td>\n<\/tr>\n<tr>\n<td style=\"text-align:left;\"><strong>0-100 km\/h<\/strong><\/td>\n<td style=\"text-align:left;\">4,4 secondi<\/td>\n<td style=\"text-align:left;\">3,9 secondi<\/td>\n<\/tr>\n<tr>\n<td style=\"text-align:left;\"><strong>Trasmissione<\/strong><\/td>\n<td style=\"text-align:left;\">Trazione integrale<\/td>\n<td style=\"text-align:left;\">Trazione integrale<\/td>\n<\/tr>\n<tr>\n<td style=\"text-align:left;\"><strong>Gamma solo elettrica<\/strong><\/td>\n<td style=\"text-align:left;\">~55 km (NEDC, modelli successivi)<\/td>\n<td style=\"text-align:left;\">~610 km (CLTC)<\/td>\n<\/tr>\n<tr>\n<td style=\"text-align:left;\"><strong>Gamma totale<\/strong><\/td>\n<td style=\"text-align:left;\">~600 km (combinato)<\/td>\n<td style=\"text-align:left;\">~610 km (solo elettrico)<\/td>\n<\/tr>\n<tr>\n<td style=\"text-align:left;\"><strong>Peso in ordine di marcia<\/strong><\/td>\n<td style=\"text-align:left;\">~1.560 kg<\/td>\n<td style=\"text-align:left;\">~2.250 kg<\/td>\n<\/tr>\n<\/tbody>\n<\/table>\n<p>Questo confronto evidenzia i compromessi. Il BEV offre pi\u00f9 potenza grezza e un'autonomia elettrica molto maggiore, ma la i8 PHEV offre un'autonomia di guida totale simile con la flessibilit\u00e0 di un rifornimento rapido e un peso a vuoto significativamente inferiore, che contribuisce alla sua agilit\u00e0 di guida.<\/p>\n<h2 id=\"fact-4-a-glimpse-into-the-future-the-i8-s-design-and-material-philosophy\">Fatto 4: Uno sguardo al futuro - La filosofia di design e materiali della i8&#039;i8<\/h2>\n<p>La BMW i8 era pi\u00f9 di un semplice propulsore: era una dichiarazione di intenti, una visione del futuro resa tangibile. Il suo design e la sua costruzione sono stati rivoluzionari quanto il suo sistema ibrido, utilizzando materiali e concetti architettonici che all'epoca erano riservati alle hypercar di nicchia o alle applicazioni aerospaziali. Guardare una i8, anche nel 2025, significa vedere un design che \u00e8 invecchiato molto bene, proprio perch\u00e9 non \u00e8 mai stata pensata per essere un'auto del suo tempo. \u00c8 sempre stata pensata per essere un'auto di domani. Questo approccio lungimirante alla sua forma fisica \u00e8 un pezzo fondamentale del puzzle per comprendere il significato del veicolo.<\/p>\n<h3 id=\"lifedrive-architecture-a-revolutionary-structure\">Architettura LifeDrive: Una struttura rivoluzionaria<\/h3>\n<p>Tradizionalmente, le automobili sono costruite con una struttura monoscocca o unibody, in cui la carrozzeria e il telaio sono un'unica struttura integrata. Per la i8 e la sua sorella completamente elettrica, la i3, BMW ha buttato alle ortiche questa convenzione. Hanno sviluppato un nuovo concetto radicale chiamato architettura LifeDrive.<\/p>\n<p>Immaginate che l'auto sia divisa in due moduli distinti e separati.<\/p>\n<ol>\n<li>\n<p><strong>Il modulo \"Vita\":<\/strong> Questa \u00e8 la cellula passeggeri, il bozzolo dove siedono gli occupanti. Per la i8, l'intero modulo \u00e8 stato costruito in plastica rinforzata con fibra di carbonio (CFRP). In questo modo \u00e8 stata creata una cellula di sicurezza incredibilmente resistente, rigida e leggera. Si \u00e8 trattato di un risultato monumentale, in quanto ha segnato uno dei primi utilizzi di una cellula passeggeri interamente in carbonio in un veicolo prodotto in serie.<\/p>\n<\/li>\n<li>\n<p><strong>Il modulo \"Drive\":<\/strong> \u00c8 il telaio in alluminio che si trova sotto il modulo Life. Ospita tutti i componenti meccanici dell'auto: il motore a benzina e la trasmissione nella parte posteriore, il motore elettrico nella parte anteriore, la batteria ad alta tensione che corre lungo la spina dorsale centrale dell'auto e tutti i sistemi di sospensione e di frenata.<\/p>\n<\/li>\n<\/ol>\n<p>Questa costruzione in due parti ha offerto enormi vantaggi. La collocazione della pesante batteria nel tunnel centrale ha permesso di ottenere un centro di gravit\u00e0 eccezionalmente basso, ingrediente fondamentale per una superba maneggevolezza e stabilit\u00e0. La separazione della cella passeggeri dai componenti meccanici ha inoltre contribuito a isolare le vibrazioni e il rumore, contribuendo a un'esperienza di guida pi\u00f9 raffinata, soprattutto in modalit\u00e0 elettrica. Questa innovazione architettonica \u00e8 stata fondamentale per raggiungere il duplice obiettivo di alte prestazioni ed efficienza della i8.<\/p>\n<h3 id=\"carbon-fiber-reinforced-plastic-cfrp-strength-meets-lightness\">Plastica rinforzata con fibra di carbonio (CFRP): la forza incontra la leggerezza<\/h3>\n<p>L'uso estensivo del CFRP \u00e8 forse l'impresa ingegneristica pi\u00f9 impressionante della i8&#039;i. La fibra di carbonio \u00e8 un materiale superlativo: \u00e8 resistente come l'acciaio ma pesa circa 50% in meno, ed \u00e8 30% pi\u00f9 leggera dell'alluminio. Prima della i8 e della i3, il suo utilizzo era in gran parte limitato alle gare di Formula 1 e alle supercar da milioni di dollari, a causa del suo costo elevato e del complesso processo di produzione.<\/p>\n<p>BMW ha investito molto nello sviluppo di metodi nuovi e pi\u00f9 efficienti per produrre CFRP in scala. Il risultato \u00e8 stato una cellula passeggeri in grado di offrire una protezione superiore contro gli urti, pur essendo molto pi\u00f9 leggera di una struttura convenzionale in acciaio. Questo risparmio di peso non era solo un progetto di facciata, ma era essenziale per il concetto della i8&#039;i. Il gruppo propulsore ibrido, con il motore, il propulsore e la batteria, \u00e8 intrinsecamente pi\u00f9 pesante di un semplice motore a benzina. L'enorme risparmio di peso ottenuto con la scocca in CFRP compensa questa massa aggiuntiva, consentendo all'auto di mantenere una sensazione di agilit\u00e0 e di raggiungere i suoi impressionanti valori di accelerazione. Le porte a diedro (o \"a farfalla\"), un elemento caratteristico del design, sono state possibili solo grazie alla resistenza e alla leggerezza del CFRP con cui sono state costruite. Quando si apre la portiera di una i8&#039;non si apre solo una porta, ma si solleva un pezzo di scienza dei materiali avanzata.<\/p>\n<h3 id=\"aerodynamics-and-aesthetics-more-than-just-good-looks\">Aerodinamica ed estetica: Pi\u00f9 di un semplice aspetto estetico<\/h3>\n<p>Il design esterno della i8&#039;\u00e8 una masterclass di bellezza funzionale. Ogni curva, presa d'aria e aletta dell'auto ha uno scopo aerodinamico. Sembra scolpita dal vento perch\u00e9, per molti versi, \u00e8 cos\u00ec. L'auto ha un coefficiente di resistenza aerodinamica eccezionalmente basso, appena 0,26, notevole per un'auto sportiva con pneumatici larghi e notevoli esigenze di raffreddamento.<\/p>\n<p>Si pensi ai montanti C \"stream flow\", le ali fluttuanti che si estendono dalla linea del tetto fin sopra i parafanghi posteriori. Hanno un aspetto scenografico, ma la loro funzione principale \u00e8 quella di incanalare l'aria in modo efficiente sulla carrozzeria dell'auto, riducendo la resistenza aerodinamica e migliorando la stabilit\u00e0 alle alte velocit\u00e0. Un altro esempio sono le griglie a forma di rene parzialmente oscurate nella parte anteriore. Poich\u00e9 il sistema ibrido richiede un raffreddamento inferiore a quello di un motore V8 o V12 di grande cilindrata, le griglie possono essere chiuse in gran parte per migliorare il flusso d'aria, un'idea di design ormai comune a molte auto. <a href=\"https:\/\/www.tjygqc.com\/bmw-category\/\" rel=\"nofollow\">scoprite il futuro della guida con la nostra collezione BMW<\/a> e altri veicoli elettrici moderni.<\/p>\n<p>L'assetto basso e largo, i pannelli della carrozzeria stratificati e gli accenti blu futuristici comunicano la tecnologia avanzata della vettura prima ancora di metterla in moto. Il design non \u00e8 stato un ripensamento, ma una parte integrante dell'identit\u00e0 dell'auto, una rappresentazione visiva dell'ingegneria avanzata che si celava sotto la pelle. Prometteva un'esperienza di guida diversa e l'ha mantenuta.<\/p>\n<h2 id=\"fact-5-the-i8-s-legacy-and-its-place-in-automotive-history\">Fatto 5: l'eredit\u00e0 della i8&#039;e il suo posto nella storia dell'automobile<\/h2>\n<p>Quando la produzione della BMW i8 \u00e8 cessata nel 2020, alcuni osservatori potrebbero averla vista come la fine di un esperimento fallito. Questa prospettiva, tuttavia, non tiene conto di un aspetto pi\u00f9 ampio. La i8 non \u00e8 mai stata concepita per essere una vettura venduta in grandi quantit\u00e0 come la BMW Serie 3. Il suo scopo era invece quello di fungere da pioniere. Il suo scopo era invece quello di fungere da pioniere, un'ammiraglia tecnologica che avrebbe testato nuove idee, sfidato le convenzioni e aperto la strada al futuro elettrico del marchio. Nel 2025, guardando al passato, \u00e8 chiaro che la i8 non \u00e8 stata un punto di arrivo, ma un inizio profondamente influente. La sua eredit\u00e0 non si trova nei dati di vendita, ma nel DNA di tutte le BMW elettriche ed elettrificate che sono seguite.<\/p>\n<h3 id=\"a-bridge-to-the-future-of-bmw-s-electric-lineup\">Un ponte verso il futuro della gamma elettrica di BMW&#039;s<\/h3>\n<p>La i8 \u00e8 stata, in sostanza, un laboratorio mobile. Le conoscenze acquisite grazie allo sviluppo del suo complesso gruppo propulsore ibrido, all'uso pionieristico della fibra di carbonio in scala e ai sistemi avanzati di gestione della batteria hanno fornito agli ingegneri BMW&#039;insegnamenti preziosi. \u00c8 servita come \"prova di concetto\" che le prestazioni elettrificate non sono solo possibili, ma anche desiderabili.<\/p>\n<p>Il sottomarchio \"i\", che la i8 ha contribuito a lanciare, si \u00e8 poi sviluppato in una gamma completa di veicoli completamente elettrici, tra cui la i4, la iX e la i7. Queste auto beneficiano direttamente del lavoro svolto dalla i8. L'esperienza nella tecnologia dei motori elettrici, nella gestione termica delle batterie e nella costruzione leggera \u00e8 stata affinata nel progetto i8. Inoltre, la i8 ha agito come strumento cruciale di marketing e di cambiamento di percezione. Ha reso \"elettrico\" sinonimo di \"eccitante\" e \"futuristico\" per il marchio BMW. Ha dimostrato che un'auto pu\u00f2 essere allo stesso tempo attenta all'ambiente ed emozionante, una dualit\u00e0 che \u00e8 fondamentale per il fascino dei moderni veicoli elettrici ad alte prestazioni. La i8 camminava per far correre la i4 M50.<\/p>\n<h3 id=\"why-the-i8-was-discontinued\">Perch\u00e9 la i8 \u00e8 stata dismessa<\/h3>\n<p>La decisione di terminare la produzione della i8&#039;dopo sei anni era un passo logico nel suo ciclo di vita previsto. Dal punto di vista tecnologico, il mondo dell'automobile si muoveva a un ritmo incalzante. Entro il 2020, la tecnologia delle batterie era progredita in modo significativo, rendendo i veicoli completamente elettrici a lunga autonomia pi\u00f9 praticabili e accessibili. La stessa \"ansia da autonomia\" che il sistema PHEV della i8&#039;era stato progettato per risolvere stava diventando una preoccupazione minore per un numero crescente di consumatori.<\/p>\n<p>La i8 aveva compiuto la sua missione. Aveva dimostrato la fattibilit\u00e0 di un'auto sportiva ibrida plug-in e aveva affermato il marchio BMW i come leader nell'innovazione. Continuare la sua produzione avrebbe significato competere con una nuova generazione di BEV, compresi quelli della scuderia BMW, che offrivano prestazioni elettriche e semplicit\u00e0 superiori. Il processo di produzione, in particolare il complesso assemblaggio delle strutture in fibra di carbonio e alluminio, era inoltre costoso. L'abbandono della i8 ha permesso a BMW di reindirizzare queste risorse e la sua attenzione verso lo sviluppo della prossima generazione di piattaforme completamente elettriche, che rappresentano il futuro a lungo termine dell'azienda. Si \u00e8 trattato di un pensionamento pianificato e graduale per un veicolo che aveva completato con successo il suo lavoro pionieristico.<\/p>\n<h3 id=\"the-i8-as-a-modern-classic-and-collector-s-item\">La i8 come classico moderno e oggetto da collezione&#039;\u00b3\u00b3\u00b3\u00b3 la i8 come classico moderno e oggetto da collezione<\/h3>\n<p>Nel 2025, la BMW i8 sta rapidamente passando dall'essere un'auto usata a un classico moderno. La combinazione di un design futuristico, simile a quello di una concept car, che sembra ancora fresco, la sua importanza storica come veicolo di riferimento e i suoi numeri di produzione relativamente limitati sono tutti ingredienti chiave per il collezionismo.<\/p>\n<p>Ai primi utilizzatori e agli appassionati che ne hanno apprezzato l'unicit\u00e0 si sono aggiunti i collezionisti che ne vedono il valore a lungo termine. L'esperienza di guida rimane unica: nessun'altra auto offre lo stesso mix di silenziosa crociera elettrica e di teatralit\u00e0 del tre cilindri turbo. A differenza di molte supercar, \u00e8 anche relativamente efficiente e utilizzabile come veicolo quotidiano, il che aumenta il suo fascino.<\/p>\n<p>Mentre il mondo dell'automobile continua la sua inesorabile marcia verso la completa elettrificazione, la BMW i8 sar\u00e0 sempre pi\u00f9 vista come un affascinante e bellissimo manufatto di un momento cruciale di transizione. Rappresenta un'epoca in cui gli ingegneri hanno mescolato in modo creativo il vecchio e il nuovo, creando una macchina che era allo stesso tempo una celebrazione del motore a combustione interna e un passo coraggioso verso l'era elettrica. Per questo motivo, gli esemplari ben conservati della i8 saranno probabilmente ricercati nei decenni a venire, apprezzati non solo per quello che sono, ma per l'importante storia che raccontano.<\/p>\n<h2 id=\"frequently-asked-questions-faq\">Domande frequenti (FAQ)<\/h2>\n<h3 id=\"is-the-bmw-i8-a-fully-electric-car\">La BMW i8 \u00e8 un'auto completamente elettrica?<\/h3>\n<p>No, la BMW i8 non \u00e8 un'auto completamente elettrica. \u00c8 un veicolo ibrido elettrico plug-in (PHEV). Ci\u00f2 significa che ha sia un motore a benzina (un tre cilindri turbo da 1,5 litri) sia un motore elettrico con una batteria che pu\u00f2 essere ricaricata da una fonte di energia esterna. \u00c8 in grado di funzionare con la sola energia elettrica per un'autonomia limitata, prima che il motore a benzina sia necessario.<\/p>\n<h3 id=\"how-far-can-a-bmw-i8-drive-on-electric-power-alone\">Quanto pu\u00f2 guidare una BMW i8 con la sola energia elettrica?<\/h3>\n<p>L'autonomia solo elettrica dipende dall'anno del modello. I primi modelli (2014-2018) con batteria da 7,1 kWh hanno un'autonomia ufficiale fino a 37 km (23 miglia), con un'autonomia reale realistica pi\u00f9 vicina ai 20-25 km. I modelli successivi (2018-2020) con la batteria pi\u00f9 grande da 11,6 kWh hanno un'autonomia ufficiale fino a 55 km (34 miglia), che si traduce in un'autonomia realistica di 35-40 km nella guida quotidiana.<\/p>\n<h3 id=\"can-you-drive-the-bmw-i8-if-the-battery-is-not-charged\">Si pu\u00f2 guidare la BMW i8 se la batteria non \u00e8 carica?<\/h3>\n<p>S\u00ec, assolutamente. Se la batteria si esaurisce, la i8 funziona come un'auto ibrida tradizionale. Il motore a benzina sar\u00e0 la fonte di energia primaria e l'auto continuer\u00e0 a funzionare perfettamente. Il sistema pu\u00f2 anche rigenerare una piccola quantit\u00e0 di carica attraverso la frenata. Non si rimane mai a piedi se non si pu\u00f2 collegare la spina.<\/p>\n<h3 id=\"why-is-the-bmw-i8-so-expensive-to-buy-even-in-2025\">Perch\u00e9 la BMW i8 \u00e8 cos\u00ec costosa da acquistare, anche nel 2025?<\/h3>\n<p>Il valore della i8&#039;rimane relativamente alto grazie a diversi fattori. Il suo design futuristico \u00e8 invecchiato molto bene, \u00e8 stata prodotta in numero limitato e la sua costruzione \u00e8 esotica, con una cellula passeggeri in fibra di carbonio. \u00c8 considerata un classico moderno e un'auto storicamente significativa, il che ne accresce la desiderabilit\u00e0 e ne aumenta il valore rispetto a molte vetture contemporanee.<\/p>\n<h3 id=\"what-is-the-maintenance-like-on-a-bmw-i8\">Qual \u00e8 la manutenzione di una BMW i8?<\/h3>\n<p>La manutenzione pu\u00f2 essere pi\u00f9 complessa rispetto a quella di un'auto convenzionale a causa del suo sistema a doppia alimentazione. Richiede tecnici che abbiano familiarit\u00e0 sia con i motori a combustione ad alte prestazioni sia con i sistemi elettrici ad alta tensione. La manutenzione ordinaria, come il cambio dell'olio, \u00e8 standard, ma le riparazioni dei componenti ibridi o della struttura in fibra di carbonio possono essere specialistiche e costose. \u00c8 fondamentale trovare un centro di assistenza qualificato.<\/p>\n<h3 id=\"was-the-bmw-i8-considered-a-supercar\">La BMW i8 era considerata una supercar?<\/h3>\n<p>In termini di prestazioni, il tempo da 0 a 100 km\/h di 4,4 secondi la colloca saldamente nel territorio delle auto sportive, in concorrenza con molte Porsche e altri veicoli ad alte prestazioni della sua epoca. Con le sue spettacolari porte a farfalla, la costruzione in fibra di carbonio e l'aspetto da concept car, ha certamente la presenza e la drammaticit\u00e0 di una supercar. Anche se alcuni puristi potrebbero discutere il titolo a causa del suo motore a tre cilindri, le sue prestazioni complessive e la sua abilit\u00e0 tecnologica le fanno guadagnare un posto nella conversazione sulle supercar.<\/p>\n<h3 id=\"what-car-replaced-the-bmw-i8\">Quale auto ha sostituito la BMW i8?<\/h3>\n<p>Non c'\u00e8 stato un sostituto diretto e unico per la BMW i8. Il suo spirito e la sua eredit\u00e0 tecnologica sono stati invece incanalati nella pi\u00f9 ampia gamma di veicoli elettrici BMW \"i\". L'aspetto delle prestazioni \u00e8 ora portato avanti da modelli come la BMW i4 M50 completamente elettrica, mentre il ruolo di ammiraglia tecnologica \u00e8 ricoperto da veicoli come la BMW iX e la i7. La i8 \u00e8 stata un'auto di punta unica per una specifica epoca di transizione.<\/p>\n<h2 id=\"conclusion\">Conclusione<\/h2>\n<p>La domanda \"la BMW i8 \u00e8 un'auto elettrica?\" apre una porta a una discussione molto pi\u00f9 ricca e sfumata sull'evoluzione dell'automobile. La i8 non pu\u00f2 essere confinata a un semplice \"s\u00ec\" o \"no\". \u00c8 la testimonianza di un momento di ingegneria brillante e di una visione audace, un veicolo che ha saputo fondere magistralmente due diverse filosofie di propulsione. \u00c8 un ibrido plug-in che offre il funzionamento silenzioso e pulito di un veicolo elettrico per la vita urbana, pur mantenendo l'autonomia e la potenza grezza di un'auto sportiva a benzina per la strada aperta. L'uso di materiali esotici come la fibra di carbonio in un veicolo di serie ha democratizzato una tecnologia un tempo riservata alla pista.<\/p>\n<p>La i8 era un ponte, costruito con cura per portare gli automobilisti dal territorio familiare del motore a combustione al nuovo mondo dell'elettrificazione senza richiedere un salto di fede. Ha affrontato le ansie pratiche del suo tempo senza sacrificare l'emozione che definisce una grande auto sportiva. La sua produzione \u00e8 terminata, ma la sua influenza persiste. L'eredit\u00e0 della i8&#039;non \u00e8 una nota a pi\u00e8 di pagina nella storia delle auto elettriche, ma un celebre prologo all'attuale capitolo delle prestazioni elettriche, un classico moderno la cui combinazione di design, tecnologia e carattere rimane avvincente e unica nel 2025.<\/p>\n<h2 id=\"references\">Riferimenti<\/h2>\n<p>BMW Group. (2013, 7 agosto). La BMW i8. A colpo d'occhio. [Comunicato stampa].<\/p>\n<p>BMW Group. (2017, 29 novembre). La nuova BMW i8 Roadster, la nuova BMW i8 Coup\u00e9. [Comunicato stampa].<\/p>\n<p>Car and Driver. (2019, 11 giugno). 2019 BMW i8. Car and Driver. <a href=\"https:\/\/www.caranddriver.com\/bmw\/i8\" rel=\"nofollow\">https:\/\/www.caranddriver.com\/bmw\/i8<\/a><\/p>\n<p>Duff, M. (2020, 25 giugno). La produzione della BMW i8 termina con 20.500 vendite. Autocar.<\/p>\n<p>Golson, J. (2020, 23 giugno). La produzione della BMW i8 termina, lasciando un buco di auto sportiva ibrida nei nostri cuori. CNET.<\/p>\n<p>Kane, M. (2020, 11 giugno). La produzione della BMW i8 volge al termine. InsideEVs.<\/p>\n<p>Karr, A. (2020, 26 giugno). La produzione della BMW i8 termina dopo 20.465 auto assemblate. Motor1.com.<\/p>\n<p>Voelcker, J. (2014, 12 maggio). 2015 BMW i8: Sexy Plug-In Hybrid Sport Coup\u00e9, la nostra prima guida. Green Car Reports. <a href=\"https:\/\/www.greencarreports.com\/news\/1092040_2015-bmw-i8-sexy-plug-in-hybrid-sport-coupe-our-first-drive\" rel=\"nofollow\">https:\/\/www.greencarreports.com\/news\/1092040_2015-bmw-i8-sexy-plug-in-hybrid-sport-coupe-our-first-drive<\/a><\/p>","protected":false},"excerpt":{"rendered":"<p>Abstract La BMW i8 occupa una posizione unica e spesso fraintesa all'interno del panorama automobilistico, tanto che spesso ci si interroga sulla sua classificazione come veicolo completamente elettrico. Questa analisi chiarisce che la BMW i8 non \u00e8 un veicolo elettrico a batteria (BEV), ma piuttosto un veicolo elettrico ibrido plug-in (PHEV) tecnologicamente avanzato. Esamina le caratteristiche del veicolo [...]<\/p>","protected":false},"author":1,"featured_media":3105,"comment_status":"closed","ping_status":"","sticky":false,"template":"","format":"standard","meta":{"footnotes":""},"categories":[4],"tags":[],"class_list":["post-3104","post","type-post","status-publish","format-standard","has-post-thumbnail","hentry","category-news"],"yoast_head":"<!-- This site is optimized with the Yoast SEO plugin v24.4 - https:\/\/yoast.com\/wordpress\/plugins\/seo\/ -->\n<title>5 Proven Facts: Is the BMW i8 an Electric Car? The 2025 Buyer&#039;s Guide - Tianjin Yigang Automobile Sales Co.,Ltd.<\/title>\n<meta name=\"robots\" content=\"index, follow, max-snippet:-1, max-image-preview:large, max-video-preview:-1\" \/>\n<link rel=\"canonical\" href=\"https:\/\/www.tjygqc.com\/it\/5-proven-facts-is-the-bmw-i8-an-electric-car-the-2025-buyers-guide-article\/\" \/>\n<meta property=\"og:locale\" content=\"it_IT\" \/>\n<meta property=\"og:type\" content=\"article\" \/>\n<meta property=\"og:title\" content=\"5 Proven Facts: Is the BMW i8 an Electric Car? The 2025 Buyer&#039;s Guide - Tianjin Yigang Automobile Sales Co.,Ltd.\" \/>\n<meta property=\"og:description\" content=\"Abstract The BMW i8 occupies a unique and often misunderstood position within the automotive landscape, frequently prompting the question of its classification as a fully electric vehicle. This analysis clarifies that the BMW i8 is not a battery electric vehicle (BEV) but rather a technologically advanced plug-in hybrid electric vehicle (PHEV). It examines the vehicle&#039;s [&hellip;]\" \/>\n<meta property=\"og:url\" content=\"https:\/\/www.tjygqc.com\/it\/5-proven-facts-is-the-bmw-i8-an-electric-car-the-2025-buyers-guide-article\/\" \/>\n<meta property=\"og:site_name\" content=\"Tianjin Yigang Automobile Sales Co.,Ltd.\" \/>\n<meta property=\"article:publisher\" content=\"https:\/\/www.facebook.com\/tianjinyigang\/\" \/>\n<meta property=\"article:published_time\" content=\"2025-11-13T11:24:20+00:00\" \/>\n<meta property=\"article:modified_time\" content=\"2025-11-13T11:24:22+00:00\" \/>\n<meta property=\"og:image\" content=\"https:\/\/www.tjygqc.com\/wp-content\/uploads\/2025\/03\/BMW-i5-eDrive-40L-Luxury-Package-1-2.webp\" \/>\n<meta name=\"author\" content=\"user\" \/>\n<meta name=\"twitter:card\" content=\"summary_large_image\" \/>\n<meta name=\"twitter:label1\" content=\"Written by\" \/>\n\t<meta name=\"twitter:data1\" content=\"user\" \/>\n\t<meta name=\"twitter:label2\" content=\"Est. reading time\" \/>\n\t<meta name=\"twitter:data2\" content=\"28 minuti\" \/>\n<script type=\"application\/ld+json\" class=\"yoast-schema-graph\">{\"@context\":\"https:\/\/schema.org\",\"@graph\":[{\"@type\":\"Article\",\"@id\":\"https:\/\/www.tjygqc.com\/5-proven-facts-is-the-bmw-i8-an-electric-car-the-2025-buyers-guide-article\/#article\",\"isPartOf\":{\"@id\":\"https:\/\/www.tjygqc.com\/5-proven-facts-is-the-bmw-i8-an-electric-car-the-2025-buyers-guide-article\/\"},\"author\":{\"name\":\"user\",\"@id\":\"https:\/\/www.tjygqc.com\/#\/schema\/person\/9a0e27c1156d5a1d4cb23dce2cc5ad36\"},\"headline\":\"5 Proven Facts: Is the BMW i8 an Electric Car? The 2025 Buyer&#8217;s Guide\",\"datePublished\":\"2025-11-13T11:24:20+00:00\",\"dateModified\":\"2025-11-13T11:24:22+00:00\",\"mainEntityOfPage\":{\"@id\":\"https:\/\/www.tjygqc.com\/5-proven-facts-is-the-bmw-i8-an-electric-car-the-2025-buyers-guide-article\/\"},\"wordCount\":5524,\"publisher\":{\"@id\":\"https:\/\/www.tjygqc.com\/#organization\"},\"image\":{\"@id\":\"https:\/\/www.tjygqc.com\/5-proven-facts-is-the-bmw-i8-an-electric-car-the-2025-buyers-guide-article\/#primaryimage\"},\"thumbnailUrl\":\"https:\/\/www.tjygqc.com\/wp-content\/uploads\/2025\/11\/5-proven-facts-is-the-bmw-i8-an-electric-car-the-2025-buyer-s-guide.webp\",\"articleSection\":[\"News\"],\"inLanguage\":\"it-IT\"},{\"@type\":\"WebPage\",\"@id\":\"https:\/\/www.tjygqc.com\/5-proven-facts-is-the-bmw-i8-an-electric-car-the-2025-buyers-guide-article\/\",\"url\":\"https:\/\/www.tjygqc.com\/5-proven-facts-is-the-bmw-i8-an-electric-car-the-2025-buyers-guide-article\/\",\"name\":\"5 Proven Facts: Is the BMW i8 an Electric Car? The 2025 Buyer's Guide - Tianjin Yigang Automobile Sales Co.,Ltd.\",\"isPartOf\":{\"@id\":\"https:\/\/www.tjygqc.com\/#website\"},\"primaryImageOfPage\":{\"@id\":\"https:\/\/www.tjygqc.com\/5-proven-facts-is-the-bmw-i8-an-electric-car-the-2025-buyers-guide-article\/#primaryimage\"},\"image\":{\"@id\":\"https:\/\/www.tjygqc.com\/5-proven-facts-is-the-bmw-i8-an-electric-car-the-2025-buyers-guide-article\/#primaryimage\"},\"thumbnailUrl\":\"https:\/\/www.tjygqc.com\/wp-content\/uploads\/2025\/11\/5-proven-facts-is-the-bmw-i8-an-electric-car-the-2025-buyer-s-guide.webp\",\"datePublished\":\"2025-11-13T11:24:20+00:00\",\"dateModified\":\"2025-11-13T11:24:22+00:00\",\"breadcrumb\":{\"@id\":\"https:\/\/www.tjygqc.com\/5-proven-facts-is-the-bmw-i8-an-electric-car-the-2025-buyers-guide-article\/#breadcrumb\"},\"inLanguage\":\"it-IT\",\"potentialAction\":[{\"@type\":\"ReadAction\",\"target\":[\"https:\/\/www.tjygqc.com\/5-proven-facts-is-the-bmw-i8-an-electric-car-the-2025-buyers-guide-article\/\"]}]},{\"@type\":\"ImageObject\",\"inLanguage\":\"it-IT\",\"@id\":\"https:\/\/www.tjygqc.com\/5-proven-facts-is-the-bmw-i8-an-electric-car-the-2025-buyers-guide-article\/#primaryimage\",\"url\":\"https:\/\/www.tjygqc.com\/wp-content\/uploads\/2025\/11\/5-proven-facts-is-the-bmw-i8-an-electric-car-the-2025-buyer-s-guide.webp\",\"contentUrl\":\"https:\/\/www.tjygqc.com\/wp-content\/uploads\/2025\/11\/5-proven-facts-is-the-bmw-i8-an-electric-car-the-2025-buyer-s-guide.webp\",\"width\":800,\"height\":800,\"caption\":\"5 Proven Facts: Is the BMW i8 an Electric Car? The 2025 Buyer's Guide\"},{\"@type\":\"BreadcrumbList\",\"@id\":\"https:\/\/www.tjygqc.com\/5-proven-facts-is-the-bmw-i8-an-electric-car-the-2025-buyers-guide-article\/#breadcrumb\",\"itemListElement\":[{\"@type\":\"ListItem\",\"position\":1,\"name\":\"Home\",\"item\":\"https:\/\/www.tjygqc.com\/\"},{\"@type\":\"ListItem\",\"position\":2,\"name\":\"5 Proven Facts: Is the BMW i8 an Electric Car? The 2025 Buyer&#8217;s Guide\"}]},{\"@type\":\"WebSite\",\"@id\":\"https:\/\/www.tjygqc.com\/#website\",\"url\":\"https:\/\/www.tjygqc.com\/\",\"name\":\"Tianjin Yigang Automobile Sales Co.,Ltd.\",\"description\":\"Tianjin Yigang Automobile Sales Co.,Ltd.\",\"publisher\":{\"@id\":\"https:\/\/www.tjygqc.com\/#organization\"},\"potentialAction\":[{\"@type\":\"SearchAction\",\"target\":{\"@type\":\"EntryPoint\",\"urlTemplate\":\"https:\/\/www.tjygqc.com\/?s={search_term_string}\"},\"query-input\":{\"@type\":\"PropertyValueSpecification\",\"valueRequired\":true,\"valueName\":\"search_term_string\"}}],\"inLanguage\":\"it-IT\"},{\"@type\":\"Organization\",\"@id\":\"https:\/\/www.tjygqc.com\/#organization\",\"name\":\"Tianjin Yigang Automobile Sales Co., Ltd.\",\"url\":\"https:\/\/www.tjygqc.com\/\",\"logo\":{\"@type\":\"ImageObject\",\"inLanguage\":\"it-IT\",\"@id\":\"https:\/\/www.tjygqc.com\/#\/schema\/logo\/image\/\",\"url\":\"https:\/\/www.tjygqc.com\/wp-content\/uploads\/2025\/03\/cropped-WechatIMG581.png\",\"contentUrl\":\"https:\/\/www.tjygqc.com\/wp-content\/uploads\/2025\/03\/cropped-WechatIMG581.png\",\"width\":338,\"height\":142,\"caption\":\"Tianjin Yigang Automobile Sales Co., Ltd.\"},\"image\":{\"@id\":\"https:\/\/www.tjygqc.com\/#\/schema\/logo\/image\/\"},\"sameAs\":[\"https:\/\/www.facebook.com\/tianjinyigang\/\",\"https:\/\/www.youtube.com\/@TianjinYigangAutomobile\",\"https:\/\/www.instagram.com\/tianjinyigang\/\"]},{\"@type\":\"Person\",\"@id\":\"https:\/\/www.tjygqc.com\/#\/schema\/person\/9a0e27c1156d5a1d4cb23dce2cc5ad36\",\"name\":\"user\",\"image\":{\"@type\":\"ImageObject\",\"inLanguage\":\"it-IT\",\"@id\":\"https:\/\/www.tjygqc.com\/#\/schema\/person\/image\/\",\"url\":\"https:\/\/secure.gravatar.com\/avatar\/b58996c504c5638798eb6b511e6f49af?s=96&d=mm&r=g\",\"contentUrl\":\"https:\/\/secure.gravatar.com\/avatar\/b58996c504c5638798eb6b511e6f49af?s=96&d=mm&r=g\",\"caption\":\"user\"},\"sameAs\":[\"https:\/\/www.tjygqc.com:8182\"],\"url\":\"https:\/\/www.tjygqc.com\/it\/author\/user\/\"}]}<\/script>\n<!-- \/ Yoast SEO plugin. -->","yoast_head_json":{"title":"5 Proven Facts: Is the BMW i8 an Electric Car? The 2025 Buyer's Guide - Tianjin Yigang Automobile Sales Co.,Ltd.","robots":{"index":"index","follow":"follow","max-snippet":"max-snippet:-1","max-image-preview":"max-image-preview:large","max-video-preview":"max-video-preview:-1"},"canonical":"https:\/\/www.tjygqc.com\/it\/5-proven-facts-is-the-bmw-i8-an-electric-car-the-2025-buyers-guide-article\/","og_locale":"it_IT","og_type":"article","og_title":"5 Proven Facts: Is the BMW i8 an Electric Car? The 2025 Buyer's Guide - Tianjin Yigang Automobile Sales Co.,Ltd.","og_description":"Abstract The BMW i8 occupies a unique and often misunderstood position within the automotive landscape, frequently prompting the question of its classification as a fully electric vehicle. This analysis clarifies that the BMW i8 is not a battery electric vehicle (BEV) but rather a technologically advanced plug-in hybrid electric vehicle (PHEV). It examines the vehicle&#39;s [&hellip;]","og_url":"https:\/\/www.tjygqc.com\/it\/5-proven-facts-is-the-bmw-i8-an-electric-car-the-2025-buyers-guide-article\/","og_site_name":"Tianjin Yigang Automobile Sales Co.,Ltd.","article_publisher":"https:\/\/www.facebook.com\/tianjinyigang\/","article_published_time":"2025-11-13T11:24:20+00:00","article_modified_time":"2025-11-13T11:24:22+00:00","og_image":[{"url":"https:\/\/www.tjygqc.com\/wp-content\/uploads\/2025\/03\/BMW-i5-eDrive-40L-Luxury-Package-1-2.webp","type":"","width":"","height":""}],"author":"user","twitter_card":"summary_large_image","twitter_misc":{"Written by":"user","Est. reading time":"28 minuti"},"schema":{"@context":"https:\/\/schema.org","@graph":[{"@type":"Article","@id":"https:\/\/www.tjygqc.com\/5-proven-facts-is-the-bmw-i8-an-electric-car-the-2025-buyers-guide-article\/#article","isPartOf":{"@id":"https:\/\/www.tjygqc.com\/5-proven-facts-is-the-bmw-i8-an-electric-car-the-2025-buyers-guide-article\/"},"author":{"name":"user","@id":"https:\/\/www.tjygqc.com\/#\/schema\/person\/9a0e27c1156d5a1d4cb23dce2cc5ad36"},"headline":"5 Proven Facts: Is the BMW i8 an Electric Car? The 2025 Buyer&#8217;s Guide","datePublished":"2025-11-13T11:24:20+00:00","dateModified":"2025-11-13T11:24:22+00:00","mainEntityOfPage":{"@id":"https:\/\/www.tjygqc.com\/5-proven-facts-is-the-bmw-i8-an-electric-car-the-2025-buyers-guide-article\/"},"wordCount":5524,"publisher":{"@id":"https:\/\/www.tjygqc.com\/#organization"},"image":{"@id":"https:\/\/www.tjygqc.com\/5-proven-facts-is-the-bmw-i8-an-electric-car-the-2025-buyers-guide-article\/#primaryimage"},"thumbnailUrl":"https:\/\/www.tjygqc.com\/wp-content\/uploads\/2025\/11\/5-proven-facts-is-the-bmw-i8-an-electric-car-the-2025-buyer-s-guide.webp","articleSection":["News"],"inLanguage":"it-IT"},{"@type":"WebPage","@id":"https:\/\/www.tjygqc.com\/5-proven-facts-is-the-bmw-i8-an-electric-car-the-2025-buyers-guide-article\/","url":"https:\/\/www.tjygqc.com\/5-proven-facts-is-the-bmw-i8-an-electric-car-the-2025-buyers-guide-article\/","name":"5 Proven Facts: Is the BMW i8 an Electric Car? The 2025 Buyer's Guide - Tianjin Yigang Automobile Sales Co.,Ltd.","isPartOf":{"@id":"https:\/\/www.tjygqc.com\/#website"},"primaryImageOfPage":{"@id":"https:\/\/www.tjygqc.com\/5-proven-facts-is-the-bmw-i8-an-electric-car-the-2025-buyers-guide-article\/#primaryimage"},"image":{"@id":"https:\/\/www.tjygqc.com\/5-proven-facts-is-the-bmw-i8-an-electric-car-the-2025-buyers-guide-article\/#primaryimage"},"thumbnailUrl":"https:\/\/www.tjygqc.com\/wp-content\/uploads\/2025\/11\/5-proven-facts-is-the-bmw-i8-an-electric-car-the-2025-buyer-s-guide.webp","datePublished":"2025-11-13T11:24:20+00:00","dateModified":"2025-11-13T11:24:22+00:00","breadcrumb":{"@id":"https:\/\/www.tjygqc.com\/5-proven-facts-is-the-bmw-i8-an-electric-car-the-2025-buyers-guide-article\/#breadcrumb"},"inLanguage":"it-IT","potentialAction":[{"@type":"ReadAction","target":["https:\/\/www.tjygqc.com\/5-proven-facts-is-the-bmw-i8-an-electric-car-the-2025-buyers-guide-article\/"]}]},{"@type":"ImageObject","inLanguage":"it-IT","@id":"https:\/\/www.tjygqc.com\/5-proven-facts-is-the-bmw-i8-an-electric-car-the-2025-buyers-guide-article\/#primaryimage","url":"https:\/\/www.tjygqc.com\/wp-content\/uploads\/2025\/11\/5-proven-facts-is-the-bmw-i8-an-electric-car-the-2025-buyer-s-guide.webp","contentUrl":"https:\/\/www.tjygqc.com\/wp-content\/uploads\/2025\/11\/5-proven-facts-is-the-bmw-i8-an-electric-car-the-2025-buyer-s-guide.webp","width":800,"height":800,"caption":"5 Proven Facts: Is the BMW i8 an Electric Car? The 2025 Buyer's Guide"},{"@type":"BreadcrumbList","@id":"https:\/\/www.tjygqc.com\/5-proven-facts-is-the-bmw-i8-an-electric-car-the-2025-buyers-guide-article\/#breadcrumb","itemListElement":[{"@type":"ListItem","position":1,"name":"Home","item":"https:\/\/www.tjygqc.com\/"},{"@type":"ListItem","position":2,"name":"5 Proven Facts: Is the BMW i8 an Electric Car? The 2025 Buyer&#8217;s Guide"}]},{"@type":"WebSite","@id":"https:\/\/www.tjygqc.com\/#website","url":"https:\/\/www.tjygqc.com\/","name":"Tianjin Yigang Automobile Sales Co.,Ltd.","description":"Tianjin Yigang Automobile Sales Co.,Ltd.","publisher":{"@id":"https:\/\/www.tjygqc.com\/#organization"},"potentialAction":[{"@type":"SearchAction","target":{"@type":"EntryPoint","urlTemplate":"https:\/\/www.tjygqc.com\/?s={search_term_string}"},"query-input":{"@type":"PropertyValueSpecification","valueRequired":true,"valueName":"search_term_string"}}],"inLanguage":"it-IT"},{"@type":"Organization","@id":"https:\/\/www.tjygqc.com\/#organization","name":"Tianjin Yigang Automobile Sales Co., Ltd.","url":"https:\/\/www.tjygqc.com\/","logo":{"@type":"ImageObject","inLanguage":"it-IT","@id":"https:\/\/www.tjygqc.com\/#\/schema\/logo\/image\/","url":"https:\/\/www.tjygqc.com\/wp-content\/uploads\/2025\/03\/cropped-WechatIMG581.png","contentUrl":"https:\/\/www.tjygqc.com\/wp-content\/uploads\/2025\/03\/cropped-WechatIMG581.png","width":338,"height":142,"caption":"Tianjin Yigang Automobile Sales Co., Ltd."},"image":{"@id":"https:\/\/www.tjygqc.com\/#\/schema\/logo\/image\/"},"sameAs":["https:\/\/www.facebook.com\/tianjinyigang\/","https:\/\/www.youtube.com\/@TianjinYigangAutomobile","https:\/\/www.instagram.com\/tianjinyigang\/"]},{"@type":"Person","@id":"https:\/\/www.tjygqc.com\/#\/schema\/person\/9a0e27c1156d5a1d4cb23dce2cc5ad36","name":"user","image":{"@type":"ImageObject","inLanguage":"it-IT","@id":"https:\/\/www.tjygqc.com\/#\/schema\/person\/image\/","url":"https:\/\/secure.gravatar.com\/avatar\/b58996c504c5638798eb6b511e6f49af?s=96&d=mm&r=g","contentUrl":"https:\/\/secure.gravatar.com\/avatar\/b58996c504c5638798eb6b511e6f49af?s=96&d=mm&r=g","caption":"user"},"sameAs":["https:\/\/www.tjygqc.com:8182"],"url":"https:\/\/www.tjygqc.com\/it\/author\/user\/"}]}},"_links":{"self":[{"href":"https:\/\/www.tjygqc.com\/it\/wp-json\/wp\/v2\/posts\/3104","targetHints":{"allow":["GET"]}}],"collection":[{"href":"https:\/\/www.tjygqc.com\/it\/wp-json\/wp\/v2\/posts"}],"about":[{"href":"https:\/\/www.tjygqc.com\/it\/wp-json\/wp\/v2\/types\/post"}],"author":[{"embeddable":true,"href":"https:\/\/www.tjygqc.com\/it\/wp-json\/wp\/v2\/users\/1"}],"replies":[{"embeddable":true,"href":"https:\/\/www.tjygqc.com\/it\/wp-json\/wp\/v2\/comments?post=3104"}],"version-history":[{"count":1,"href":"https:\/\/www.tjygqc.com\/it\/wp-json\/wp\/v2\/posts\/3104\/revisions"}],"predecessor-version":[{"id":3106,"href":"https:\/\/www.tjygqc.com\/it\/wp-json\/wp\/v2\/posts\/3104\/revisions\/3106"}],"wp:featuredmedia":[{"embeddable":true,"href":"https:\/\/www.tjygqc.com\/it\/wp-json\/wp\/v2\/media\/3105"}],"wp:attachment":[{"href":"https:\/\/www.tjygqc.com\/it\/wp-json\/wp\/v2\/media?parent=3104"}],"wp:term":[{"taxonomy":"category","embeddable":true,"href":"https:\/\/www.tjygqc.com\/it\/wp-json\/wp\/v2\/categories?post=3104"},{"taxonomy":"post_tag","embeddable":true,"href":"https:\/\/www.tjygqc.com\/it\/wp-json\/wp\/v2\/tags?post=3104"}],"curies":[{"name":"wp","href":"https:\/\/api.w.org\/{rel}","templated":true}]}}