{"id":2999,"date":"2025-07-14T09:23:30","date_gmt":"2025-07-14T09:23:30","guid":{"rendered":"https:\/\/www.tjygqc.com\/?p=2999"},"modified":"2025-07-14T09:58:25","modified_gmt":"2025-07-14T09:58:25","slug":"can-you-charge-an-electric-car-with-a-generator","status":"publish","type":"post","link":"https:\/\/www.tjygqc.com\/pt\/can-you-charge-an-electric-car-with-a-generator-article\/","title":{"rendered":"\u00c9 poss\u00edvel carregar um carro el\u00e9trico com um gerador?"},"content":{"rendered":"<p>\u00c0 medida que os ve\u00edculos el\u00e9ctricos continuam a remodelar o transporte global, surgem quest\u00f5es pr\u00e1ticas, especialmente em torno da acessibilidade do carregamento. Uma d\u00favida comum dos novos propriet\u00e1rios de VE \u00e9: \u00c9 poss\u00edvel carregar um ve\u00edculo el\u00e9trico com um gerador? Quer esteja a planear uma longa viagem fora da rede ou a enfrentar um apag\u00e3o em casa, a ideia de alimentar o seu ve\u00edculo com um gerador port\u00e1til pode parecer apelativa. Mas ser\u00e1 que \u00e9 realmente vi\u00e1vel?<\/p>\n\n\n\n<p>Na Tianjin Yigang Automobile, ajudamos os clientes a fazer uma transi\u00e7\u00e3o suave para a era dos ve\u00edculos el\u00e9ctricos. A nossa linha de <strong><a href=\"https:\/\/www.tjygqc.com\/volkswagen-category\/\">autom\u00f3veis el\u00e9ctricos Volkswagen<\/a><\/strong> modelos, incluindo o avan\u00e7ado SUV el\u00e9trico Volkswagen ID.4, reflecte o futuro da condu\u00e7\u00e3o sustent\u00e1vel - mas com isso vem a necessidade de compreender estrat\u00e9gias de carregamento inteligentes e seguras.<\/p>\n\n\n<div class=\"wp-block-image\">\n<figure class=\"aligncenter size-full is-resized\"><img loading=\"lazy\" decoding=\"async\" width=\"800\" height=\"800\" src=\"https:\/\/www.tjygqc.com\/wp-content\/uploads\/2025\/03\/2025-Volkswagen-ID.3-Smart-Model-Ultimate-Intelligence-Edition-2.webp\" alt=\"2025 Volkswagen ID.3 Smart Model Ultimate Intelligence Edition\" class=\"wp-image-1288\" style=\"width:471px;height:auto\" srcset=\"https:\/\/www.tjygqc.com\/wp-content\/uploads\/2025\/03\/2025-Volkswagen-ID.3-Smart-Model-Ultimate-Intelligence-Edition-2.webp 800w, https:\/\/www.tjygqc.com\/wp-content\/uploads\/2025\/03\/2025-Volkswagen-ID.3-Smart-Model-Ultimate-Intelligence-Edition-2-300x300.webp 300w, https:\/\/www.tjygqc.com\/wp-content\/uploads\/2025\/03\/2025-Volkswagen-ID.3-Smart-Model-Ultimate-Intelligence-Edition-2-150x150.webp 150w, https:\/\/www.tjygqc.com\/wp-content\/uploads\/2025\/03\/2025-Volkswagen-ID.3-Smart-Model-Ultimate-Intelligence-Edition-2-768x768.webp 768w, https:\/\/www.tjygqc.com\/wp-content\/uploads\/2025\/03\/2025-Volkswagen-ID.3-Smart-Model-Ultimate-Intelligence-Edition-2-12x12.webp 12w\" sizes=\"auto, (max-width: 800px) 100vw, 800px\" \/><\/figure><\/div>\n\n\n<h2 class=\"wp-block-heading\">A resposta curta: Sim - mas com considera\u00e7\u00f5es<\/h2>\n\n\n\n<p>Tecnicamente, \u00e9 poss\u00edvel carregar um ve\u00edculo el\u00e9trico com um gerador. No entanto, existem v\u00e1rias condi\u00e7\u00f5es essenciais que devem ser cumpridas. Nem todos os geradores s\u00e3o adequados para o carregamento de ve\u00edculos el\u00e9ctricos e uma instala\u00e7\u00e3o incorrecta pode danificar o sistema de bateria do ve\u00edculo ou o pr\u00f3prio gerador.<\/p>\n\n\n\n<p>Vejamos o que os propriet\u00e1rios de ve\u00edculos el\u00e9ctricos, em especial os que procuram carros el\u00e9ctricos Volkswagen para venda, devem ter em conta antes de ligarem um gerador ao seu cabo de carregamento.<\/p>\n\n\n\n<h2 class=\"wp-block-heading\">Requisitos para o carregamento de ve\u00edculos el\u00e9ctricos com base em geradores<\/h2>\n\n\n\n<ul class=\"wp-block-list\">\n<li><strong>Sa\u00edda de onda sinusoidal pura<\/strong>: O seu gerador deve produzir uma onda sinusoidal est\u00e1vel, tal como a eletricidade dom\u00e9stica. As unidades baratas com sa\u00edda de onda modificada n\u00e3o funcionar\u00e3o corretamente com os carregadores de ve\u00edculos el\u00e9ctricos.<\/li>\n\n\n\n<li><strong>Pot\u00eancia suficiente<\/strong>: A maioria dos carregadores de ve\u00edculos el\u00e9ctricos requerem pelo menos 2,5kW a 7kW de pot\u00eancia constante. Certifique-se de que o seu gerador pode fornecer uma pot\u00eancia cont\u00ednua e n\u00e3o apenas picos de pot\u00eancia.<\/li>\n\n\n\n<li><strong>Liga\u00e7\u00e3o \u00e0 terra<\/strong>: Alguns VEs necessitam de uma fonte de alimenta\u00e7\u00e3o ligada \u00e0 terra para iniciar o carregamento. Isto pode ser resolvido utilizando um EVSE (Electric Vehicle Supply Equipment) port\u00e1til com um adaptador de liga\u00e7\u00e3o \u00e0 terra.<\/li>\n\n\n\n<li><strong>Cabos e adaptadores adequados<\/strong>: \u00c9 essencial dispor de um cabo EVSE compat\u00edvel e de adaptadores de ficha adequados. O carregamento direto sem uma interface certificada n\u00e3o \u00e9 seguro.<\/li>\n\n\n\n<li><strong>Paci\u00eancia<\/strong>: O carregamento com um gerador \u00e9 muito mais lento do que o carregamento r\u00e1pido de n\u00edvel 2 ou de corrente cont\u00ednua. \u00c9 principalmente para emerg\u00eancias ou carregamentos curtos, n\u00e3o para uso di\u00e1rio.<\/li>\n<\/ul>\n\n\n\n<h2 class=\"wp-block-heading\">Carregar o Volkswagen ID.4 com um gerador<\/h2>\n\n\n\n<p>O SUV el\u00e9trico Volkswagen ID.4 foi concebido a pensar na flexibilidade. Com uma taxa de carregamento m\u00e1xima de 11 kW (AC) e compatibilidade com entradas de pot\u00eancia inferior, pode aceitar o carregamento com base em gerador se este cumprir as normas acima referidas.<\/p>\n\n\n\n<p>Por exemplo, um gerador de ondas sinusoidais puras de 5 kW e um cabo EVSE de qualidade ser\u00e3o uma boa combina\u00e7\u00e3o para uma configura\u00e7\u00e3o deste tipo e conseguir\u00e1 atingir cerca de 5-10 milhas de autonomia numa hora, dependendo da efici\u00eancia energ\u00e9tica. Apesar de esta fonte de energia n\u00e3o ser a melhor para recupera\u00e7\u00f5es de longa dist\u00e2ncia, \u00e9 uma boa forma de escapar a problemas no meio da natureza ou a um corte de energia.<\/p>\n\n\n\n<p>Esta \u00e9 uma das raz\u00f5es pelas quais os autom\u00f3veis el\u00e9ctricos da Volkswagen continuam a inovar em termos de solu\u00e7\u00f5es de carregamento e compatibilidade. A marca garante que modelos como o ID.4 podem suportar uma vasta gama de cen\u00e1rios de carregamento no mundo real, mesmo os n\u00e3o tradicionais.<\/p>\n\n\n\n<h2 class=\"wp-block-heading\">Prepara\u00e7\u00e3o para emerg\u00eancias e utiliza\u00e7\u00e3o fora da rede<\/h2>\n\n\n\n<p>Cada vez mais pessoas em zonas rurais e fora da estrada t\u00eam interesse no carregamento de VE fora da rede. Em caso de n\u00e3o uniformidade da infraestrutura da rede, um gerador de reserva \u00e9 uma solu\u00e7\u00e3o que garante tranquilidade. Muitos propriet\u00e1rios de autom\u00f3veis el\u00e9ctricos Volkswagen \u00e0 venda optam por centrais el\u00e9ctricas port\u00e1teis ou sistemas h\u00edbridos de geradores solares, que lhes proporcionam solu\u00e7\u00f5es de carregamento m\u00f3vel gratuitas.<\/p>\n\n\n\n<p>Estes meios de carregamento m\u00f3vel s\u00e3o muito favor\u00e1veis \u00e0 perce\u00e7\u00e3o dos ve\u00edculos el\u00e9ctricos como ve\u00edculos puramente urbanos. Sabendo gerir corretamente as coisas, os ve\u00edculos el\u00e9ctricos tamb\u00e9m podem ser utilizados para actividades ao ar livre, longas viagens ou condi\u00e7\u00f5es meteorol\u00f3gicas vari\u00e1veis.<\/p>\n\n\n\n<h2 class=\"wp-block-heading\">Porque \u00e9 que a Yigang recomenda os VE da Volkswagen<\/h2>\n\n\n\n<p>Na Tianjin Yigang Automobile, temos assistido a um aumento constante da procura de ve\u00edculos el\u00e9ctricos que equilibram desempenho, fiabilidade e adaptabilidade. Entre as nossas ofertas mais populares est\u00e3o <strong><a href=\"https:\/\/www.tjygqc.com\/volkswagen-category\/\">Carros el\u00e9ctricos Volkswagen para venda<\/a><\/strong>especialmente o procurado SUV el\u00e9trico Volkswagen ID.4.<\/p>\n\n\n\n<p>Eis porque \u00e9 que os compradores de ve\u00edculos el\u00e9ctricos de todo o mundo nos escolhem:<\/p>\n\n\n\n<ul class=\"wp-block-list\">\n<li>Pre\u00e7os competitivos nas exporta\u00e7\u00f5es mundiais de ve\u00edculos<\/li>\n\n\n\n<li>Experi\u00eancia em orienta\u00e7\u00e3o de carregamento flex\u00edvel e fora da rede<\/li>\n\n\n\n<li>Consulta em tempo real sobre a prepara\u00e7\u00e3o dos VE e a compatibilidade dos sistemas<\/li>\n\n\n\n<li>Registos de exporta\u00e7\u00e3o comprovados na \u00c1sia, M\u00e9dio Oriente e Am\u00e9rica do Sul<\/li>\n<\/ul>\n\n\n\n<p>Quer esteja a comprar o seu primeiro autom\u00f3vel el\u00e9trico ou a fazer uma atualiza\u00e7\u00e3o para um <strong><a href=\"https:\/\/www.tjygqc.com\/vw-id3-category\/\">Volkswagen ID.4<\/a><\/strong>A nossa equipa assegura que compreende todas as op\u00e7\u00f5es, incluindo a forma de o carregar quando a rede n\u00e3o est\u00e1 dispon\u00edvel.<\/p>\n\n\n\n<p><\/p>","protected":false},"excerpt":{"rendered":"<p>\u00c0 medida que os ve\u00edculos el\u00e9ctricos continuam a remodelar o transporte global, surgem quest\u00f5es pr\u00e1ticas, especialmente em torno da acessibilidade do carregamento. Uma d\u00favida comum dos novos propriet\u00e1rios de VE \u00e9: \u00c9 poss\u00edvel carregar um autom\u00f3vel el\u00e9trico com um gerador? Quer esteja a planear uma longa viagem fora da rede ou a enfrentar um apag\u00e3o em casa, a ideia de alimentar o seu ve\u00edculo com um gerador port\u00e1til [...]<\/p>","protected":false},"author":1,"featured_media":1288,"comment_status":"closed","ping_status":"closed","sticky":false,"template":"","format":"standard","meta":{"footnotes":""},"categories":[4],"tags":[222,223,224],"class_list":["post-2999","post","type-post","status-publish","format-standard","has-post-thumbnail","hentry","category-news","tag-electric-cars-volkswagen","tag-volkswagen-electric-cars-for-sale","tag-volkswagen-id-4-electric-suv"],"yoast_head":"<!-- This site is optimized with the Yoast SEO plugin v24.4 - https:\/\/yoast.com\/wordpress\/plugins\/seo\/ -->\n<title>Can You Charge an Electric Car with a Generator? - Tianjin Yigang Automobile Sales Co.,Ltd.<\/title>\n<meta name=\"description\" content=\"Can you charge an electric car with a generator? Learn how EV owners\u2014including Volkswagen ID.4 drivers\u2014can use generators safely for backup or off-grid charging. Tianjin Yigang has the answers.\" \/>\n<meta name=\"robots\" content=\"index, follow, max-snippet:-1, max-image-preview:large, max-video-preview:-1\" \/>\n<link rel=\"canonical\" href=\"https:\/\/www.tjygqc.com\/pt\/can-you-charge-an-electric-car-with-a-generator-article\/\" \/>\n<meta property=\"og:locale\" content=\"pt_PT\" \/>\n<meta property=\"og:type\" content=\"article\" \/>\n<meta property=\"og:title\" content=\"Can You Charge an Electric Car with a Generator? - Tianjin Yigang Automobile Sales Co.,Ltd.\" \/>\n<meta property=\"og:description\" content=\"Can you charge an electric car with a generator? Learn how EV owners\u2014including Volkswagen ID.4 drivers\u2014can use generators safely for backup or off-grid charging. Tianjin Yigang has the answers.\" \/>\n<meta property=\"og:url\" content=\"https:\/\/www.tjygqc.com\/pt\/can-you-charge-an-electric-car-with-a-generator-article\/\" \/>\n<meta property=\"og:site_name\" content=\"Tianjin Yigang Automobile Sales Co.,Ltd.\" \/>\n<meta property=\"article:publisher\" content=\"https:\/\/www.facebook.com\/tianjinyigang\/\" \/>\n<meta property=\"article:published_time\" content=\"2025-07-14T09:23:30+00:00\" \/>\n<meta property=\"article:modified_time\" content=\"2025-07-14T09:58:25+00:00\" \/>\n<meta property=\"og:image\" content=\"https:\/\/www.tjygqc.com\/wp-content\/uploads\/2025\/03\/2025-Volkswagen-ID.3-Smart-Model-Ultimate-Intelligence-Edition-2.webp\" \/>\n\t<meta property=\"og:image:width\" content=\"800\" \/>\n\t<meta property=\"og:image:height\" content=\"800\" \/>\n\t<meta property=\"og:image:type\" content=\"image\/webp\" \/>\n<meta name=\"author\" content=\"user\" \/>\n<meta name=\"twitter:card\" content=\"summary_large_image\" \/>\n<meta name=\"twitter:label1\" content=\"Written by\" \/>\n\t<meta name=\"twitter:data1\" content=\"user\" \/>\n\t<meta name=\"twitter:label2\" content=\"Est. reading time\" \/>\n\t<meta name=\"twitter:data2\" content=\"1 minuto\" \/>\n<script type=\"application\/ld+json\" class=\"yoast-schema-graph\">{\"@context\":\"https:\/\/schema.org\",\"@graph\":[{\"@type\":\"Article\",\"@id\":\"https:\/\/www.tjygqc.com\/can-you-charge-an-electric-car-with-a-generator-article\/#article\",\"isPartOf\":{\"@id\":\"https:\/\/www.tjygqc.com\/can-you-charge-an-electric-car-with-a-generator-article\/\"},\"author\":{\"name\":\"user\",\"@id\":\"https:\/\/www.tjygqc.com\/#\/schema\/person\/9a0e27c1156d5a1d4cb23dce2cc5ad36\"},\"headline\":\"Can You Charge an Electric Car with a Generator?\",\"datePublished\":\"2025-07-14T09:23:30+00:00\",\"dateModified\":\"2025-07-14T09:58:25+00:00\",\"mainEntityOfPage\":{\"@id\":\"https:\/\/www.tjygqc.com\/can-you-charge-an-electric-car-with-a-generator-article\/\"},\"wordCount\":704,\"publisher\":{\"@id\":\"https:\/\/www.tjygqc.com\/#organization\"},\"image\":{\"@id\":\"https:\/\/www.tjygqc.com\/can-you-charge-an-electric-car-with-a-generator-article\/#primaryimage\"},\"thumbnailUrl\":\"https:\/\/www.tjygqc.com\/wp-content\/uploads\/2025\/03\/2025-Volkswagen-ID.3-Smart-Model-Ultimate-Intelligence-Edition-2.webp\",\"keywords\":[\"electric cars volkswagen\",\"volkswagen electric cars for sale\",\"volkswagen id 4 electric suv\"],\"articleSection\":[\"News\"],\"inLanguage\":\"pt-PT\"},{\"@type\":\"WebPage\",\"@id\":\"https:\/\/www.tjygqc.com\/can-you-charge-an-electric-car-with-a-generator-article\/\",\"url\":\"https:\/\/www.tjygqc.com\/can-you-charge-an-electric-car-with-a-generator-article\/\",\"name\":\"Can You Charge an Electric Car with a Generator? - Tianjin Yigang Automobile Sales Co.,Ltd.\",\"isPartOf\":{\"@id\":\"https:\/\/www.tjygqc.com\/#website\"},\"primaryImageOfPage\":{\"@id\":\"https:\/\/www.tjygqc.com\/can-you-charge-an-electric-car-with-a-generator-article\/#primaryimage\"},\"image\":{\"@id\":\"https:\/\/www.tjygqc.com\/can-you-charge-an-electric-car-with-a-generator-article\/#primaryimage\"},\"thumbnailUrl\":\"https:\/\/www.tjygqc.com\/wp-content\/uploads\/2025\/03\/2025-Volkswagen-ID.3-Smart-Model-Ultimate-Intelligence-Edition-2.webp\",\"datePublished\":\"2025-07-14T09:23:30+00:00\",\"dateModified\":\"2025-07-14T09:58:25+00:00\",\"description\":\"Can you charge an electric car with a generator? Learn how EV owners\u2014including Volkswagen ID.4 drivers\u2014can use generators safely for backup or off-grid charging. Tianjin Yigang has the answers.\",\"breadcrumb\":{\"@id\":\"https:\/\/www.tjygqc.com\/can-you-charge-an-electric-car-with-a-generator-article\/#breadcrumb\"},\"inLanguage\":\"pt-PT\",\"potentialAction\":[{\"@type\":\"ReadAction\",\"target\":[\"https:\/\/www.tjygqc.com\/can-you-charge-an-electric-car-with-a-generator-article\/\"]}]},{\"@type\":\"ImageObject\",\"inLanguage\":\"pt-PT\",\"@id\":\"https:\/\/www.tjygqc.com\/can-you-charge-an-electric-car-with-a-generator-article\/#primaryimage\",\"url\":\"https:\/\/www.tjygqc.com\/wp-content\/uploads\/2025\/03\/2025-Volkswagen-ID.3-Smart-Model-Ultimate-Intelligence-Edition-2.webp\",\"contentUrl\":\"https:\/\/www.tjygqc.com\/wp-content\/uploads\/2025\/03\/2025-Volkswagen-ID.3-Smart-Model-Ultimate-Intelligence-Edition-2.webp\",\"width\":800,\"height\":800,\"caption\":\"2025 Volkswagen ID.3 Smart Model Ultimate Intelligence Edition\"},{\"@type\":\"BreadcrumbList\",\"@id\":\"https:\/\/www.tjygqc.com\/can-you-charge-an-electric-car-with-a-generator-article\/#breadcrumb\",\"itemListElement\":[{\"@type\":\"ListItem\",\"position\":1,\"name\":\"Home\",\"item\":\"https:\/\/www.tjygqc.com\/\"},{\"@type\":\"ListItem\",\"position\":2,\"name\":\"Can You Charge an Electric Car with a Generator?\"}]},{\"@type\":\"WebSite\",\"@id\":\"https:\/\/www.tjygqc.com\/#website\",\"url\":\"https:\/\/www.tjygqc.com\/\",\"name\":\"Tianjin Yigang Automobile Sales Co.,Ltd.\",\"description\":\"Tianjin Yigang Automobile Sales Co.,Ltd.\",\"publisher\":{\"@id\":\"https:\/\/www.tjygqc.com\/#organization\"},\"potentialAction\":[{\"@type\":\"SearchAction\",\"target\":{\"@type\":\"EntryPoint\",\"urlTemplate\":\"https:\/\/www.tjygqc.com\/?s={search_term_string}\"},\"query-input\":{\"@type\":\"PropertyValueSpecification\",\"valueRequired\":true,\"valueName\":\"search_term_string\"}}],\"inLanguage\":\"pt-PT\"},{\"@type\":\"Organization\",\"@id\":\"https:\/\/www.tjygqc.com\/#organization\",\"name\":\"Tianjin Yigang Automobile Sales Co., Ltd.\",\"url\":\"https:\/\/www.tjygqc.com\/\",\"logo\":{\"@type\":\"ImageObject\",\"inLanguage\":\"pt-PT\",\"@id\":\"https:\/\/www.tjygqc.com\/#\/schema\/logo\/image\/\",\"url\":\"https:\/\/www.tjygqc.com\/wp-content\/uploads\/2025\/03\/cropped-WechatIMG581.png\",\"contentUrl\":\"https:\/\/www.tjygqc.com\/wp-content\/uploads\/2025\/03\/cropped-WechatIMG581.png\",\"width\":338,\"height\":142,\"caption\":\"Tianjin Yigang Automobile Sales Co., Ltd.\"},\"image\":{\"@id\":\"https:\/\/www.tjygqc.com\/#\/schema\/logo\/image\/\"},\"sameAs\":[\"https:\/\/www.facebook.com\/tianjinyigang\/\",\"https:\/\/www.youtube.com\/@TianjinYigangAutomobile\",\"https:\/\/www.instagram.com\/tianjinyigang\/\"]},{\"@type\":\"Person\",\"@id\":\"https:\/\/www.tjygqc.com\/#\/schema\/person\/9a0e27c1156d5a1d4cb23dce2cc5ad36\",\"name\":\"user\",\"image\":{\"@type\":\"ImageObject\",\"inLanguage\":\"pt-PT\",\"@id\":\"https:\/\/www.tjygqc.com\/#\/schema\/person\/image\/\",\"url\":\"https:\/\/secure.gravatar.com\/avatar\/b58996c504c5638798eb6b511e6f49af?s=96&d=mm&r=g\",\"contentUrl\":\"https:\/\/secure.gravatar.com\/avatar\/b58996c504c5638798eb6b511e6f49af?s=96&d=mm&r=g\",\"caption\":\"user\"},\"sameAs\":[\"https:\/\/www.tjygqc.com:8182\"],\"url\":\"https:\/\/www.tjygqc.com\/pt\/author\/user\/\"}]}<\/script>\n<!-- \/ Yoast SEO plugin. -->","yoast_head_json":{"title":"Can You Charge an Electric Car with a Generator? - Tianjin Yigang Automobile Sales Co.,Ltd.","description":"Can you charge an electric car with a generator? Learn how EV owners\u2014including Volkswagen ID.4 drivers\u2014can use generators safely for backup or off-grid charging. Tianjin Yigang has the answers.","robots":{"index":"index","follow":"follow","max-snippet":"max-snippet:-1","max-image-preview":"max-image-preview:large","max-video-preview":"max-video-preview:-1"},"canonical":"https:\/\/www.tjygqc.com\/pt\/can-you-charge-an-electric-car-with-a-generator-article\/","og_locale":"pt_PT","og_type":"article","og_title":"Can You Charge an Electric Car with a Generator? - Tianjin Yigang Automobile Sales Co.,Ltd.","og_description":"Can you charge an electric car with a generator? Learn how EV owners\u2014including Volkswagen ID.4 drivers\u2014can use generators safely for backup or off-grid charging. Tianjin Yigang has the answers.","og_url":"https:\/\/www.tjygqc.com\/pt\/can-you-charge-an-electric-car-with-a-generator-article\/","og_site_name":"Tianjin Yigang Automobile Sales Co.,Ltd.","article_publisher":"https:\/\/www.facebook.com\/tianjinyigang\/","article_published_time":"2025-07-14T09:23:30+00:00","article_modified_time":"2025-07-14T09:58:25+00:00","og_image":[{"width":800,"height":800,"url":"https:\/\/www.tjygqc.com\/wp-content\/uploads\/2025\/03\/2025-Volkswagen-ID.3-Smart-Model-Ultimate-Intelligence-Edition-2.webp","type":"image\/webp"}],"author":"user","twitter_card":"summary_large_image","twitter_misc":{"Written by":"user","Est. reading time":"1 minuto"},"schema":{"@context":"https:\/\/schema.org","@graph":[{"@type":"Article","@id":"https:\/\/www.tjygqc.com\/can-you-charge-an-electric-car-with-a-generator-article\/#article","isPartOf":{"@id":"https:\/\/www.tjygqc.com\/can-you-charge-an-electric-car-with-a-generator-article\/"},"author":{"name":"user","@id":"https:\/\/www.tjygqc.com\/#\/schema\/person\/9a0e27c1156d5a1d4cb23dce2cc5ad36"},"headline":"Can You Charge an Electric Car with a Generator?","datePublished":"2025-07-14T09:23:30+00:00","dateModified":"2025-07-14T09:58:25+00:00","mainEntityOfPage":{"@id":"https:\/\/www.tjygqc.com\/can-you-charge-an-electric-car-with-a-generator-article\/"},"wordCount":704,"publisher":{"@id":"https:\/\/www.tjygqc.com\/#organization"},"image":{"@id":"https:\/\/www.tjygqc.com\/can-you-charge-an-electric-car-with-a-generator-article\/#primaryimage"},"thumbnailUrl":"https:\/\/www.tjygqc.com\/wp-content\/uploads\/2025\/03\/2025-Volkswagen-ID.3-Smart-Model-Ultimate-Intelligence-Edition-2.webp","keywords":["electric cars volkswagen","volkswagen electric cars for sale","volkswagen id 4 electric suv"],"articleSection":["News"],"inLanguage":"pt-PT"},{"@type":"WebPage","@id":"https:\/\/www.tjygqc.com\/can-you-charge-an-electric-car-with-a-generator-article\/","url":"https:\/\/www.tjygqc.com\/can-you-charge-an-electric-car-with-a-generator-article\/","name":"Can You Charge an Electric Car with a Generator? - Tianjin Yigang Automobile Sales Co.,Ltd.","isPartOf":{"@id":"https:\/\/www.tjygqc.com\/#website"},"primaryImageOfPage":{"@id":"https:\/\/www.tjygqc.com\/can-you-charge-an-electric-car-with-a-generator-article\/#primaryimage"},"image":{"@id":"https:\/\/www.tjygqc.com\/can-you-charge-an-electric-car-with-a-generator-article\/#primaryimage"},"thumbnailUrl":"https:\/\/www.tjygqc.com\/wp-content\/uploads\/2025\/03\/2025-Volkswagen-ID.3-Smart-Model-Ultimate-Intelligence-Edition-2.webp","datePublished":"2025-07-14T09:23:30+00:00","dateModified":"2025-07-14T09:58:25+00:00","description":"Can you charge an electric car with a generator? Learn how EV owners\u2014including Volkswagen ID.4 drivers\u2014can use generators safely for backup or off-grid charging. Tianjin Yigang has the answers.","breadcrumb":{"@id":"https:\/\/www.tjygqc.com\/can-you-charge-an-electric-car-with-a-generator-article\/#breadcrumb"},"inLanguage":"pt-PT","potentialAction":[{"@type":"ReadAction","target":["https:\/\/www.tjygqc.com\/can-you-charge-an-electric-car-with-a-generator-article\/"]}]},{"@type":"ImageObject","inLanguage":"pt-PT","@id":"https:\/\/www.tjygqc.com\/can-you-charge-an-electric-car-with-a-generator-article\/#primaryimage","url":"https:\/\/www.tjygqc.com\/wp-content\/uploads\/2025\/03\/2025-Volkswagen-ID.3-Smart-Model-Ultimate-Intelligence-Edition-2.webp","contentUrl":"https:\/\/www.tjygqc.com\/wp-content\/uploads\/2025\/03\/2025-Volkswagen-ID.3-Smart-Model-Ultimate-Intelligence-Edition-2.webp","width":800,"height":800,"caption":"2025 Volkswagen ID.3 Smart Model Ultimate Intelligence Edition"},{"@type":"BreadcrumbList","@id":"https:\/\/www.tjygqc.com\/can-you-charge-an-electric-car-with-a-generator-article\/#breadcrumb","itemListElement":[{"@type":"ListItem","position":1,"name":"Home","item":"https:\/\/www.tjygqc.com\/"},{"@type":"ListItem","position":2,"name":"Can You Charge an Electric Car with a Generator?"}]},{"@type":"WebSite","@id":"https:\/\/www.tjygqc.com\/#website","url":"https:\/\/www.tjygqc.com\/","name":"Tianjin Yigang Automobile Sales Co.,Ltd.","description":"Tianjin Yigang Automobile Sales Co.,Ltd.","publisher":{"@id":"https:\/\/www.tjygqc.com\/#organization"},"potentialAction":[{"@type":"SearchAction","target":{"@type":"EntryPoint","urlTemplate":"https:\/\/www.tjygqc.com\/?s={search_term_string}"},"query-input":{"@type":"PropertyValueSpecification","valueRequired":true,"valueName":"search_term_string"}}],"inLanguage":"pt-PT"},{"@type":"Organization","@id":"https:\/\/www.tjygqc.com\/#organization","name":"Tianjin Yigang Automobile Sales Co., Ltd.","url":"https:\/\/www.tjygqc.com\/","logo":{"@type":"ImageObject","inLanguage":"pt-PT","@id":"https:\/\/www.tjygqc.com\/#\/schema\/logo\/image\/","url":"https:\/\/www.tjygqc.com\/wp-content\/uploads\/2025\/03\/cropped-WechatIMG581.png","contentUrl":"https:\/\/www.tjygqc.com\/wp-content\/uploads\/2025\/03\/cropped-WechatIMG581.png","width":338,"height":142,"caption":"Tianjin Yigang Automobile Sales Co., Ltd."},"image":{"@id":"https:\/\/www.tjygqc.com\/#\/schema\/logo\/image\/"},"sameAs":["https:\/\/www.facebook.com\/tianjinyigang\/","https:\/\/www.youtube.com\/@TianjinYigangAutomobile","https:\/\/www.instagram.com\/tianjinyigang\/"]},{"@type":"Person","@id":"https:\/\/www.tjygqc.com\/#\/schema\/person\/9a0e27c1156d5a1d4cb23dce2cc5ad36","name":"user","image":{"@type":"ImageObject","inLanguage":"pt-PT","@id":"https:\/\/www.tjygqc.com\/#\/schema\/person\/image\/","url":"https:\/\/secure.gravatar.com\/avatar\/b58996c504c5638798eb6b511e6f49af?s=96&d=mm&r=g","contentUrl":"https:\/\/secure.gravatar.com\/avatar\/b58996c504c5638798eb6b511e6f49af?s=96&d=mm&r=g","caption":"user"},"sameAs":["https:\/\/www.tjygqc.com:8182"],"url":"https:\/\/www.tjygqc.com\/pt\/author\/user\/"}]}},"_links":{"self":[{"href":"https:\/\/www.tjygqc.com\/pt\/wp-json\/wp\/v2\/posts\/2999","targetHints":{"allow":["GET"]}}],"collection":[{"href":"https:\/\/www.tjygqc.com\/pt\/wp-json\/wp\/v2\/posts"}],"about":[{"href":"https:\/\/www.tjygqc.com\/pt\/wp-json\/wp\/v2\/types\/post"}],"author":[{"embeddable":true,"href":"https:\/\/www.tjygqc.com\/pt\/wp-json\/wp\/v2\/users\/1"}],"replies":[{"embeddable":true,"href":"https:\/\/www.tjygqc.com\/pt\/wp-json\/wp\/v2\/comments?post=2999"}],"version-history":[{"count":2,"href":"https:\/\/www.tjygqc.com\/pt\/wp-json\/wp\/v2\/posts\/2999\/revisions"}],"predecessor-version":[{"id":3004,"href":"https:\/\/www.tjygqc.com\/pt\/wp-json\/wp\/v2\/posts\/2999\/revisions\/3004"}],"wp:featuredmedia":[{"embeddable":true,"href":"https:\/\/www.tjygqc.com\/pt\/wp-json\/wp\/v2\/media\/1288"}],"wp:attachment":[{"href":"https:\/\/www.tjygqc.com\/pt\/wp-json\/wp\/v2\/media?parent=2999"}],"wp:term":[{"taxonomy":"category","embeddable":true,"href":"https:\/\/www.tjygqc.com\/pt\/wp-json\/wp\/v2\/categories?post=2999"},{"taxonomy":"post_tag","embeddable":true,"href":"https:\/\/www.tjygqc.com\/pt\/wp-json\/wp\/v2\/tags?post=2999"}],"curies":[{"name":"wp","href":"https:\/\/api.w.org\/{rel}","templated":true}]}}