{"id":3040,"date":"2025-08-28T07:10:59","date_gmt":"2025-08-28T07:10:59","guid":{"rendered":"https:\/\/www.tjygqc.com\/4-must-have-bmw-electric-vehicles-to-import-in-2025-an-exporters-guide-article\/"},"modified":"2025-09-01T15:40:07","modified_gmt":"2025-09-01T15:40:07","slug":"4-must-have-bmw-electric-vehicles-to-import-in-2025-an-exporters-guide","status":"publish","type":"post","link":"https:\/\/www.tjygqc.com\/pt\/4-must-have-bmw-electric-vehicles-to-import-in-2025-an-exporters-guide-article\/","title":{"rendered":"4 Ve\u00edculos el\u00e9ctricos BMW indispens\u00e1veis para importar em 2025: Guia do exportador"},"content":{"rendered":"<h3 id=\"abstract\">Resumo<\/h3>\n<p>Esta an\u00e1lise examina os imperativos estrat\u00e9gicos para os importadores comerciais que se concentram na distribui\u00e7\u00e3o global de ve\u00edculos el\u00e9ctricos da BMW em 2025. Apresenta um guia completo para quatro modelos fundamentais: o iX3 de pr\u00f3xima gera\u00e7\u00e3o constru\u00eddo sobre a arquitetura Neue Klasse, o sedan i3 eDrive35L exclusivo da China, o vers\u00e1til i4 Gran Coup\u00e9 e o emblem\u00e1tico iX SUV. O estudo aprofunda os avan\u00e7os tecnol\u00f3gicos, as configura\u00e7\u00f5es espec\u00edficas do mercado e as m\u00e9tricas de desempenho de cada ve\u00edculo, proporcionando uma compreens\u00e3o profunda do seu posicionamento em diversos mercados internacionais, como a Europa, a \u00c1sia Central, o Sudeste Asi\u00e1tico, o M\u00e9dio Oriente e \u00c1frica. Ao explorar as nuances da estrat\u00e9gia el\u00e9ctrica em evolu\u00e7\u00e3o da BMW, incluindo a unidade de tra\u00e7\u00e3o Gen6 e pr\u00e1ticas de fabrico sustent\u00e1veis, este documento oferece uma fundamenta\u00e7\u00e3o detalhada para a sele\u00e7\u00e3o de modelos. Investiga ainda os desafios log\u00edsticos, financeiros e de homologa\u00e7\u00e3o inerentes \u00e0 importa\u00e7\u00e3o de ve\u00edculos el\u00e9ctricos e sublinha o papel cr\u00edtico dos parceiros de exporta\u00e7\u00e3o especializados na navega\u00e7\u00e3o destas complexidades para alcan\u00e7ar o sucesso comercial.<\/p>\n<h3 id=\"key-takeaways\">Principais conclus\u00f5es<\/h3>\n<ul>\n<li>A plataforma Neue Klasse 2025 representa um salto tecnol\u00f3gico fundamental para a BMW.<\/li>\n<li>A aquisi\u00e7\u00e3o do sedan i3, exclusivo da China, oferece uma vantagem competitiva \u00fanica.<\/li>\n<li>Compreender as normas regionais de carregamento \u00e9 vital para uma importa\u00e7\u00e3o bem sucedida de ve\u00edculos el\u00e9ctricos.<\/li>\n<li>Os modelos topo de gama, como o iX, exigem um tratamento especializado e conhecimento do mercado.<\/li>\n<li>A parceria com um exportador especializado simplifica a log\u00edstica e a homologa\u00e7\u00e3o complexas.<\/li>\n<li>Uma carteira diversificada de ve\u00edculos el\u00e9ctricos da BMW responde a v\u00e1rias exig\u00eancias globais.<\/li>\n<li>O custo total de propriedade \u00e9 um ponto de venda fundamental nos mercados emergentes de VE.<\/li>\n<\/ul>\n<h3 id=\"table-of-contents\">\u00cdndice<\/h3>\n<ul>\n<li><a href=\"#the-strategic-imperative-of-importing-bmw-electric-vehicles-in-2025\">O imperativo estrat\u00e9gico da importa\u00e7\u00e3o de ve\u00edculos el\u00e9ctricos da BMW em 2025<\/a><\/li>\n<li><a href=\"#a-comparative-overview-of-key-2025-bmw-ev-models\">Uma vis\u00e3o geral comparativa dos principais modelos de ve\u00edculos el\u00e9ctricos da BMW para 2025<\/a><\/li>\n<li><a href=\"#model-deep-dive-1-the-2025-bmw-ix3-neue-klasse-the-future-forward\">Modelo Deep Dive 1: O BMW iX3 (Neue Klasse) de 2025 - O futuro para a frente<\/a><\/li>\n<li><a href=\"#model-deep-dive-2-the-bmw-i3-edrive35l-the-china-exclusive-saloon\">Modelo Deep Dive 2: O BMW i3 eDrive35L - A berlina exclusiva da China<\/a><\/li>\n<li><a href=\"#model-deep-dive-3-the-bmw-i4-gran-coup\u00e9-the-established-performer\">Modelo Deep Dive 3: O BMW i4 Gran Coup\u00e9 - O desempenho estabelecido<\/a><\/li>\n<li><a href=\"#model-deep-dive-4-the-bmw-ix-the-luxury-technology-flagship\">Modelo Deep Dive 4: O BMW iX - O porta-estandarte da tecnologia de luxo<\/a><\/li>\n<li><a href=\"#partnering-for-success-your-gateway-to-global-ev-trade\">Parceria para o sucesso: A sua porta de entrada para o com\u00e9rcio global de EV<\/a><\/li>\n<\/ul>\n<p><img loading=\"lazy\" decoding=\"async\" class=\"entered loaded\" style=\"display: block; margin-left: auto; margin-right: auto;\" src=\"https:\/\/www.tjygqc.com\/wp-content\/uploads\/2025\/03\/2025-BMW-i3-eDrive-40-L-Night-Sports-Package-1.webp\" alt=\"\" width=\"600\" height=\"600\" data-src=\"https:\/\/www.tjygqc.com\/wp-content\/uploads\/2025\/03\/2025-BMW-i3-eDrive-40-L-Night-Sports-Package-1.webp\" data-ll-status=\"loaded\" \/><\/p>\n<h2 id=\"the-strategic-imperative-of-importing-bmw-electric-vehicles-in-2025\">O imperativo estrat\u00e9gico da importa\u00e7\u00e3o de ve\u00edculos el\u00e9ctricos da BMW em 2025<\/h2>\n<p>O panorama autom\u00f3vel mundial est\u00e1 a sofrer uma transforma\u00e7\u00e3o de uma magnitude que n\u00e3o se via h\u00e1 um s\u00e9culo. O zumbido do motor de combust\u00e3o interna est\u00e1 a ser gradualmente substitu\u00eddo pelo bin\u00e1rio silencioso e instant\u00e2neo dos motores el\u00e9ctricos. Para o importador de ve\u00edculos comerciais, n\u00e3o se trata apenas de uma mudan\u00e7a tecnol\u00f3gica; representa um realinhamento fundamental das oportunidades de mercado, das cadeias de abastecimento e dos desejos dos consumidores. Neste ambiente din\u00e2mico, algumas marcas destacam-se n\u00e3o apenas pela sua participa\u00e7\u00e3o, mas pela sua inten\u00e7\u00e3o de definir o futuro. Em 2025, a Bayerische Motoren Werke AG, ou BMW, encontra-se num desses precip\u00edcios. A empresa j\u00e1 n\u00e3o est\u00e1 apenas a adicionar op\u00e7\u00f5es el\u00e9ctricas ao seu portf\u00f3lio; est\u00e1 a reimaginar a sua pr\u00f3pria ess\u00eancia com uma nova filosofia de design e plataforma tecnol\u00f3gica conhecida como \"Neue Klasse\" ou Nova Classe.<\/p>\n<p>Envolver-se com a oportunidade apresentada pelos ve\u00edculos el\u00e9ctricos da BMW \u00e9 envolver-se com uma narrativa de desempenho, luxo e engenharia com vis\u00e3o de futuro. Para um importador que serve mercados t\u00e3o diversos como as cidades tecnologicamente avan\u00e7adas da Europa, as economias em r\u00e1pido crescimento do Sudeste Asi\u00e1tico ou os centros de luxo do M\u00e9dio Oriente, compreender esta narrativa \u00e9 fundamental. \u00c9 a diferen\u00e7a entre simplesmente vender um autom\u00f3vel e entregar uma pe\u00e7a do futuro. A decis\u00e3o de se concentrar numa estrat\u00e9gia de importa\u00e7\u00e3o de ve\u00edculos el\u00e9ctricos centrada na BMW \u00e9 uma decis\u00e3o de alinhamento com uma marca que tem consistentemente misturado engenharia centrada no condutor com luxo aspiracional. Como iremos explorar, a linha de ve\u00edculos el\u00e9ctricos da BMW para 2025 oferece uma proposta \u00fanica e atraente, adaptada a um espetro de segmentos de mercado e perfis de consumidores. Esta explora\u00e7\u00e3o servir\u00e1 de guia, um exame profundo n\u00e3o s\u00f3 do \"qu\u00ea\" mas do \"porqu\u00ea\" - porqu\u00ea estes modelos espec\u00edficos e porque \u00e9 que agora \u00e9 o momento de agir.<\/p>\n<h3 id=\"the-neue-klasse-a-paradigm-shift-in-ev-technology\">A Nova Classe: Uma mudan\u00e7a de paradigma na tecnologia dos ve\u00edculos el\u00e9ctricos<\/h3>\n<p>N\u00e3o se pode avaliar corretamente a gama de ve\u00edculos el\u00e9ctricos da BMW para 2025 sem primeiro compreender o significado da Neue Klasse. N\u00e3o se trata apenas de uma nova plataforma; \u00e9 uma reinicializa\u00e7\u00e3o filos\u00f3fica e tecnol\u00f3gica. Pense nela como a resposta fundamental da empresa \u00e0 era el\u00e9ctrica, tal como a sua \"Neue Klasse\" original de sedans e coup\u00e9s salvou a empresa e definiu a sua identidade na d\u00e9cada de 1960. A Neue Klasse 2025, que come\u00e7a com modelos como o iX3 da pr\u00f3xima gera\u00e7\u00e3o, assenta em v\u00e1rios pilares fundamentais que t\u00eam um impacto direto na proposta de valor para importadores e utilizadores finais.<\/p>\n<p>A primeira \u00e9 a tecnologia BMW eDrive de sexta gera\u00e7\u00e3o. Esta envolve novos motores el\u00e9ctricos, mais potentes e mais eficientes, que utilizam menos metais de terras raras, um ponto de import\u00e2ncia consider\u00e1vel para a estabilidade da cadeia de abastecimento e para a gest\u00e3o de custos a longo prazo. Mais importante ainda, introduz novas c\u00e9lulas redondas de bateria de i\u00f5es de l\u00edtio. Em compara\u00e7\u00e3o com as c\u00e9lulas prism\u00e1ticas utilizadas nos modelos anteriores, estas novas c\u00e9lulas prometem uma densidade energ\u00e9tica 20% superior, velocidades de carregamento 30% mais r\u00e1pidas e uma melhoria de 30% na autonomia global. Para um importador, estas n\u00e3o s\u00e3o apenas especifica\u00e7\u00f5es t\u00e9cnicas; s\u00e3o pontos de venda poderosos que respondem \u00e0s preocupa\u00e7\u00f5es mais comuns dos consumidores: a ansiedade da autonomia e o tempo de inatividade do carregamento.<\/p>\n<p>Em segundo lugar, o foco numa experi\u00eancia \"digital-first\" atrav\u00e9s da pr\u00f3xima gera\u00e7\u00e3o do BMW iDrive. O habit\u00e1culo foi concebido em torno de um ecr\u00e3 central e da \"BMW Panoramic Vision\", uma proje\u00e7\u00e3o que abrange toda a largura do para-brisas. Isto cria uma experi\u00eancia imersiva e partilhada tanto para o condutor como para o passageiro. Este n\u00edvel de tecnologia integrada apela diretamente ao consumidor moderno nos mercados da \u00c1sia e da Europa, que espera que o seu ve\u00edculo seja t\u00e3o ligado e intuitivo como o seu smartphone.<\/p>\n<p>Finalmente, a Neue Klasse defende um novo padr\u00e3o de sustentabilidade que vai para al\u00e9m das emiss\u00f5es zero de gases de escape. A BMW est\u00e1 a dar \u00eanfase a uma abordagem de economia circular, aumentando a utiliza\u00e7\u00e3o de materiais secund\u00e1rios (reciclados) e concebendo ve\u00edculos para uma desmontagem e reciclagem mais f\u00e1ceis no final da sua vida \u00fatil. Este compromisso com o \"secund\u00e1rio em primeiro lugar\" ressoa poderosamente em mercados com fortes regulamenta\u00e7\u00f5es ambientais, como grande parte da Europa, e fornece uma hist\u00f3ria de marca convincente para consumidores ambientalmente conscientes em todo o lado. A estreia dos primeiros ve\u00edculos Neue Klasse, como o novo iX3 no Sal\u00e3o Autom\u00f3vel de Munique de 2025, marca o verdadeiro in\u00edcio desta nova era para a BMW.<\/p>\n<h3 id=\"understanding-regional-market-demands-and-homologation\">Compreender as exig\u00eancias do mercado regional e a homologa\u00e7\u00e3o<\/h3>\n<p>Uma empresa de importa\u00e7\u00e3o de ve\u00edculos el\u00e9ctricos bem sucedida baseia-se na compreens\u00e3o de que uma abordagem \u00fanica est\u00e1 condenada ao fracasso. O BMW EV ideal para um cliente no Dubai \u00e9 provavelmente diferente do ideal para um cliente em Jacarta ou Vars\u00f3via. Estas diferen\u00e7as s\u00e3o moldadas pela regulamenta\u00e7\u00e3o, infra-estruturas e cultura.<\/p>\n<p><strong>Normas de homologa\u00e7\u00e3o e de carregamento:<\/strong> A Europa funciona segundo a norma WLTP (Worldwide Harmonized Light Vehicles Test Procedure) para as classifica\u00e7\u00f5es de autonomia e efici\u00eancia e utiliza principalmente o conetor CCS (Combined Charging System) Tipo 2 para o carregamento r\u00e1pido DC. Em contrapartida, a China utiliza a norma CLTC (China Light-Duty Vehicle Test Cycle), que frequentemente produz valores de autonomia mais optimistas, e a norma de carregamento GB\/T. Um importador n\u00e3o s\u00f3 deve estar ciente destas diferen\u00e7as t\u00e9cnicas, como tamb\u00e9m deve ter um processo para garantir que os ve\u00edculos est\u00e3o em conformidade com os regulamentos locais, o que pode envolver modifica\u00e7\u00f5es de hardware (como a altera\u00e7\u00e3o da entrada de carregamento) ou ajustes de software.<\/p>\n<p><strong>Prefer\u00eancias dos consumidores:<\/strong> Em muitas partes do Sudeste Asi\u00e1tico e da \u00c1sia Central, as condi\u00e7\u00f5es das estradas e a necessidade de transportar fam\u00edlias podem favorecer os SUV como o iX ou o futuro iX3. A maior dist\u00e2ncia ao solo e o espa\u00e7o interior s\u00e3o vantagens pr\u00e1ticas. Nas cidades densas e hist\u00f3ricas da Europa, o i4 Gran Coup\u00e9, mais elegante e din\u00e2mico, poder\u00e1 ser mais apelativo. Para os mercados de luxo do M\u00e9dio Oriente, as proezas tecnol\u00f3gicas e o interior opulento do emblem\u00e1tico iX s\u00e3o atractivos poderosos. O i3 sedan com dist\u00e2ncia entre eixos longa, exclusivo da China, apresenta um caso fascinante, oferecendo um maior conforto nos bancos traseiros, uma carater\u00edstica muito apreciada pelos consumidores na China e em muitas outras partes da \u00c1sia que podem ter motorista.<\/p>\n<p>O fornecimento de ve\u00edculos de uma regi\u00e3o para outra - por exemplo, a aquisi\u00e7\u00e3o do i3 sedan da China para exporta\u00e7\u00e3o para o M\u00e9dio Oriente - exige um conhecimento profundo destas nuances. \u00c9 um exerc\u00edcio de correspond\u00eancia entre os pontos fortes de um produto espec\u00edfico e os desejos de um mercado espec\u00edfico. \u00c9 aqui que a experi\u00eancia de um parceiro experiente se torna inestim\u00e1vel, fornecendo informa\u00e7\u00f5es sobre quais os modelos que encontrar\u00e3o o p\u00fablico mais recetivo numa determinada regi\u00e3o.<\/p>\n<h2 id=\"a-comparative-overview-of-key-2025-bmw-ev-models\">Uma vis\u00e3o geral comparativa dos principais modelos de ve\u00edculos el\u00e9ctricos da BMW para 2025<\/h2>\n<p>Para tomar decis\u00f5es informadas, os importadores necessitam de dados apresentados num formato claro e comparativo. Os quadros seguintes apresentam uma vis\u00e3o geral dos quatro principais ve\u00edculos el\u00e9ctricos da BMW abordados neste guia. A Tabela 1 oferece uma compara\u00e7\u00e3o de especifica\u00e7\u00f5es gerais, enquanto a Tabela 2 se concentra no seu posicionamento estrat\u00e9gico para diferentes mercados de importa\u00e7\u00e3o.<\/p>\n<p><strong>Quadro 1: Compara\u00e7\u00e3o das especifica\u00e7\u00f5es t\u00e9cnicas (dados estimados para 2025)<\/strong><\/p>\n<table style=\"width: 100%; border-collapse: collapse;\" border=\"1\">\n<thead>\n<tr>\n<th style=\"text-align: left;\">Carater\u00edstica<\/th>\n<th style=\"text-align: left;\">BMW iX3 (Nova Classe)<\/th>\n<th style=\"text-align: left;\">BMW i3 eDrive35L<\/th>\n<th style=\"text-align: left;\">BMW i4 eDrive40<\/th>\n<th style=\"text-align: left;\">BMW iX xDrive50<\/th>\n<\/tr>\n<\/thead>\n<tbody>\n<tr>\n<td style=\"text-align: left;\"><strong>Plataforma<\/strong><\/td>\n<td style=\"text-align: left;\">Nova classe<\/td>\n<td style=\"text-align: left;\">CLAR (Modificado)<\/td>\n<td style=\"text-align: left;\">CLARO<\/td>\n<td style=\"text-align: left;\">CLAR (EV personalizado)<\/td>\n<\/tr>\n<tr>\n<td style=\"text-align: left;\"><strong>Capacidade da bateria (utiliz\u00e1vel)<\/strong><\/td>\n<td style=\"text-align: left;\">~90 kWh<\/td>\n<td style=\"text-align: left;\">66,1 kWh<\/td>\n<td style=\"text-align: left;\">81,5 kWh<\/td>\n<td style=\"text-align: left;\">105,2 kWh<\/td>\n<\/tr>\n<tr>\n<td style=\"text-align: left;\"><strong>Est. Gama (WLTP)<\/strong><\/td>\n<td style=\"text-align: left;\">~600 km<\/td>\n<td style=\"text-align: left;\">~450 km (WLTP Est.)<\/td>\n<td style=\"text-align: left;\">~590 km<\/td>\n<td style=\"text-align: left;\">~630 km<\/td>\n<\/tr>\n<tr>\n<td style=\"text-align: left;\"><strong>Sistema de tra\u00e7\u00e3o<\/strong><\/td>\n<td style=\"text-align: left;\">Tra\u00e7\u00e3o traseira (op\u00e7\u00e3o AWD)<\/td>\n<td style=\"text-align: left;\">TRAC\u00c7\u00c3O TRASEIRA<\/td>\n<td style=\"text-align: left;\">TRAC\u00c7\u00c3O TRASEIRA<\/td>\n<td style=\"text-align: left;\">AWD<\/td>\n<\/tr>\n<tr>\n<td style=\"text-align: left;\"><strong>Pot\u00eancia de sa\u00edda<\/strong><\/td>\n<td style=\"text-align: left;\">~250 kW \/ 340 cv<\/td>\n<td style=\"text-align: left;\">210 kW \/ 286 cv<\/td>\n<td style=\"text-align: left;\">250 kW \/ 340 cv<\/td>\n<td style=\"text-align: left;\">385 kW \/ 523 cv<\/td>\n<\/tr>\n<tr>\n<td style=\"text-align: left;\"><strong>0-100 km\/h<\/strong><\/td>\n<td style=\"text-align: left;\">~5,5 segundos<\/td>\n<td style=\"text-align: left;\">6,2 segundos<\/td>\n<td style=\"text-align: left;\">5,7 segundos<\/td>\n<td style=\"text-align: left;\">4,6 segundos<\/td>\n<\/tr>\n<tr>\n<td style=\"text-align: left;\"><strong>Carregamento r\u00e1pido DC (m\u00e1x.)<\/strong><\/td>\n<td style=\"text-align: left;\">~200 kW<\/td>\n<td style=\"text-align: left;\">95 kW<\/td>\n<td style=\"text-align: left;\">205 kW<\/td>\n<td style=\"text-align: left;\">195 kW<\/td>\n<\/tr>\n<tr>\n<td style=\"text-align: left;\"><strong>Mercado de aprovisionamento prim\u00e1rio<\/strong><\/td>\n<td style=\"text-align: left;\">Global (lan\u00e7amento p\u00f3s-2025)<\/td>\n<td style=\"text-align: left;\">China<\/td>\n<td style=\"text-align: left;\">Mundial<\/td>\n<td style=\"text-align: left;\">Mundial<\/td>\n<\/tr>\n<\/tbody>\n<\/table>\n<p><strong>Quadro 2: Posicionamento estrat\u00e9gico de mercado para os importadores<\/strong><\/p>\n<table style=\"width: 100%; border-collapse: collapse;\" border=\"1\">\n<thead>\n<tr>\n<th style=\"text-align: left;\">Modelo<\/th>\n<th style=\"text-align: left;\">Segmentos de mercado-alvo<\/th>\n<th style=\"text-align: left;\">Principais propostas de venda<\/th>\n<th style=\"text-align: left;\">Considera\u00e7\u00f5es sobre a importa\u00e7\u00e3o<\/th>\n<\/tr>\n<\/thead>\n<tbody>\n<tr>\n<td style=\"text-align: left;\"><strong>BMW iX3 (Nova Classe)<\/strong><\/td>\n<td style=\"text-align: left;\">Fam\u00edlias com conhecimentos t\u00e9cnicos (Europa), compradores de SUV Premium de tamanho m\u00e9dio (Global)<\/td>\n<td style=\"text-align: left;\">Tecnologia de \u00faltima gera\u00e7\u00e3o, autonomia e carregamento superiores, design sustent\u00e1vel.<\/td>\n<td style=\"text-align: left;\">Procura inicial elevada, requer acesso \u00e0s primeiras vagas de produ\u00e7\u00e3o.<\/td>\n<\/tr>\n<tr>\n<td style=\"text-align: left;\"><strong>BMW i3 eDrive35L<\/strong><\/td>\n<td style=\"text-align: left;\">Profissionais de neg\u00f3cios, fam\u00edlias (\u00c1sia, M\u00e9dio Oriente, \u00c1frica)<\/td>\n<td style=\"text-align: left;\">Espa\u00e7o para as pernas traseiro incompar\u00e1vel na sua classe, conforto de um sedan premium.<\/td>\n<td style=\"text-align: left;\">Fornecimento exclusivo \u00e0 China, requer convers\u00e3o de GB\/T para CCS.<\/td>\n<\/tr>\n<tr>\n<td style=\"text-align: left;\"><strong>BMW i4 eDrive40<\/strong><\/td>\n<td style=\"text-align: left;\">Entusiastas da condu\u00e7\u00e3o, frotas de empresas (Europa, Sudeste Asi\u00e1tico)<\/td>\n<td style=\"text-align: left;\">Din\u00e2mica de condu\u00e7\u00e3o cl\u00e1ssica da BMW, estilo Gran Coup\u00e9 e car\u00e1cter pr\u00e1tico.<\/td>\n<td style=\"text-align: left;\">Modelo estabelecido, cen\u00e1rio competitivo, boa disponibilidade.<\/td>\n<\/tr>\n<tr>\n<td style=\"text-align: left;\"><strong>BMW iX xDrive50<\/strong><\/td>\n<td style=\"text-align: left;\">Indiv\u00edduos com elevado patrim\u00f3nio l\u00edquido, executivos do sector tecnol\u00f3gico (Global)<\/td>\n<td style=\"text-align: left;\">Tecnologia de ponta, luxo supremo, design arrojado.<\/td>\n<td style=\"text-align: left;\">Custo unit\u00e1rio elevado, log\u00edstica especializada para ve\u00edculos de elevado valor.<\/td>\n<\/tr>\n<\/tbody>\n<\/table>\n<h2 id=\"model-deep-dive-1-the-2025-bmw-ix3-neue-klasse-the-future-forward\">Modelo Deep Dive 1: O BMW iX3 (Neue Klasse) de 2025 - O futuro para a frente<\/h2>\n<p>A chegada do primeiro ve\u00edculo de produ\u00e7\u00e3o na plataforma Neue Klasse \u00e9, sem d\u00favida, o evento mais significativo para a BMW em 2025. O novo iX3 n\u00e3o \u00e9 apenas uma atualiza\u00e7\u00e3o do modelo anterior; \u00e9 a manifesta\u00e7\u00e3o f\u00edsica da futura dire\u00e7\u00e3o da BMW. Para os importadores, este ve\u00edculo representa uma oportunidade de oferecer aos clientes a mais recente tecnologia autom\u00f3vel, um verdadeiro produto de \"pr\u00f3xima gera\u00e7\u00e3o\".<\/p>\n<h3 id=\"a-deep-dive-into-the-gen6-drivetrain-and-battery-technology\">Um mergulho profundo na tecnologia de transmiss\u00e3o e bateria do Gen6<\/h3>\n<p>No centro da atra\u00e7\u00e3o do novo iX3 est\u00e1 o seu grupo motopropulsor. A unidade eDrive de sexta gera\u00e7\u00e3o \u00e9 uma maravilha em termos de efici\u00eancia e design. Os pr\u00f3prios motores foram concebidos para serem altamente eficientes numa vasta gama de velocidades e n\u00e3o apenas num \u00fanico ponto \u00f3timo. Isto traduz-se numa melhor autonomia no mundo real, quer seja no tr\u00e2nsito da cidade ou na autoestrada.<\/p>\n<p>A verdadeira revolu\u00e7\u00e3o, no entanto, est\u00e1 na bateria. A mudan\u00e7a para c\u00e9lulas redondas \u00e9 um movimento estrat\u00e9gico com implica\u00e7\u00f5es profundas. Imagine explicar a um potencial cliente que o seu novo SUV pode ganhar aproximadamente 200 quil\u00f3metros de autonomia em apenas 10 minutos numa esta\u00e7\u00e3o de carregamento de alta pot\u00eancia. Esta \u00e9 a promessa da velocidade de carregamento mais r\u00e1pida do 30% combinada com a arquitetura de 800 volts da Neue Klasse. Altera fundamentalmente a psicologia de possuir um VE, passando de um produto que requer um planeamento cuidadoso para um que oferece liberdade espont\u00e2nea. O aumento da densidade energ\u00e9tica significa que uma bateria maior n\u00e3o significa necessariamente um autom\u00f3vel mais pesado, preservando o comportamento \u00e1gil pelo qual a BMW \u00e9 conhecida. Esta combina\u00e7\u00e3o de autonomia, velocidade de carregamento e prazer de condu\u00e7\u00e3o mantido faz do novo iX3 um concorrente formid\u00e1vel no segmento dos SUV el\u00e9ctricos premium.<\/p>\n<h3 id=\"design-philosophy-from-vision-to-production\">Filosofia de design: Da vis\u00e3o \u00e0 produ\u00e7\u00e3o<\/h3>\n<p>O design exterior e interior do Neue Klasse iX3 ser\u00e1 uma evolu\u00e7\u00e3o direta do conceito \"Vision Neue Klasse X\". Isto significa um design que \u00e9 simultaneamente monol\u00edtico e aerodin\u00e2mico. Esperam-se superf\u00edcies limpas, uma grelha em forma de rim reinterpretada (e provavelmente iluminada) que aloja tecnologia de sensores e grandes \u00e1reas de vidro que criam um habit\u00e1culo aberto e arejado. O design pretende ser intemporal e tecnologicamente avan\u00e7ado sem ser frio.<\/p>\n<p>No interior, a revolu\u00e7\u00e3o \u00e9 ainda mais acentuada. A redu\u00e7\u00e3o dos bot\u00f5es f\u00edsicos em favor do controlador central \"iDrive\", dos controlos no volante e dos comandos de voz avan\u00e7ados cria um ambiente minimalista e organizado. A carater\u00edstica que se destaca \u00e9 a Vis\u00e3o Panor\u00e2mica BMW. Ao projetar informa\u00e7\u00f5es importantes, como velocidade, navega\u00e7\u00e3o e multim\u00e9dia, numa \u00e1rea revestida a escuro na parte inferior do para-brisas, permite ao condutor ver dados cruciais sem tirar os olhos da estrada. Permite tamb\u00e9m que o passageiro da frente veja o conte\u00fado, promovendo uma experi\u00eancia mais inclusiva no autom\u00f3vel. Este interior n\u00e3o \u00e9 apenas um lugar para se sentar; \u00e9 um espa\u00e7o interativo, um fator de diferencia\u00e7\u00e3o fundamental num mercado concorrido.<\/p>\n<h3 id=\"market-positioning-for-europe-and-the-middle-east\">Posicionamento de mercado para a Europa e o M\u00e9dio Oriente<\/h3>\n<p>Para o mercado europeu, o novo iX3 atinge um ponto ideal. As suas dimens\u00f5es colocam-no na popular categoria dos SUV de tamanho m\u00e9dio. As suas proezas tecnol\u00f3gicas, em particular a narrativa da efici\u00eancia e da sustentabilidade, alinham-se perfeitamente com os valores do consumidor europeu. A promessa de um ve\u00edculo produzido com uma menor pegada de carbono e concebido para circular \u00e9 uma poderosa ferramenta de marketing.<\/p>\n<p>No M\u00e9dio Oriente, a narrativa muda ligeiramente. Embora a tecnologia seja apreciada, a t\u00f3nica \u00e9 frequentemente colocada na presen\u00e7a, no luxo e no desempenho. O design arrojado e moderno do iX3 dar-lhe-\u00e1 uma presen\u00e7a significativa na estrada. O interior espa\u00e7oso e de alta tecnologia apelar\u00e1 \u00e0 propens\u00e3o da regi\u00e3o para o luxo e o conforto. Os fortes indicadores de desempenho, incluindo uma acelera\u00e7\u00e3o r\u00e1pida, satisfar\u00e3o o desejo de uma experi\u00eancia de condu\u00e7\u00e3o din\u00e2mica. Para os importadores desta regi\u00e3o, o marketing deve centrar-se no iX3 como uma afirma\u00e7\u00e3o de estar na vanguarda da tecnologia e do luxo moderno.<\/p>\n<h3 id=\"import-considerations-and-sourcing-strategy\">Considera\u00e7\u00f5es sobre importa\u00e7\u00e3o e estrat\u00e9gia de aprovisionamento<\/h3>\n<p>Sendo um modelo totalmente novo numa nova plataforma, a procura inicial do iX3 ser\u00e1 excecionalmente elevada. \u00c9 prov\u00e1vel que a produ\u00e7\u00e3o seja limitada \u00e0 medida que a BMW aumenta as suas instala\u00e7\u00f5es de fabrico em Debrecen, Hungria, e mais tarde em Shenyang, China. Para um importador independente, assegurar um fornecimento r\u00e1pido e fi\u00e1vel destes ve\u00edculos ser\u00e1 o principal desafio. \u00c9 aqui que uma parceria com um exportador de ve\u00edculos bem relacionado se torna n\u00e3o apenas ben\u00e9fica, mas essencial. Um exportador estabelecido, com fortes rela\u00e7\u00f5es dentro da rede de abastecimento, pode dar acesso a vagas de atribui\u00e7\u00e3o que n\u00e3o estariam dispon\u00edveis para opera\u00e7\u00f5es mais pequenas e independentes. Eles podem navegar pelas complexidades de encomendar diferentes especifica\u00e7\u00f5es regionais e gerir a log\u00edstica de colocar estes ve\u00edculos altamente esperados na sua sala de exposi\u00e7\u00f5es antes da concorr\u00eancia.<\/p>\n<h2 id=\"model-deep-dive-2-the-bmw-i3-edrive35l-the-china-exclusive-saloon\">Modelo Deep Dive 2: O BMW i3 eDrive35L - A berlina exclusiva da China<\/h2>\n<p>Embora o Neue Klasse represente o futuro, uma das oportunidades mais intrigantes para os importadores em 2025 vem de um modelo nascido de uma procura regional espec\u00edfica: o BMW i3 eDrive35L. \u00c9 crucial esclarecer: este n\u00e3o \u00e9 o pequeno e peculiar hatchback i3 que foi vendido globalmente at\u00e9 2022. Trata-se de uma vers\u00e3o totalmente el\u00e9ctrica do sedan S\u00e9rie 3 com dist\u00e2ncia entre eixos longa e, at\u00e9 agora, foi produzido e vendido exclusivamente no mercado chin\u00eas. Para o importador experiente, esta exclusividade n\u00e3o \u00e9 um obst\u00e1culo; \u00e9 uma oportunidade de ouro.<\/p>\n<h3 id=\"why-a-long-wheelbase-sedan-is-a-game-changer-for-asia-and-africa\">Porque \u00e9 que um Sedan com dist\u00e2ncia entre eixos longa \u00e9 um fator de mudan\u00e7a para a \u00c1sia e \u00c1frica<\/h3>\n<p>Para compreender o apelo do i3 eDrive35L, \u00e9 necess\u00e1rio compreender o fen\u00f3meno da \"dist\u00e2ncia entre eixos longa\" (LWB) na \u00c1sia. Em muitas culturas asi\u00e1ticas, e cada vez mais em partes do M\u00e9dio Oriente e de \u00c1frica, o propriet\u00e1rio de um sedan de luxo n\u00e3o \u00e9, muitas vezes, o condutor. \u00c9 um passageiro no banco de tr\u00e1s, sendo transportado para reuni\u00f5es de neg\u00f3cios ou eventos sociais. Consequentemente, o conforto do banco traseiro, em particular o espa\u00e7o para as pernas, n\u00e3o \u00e9 uma carater\u00edstica menor; \u00e9 um fator primordial de compra.<\/p>\n<p>O i3 eDrive35L \u00e9 constru\u00eddo com uma dist\u00e2ncia entre eixos que \u00e9 11 cent\u00edmetros mais longa do que o S\u00e9rie 3 standard. Todo este aumento de comprimento \u00e9 dedicado \u00e0 \u00e1rea do passageiro traseiro, criando um habit\u00e1culo com uma sensa\u00e7\u00e3o de espa\u00e7o e luxo que rivaliza com carros de uma classe superior. Os bancos s\u00e3o mais macios e o ambiente geral \u00e9 de um conforto descontra\u00eddo. Ao importar este modelo, pode oferecer aos seus clientes um ve\u00edculo que responde diretamente a esta prefer\u00eancia cultural - uma carater\u00edstica que os seus concorrentes do mercado europeu simplesmente n\u00e3o conseguem igualar. Permite-lhe visar um grupo demogr\u00e1fico espec\u00edfico e abastado com um produto que parece feito \u00e0 medida das suas necessidades.<\/p>\n<h3 id=\"technical-specifications-and-performance-metrics\">Especifica\u00e7\u00f5es t\u00e9cnicas e indicadores de desempenho<\/h3>\n<p>O i3 eDrive35L baseia-se na comprovada arquitetura CLAR, a mesma plataforma que sustenta o i4 de sucesso mundial. Est\u00e1 equipado com uma bateria de 66,1 kWh (utiliz\u00e1vel) e um motor el\u00e9trico montado na traseira que produz 210 kW (286 cavalos de pot\u00eancia) e 400 Nm de bin\u00e1rio. Isto \u00e9 suficiente para impulsionar o sedan dos 0 aos 100 km\/h num respeit\u00e1vel tempo de 6,2 segundos. Embora n\u00e3o seja t\u00e3o abertamente desportivo como um i4 M50, o seu desempenho \u00e9 r\u00e1pido, suave e silencioso - perfeitamente adequado ao seu papel de transporte executivo de qualidade superior.<\/p>\n<p>A autonomia oficial ao abrigo do ciclo CLTC da China \u00e9 de 526 km. Um valor mais realista equivalente ao WLTP seria mais pr\u00f3ximo dos 450 km, o que continua a ser mais do que adequado para uma utiliza\u00e7\u00e3o di\u00e1ria urbana e interurbana. A sua capacidade de carregamento r\u00e1pido DC est\u00e1 limitada a 95 kW, o que \u00e9 inferior \u00e0 dos modelos BMW mais recentes, mas ainda assim permite um carregamento de 10-80% em cerca de 35 minutos. Estas especifica\u00e7\u00f5es representam um pacote bem equilibrado de desempenho, conforto e utiliza\u00e7\u00e3o quotidiana.<\/p>\n<h3 id=\"the-unique-opportunity-of-sourcing-from-the-chinese-market\">A oportunidade \u00fanica de abastecimento do mercado chin\u00eas<\/h3>\n<p>O facto de o i3 eDrive35L ser constru\u00eddo na China para o mercado chin\u00eas \u00e9 o que cria este caso de neg\u00f3cio \u00fanico. O mercado autom\u00f3vel chin\u00eas \u00e9 o maior do mundo, e a escala de produ\u00e7\u00e3o pode levar a pre\u00e7os competitivos. O fornecimento deste modelo permite que um importador ofere\u00e7a um produto \u00fanico que n\u00e3o est\u00e1 oficialmente dispon\u00edvel atrav\u00e9s da rede de concession\u00e1rios da BMW na sua regi\u00e3o de origem. Cria uma oportunidade de \"mercado cinzento\" no verdadeiro sentido: fornecer um produto leg\u00edtimo e desej\u00e1vel que os canais oficiais n\u00e3o oferecem.<\/p>\n<p>Esta estrat\u00e9gia permite a uma empresa de importa\u00e7\u00e3o mais pequena e mais \u00e1gil ultrapassar organiza\u00e7\u00f5es maiores e mais burocr\u00e1ticas. Pode construir uma reputa\u00e7\u00e3o como fornecedor exclusivo deste sedan el\u00e9trico altamente desej\u00e1vel. Quando se trabalha com um exportador profissional como <a href=\"https:\/\/www.tjygqc.com\/\" rel=\"nofollow\">um exportador de ve\u00edculos comerciais fi\u00e1vel<\/a>Com a ajuda de um parceiro no terreno que conhece o mercado local, pode assegurar um invent\u00e1rio de alta qualidade e pode tratar das fases iniciais do processo de exporta\u00e7\u00e3o a partir da China.<\/p>\n<h3 id=\"navigating-the-logistics-of-exporting-china-specific-models\">Navegar na log\u00edstica da exporta\u00e7\u00e3o de modelos espec\u00edficos da China<\/h3>\n<p>A exporta\u00e7\u00e3o de um ve\u00edculo da China tem o seu pr\u00f3prio conjunto de desafios que devem ser geridos de forma profissional. O obst\u00e1culo t\u00e9cnico mais significativo \u00e9 a norma de carregamento. A China utiliza a norma GB\/T para o carregamento AC e DC. A maior parte dos outros mercados-alvo (Europa, M\u00e9dio Oriente e at\u00e9 mesmo muitas partes do Sudeste Asi\u00e1tico) utilizaram o sistema CCS Tipo 2.<\/p>\n<p>Por conseguinte, uma parte cr\u00edtica do processo de importa\u00e7\u00e3o \u00e9 a convers\u00e3o da porta de carregamento do ve\u00edculo de GB\/T para CCS. N\u00e3o se trata de um simples adaptador; requer uma modifica\u00e7\u00e3o profissional do hardware do ve\u00edculo e, potencialmente, do seu software para garantir um carregamento seguro e eficiente. Al\u00e9m disso, o sistema de informa\u00e7\u00e3o e lazer e a navega\u00e7\u00e3o do ve\u00edculo ser\u00e3o configurados para o mercado chin\u00eas. Isto requer uma atualiza\u00e7\u00e3o profissional do software para instalar os pacotes lingu\u00edsticos corretos, os dados cartogr\u00e1ficos e a compatibilidade dos servi\u00e7os ligados para a regi\u00e3o de destino. Estas n\u00e3o s\u00e3o tarefas para um amador. Requerem conhecimentos t\u00e9cnicos e experi\u00eancia, que \u00e9 um servi\u00e7o essencial prestado por exportadores de ve\u00edculos especializados. Estes asseguram que o autom\u00f3vel \u00fanico que adquire na China chega \u00e0s m\u00e3os do seu cliente como se tivesse sido constru\u00eddo para o seu pa\u00eds desde o in\u00edcio.<\/p>\n<h2 id=\"model-deep-dive-3-the-bmw-i4-gran-coup\u00e9-the-established-performer\">Modelo Deep Dive 3: O BMW i4 Gran Coup\u00e9 - O desempenho estabelecido<\/h2>\n<p>Embora os modelos novos e exclusivos gerem entusiasmo, um portef\u00f3lio de importa\u00e7\u00e3o bem sucedido tamb\u00e9m tem de ser equilibrado com produtos comprovados e de elevada procura. O BMW i4 Gran Coup\u00e9 \u00e9 exatamente isso. Desde o seu lan\u00e7amento, tem sido amplamente elogiado por conseguir o que muitos pensavam ser dif\u00edcil: traduzir a sensa\u00e7\u00e3o cl\u00e1ssica da BMW \"Ultimate Driving Machine\" para um formato totalmente el\u00e9trico. \u00c9 um autom\u00f3vel que apela ao cora\u00e7\u00e3o do tradicional entusiasta da BMW, ao mesmo tempo que abra\u00e7a o futuro da mobilidade.<\/p>\n<h3 id=\"balancing-performance-luxury-and-practicality\">Equil\u00edbrio entre desempenho, luxo e praticidade<\/h3>\n<p>A genialidade do i4 reside no seu apelo multifacetado. \u00c9 um ve\u00edculo que usa muitos chap\u00e9us. O seu design de Gran Coup\u00e9 de quatro portas com um grande liftback traseiro torna-o surpreendentemente pr\u00e1tico. Oferece mais espa\u00e7o de carga e um carregamento mais f\u00e1cil do que um sedan tradicional como o S\u00e9rie 3, apelando a fam\u00edlias pequenas ou indiv\u00edduos com estilos de vida activos.<\/p>\n<p>Ao mesmo tempo, o seu centro de gravidade baixo (ainda mais baixo do que o do S\u00e9rie 3, gra\u00e7as \u00e0 bateria montada no ch\u00e3o) e o chassis e a dire\u00e7\u00e3o bem afinados proporcionam o comportamento envolvente e reativo que define a marca. Sente-se \u00e1gil e ligado \u00e0 estrada. Este \u00e9 um autom\u00f3vel para pessoas que gostam de conduzir. Finalmente, o interior oferece os materiais de primeira qualidade, a qualidade de constru\u00e7\u00e3o e a sofistica\u00e7\u00e3o tecnol\u00f3gica que se espera de um BMW moderno. Combina com sucesso os mundos da performance, do sentido pr\u00e1tico e do luxo num \u00fanico e atraente pacote.<\/p>\n<h3 id=\"analyzing-the-different-trims-edrive35-edrive40-and-m50\">An\u00e1lise das diferentes vers\u00f5es de equipamento: eDrive35, eDrive40 e M50<\/h3>\n<p>O i4 est\u00e1 dispon\u00edvel em diversas variantes, o que permite aos importadores orientarem-se para diferentes pontos de pre\u00e7o e perfis de clientes.<\/p>\n<ul>\n<li><strong>i4 eDrive35:<\/strong> Este \u00e9 o modelo de entrada de gama. Com uma bateria mais pequena (67 kWh utiliz\u00e1veis) e um motor de 210 kW, oferece um pre\u00e7o mais acess\u00edvel. \u00c9 uma excelente op\u00e7\u00e3o para frotas de empresas ou para clientes em mercados onde os incentivos governamentais est\u00e3o associados a um pre\u00e7o de compra mais baixo. Torna a experi\u00eancia de um ve\u00edculo el\u00e9trico de alta qualidade mais acess\u00edvel.<\/li>\n<li><strong>i4 eDrive40:<\/strong> Para muitos, este \u00e9 o ponto ideal da gama. Combina a bateria maior de 81,5 kWh com um potente motor traseiro de 250 kW (340 cv). Oferece uma excelente combina\u00e7\u00e3o de capacidade de longo alcance (at\u00e9 590 km WLTP) e forte desempenho. Este \u00e9 o modelo ideal para o cliente que pretende uma experi\u00eancia BMW moderna por excel\u00eancia, sem necessitar do desempenho extremo do modelo M.<\/li>\n<li><strong>i4 M50:<\/strong> Este \u00e9 o primeiro modelo \"M Performance\" totalmente el\u00e9trico de sempre. Com uma configura\u00e7\u00e3o de motor duplo e tra\u00e7\u00e3o integral que produz uns impressionantes 400 kW (544 cv), proporciona uma acelera\u00e7\u00e3o semelhante \u00e0 de um supercarro (0-100 km\/h em 3,9 segundos). Este \u00e9 um autom\u00f3vel de refer\u00eancia, um modelo para os entusiastas do desempenho que querem o melhor dos melhores. \u00c9 um produto de elevada margem de lucro que atrai a aten\u00e7\u00e3o para toda a gama i4.<\/li>\n<\/ul>\n<p>Um importador pode armazenar estrategicamente uma mistura destes acabamentos para satisfazer um vasto espetro do mercado de topo, desde o comprador empresarial consciente dos custos at\u00e9 ao condutor que procura emo\u00e7\u00f5es fortes.<\/p>\n<h3 id=\"strong-demand-in-mature-and-emerging-ev-markets\">Forte procura nos mercados maduros e emergentes de VE<\/h3>\n<p>A natureza vers\u00e1til do i4 conduziu a uma procura forte e consistente numa vasta gama de mercados globais. Na Europa, compete diretamente com outros sedans el\u00e9ctricos premium e \u00e9 frequentemente elogiado pela sua din\u00e2mica de condu\u00e7\u00e3o superior. A sua combina\u00e7\u00e3o de efici\u00eancia e desempenho \u00e9 altamente valorizada.<\/p>\n<p>Nos mercados emergentes de ve\u00edculos el\u00e9ctricos do Sudeste Asi\u00e1tico e da \u00c1sia Central, o i4 representa uma entrada ambiciosa, mas relativamente pr\u00e1tica, no mundo da mobilidade el\u00e9ctrica de qualidade superior. A marca \"Gran Coup\u00e9\" acrescenta um toque de exclusividade e o desempenho do autom\u00f3vel \u00e9 um importante ponto de venda. Uma vez que o i4 \u00e9 um modelo dispon\u00edvel a n\u00edvel mundial, existe um maior reconhecimento da marca e uma rede de conhecimentos mais estabelecida relativamente \u00e0s suas carater\u00edsticas e manuten\u00e7\u00e3o, o que pode ser um fator reconfortante para os compradores de VE pela primeira vez nestas regi\u00f5es.<\/p>\n<h3 id=\"sourcing-and-logistics-for-a-globally-available-model\">Sourcing e log\u00edstica para um modelo globalmente dispon\u00edvel<\/h3>\n<p>Ao contr\u00e1rio do i3, exclusivo da China, o abastecimento do i4 \u00e9 mais simples, uma vez que \u00e9 produzido para distribui\u00e7\u00e3o global. No entanto, continuam a existir desafios. A elevada procura pode ainda levar a longas listas de espera atrav\u00e9s dos canais oficiais. Um exportador experiente pode tirar partido de uma rede mais alargada para obter ve\u00edculos de diferentes regi\u00f5es onde a disponibilidade possa ser melhor ou onde determinados pacotes de op\u00e7\u00f5es desej\u00e1veis sejam mais comuns. Podem gerir a consolida\u00e7\u00e3o de ve\u00edculos, a contentoriza\u00e7\u00e3o e a log\u00edstica de expedi\u00e7\u00e3o para garantir uma cadeia de abastecimento est\u00e1vel e fi\u00e1vel para a sua empresa. O processo pode ser menos ex\u00f3tico do que o fornecimento do i3, mas a necessidade de uma log\u00edstica profissional e eficiente continua a ser igualmente cr\u00edtica para manter a rentabilidade e a satisfa\u00e7\u00e3o do cliente. Explorando os v\u00e1rios <a href=\"https:\/\/www.tjygqc.com\/bmw-category\/\" rel=\"nofollow\">Ofertas de ve\u00edculos el\u00e9ctricos da BMW<\/a> pode dar uma imagem mais clara das op\u00e7\u00f5es dispon\u00edveis para a importa\u00e7\u00e3o.<\/p>\n<h2 id=\"model-deep-dive-4-the-bmw-ix-the-luxury-technology-flagship\">Modelo Deep Dive 4: O BMW iX - O porta-estandarte da tecnologia de luxo<\/h2>\n<p>No topo da atual gama de ve\u00edculos el\u00e9ctricos da BMW est\u00e1 o iX. Este n\u00e3o \u00e9 apenas um SUV el\u00e9trico; \u00e9 o mostru\u00e1rio da BMW da sua tecnologia mais avan\u00e7ada, materiais sustent\u00e1veis e design mais arrojado. O iX \u00e9 um ve\u00edculo de afirma\u00e7\u00e3o, concebido para uma clientela que n\u00e3o procura apenas transporte, mas uma experi\u00eancia. Para o importador, o iX \u00e9 um produto de elevado valor e de elevada margem de lucro que actua como uma aur\u00e9ola para toda a marca, assinalando um compromisso com o luxo e a inova\u00e7\u00e3o.<\/p>\n<h3 id=\"defining-the-pinnacle-of-bmw-electric-luxury\">Definindo o auge do luxo el\u00e9trico da BMW<\/h3>\n<p>O iX foi concebido desde o in\u00edcio como um ve\u00edculo puramente el\u00e9trico e esta liberdade \u00e9 evidente em todos os seus detalhes. O design exterior \u00e9 polarizador e sem remorsos, com uma grelha em forma de rim maci\u00e7a e auto-reparadora que alberga um conjunto de c\u00e2maras e sensores. \u00c9 um design que chama a aten\u00e7\u00e3o e transmite confian\u00e7a tecnol\u00f3gica.<\/p>\n<p>O verdadeiro luxo, no entanto, encontra-se no interior. O iX apresenta um interior espa\u00e7oso, tipo lounge. O piso plano e o teto panor\u00e2mico \"Sky Lounge\" criam uma sensa\u00e7\u00e3o de abertura sem paralelo. Os materiais s\u00e3o uma mistura entre o tradicional e o futurista. Os compradores podem optar pela requintada madeira de poros abertos, mas tamb\u00e9m por superf\u00edcies revestidas com um tecido sustent\u00e1vel chamado \"Loft\" ou pele curtida em folha de oliveira. O volante hexagonal e o enorme ecr\u00e3 curvo que integra o painel de instrumentos e o ecr\u00e3 de infoentretenimento s\u00e3o diferentes de tudo o que existe na gama BMW. \u00c9 especial, feito \u00e0 medida e profundamente luxuoso.<\/p>\n<h3 id=\"advanced-features-shy-tech-idrive-8-and-sustainable-materials\">Carater\u00edsticas avan\u00e7adas: Shy Tech, iDrive 8 e materiais sustent\u00e1veis<\/h3>\n<p>O iX \u00e9 definido pela sua filosofia \"Shy Tech\" - tecnologia que permanece oculta at\u00e9 ser necess\u00e1ria. Os altifalantes est\u00e3o integrados de forma invis\u00edvel nos pain\u00e9is das portas. O controlador iDrive \u00e9 uma bela pe\u00e7a de vidro cristalino com bot\u00f5es sens\u00edveis ao toque e retroiluminados sob a sua superf\u00edcie. O sistema de limpeza da c\u00e2mara frontal est\u00e1 escondido atr\u00e1s do s\u00edmbolo da BMW. Esta abordagem cria um ambiente calmo e organizado, onde a tecnologia serve os ocupantes sem os sobrecarregar.<\/p>\n<p>O iX foi um dos primeiros modelos a apresentar o avan\u00e7ado sistema operativo BMW iDrive 8. Com os seus layouts altamente personaliz\u00e1veis, o assistente de voz em linguagem natural e a profunda integra\u00e7\u00e3o com a aplica\u00e7\u00e3o My BMW, estabeleceu uma nova refer\u00eancia para as interfaces de utilizador dos autom\u00f3veis. O sistema permite actualiza\u00e7\u00f5es over-the-air, o que significa que o ve\u00edculo pode ganhar novas funcionalidades e melhorias ao longo do tempo, mantendo-o fresco e moderno.<\/p>\n<h3 id=\"targeting-high-net-worth-individuals-in-key-markets\">Visar indiv\u00edduos com elevado patrim\u00f3nio em mercados-chave<\/h3>\n<p>O iX n\u00e3o \u00e9 um carro de volume; \u00e9 uma ferramenta de precis\u00e3o para atingir o segmento mais abastado do mercado. No M\u00e9dio Oriente, o seu design arrojado e o seu interior opulento e repleto de tecnologia s\u00e3o a combina\u00e7\u00e3o perfeita para os gostos dos compradores de luxo da regi\u00e3o. Nos centros tecnol\u00f3gicos da Europa e da \u00c1sia, apela aos empres\u00e1rios e executivos de sucesso que pretendem afirmar a sua consci\u00eancia ambiental e a sua posi\u00e7\u00e3o na vanguarda da tecnologia.<\/p>\n<p>A comercializa\u00e7\u00e3o do iX requer uma abordagem diferente. N\u00e3o se trata tanto de especifica\u00e7\u00f5es pr\u00e1ticas, como o espa\u00e7o de carga, mas sim da hist\u00f3ria - a hist\u00f3ria do luxo sustent\u00e1vel, da tecnologia inovadora e de uma afirma\u00e7\u00e3o de design \u00fanica. Eventos de test-drive, visitas privadas e parcerias com outras marcas de luxo podem ser formas eficazes de alcan\u00e7ar a clientela-alvo deste ve\u00edculo excecional.<\/p>\n<h3 id=\"the-role-of-a-specialized-exporter-in-handling-high-value-units\">O papel de um exportador especializado no manuseamento de unidades de elevado valor<\/h3>\n<p>A importa\u00e7\u00e3o de um ve\u00edculo como o iX acarreta um n\u00edvel de risco mais elevado e exige um maior grau de cuidado. Trata-se de bens de elevado valor e qualquer dano ou atraso no processo de expedi\u00e7\u00e3o pode ter consequ\u00eancias financeiras significativas. Um exportador especializado proporciona paz de esp\u00edrito atrav\u00e9s de v\u00e1rios servi\u00e7os essenciais. Assegurar\u00e1 que o ve\u00edculo \u00e9 objeto de um seguro completo durante toda a viagem. Utiliza m\u00e9todos de expedi\u00e7\u00e3o seguros e de qualidade superior, como a contentoriza\u00e7\u00e3o individual, para proteger o ve\u00edculo das intemp\u00e9ries e de potenciais danos.<\/p>\n<p>Al\u00e9m disso, gerem toda a complexa documenta\u00e7\u00e3o alfandeg\u00e1ria e transac\u00e7\u00f5es financeiras associadas a um artigo de elevado valor, assegurando um processo suave e transparente. Para um produto emblem\u00e1tico como o iX, uma experi\u00eancia de entrega sem falhas faz parte da promessa de luxo. Confiar num parceiro especializado garante que esta promessa \u00e9 cumprida, desde o ch\u00e3o da f\u00e1brica at\u00e9 \u00e0 entrada do seu cliente. Para compreender o esp\u00edrito de uma empresa que se dedica a este n\u00edvel de servi\u00e7o, saiba mais <a href=\"https:\/\/www.tjygqc.com\/about-us\/\" rel=\"nofollow\">sobre n\u00f3s<\/a>.<\/p>\n<h2 id=\"partnering-for-success-your-gateway-to-global-ev-trade\">Parceria para o sucesso: A sua porta de entrada para o com\u00e9rcio global de EV<\/h2>\n<p>Os mergulhos profundos anteriores nestes quatro ve\u00edculos el\u00e9ctricos BMW distintos ilustram um mundo de oportunidades. Desde a tecnologia virada para o futuro do Neue Klasse iX3 at\u00e9 ao atrativo \u00fanico e espec\u00edfico do mercado do i3 sedan, existe um modelo para cada nicho estrat\u00e9gico. No entanto, identificar a oportunidade \u00e9 apenas o primeiro passo. Para a capitalizar, \u00e9 necess\u00e1rio navegar num labirinto de log\u00edstica, finan\u00e7as e regulamenta\u00e7\u00e3o internacionais. \u00c9 aqui que o verdadeiro valor de um parceiro de exporta\u00e7\u00e3o profissional \u00e9 percebido.<\/p>\n<h3 id=\"the-complexities-of-international-vehicle-homologation\">As complexidades da homologa\u00e7\u00e3o internacional de ve\u00edculos<\/h3>\n<p>A homologa\u00e7\u00e3o \u00e9 o processo de certifica\u00e7\u00e3o de que um ve\u00edculo cumpre as normas t\u00e9cnicas e de seguran\u00e7a de um determinado pa\u00eds ou regi\u00e3o. Trata-se de um dom\u00ednio complexo e exigente. Um ve\u00edculo constru\u00eddo para o mercado chin\u00eas, por exemplo, ter\u00e1 a ilumina\u00e7\u00e3o, as emiss\u00f5es (em termos de par\u00e2metros de software) e as carater\u00edsticas de seguran\u00e7a configuradas de acordo com a regulamenta\u00e7\u00e3o chinesa. Para importar esse ve\u00edculo para a Uni\u00e3o Europeia, \u00e9 necess\u00e1rio garantir que ele cumpre um conjunto de regulamentos da UE completamente diferente.<\/p>\n<p>Isto pode implicar modifica\u00e7\u00f5es f\u00edsicas, documenta\u00e7\u00e3o extensa e inspec\u00e7\u00f5es rigorosas. O incumprimento pode resultar na apreens\u00e3o do ve\u00edculo, na recusa de entrada ou na impossibilidade de o registar, o que pode resultar numa perda financeira total. Um exportador profissional tem equipas dedicadas a compreender os requisitos de homologa\u00e7\u00e3o espec\u00edficos dos diferentes pa\u00edses de destino. Gerem todo o processo, assegurando que cada ve\u00edculo que enviam est\u00e1 totalmente em conformidade e pronto para ser registado legalmente \u00e0 chegada.<\/p>\n<h3 id=\"financial-and-logistical-hurdles-in-cross-border-trade\">Obst\u00e1culos financeiros e log\u00edsticos ao com\u00e9rcio transfronteiri\u00e7o<\/h3>\n<p>O transporte de mercadorias de elevado valor atrav\u00e9s do mundo \u00e9 intrinsecamente complexo. A log\u00edstica envolve a coordena\u00e7\u00e3o do transporte terrestre, o manuseamento portu\u00e1rio, o transporte mar\u00edtimo e a entrega final. Cada etapa tem os seus pr\u00f3prios custos, riscos e potencial de atraso. Gerir este processo de forma eficiente requer experi\u00eancia e uma rede estabelecida de fornecedores de log\u00edstica de confian\u00e7a.<\/p>\n<p>Os aspectos financeiros s\u00e3o igualmente dif\u00edceis. As transac\u00e7\u00f5es internacionais envolvem riscos cambiais, cartas de cr\u00e9dito ou outros m\u00e9todos de pagamento seguros e a gest\u00e3o de tarifas, direitos e impostos. Um parceiro de exporta\u00e7\u00e3o simplifica este processo. Fornecem pre\u00e7os claros e com tudo inclu\u00eddo (frequentemente numa base CIF - Custo, Seguro e Frete) que simplificam o seu planeamento financeiro. Tratam das complexidades das transac\u00e7\u00f5es financeiras, protegendo tanto o comprador como o vendedor e assegurando um fluxo de capital sem problemas. Esta gest\u00e3o financeira e log\u00edstica \u00e9 uma componente essencial da forma como a estrat\u00e9gia de marketing da BMW atingiu com sucesso os clientes a n\u00edvel mundial.<\/p>\n<h3 id=\"how-a-professional-exporter-streamlines-the-process\">Como um exportador profissional agiliza o processo<\/h3>\n<p>Pense num exportador profissional como uma extens\u00e3o do seu pr\u00f3prio neg\u00f3cio - um departamento especializado em aquisi\u00e7\u00f5es e log\u00edstica internacionais. O seu papel \u00e9 eliminar a fric\u00e7\u00e3o do processo de importa\u00e7\u00e3o, permitindo-lhe concentrar-se naquilo que faz melhor: vender autom\u00f3veis e servir os seus clientes.<\/p>\n<p>Proporcionam um ponto de contacto \u00fanico para aquisi\u00e7\u00e3o, modifica\u00e7\u00e3o t\u00e9cnica, conformidade, expedi\u00e7\u00e3o e financiamento. Aproveitam o seu poder de compra e as suas rela\u00e7\u00f5es para assegurar um invent\u00e1rio a que n\u00e3o poderia aceder por si pr\u00f3prio. Absorvem a complexidade e o risco do com\u00e9rcio internacional, entregando um ve\u00edculo pronto para o mercado no porto escolhido. Para qualquer empresa que pretenda capitalizar a procura global de ve\u00edculos el\u00e9ctricos BMW de alta qualidade, a parceria com uma organiza\u00e7\u00e3o deste tipo n\u00e3o \u00e9 um custo; \u00e9 um investimento em efici\u00eancia, seguran\u00e7a e rentabilidade. Os benef\u00edcios de conduzir estes ve\u00edculos avan\u00e7ados s\u00e3o claros, e um exportador profissional torna o acesso a eles vi\u00e1vel.<\/p>\n<h3 id=\"frequently-asked-questions-faq\">Perguntas frequentes (FAQ)<\/h3>\n<p><strong>Quais s\u00e3o as principais diferen\u00e7as entre o i3 eDrive35L com especifica\u00e7\u00f5es chinesas e o i4 global?<\/strong> A diferen\u00e7a mais significativa \u00e9 o estilo e o objetivo da carro\u00e7aria. O i3 eDrive35L \u00e9 um sedan de longa dist\u00e2ncia entre eixos, centrado na maximiza\u00e7\u00e3o do conforto e do espa\u00e7o dos passageiros traseiros. O i4 \u00e9 um Gran Coup\u00e9 com um design mais desportivo e uma grande parte traseira traseira para maior praticidade. Embora partilhem alguma tecnologia subjacente, o i3 foi concebido para o mercado de executivos com motorista, enquanto o i4 \u00e9 um ve\u00edculo mais vers\u00e1til e centrado no condutor.<\/p>\n<p><strong>Como \u00e9 que a arquitetura Neue Klasse afecta a repara\u00e7\u00e3o e a manuten\u00e7\u00e3o do novo iX3?<\/strong> A arquitetura da Neue Klasse foi concebida para uma maior simplicidade e facilidade de manuten\u00e7\u00e3o. A unidade de tra\u00e7\u00e3o integrada e a nova estrutura da bateria podem exigir novas ferramentas de diagn\u00f3stico e forma\u00e7\u00e3o para os t\u00e9cnicos. No entanto, o sistema foi concebido para ser mais robusto. As actualiza\u00e7\u00f5es de software por via a\u00e9rea podem resolver muitos problemas \u00e0 dist\u00e2ncia. Para os importadores, ser\u00e1 vital garantir que os seus centros de assist\u00eancia ou oficinas parceiras recebam a forma\u00e7\u00e3o necess\u00e1ria para lidar com esta tecnologia de nova gera\u00e7\u00e3o.<\/p>\n<p><strong>\u00c9 dif\u00edcil obter apoio para a infraestrutura de carregamento de um BMW EV importado?<\/strong> Geralmente, n\u00e3o, desde que o ve\u00edculo tenha sido corretamente convertido para a norma de carregamento local (por exemplo, CCS na Europa). Uma vez convertido, um BMW EV funcionar\u00e1 com qualquer carregador p\u00fablico padr\u00e3o. O sistema de navega\u00e7\u00e3o do ve\u00edculo, quando devidamente atualizado para a regi\u00e3o, tamb\u00e9m apresentar\u00e1 esta\u00e7\u00f5es de carregamento compat\u00edveis. A aplica\u00e7\u00e3o My BMW \u00e9 uma ferramenta poderosa para planear as paragens de carregamento durante uma viagem.<\/p>\n<p><strong>Qual \u00e9 o argumento do \"Custo Total de Propriedade\" (TCO) para os ve\u00edculos el\u00e9ctricos da BMW?<\/strong> O TCO \u00e9 um poderoso argumento de venda. Embora o pre\u00e7o de compra inicial de um BMW EV possa ser superior ao de um ve\u00edculo com motor de combust\u00e3o interna (ICE) compar\u00e1vel, os custos de funcionamento s\u00e3o significativamente mais baixos. A eletricidade \u00e9 geralmente mais barata do que a gasolina ou o gas\u00f3leo. A manuten\u00e7\u00e3o tamb\u00e9m \u00e9 reduzida, uma vez que os VEs t\u00eam menos pe\u00e7as m\u00f3veis (sem mudan\u00e7as de \u00f3leo, velas de igni\u00e7\u00e3o, sistemas de escape). Em muitos pa\u00edses, os VE tamb\u00e9m beneficiam de impostos mais baixos, portagens e taxas de congestionamento. Durante um per\u00edodo de 3-5 anos, o TCO de um BMW EV pode ser substancialmente inferior ao do seu hom\u00f3logo ICE.<\/p>\n<p><strong>Ser\u00e1 que os servi\u00e7os digitais e o infotainment de um BMW de origem chinesa podem funcionar na Europa ou no M\u00e9dio Oriente?<\/strong> Sim, mas requer uma interven\u00e7\u00e3o profissional. Um exportador especializado efectua uma convers\u00e3o de software. Isto envolve a atualiza\u00e7\u00e3o do computador principal do ve\u00edculo (a unidade central) com o software para a regi\u00e3o de destino. Isto altera o idioma, instala os mapas corretos para a navega\u00e7\u00e3o e ativa funcionalidades de conetividade como a loja regional ConnectedDrive e a integra\u00e7\u00e3o de aplica\u00e7\u00f5es. Trata-se de uma tarefa t\u00e9cnica complexa que \u00e9 essencial para proporcionar uma boa experi\u00eancia ao utilizador.<\/p>\n<p><strong>Qual \u00e9 o modelo BMW EV com o melhor valor de revenda?<\/strong> Prever o valor de revenda futuro \u00e9 sempre dif\u00edcil, mas certos factores oferecem pistas. Geralmente, espera-se que os modelos com maior autonomia e tecnologia mais avan\u00e7ada, como o futuro Neue Klasse iX3, mantenham o seu valor. Os modelos ic\u00f3nicos e de elevada procura, como o i4 M50, tamb\u00e9m tendem a ter um forte valor residual. A natureza \u00fanica do i3 eDrive35L poder\u00e1 tamb\u00e9m torn\u00e1-lo um ve\u00edculo procurado em nichos de mercado, aumentando potencialmente o seu valor a longo prazo para aqueles que apreciam as suas qualidades espec\u00edficas.<\/p>\n<p><strong>Existem algumas considera\u00e7\u00f5es especiais para a utiliza\u00e7\u00e3o destes ve\u00edculos em climas muito quentes, como o M\u00e9dio Oriente?<\/strong> Os ve\u00edculos el\u00e9ctricos BMW est\u00e3o equipados com sofisticados sistemas de gest\u00e3o t\u00e9rmica da bateria. Estes sistemas utilizam arrefecimento e aquecimento l\u00edquidos para manter a bateria \u00e0 sua temperatura de funcionamento ideal, quer seja num inverno escandinavo ou num ver\u00e3o do Dubai. Isto protege a sa\u00fade da bateria e assegura um desempenho consistente e velocidades de carregamento mesmo em condi\u00e7\u00f5es de calor extremo. A funcionalidade de pr\u00e9-condicionamento, que permite arrefecer o habit\u00e1culo utilizando a aplica\u00e7\u00e3o My BMW antes de entrar, \u00e9 tamb\u00e9m uma funcionalidade muito apreciada em climas quentes.<\/p>\n<h3 id=\"conclusion\">Conclus\u00e3o<\/h3>\n<p>A paisagem da mobilidade el\u00e9ctrica j\u00e1 n\u00e3o \u00e9 um horizonte distante; \u00e9 o ch\u00e3o debaixo dos nossos p\u00e9s. Para o importador de ve\u00edculos comerciais, o caminho a seguir \u00e9 pavimentado tanto com imensas oportunidades como com uma complexidade significativa. A gama 2025 de ve\u00edculos el\u00e9ctricos da BMW constitui um caso de estudo convincente desta nova realidade. Oferece um portef\u00f3lio rico em diversidade - desde a afirma\u00e7\u00e3o tecnol\u00f3gica orientada para o futuro do Neue Klasse iX3 at\u00e9 ao luxo pragm\u00e1tico do i4 Gran Coup\u00e9, desde a opul\u00eancia emblem\u00e1tica do iX at\u00e9 ao brilho \u00fanico e espec\u00edfico do mercado do i3 eDrive35L sedan.<\/p>\n<p>O sucesso neste ambiente din\u00e2mico n\u00e3o ser\u00e1 determinado apenas pela escolha do carro certo, mas pela constru\u00e7\u00e3o da estrat\u00e9gia correta. Exige uma compreens\u00e3o profunda e emp\u00e1tica dos mercados-alvo, uma compreens\u00e3o firme da evolu\u00e7\u00e3o tecnol\u00f3gica e uma abordagem meticulosa dos desafios do com\u00e9rcio internacional. Os importadores mais astutos reconhecer\u00e3o que navegar pelas correntes da homologa\u00e7\u00e3o, log\u00edstica e finan\u00e7as n\u00e3o \u00e9 uma tarefa que deva ser realizada isoladamente. Forjar uma parceria forte com um exportador especializado, conhecedor e fi\u00e1vel \u00e9 o passo definitivo que transforma um desafio complexo num empreendimento comercial racionalizado, rent\u00e1vel e sustent\u00e1vel, abrindo as portas a um mundo de possibilidades el\u00e9ctricas.<\/p>","protected":false},"excerpt":{"rendered":"<p>Resumo Esta an\u00e1lise examina os imperativos estrat\u00e9gicos para os importadores comerciais que se concentram na distribui\u00e7\u00e3o global de ve\u00edculos el\u00e9ctricos da BMW em 2025. Apresenta um guia abrangente para quatro modelos fundamentais: o iX3 de pr\u00f3xima gera\u00e7\u00e3o constru\u00eddo sobre a arquitetura Neue Klasse, o sedan i3 eDrive35L exclusivo da China, o vers\u00e1til i4 Gran Coup\u00e9 e o emblem\u00e1tico iX SUV. O [...]<\/p>","protected":false},"author":1,"featured_media":3044,"comment_status":"closed","ping_status":"closed","sticky":false,"template":"","format":"standard","meta":{"footnotes":""},"categories":[4],"tags":[],"class_list":["post-3040","post","type-post","status-publish","format-standard","has-post-thumbnail","hentry","category-news"],"yoast_head":"<!-- This site is optimized with the Yoast SEO plugin v24.4 - https:\/\/yoast.com\/wordpress\/plugins\/seo\/ -->\n<title>4 Must-Have BMW Electric Vehicles to Import in 2025: An Exporter&#039;s Guide - Tianjin Yigang Automobile Sales Co.,Ltd.<\/title>\n<meta name=\"robots\" content=\"index, follow, max-snippet:-1, max-image-preview:large, max-video-preview:-1\" \/>\n<link rel=\"canonical\" href=\"https:\/\/www.tjygqc.com\/pt\/4-must-have-bmw-electric-vehicles-to-import-in-2025-an-exporters-guide-article\/\" \/>\n<meta property=\"og:locale\" content=\"pt_PT\" \/>\n<meta property=\"og:type\" content=\"article\" \/>\n<meta property=\"og:title\" content=\"4 Must-Have BMW Electric Vehicles to Import in 2025: An Exporter&#039;s Guide - Tianjin Yigang Automobile Sales Co.,Ltd.\" \/>\n<meta property=\"og:description\" content=\"Abstract This analysis examines the strategic imperatives for commercial importers focusing on the global distribution of BMW electric vehicles in 2025. It presents a comprehensive guide to four pivotal models: the next-generation iX3 built on the Neue Klasse architecture, the China-exclusive i3 eDrive35L sedan, the versatile i4 Gran Coup\u00e9, and the flagship iX SUV. The [&hellip;]\" \/>\n<meta property=\"og:url\" content=\"https:\/\/www.tjygqc.com\/pt\/4-must-have-bmw-electric-vehicles-to-import-in-2025-an-exporters-guide-article\/\" \/>\n<meta property=\"og:site_name\" content=\"Tianjin Yigang Automobile Sales Co.,Ltd.\" \/>\n<meta property=\"article:publisher\" content=\"https:\/\/www.facebook.com\/tianjinyigang\/\" \/>\n<meta property=\"article:published_time\" content=\"2025-08-28T07:10:59+00:00\" \/>\n<meta property=\"article:modified_time\" content=\"2025-09-01T15:40:07+00:00\" \/>\n<meta property=\"og:image\" content=\"https:\/\/www.tjygqc.com\/wp-content\/uploads\/2025\/08\/4-must-have-bmw-electric-vehicles-to-import-in-2025-an-exporter-s-guide.webp\" \/>\n\t<meta property=\"og:image:width\" content=\"800\" \/>\n\t<meta property=\"og:image:height\" content=\"800\" \/>\n\t<meta property=\"og:image:type\" content=\"image\/webp\" \/>\n<meta name=\"author\" content=\"user\" \/>\n<meta name=\"twitter:card\" content=\"summary_large_image\" \/>\n<meta name=\"twitter:label1\" content=\"Written by\" \/>\n\t<meta name=\"twitter:data1\" content=\"user\" \/>\n\t<meta name=\"twitter:label2\" content=\"Est. reading time\" \/>\n\t<meta name=\"twitter:data2\" content=\"27 minutos\" \/>\n<script type=\"application\/ld+json\" class=\"yoast-schema-graph\">{\"@context\":\"https:\/\/schema.org\",\"@graph\":[{\"@type\":\"Article\",\"@id\":\"https:\/\/www.tjygqc.com\/4-must-have-bmw-electric-vehicles-to-import-in-2025-an-exporters-guide-article\/#article\",\"isPartOf\":{\"@id\":\"https:\/\/www.tjygqc.com\/4-must-have-bmw-electric-vehicles-to-import-in-2025-an-exporters-guide-article\/\"},\"author\":{\"name\":\"user\",\"@id\":\"https:\/\/www.tjygqc.com\/#\/schema\/person\/9a0e27c1156d5a1d4cb23dce2cc5ad36\"},\"headline\":\"4 Must-Have BMW Electric Vehicles to Import in 2025: An Exporter&#8217;s Guide\",\"datePublished\":\"2025-08-28T07:10:59+00:00\",\"dateModified\":\"2025-09-01T15:40:07+00:00\",\"mainEntityOfPage\":{\"@id\":\"https:\/\/www.tjygqc.com\/4-must-have-bmw-electric-vehicles-to-import-in-2025-an-exporters-guide-article\/\"},\"wordCount\":5905,\"publisher\":{\"@id\":\"https:\/\/www.tjygqc.com\/#organization\"},\"image\":{\"@id\":\"https:\/\/www.tjygqc.com\/4-must-have-bmw-electric-vehicles-to-import-in-2025-an-exporters-guide-article\/#primaryimage\"},\"thumbnailUrl\":\"https:\/\/www.tjygqc.com\/wp-content\/uploads\/2025\/08\/4-must-have-bmw-electric-vehicles-to-import-in-2025-an-exporter-s-guide.webp\",\"articleSection\":[\"News\"],\"inLanguage\":\"pt-PT\"},{\"@type\":\"WebPage\",\"@id\":\"https:\/\/www.tjygqc.com\/4-must-have-bmw-electric-vehicles-to-import-in-2025-an-exporters-guide-article\/\",\"url\":\"https:\/\/www.tjygqc.com\/4-must-have-bmw-electric-vehicles-to-import-in-2025-an-exporters-guide-article\/\",\"name\":\"4 Must-Have BMW Electric Vehicles to Import in 2025: An Exporter's Guide - Tianjin Yigang Automobile Sales Co.,Ltd.\",\"isPartOf\":{\"@id\":\"https:\/\/www.tjygqc.com\/#website\"},\"primaryImageOfPage\":{\"@id\":\"https:\/\/www.tjygqc.com\/4-must-have-bmw-electric-vehicles-to-import-in-2025-an-exporters-guide-article\/#primaryimage\"},\"image\":{\"@id\":\"https:\/\/www.tjygqc.com\/4-must-have-bmw-electric-vehicles-to-import-in-2025-an-exporters-guide-article\/#primaryimage\"},\"thumbnailUrl\":\"https:\/\/www.tjygqc.com\/wp-content\/uploads\/2025\/08\/4-must-have-bmw-electric-vehicles-to-import-in-2025-an-exporter-s-guide.webp\",\"datePublished\":\"2025-08-28T07:10:59+00:00\",\"dateModified\":\"2025-09-01T15:40:07+00:00\",\"breadcrumb\":{\"@id\":\"https:\/\/www.tjygqc.com\/4-must-have-bmw-electric-vehicles-to-import-in-2025-an-exporters-guide-article\/#breadcrumb\"},\"inLanguage\":\"pt-PT\",\"potentialAction\":[{\"@type\":\"ReadAction\",\"target\":[\"https:\/\/www.tjygqc.com\/4-must-have-bmw-electric-vehicles-to-import-in-2025-an-exporters-guide-article\/\"]}]},{\"@type\":\"ImageObject\",\"inLanguage\":\"pt-PT\",\"@id\":\"https:\/\/www.tjygqc.com\/4-must-have-bmw-electric-vehicles-to-import-in-2025-an-exporters-guide-article\/#primaryimage\",\"url\":\"https:\/\/www.tjygqc.com\/wp-content\/uploads\/2025\/08\/4-must-have-bmw-electric-vehicles-to-import-in-2025-an-exporter-s-guide.webp\",\"contentUrl\":\"https:\/\/www.tjygqc.com\/wp-content\/uploads\/2025\/08\/4-must-have-bmw-electric-vehicles-to-import-in-2025-an-exporter-s-guide.webp\",\"width\":800,\"height\":800,\"caption\":\"4 Must-Have BMW Electric Vehicles to Import in 2025: An Exporter's Guide\"},{\"@type\":\"BreadcrumbList\",\"@id\":\"https:\/\/www.tjygqc.com\/4-must-have-bmw-electric-vehicles-to-import-in-2025-an-exporters-guide-article\/#breadcrumb\",\"itemListElement\":[{\"@type\":\"ListItem\",\"position\":1,\"name\":\"Home\",\"item\":\"https:\/\/www.tjygqc.com\/\"},{\"@type\":\"ListItem\",\"position\":2,\"name\":\"4 Must-Have BMW Electric Vehicles to Import in 2025: An Exporter&#8217;s Guide\"}]},{\"@type\":\"WebSite\",\"@id\":\"https:\/\/www.tjygqc.com\/#website\",\"url\":\"https:\/\/www.tjygqc.com\/\",\"name\":\"Tianjin Yigang Automobile Sales Co.,Ltd.\",\"description\":\"Tianjin Yigang Automobile Sales Co.,Ltd.\",\"publisher\":{\"@id\":\"https:\/\/www.tjygqc.com\/#organization\"},\"potentialAction\":[{\"@type\":\"SearchAction\",\"target\":{\"@type\":\"EntryPoint\",\"urlTemplate\":\"https:\/\/www.tjygqc.com\/?s={search_term_string}\"},\"query-input\":{\"@type\":\"PropertyValueSpecification\",\"valueRequired\":true,\"valueName\":\"search_term_string\"}}],\"inLanguage\":\"pt-PT\"},{\"@type\":\"Organization\",\"@id\":\"https:\/\/www.tjygqc.com\/#organization\",\"name\":\"Tianjin Yigang Automobile Sales Co., Ltd.\",\"url\":\"https:\/\/www.tjygqc.com\/\",\"logo\":{\"@type\":\"ImageObject\",\"inLanguage\":\"pt-PT\",\"@id\":\"https:\/\/www.tjygqc.com\/#\/schema\/logo\/image\/\",\"url\":\"https:\/\/www.tjygqc.com\/wp-content\/uploads\/2025\/03\/cropped-WechatIMG581.png\",\"contentUrl\":\"https:\/\/www.tjygqc.com\/wp-content\/uploads\/2025\/03\/cropped-WechatIMG581.png\",\"width\":338,\"height\":142,\"caption\":\"Tianjin Yigang Automobile Sales Co., Ltd.\"},\"image\":{\"@id\":\"https:\/\/www.tjygqc.com\/#\/schema\/logo\/image\/\"},\"sameAs\":[\"https:\/\/www.facebook.com\/tianjinyigang\/\",\"https:\/\/www.youtube.com\/@TianjinYigangAutomobile\",\"https:\/\/www.instagram.com\/tianjinyigang\/\"]},{\"@type\":\"Person\",\"@id\":\"https:\/\/www.tjygqc.com\/#\/schema\/person\/9a0e27c1156d5a1d4cb23dce2cc5ad36\",\"name\":\"user\",\"image\":{\"@type\":\"ImageObject\",\"inLanguage\":\"pt-PT\",\"@id\":\"https:\/\/www.tjygqc.com\/#\/schema\/person\/image\/\",\"url\":\"https:\/\/secure.gravatar.com\/avatar\/b58996c504c5638798eb6b511e6f49af?s=96&d=mm&r=g\",\"contentUrl\":\"https:\/\/secure.gravatar.com\/avatar\/b58996c504c5638798eb6b511e6f49af?s=96&d=mm&r=g\",\"caption\":\"user\"},\"sameAs\":[\"https:\/\/www.tjygqc.com:8182\"],\"url\":\"https:\/\/www.tjygqc.com\/pt\/author\/user\/\"}]}<\/script>\n<!-- \/ Yoast SEO plugin. -->","yoast_head_json":{"title":"4 Must-Have BMW Electric Vehicles to Import in 2025: An Exporter's Guide - Tianjin Yigang Automobile Sales Co.,Ltd.","robots":{"index":"index","follow":"follow","max-snippet":"max-snippet:-1","max-image-preview":"max-image-preview:large","max-video-preview":"max-video-preview:-1"},"canonical":"https:\/\/www.tjygqc.com\/pt\/4-must-have-bmw-electric-vehicles-to-import-in-2025-an-exporters-guide-article\/","og_locale":"pt_PT","og_type":"article","og_title":"4 Must-Have BMW Electric Vehicles to Import in 2025: An Exporter's Guide - Tianjin Yigang Automobile Sales Co.,Ltd.","og_description":"Abstract This analysis examines the strategic imperatives for commercial importers focusing on the global distribution of BMW electric vehicles in 2025. It presents a comprehensive guide to four pivotal models: the next-generation iX3 built on the Neue Klasse architecture, the China-exclusive i3 eDrive35L sedan, the versatile i4 Gran Coup\u00e9, and the flagship iX SUV. The [&hellip;]","og_url":"https:\/\/www.tjygqc.com\/pt\/4-must-have-bmw-electric-vehicles-to-import-in-2025-an-exporters-guide-article\/","og_site_name":"Tianjin Yigang Automobile Sales Co.,Ltd.","article_publisher":"https:\/\/www.facebook.com\/tianjinyigang\/","article_published_time":"2025-08-28T07:10:59+00:00","article_modified_time":"2025-09-01T15:40:07+00:00","og_image":[{"width":800,"height":800,"url":"https:\/\/www.tjygqc.com\/wp-content\/uploads\/2025\/08\/4-must-have-bmw-electric-vehicles-to-import-in-2025-an-exporter-s-guide.webp","type":"image\/webp"}],"author":"user","twitter_card":"summary_large_image","twitter_misc":{"Written by":"user","Est. reading time":"27 minutos"},"schema":{"@context":"https:\/\/schema.org","@graph":[{"@type":"Article","@id":"https:\/\/www.tjygqc.com\/4-must-have-bmw-electric-vehicles-to-import-in-2025-an-exporters-guide-article\/#article","isPartOf":{"@id":"https:\/\/www.tjygqc.com\/4-must-have-bmw-electric-vehicles-to-import-in-2025-an-exporters-guide-article\/"},"author":{"name":"user","@id":"https:\/\/www.tjygqc.com\/#\/schema\/person\/9a0e27c1156d5a1d4cb23dce2cc5ad36"},"headline":"4 Must-Have BMW Electric Vehicles to Import in 2025: An Exporter&#8217;s Guide","datePublished":"2025-08-28T07:10:59+00:00","dateModified":"2025-09-01T15:40:07+00:00","mainEntityOfPage":{"@id":"https:\/\/www.tjygqc.com\/4-must-have-bmw-electric-vehicles-to-import-in-2025-an-exporters-guide-article\/"},"wordCount":5905,"publisher":{"@id":"https:\/\/www.tjygqc.com\/#organization"},"image":{"@id":"https:\/\/www.tjygqc.com\/4-must-have-bmw-electric-vehicles-to-import-in-2025-an-exporters-guide-article\/#primaryimage"},"thumbnailUrl":"https:\/\/www.tjygqc.com\/wp-content\/uploads\/2025\/08\/4-must-have-bmw-electric-vehicles-to-import-in-2025-an-exporter-s-guide.webp","articleSection":["News"],"inLanguage":"pt-PT"},{"@type":"WebPage","@id":"https:\/\/www.tjygqc.com\/4-must-have-bmw-electric-vehicles-to-import-in-2025-an-exporters-guide-article\/","url":"https:\/\/www.tjygqc.com\/4-must-have-bmw-electric-vehicles-to-import-in-2025-an-exporters-guide-article\/","name":"4 Must-Have BMW Electric Vehicles to Import in 2025: An Exporter's Guide - Tianjin Yigang Automobile Sales Co.,Ltd.","isPartOf":{"@id":"https:\/\/www.tjygqc.com\/#website"},"primaryImageOfPage":{"@id":"https:\/\/www.tjygqc.com\/4-must-have-bmw-electric-vehicles-to-import-in-2025-an-exporters-guide-article\/#primaryimage"},"image":{"@id":"https:\/\/www.tjygqc.com\/4-must-have-bmw-electric-vehicles-to-import-in-2025-an-exporters-guide-article\/#primaryimage"},"thumbnailUrl":"https:\/\/www.tjygqc.com\/wp-content\/uploads\/2025\/08\/4-must-have-bmw-electric-vehicles-to-import-in-2025-an-exporter-s-guide.webp","datePublished":"2025-08-28T07:10:59+00:00","dateModified":"2025-09-01T15:40:07+00:00","breadcrumb":{"@id":"https:\/\/www.tjygqc.com\/4-must-have-bmw-electric-vehicles-to-import-in-2025-an-exporters-guide-article\/#breadcrumb"},"inLanguage":"pt-PT","potentialAction":[{"@type":"ReadAction","target":["https:\/\/www.tjygqc.com\/4-must-have-bmw-electric-vehicles-to-import-in-2025-an-exporters-guide-article\/"]}]},{"@type":"ImageObject","inLanguage":"pt-PT","@id":"https:\/\/www.tjygqc.com\/4-must-have-bmw-electric-vehicles-to-import-in-2025-an-exporters-guide-article\/#primaryimage","url":"https:\/\/www.tjygqc.com\/wp-content\/uploads\/2025\/08\/4-must-have-bmw-electric-vehicles-to-import-in-2025-an-exporter-s-guide.webp","contentUrl":"https:\/\/www.tjygqc.com\/wp-content\/uploads\/2025\/08\/4-must-have-bmw-electric-vehicles-to-import-in-2025-an-exporter-s-guide.webp","width":800,"height":800,"caption":"4 Must-Have BMW Electric Vehicles to Import in 2025: An Exporter's Guide"},{"@type":"BreadcrumbList","@id":"https:\/\/www.tjygqc.com\/4-must-have-bmw-electric-vehicles-to-import-in-2025-an-exporters-guide-article\/#breadcrumb","itemListElement":[{"@type":"ListItem","position":1,"name":"Home","item":"https:\/\/www.tjygqc.com\/"},{"@type":"ListItem","position":2,"name":"4 Must-Have BMW Electric Vehicles to Import in 2025: An Exporter&#8217;s Guide"}]},{"@type":"WebSite","@id":"https:\/\/www.tjygqc.com\/#website","url":"https:\/\/www.tjygqc.com\/","name":"Tianjin Yigang Automobile Sales Co.,Ltd.","description":"Tianjin Yigang Automobile Sales Co.,Ltd.","publisher":{"@id":"https:\/\/www.tjygqc.com\/#organization"},"potentialAction":[{"@type":"SearchAction","target":{"@type":"EntryPoint","urlTemplate":"https:\/\/www.tjygqc.com\/?s={search_term_string}"},"query-input":{"@type":"PropertyValueSpecification","valueRequired":true,"valueName":"search_term_string"}}],"inLanguage":"pt-PT"},{"@type":"Organization","@id":"https:\/\/www.tjygqc.com\/#organization","name":"Tianjin Yigang Automobile Sales Co., Ltd.","url":"https:\/\/www.tjygqc.com\/","logo":{"@type":"ImageObject","inLanguage":"pt-PT","@id":"https:\/\/www.tjygqc.com\/#\/schema\/logo\/image\/","url":"https:\/\/www.tjygqc.com\/wp-content\/uploads\/2025\/03\/cropped-WechatIMG581.png","contentUrl":"https:\/\/www.tjygqc.com\/wp-content\/uploads\/2025\/03\/cropped-WechatIMG581.png","width":338,"height":142,"caption":"Tianjin Yigang Automobile Sales Co., Ltd."},"image":{"@id":"https:\/\/www.tjygqc.com\/#\/schema\/logo\/image\/"},"sameAs":["https:\/\/www.facebook.com\/tianjinyigang\/","https:\/\/www.youtube.com\/@TianjinYigangAutomobile","https:\/\/www.instagram.com\/tianjinyigang\/"]},{"@type":"Person","@id":"https:\/\/www.tjygqc.com\/#\/schema\/person\/9a0e27c1156d5a1d4cb23dce2cc5ad36","name":"user","image":{"@type":"ImageObject","inLanguage":"pt-PT","@id":"https:\/\/www.tjygqc.com\/#\/schema\/person\/image\/","url":"https:\/\/secure.gravatar.com\/avatar\/b58996c504c5638798eb6b511e6f49af?s=96&d=mm&r=g","contentUrl":"https:\/\/secure.gravatar.com\/avatar\/b58996c504c5638798eb6b511e6f49af?s=96&d=mm&r=g","caption":"user"},"sameAs":["https:\/\/www.tjygqc.com:8182"],"url":"https:\/\/www.tjygqc.com\/pt\/author\/user\/"}]}},"_links":{"self":[{"href":"https:\/\/www.tjygqc.com\/pt\/wp-json\/wp\/v2\/posts\/3040","targetHints":{"allow":["GET"]}}],"collection":[{"href":"https:\/\/www.tjygqc.com\/pt\/wp-json\/wp\/v2\/posts"}],"about":[{"href":"https:\/\/www.tjygqc.com\/pt\/wp-json\/wp\/v2\/types\/post"}],"author":[{"embeddable":true,"href":"https:\/\/www.tjygqc.com\/pt\/wp-json\/wp\/v2\/users\/1"}],"replies":[{"embeddable":true,"href":"https:\/\/www.tjygqc.com\/pt\/wp-json\/wp\/v2\/comments?post=3040"}],"version-history":[{"count":2,"href":"https:\/\/www.tjygqc.com\/pt\/wp-json\/wp\/v2\/posts\/3040\/revisions"}],"predecessor-version":[{"id":3055,"href":"https:\/\/www.tjygqc.com\/pt\/wp-json\/wp\/v2\/posts\/3040\/revisions\/3055"}],"wp:featuredmedia":[{"embeddable":true,"href":"https:\/\/www.tjygqc.com\/pt\/wp-json\/wp\/v2\/media\/3044"}],"wp:attachment":[{"href":"https:\/\/www.tjygqc.com\/pt\/wp-json\/wp\/v2\/media?parent=3040"}],"wp:term":[{"taxonomy":"category","embeddable":true,"href":"https:\/\/www.tjygqc.com\/pt\/wp-json\/wp\/v2\/categories?post=3040"},{"taxonomy":"post_tag","embeddable":true,"href":"https:\/\/www.tjygqc.com\/pt\/wp-json\/wp\/v2\/tags?post=3040"}],"curies":[{"name":"wp","href":"https:\/\/api.w.org\/{rel}","templated":true}]}}