{"id":3050,"date":"2025-08-28T07:11:05","date_gmt":"2025-08-28T07:11:05","guid":{"rendered":"https:\/\/www.tjygqc.com\/your-2026-guide-5-reasons-the-new-bmw-electric-car-lineup-dominates-article\/"},"modified":"2025-09-01T15:46:03","modified_gmt":"2025-09-01T15:46:03","slug":"your-2026-guide-5-reasons-the-new-bmw-electric-car-lineup-dominates","status":"publish","type":"post","link":"https:\/\/www.tjygqc.com\/pt\/your-2026-guide-5-reasons-the-new-bmw-electric-car-lineup-dominates-article\/","title":{"rendered":"O seu guia para 2026: 5 raz\u00f5es para a domina\u00e7\u00e3o da nova linha de carros el\u00e9ctricos da BMW"},"content":{"rendered":"<h3 id=\"abstract\">Resumo<\/h3>\n<p>The forthcoming 2026 BMW electric car lineup represents a pivotal moment for the Bavarian automaker, signaling a fundamental strategic and technological reorientation. This analysis examines the comprehensive nature of this transformation, centered on the introduction of the &#8220;Neue Klasse&#8221; (New Class) architecture. This dedicated electric vehicle platform is not merely an engineering update but a holistic reimagining of the automobile, integrating advancements in battery technology, digital interfaces, and sustainable manufacturing. The first model to embody this philosophy, the 2026 BMW iX3, is positioned as a direct competitor in the highly contested premium electric SUV segment. Key developments include the adoption of sixth-generation cylindrical battery cells, an 800-volt electrical system for rapid charging, and a radical interior concept featuring the &#8220;Panoramic Vision&#8221; display. This shift underscores BMW&#8217;s commitment to a circular economy, emphasizing recycled materials and green energy in production, thereby addressing the ethical and environmental dimensions of modern mobility.<\/p>\n<h3 id=\"key-takeaways\">Principais conclus\u00f5es<\/h3>\n<ul>\n<li>A plataforma Neue Klasse \u00e9 uma arquitetura espec\u00edfica para ve\u00edculos el\u00e9ctricos e n\u00e3o uma plataforma de combust\u00e3o modificada.<\/li>\n<li>As novas c\u00e9lulas cil\u00edndricas da bateria prometem uma autonomia superior a 30% e velocidades de carregamento mais r\u00e1pidas.<\/li>\n<li>The 2026 iX3 is the first model, directly targeting the Tesla Model Y&#8217;s market share.<\/li>\n<li>A new interior design features a full-width &#8220;Panoramic Vision&#8221; head-up display.<\/li>\n<li>O fornecimento de um autom\u00f3vel el\u00e9trico BMW exige a compreens\u00e3o deste novo ecossistema tecnol\u00f3gico.<\/li>\n<li>A sustentabilidade \u00e9 fundamental, com destaque para os materiais reciclados e a produ\u00e7\u00e3o ecol\u00f3gica.<\/li>\n<li>A BMW planeia pelo menos seis modelos Neue Klasse at\u00e9 2028, expandindo a gama de modelos el\u00e9ctricos.<\/li>\n<\/ul>\n<h3 id=\"table-of-contents\">\u00cdndice<\/h3>\n<ul>\n<li><a href=\"#1-the-revolutionary-neue-klasse-a-new-foundation-for-electric-dominance\">1. A revolucion\u00e1ria Neue Klasse: Uma nova base para o dom\u00ednio da eletricidade<\/a><\/li>\n<li><a href=\"#2-battery-technology-and-performance-the-heart-of-the-new-generation\">2. Tecnologia e desempenho das baterias: O cora\u00e7\u00e3o da nova gera\u00e7\u00e3o<\/a><\/li>\n<li><a href=\"#3-design-and-aerodynamics-marrying-form-with-electric-function\">3. Conce\u00e7\u00e3o e aerodin\u00e2mica: Conjuga\u00e7\u00e3o da forma com a fun\u00e7\u00e3o el\u00e9ctrica<\/a><\/li>\n<li><a href=\"#4-the-strategic-rollout-market-positioning-and-global-impact\">4. A implanta\u00e7\u00e3o estrat\u00e9gica: Posicionamento no mercado e impacto global<\/a><\/li>\n<li><a href=\"#5-sustainability-and-the-circular-economy-a-core-tenet-of-the-bmw-electric-car\">5. Sustentabilidade e economia circular: Um princ\u00edpio fundamental do autom\u00f3vel el\u00e9trico da BMW<\/a><\/li>\n<\/ul>\n<p><img loading=\"lazy\" decoding=\"async\" class=\"entered loaded\" style=\"display: block; margin-left: auto; margin-right: auto;\" src=\"https:\/\/www.tjygqc.com\/wp-content\/uploads\/2025\/03\/BMW-i5-eDrive-40L-Luxury-Package-1-2.webp\" alt=\"\" width=\"600\" height=\"600\" data-src=\"https:\/\/www.tjygqc.com\/wp-content\/uploads\/2025\/03\/BMW-i5-eDrive-40L-Luxury-Package-1-2.webp\" data-ll-status=\"loaded\" \/><\/p>\n<h2 id=\"1-the-revolutionary-neue-klasse-a-new-foundation-for-electric-dominance\">1. A revolucion\u00e1ria Neue Klasse: Uma nova base para o dom\u00ednio da eletricidade<\/h2>\n<p>To comprehend the significance of the 2026 BMW electric vehicle lineup, one must first grasp the concept of the &#8220;Neue Klasse.&#8221; This is not simply a new model or a facelift; it is a foundational reset, a philosophical and architectural revolution for BMW. The term itself, translating to &#8220;New Class,&#8221; is a deliberate echo of the company&#8217;s transformative moment in the 1960s, which saved it from financial ruin and established its identity as a maker of sporting sedans. Today, the challenge is not bankruptcy but relevance in an electrified, digitalized, and environmentally conscious world. The Neue Klasse is BMW&#8217;s answer to that challenge.<\/p>\n<h3 id=\"what-is-the-neue-klasse-a-philosophical-shift\">O que \u00e9 a Nova Classe? Uma mudan\u00e7a filos\u00f3fica<\/h3>\n<p>At its core, the Neue Klasse is a dedicated, &#8220;electric-first&#8221; vehicle architecture. This is a critical distinction. Many of BMW&#8217;s current electric offerings, such as the i4 and i7, are built on flexible platforms designed to accommodate both internal combustion engines (ICE) and electric powertrains. While commercially pragmatic, this approach involves inherent compromises in packaging, weight distribution, and spatial efficiency. Think of it as renovating an old house to install modern plumbing and wiring; you can make it work, but it will never be as integrated as a home designed from the ground up with those systems in mind.<\/p>\n<p>The Neue Klasse platform abandons this compromise. It is a purpose-built electric vehicle &#8220;skateboard,&#8221; a flat floor housing the battery pack, with electric motors at the axles and sophisticated control systems managing the entire apparatus. This approach, as detailed by automotive analysts, allows for a complete rethinking of the vehicle&#8217;s proportions and interior space. The absence of a transmission tunnel, a large engine bay, and an exhaust system liberates an enormous amount of volume for occupants and cargo. This structural liberty is the bedrock upon which every other innovation in the new BMW electric car family is built.<\/p>\n<h3 id=\"architectural-advantages-beyond-the-skateboard\">Vantagens arquitect\u00f3nicas: Para al\u00e9m do skate<\/h3>\n<p>The genius of the Neue Klasse architecture lies in its modularity and integration. It is not just a platform for one car but a flexible foundation for a whole family of vehicles, from compact sedans to larger SUVs. This scalability is essential for achieving the economies of scale necessary to compete profitably in the global EV market. The architecture integrates four key &#8220;super-brains,&#8221; high-performance computers that control powertrain and driving dynamics, autonomous driving functions, infotainment, and body systems. This consolidation of electronic control units (ECUs) simplifies the vehicle&#8217;s electronic nervous system, making it more robust, faster, and easier to update over the air (OTA).<\/p>\n<p>Para as pessoas envolvidas no com\u00e9rcio internacional de ve\u00edculos, como um <a href=\"https:\/\/www.tjygqc.com\/\" rel=\"nofollow\">principal fonte de ve\u00edculos el\u00e9ctricos comerciais<\/a>A compreens\u00e3o desta arquitetura \u00e9 fundamental. Ela assinala uma mudan\u00e7a no que constitui o valor e a complexidade de um ve\u00edculo. A t\u00f3nica passa da complexidade mec\u00e2nica para o desempenho e as carater\u00edsticas definidas por software. O servi\u00e7o, o diagn\u00f3stico e mesmo o potencial para futuras actualiza\u00e7\u00f5es est\u00e3o fundamentalmente ligados a esta nova espinha dorsal digital.<\/p>\n<table style=\"width: 100%; border-collapse: collapse;\" border=\"1\">\n<thead>\n<tr>\n<th style=\"text-align: left;\">Carater\u00edstica<\/th>\n<th style=\"text-align: left;\">EVs actuais da BMW (Plataforma CLAR)<\/th>\n<th style=\"text-align: left;\">Ve\u00edculos el\u00e9ctricos da nova classe (a partir de 2026)<\/th>\n<\/tr>\n<\/thead>\n<tbody>\n<tr>\n<td style=\"text-align: left;\"><strong>Plataforma<\/strong><\/td>\n<td style=\"text-align: left;\">Flex\u00edvel (ICE, PHEV, BEV)<\/td>\n<td style=\"text-align: left;\">Dedicado apenas a VEB<\/td>\n<\/tr>\n<tr>\n<td style=\"text-align: left;\"><strong>C\u00e9lulas de bateria<\/strong><\/td>\n<td style=\"text-align: left;\">Prism\u00e1tico (Gen5)<\/td>\n<td style=\"text-align: left;\">Cil\u00edndrico (Gen6)<\/td>\n<\/tr>\n<tr>\n<td style=\"text-align: left;\"><strong>Tens\u00e3o do sistema<\/strong><\/td>\n<td style=\"text-align: left;\">Arquitetura 400V<\/td>\n<td style=\"text-align: left;\">Arquitetura 800V<\/td>\n<\/tr>\n<tr>\n<td style=\"text-align: left;\"><strong>Ecr\u00e3 interior<\/strong><\/td>\n<td style=\"text-align: left;\">Ecr\u00e3 curvo<\/td>\n<td style=\"text-align: left;\">Vis\u00e3o Panor\u00e2mica + Ecr\u00e3 Central<\/td>\n<\/tr>\n<tr>\n<td style=\"text-align: left;\"><strong>Conce\u00e7\u00e3o estrutural<\/strong><\/td>\n<td style=\"text-align: left;\">Comprometido para v\u00e1rios grupos motopropulsores<\/td>\n<td style=\"text-align: left;\">Optimizado para espa\u00e7o e peso<\/td>\n<\/tr>\n<tr>\n<td style=\"text-align: left;\"><strong>Software<\/strong><\/td>\n<td style=\"text-align: left;\">M\u00faltiplas ECUs distribu\u00eddas<\/td>\n<td style=\"text-align: left;\">Four integrated &#8220;super-brains&#8221;<\/td>\n<\/tr>\n<\/tbody>\n<\/table>\n<h3 id=\"the-firstborn-the-2026-bmw-ix3\">O primog\u00e9nito: O BMW iX3 de 2026<\/h3>\n<p>O primeiro ve\u00edculo de produ\u00e7\u00e3o a nascer desta nova base ser\u00e1 o BMW iX3 da pr\u00f3xima gera\u00e7\u00e3o, com produ\u00e7\u00e3o prevista para o final de 2025 e estreia no mercado em 2026. Este modelo \u00e9, sem d\u00favida, o autom\u00f3vel mais importante para a BMW numa d\u00e9cada. Trata-se de um SUV de tamanho m\u00e9dio, o que o coloca no cora\u00e7\u00e3o do segmento de mercado mais popular e rent\u00e1vel a n\u00edvel mundial. Mais importante ainda, o seu objetivo \u00e9 atingir o campe\u00e3o indiscut\u00edvel deste segmento: o Tesla Model Y.<\/p>\n<p>The choice of the iX3 as the debut model is a statement of intent. It is not a niche halo car but a volume-seller designed to demonstrate the real-world benefits of the Neue Klasse philosophy in a practical, family-friendly package. Early reports and prototype sightings suggest a vehicle that is more aerodynamic and sportier than its predecessor, with a design that heavily incorporates elements from the &#8220;Vision Neue Klasse&#8221; concept car. It will showcase the spaciousness afforded by the flat-floor design, offering superior rear legroom and interior flexibility compared to its combustion-engine counterpart, the X3.<\/p>\n<h3 id=\"implications-for-future-models-i3-sedan-ix4\">Implica\u00e7\u00f5es para os futuros modelos (i3 Sedan, iX4)<\/h3>\n<p>The iX3 is just the beginning. BMW has confirmed that at least five other Neue Klasse-based vehicles will follow in quick succession, launching by 2028. The next confirmed model is a sedan in the iconic 3 Series segment, logically expected to be badged as the i3. This is a direct appeal to the brand&#8217;s traditional heartland, promising to translate the classic BMW driving dynamics into a purely electric format. Production for this model is scheduled to start in Munich in 2026.<\/p>\n<p>Beyond this, credible reports point towards a coupe-styled SUV, likely an iX4, and potentially a touring or wagon variant of the i3 sedan. This rapid expansion demonstrates the efficiency of the modular Neue Klasse platform. Once the foundational engineering is complete, creating different &#8220;top hats&#8221;\u2014the body styles that sit on the skateboard chassis\u2014becomes a much faster and more cost-effective process. For global markets in Europe, Southeast Asia, and the Middle East, this means a diverse portfolio of advanced BMW electric car models will become available in a relatively short timeframe.<\/p>\n<h2 id=\"2-battery-technology-and-performance-the-heart-of-the-new-generation\">2. Tecnologia e desempenho das baterias: O cora\u00e7\u00e3o da nova gera\u00e7\u00e3o<\/h2>\n<p>If the Neue Klasse architecture is the skeleton of the new BMW electric car, then the sixth-generation battery technology is its heart. A vehicle&#8217;s range, charging speed, and a significant portion of its cost and weight are all dictated by the battery. BMW&#8217;s move to a new battery format and chemistry is as significant as the platform itself, unlocking performance and efficiency gains that will define the user experience.<\/p>\n<h3 id=\"sixth-generation-round-cells-a-leap-forward\">C\u00e9lulas redondas de sexta gera\u00e7\u00e3o: Um salto em frente<\/h3>\n<p>For its fifth-generation EVs (like the iX and i4), BMW used prismatic cells. For the Neue Klasse, the company is switching to new cylindrical cells, often referred to as &#8220;round cells.&#8221; This might seem like a minor technical detail, but it has profound implications. These new cells, with a standard diameter of 46mm and two different available heights, feature a nickel-rich cathode and an increased silicon content in their anode.<\/p>\n<p>O que \u00e9 que isto significa em termos pr\u00e1ticos?<\/p>\n<ol>\n<li><strong>Densidade energ\u00e9tica:<\/strong> A BMW prev\u00ea um aumento da densidade de energia volum\u00e9trica de mais de 20% em compara\u00e7\u00e3o com as c\u00e9lulas prism\u00e1ticas anteriores. Isto significa que pode ser acumulada mais energia na mesma quantidade de espa\u00e7o, o que pode ser utilizado para aumentar a autonomia ou reduzir o tamanho e o peso do conjunto de baterias para uma determinada autonomia.<\/li>\n<li><strong>Durabilidade e tempo de vida:<\/strong> A qu\u00edmica melhorada foi concebida para uma vida \u00fatil mais longa, o que \u00e9 uma considera\u00e7\u00e3o crucial tanto para os primeiros propriet\u00e1rios como para o mercado secund\u00e1rio.<\/li>\n<li><strong>Redu\u00e7\u00e3o de custos:<\/strong> Prev\u00ea-se que o novo design das c\u00e9lulas e um processo de produ\u00e7\u00e3o optimizado reduzam o custo de todo o conjunto de baterias at\u00e9 50%. Este \u00e9 o fator mais importante para aproximar o pre\u00e7o dos ve\u00edculos el\u00e9ctricos de alta qualidade da paridade com os seus equivalentes ICE.<\/li>\n<\/ol>\n<h3 id=\"charging-speed-and-infrastructure-the-800v-architecture\">Velocidade de carregamento e infraestrutura: A arquitetura de 800V<\/h3>\n<p>Talvez a melhoria mais vis\u00edvel para o utilizador seja a mudan\u00e7a de uma arquitetura de sistema de 400 volts para uma de 800 volts. Em termos el\u00e9ctricos, a pot\u00eancia (a taxa de transfer\u00eancia de energia) \u00e9 o produto da tens\u00e3o e da corrente (Pot\u00eancia = Tens\u00e3o \u00d7 Corrente). Ao duplicar a tens\u00e3o para 800 V, \u00e9 poss\u00edvel obter a mesma pot\u00eancia de carregamento com metade da corrente. Uma corrente mais baixa significa que \u00e9 gerado menos calor nos cabos e nos componentes da bateria, que \u00e9 o principal fator limitador do carregamento r\u00e1pido.<\/p>\n<p>The result? BMW claims that the Neue Klasse vehicles will be able to add up to 300 kilometers (approximately 186 miles) of range in just 10 minutes of charging at a compatible DC fast-charging station. The charging speed is expected to be up to 30% faster overall, moving from a 10% to 80% state of charge. This dramatically reduces one of the main pain points of EV ownership\u2014long waits during road trips\u2014and brings the &#8220;refueling&#8221; experience closer to that of a conventional car. For commercial operators and exporters, this feature is a major selling point, especially in regions that are rapidly expanding their high-power charging infrastructure.<\/p>\n<table style=\"width: 100%; border-collapse: collapse;\" border=\"1\">\n<thead>\n<tr>\n<th style=\"text-align: left;\">Modelo<\/th>\n<th style=\"text-align: left;\">In\u00edcio previsto da produ\u00e7\u00e3o<\/th>\n<th style=\"text-align: left;\">Segmento<\/th>\n<th style=\"text-align: left;\">Principais concorrentes<\/th>\n<\/tr>\n<\/thead>\n<tbody>\n<tr>\n<td style=\"text-align: left;\"><strong>BMW iX3 (NA5)<\/strong><\/td>\n<td style=\"text-align: left;\">Final de 2025<\/td>\n<td style=\"text-align: left;\">SUV el\u00e9trico de tamanho m\u00e9dio<\/td>\n<td style=\"text-align: left;\">Tesla Model Y, Audi Q6 e-tron, Mercedes EQC SUV<\/td>\n<\/tr>\n<tr>\n<td style=\"text-align: left;\"><strong>BMW i3 Sedan (NA0)<\/strong><\/td>\n<td style=\"text-align: left;\">2026<\/td>\n<td style=\"text-align: left;\">Sedan el\u00e9trico de tamanho m\u00e9dio<\/td>\n<td style=\"text-align: left;\">Tesla Model 3, Polestar 2, Hyundai Ioniq 6<\/td>\n<\/tr>\n<tr>\n<td style=\"text-align: left;\"><strong>BMW iX4 (NA7)<\/strong><\/td>\n<td style=\"text-align: left;\">2027 (est.)<\/td>\n<td style=\"text-align: left;\">Coup\u00e9-SUV el\u00e9trico de tamanho m\u00e9dio<\/td>\n<td style=\"text-align: left;\">Tesla Model Y, Polestar 4, Audi Q6 Sportback e-tron<\/td>\n<\/tr>\n<tr>\n<td style=\"text-align: left;\"><strong>BMW i3 Touring (NA1)<\/strong><\/td>\n<td style=\"text-align: left;\">2027 (est.)<\/td>\n<td style=\"text-align: left;\">Vag\u00e3o el\u00e9trico de tamanho m\u00e9dio<\/td>\n<td style=\"text-align: left;\">Nio ET5 Touring, VW ID.7 Tourer<\/td>\n<\/tr>\n<tr>\n<td style=\"text-align: left;\"><strong>Modelo de entrada sem nome<\/strong><\/td>\n<td style=\"text-align: left;\">2028 (est.)<\/td>\n<td style=\"text-align: left;\">Segmento compacto<\/td>\n<td style=\"text-align: left;\">Mercedes EQA, Volvo EX30<\/td>\n<\/tr>\n<\/tbody>\n<\/table>\n<h3 id=\"range-and-efficiency-redefining-expectations\">Alcance e efici\u00eancia: Redefinir as expectativas<\/h3>\n<p>A combina\u00e7\u00e3o de uma maior densidade energ\u00e9tica, de uma melhor qu\u00edmica das c\u00e9lulas e de uma aerodin\u00e2mica superior do ve\u00edculo dever\u00e1 permitir um aumento significativo da autonomia global. A BMW tem como objetivo uma melhoria da autonomia de at\u00e9 30% em rela\u00e7\u00e3o \u00e0 sua atual gera\u00e7\u00e3o de ve\u00edculos el\u00e9ctricos. Isto sugere que os modelos topo de gama da Neue Klasse poder\u00e3o exceder confortavelmente os 600-700 quil\u00f3metros (370-435 milhas) no ciclo WLTP, dependendo da dimens\u00e3o e configura\u00e7\u00e3o da bateria.<\/p>\n<p>However, range is not just about a large battery; it is about efficiency. The holistic approach of the Neue Klasse\u2014reducing weight, improving aerodynamics, and optimizing the powertrain&#8217;s software\u2014means that the vehicle uses less energy to cover each kilometer. This is a more sustainable path to long range than simply installing ever-larger and heavier batteries. For buyers in markets with high electricity costs, this superior efficiency translates directly into lower running costs. When considering which models to import, those seeking to <a href=\"https:\/\/www.tjygqc.com\/bmw-category\/\" rel=\"nofollow\">explorar a nossa gama atual de BMW EVs<\/a> vai descobrir que esta nova gera\u00e7\u00e3o oferece um argumento convincente sobre o custo total de propriedade.<\/p>\n<h3 id=\"performance-metrics-from-ix3-to-potential-m-models\">M\u00e9tricas de desempenho: Do iX3 aos potenciais modelos M<\/h3>\n<p>While efficiency is key, this is still a BMW, and performance remains a core part of the brand&#8217;s DNA. The Neue Klasse architecture is engineered to support a wide range of power outputs, from single-motor rear-wheel-drive configurations to high-performance dual-motor all-wheel-drive setups.<\/p>\n<p>Initial versions of the iX3 are expected to offer various power levels, potentially badged as iX330, iX340, and iX350, indicating a tiered performance structure. The real excitement, however, lies in the potential for M Performance and full-fledged M models. There are credible reports of a future BMW iX3 M60 model arriving around 2026, which would likely feature a dual-motor setup delivering well over 500 horsepower. The instantaneous torque delivery of electric motors, combined with the sophisticated driving dynamics control of the new &#8220;super-brains,&#8221; promises a level of acceleration and handling that could redefine performance in this segment. The possibility of a pure electric M car built on this platform is a tantalizing prospect for enthusiasts worldwide.<\/p>\n<h2 id=\"3-design-and-aerodynamics-marrying-form-with-electric-function\">3. Conce\u00e7\u00e3o e aerodin\u00e2mica: Conjuga\u00e7\u00e3o da forma com a fun\u00e7\u00e3o el\u00e9ctrica<\/h2>\n<p>A identidade visual dos ve\u00edculos da Neue Klasse ser\u00e1 t\u00e3o revolucion\u00e1ria como a sua tecnologia subjacente. O design representa uma rutura consciente com o passado, avan\u00e7ando para uma linguagem mais limpa, mais monol\u00edtica e intrinsecamente digital. \u00c9 uma est\u00e9tica nascida das exig\u00eancias da mobilidade el\u00e9ctrica, onde a efici\u00eancia aerodin\u00e2mica n\u00e3o \u00e9 apenas um objetivo estil\u00edstico, mas uma necessidade funcional para maximizar a autonomia.<\/p>\n<h3 id=\"a-new-design-language-inspired-by-the-vision-neue-klasse-concept\">Uma nova linguagem de design: Inspirado no conceito Vision Neue Klasse<\/h3>\n<p>The BMW Vision Neue Klasse and Vision Neue Klasse X concepts serve as our clearest windows into this new design philosophy. The look is characterized by clean, expansive surfaces and a reduction in the number of character lines. The traditional BMW kidney grille is reimagined, no longer as an air intake for an engine but as a digital &#8220;interaction panel&#8221; housing sensors for the driver-assistance systems. It is flanked by new headlight signatures that blend seamlessly into the front fascia.<\/p>\n<p>Os principais elementos incluem:<\/p>\n<ul>\n<li><strong>Corpo monol\u00edtico:<\/strong> A sensa\u00e7\u00e3o de que o autom\u00f3vel foi esculpido a partir de um \u00fanico bloco, com menos pormenores exigentes.<\/li>\n<li><strong>\u00cdcones reimaginados:<\/strong> The kidney grille, twin headlights, and the &#8220;Hofmeister kink&#8221; in the C-pillar are all present but reinterpreted in a modern, digital context.<\/li>\n<li><strong>Grandes estufas:<\/strong> As vantagens da plataforma de skate permitem uma linha de cintura mais baixa e janelas maiores, criando um habit\u00e1culo arejado e cheio de luz.<\/li>\n<li><strong>Pormenor de descarga:<\/strong> Os puxadores das portas, as veda\u00e7\u00f5es das janelas e as folgas dos pain\u00e9is s\u00e3o minimizados para criar uma superf\u00edcie lisa e ininterrupta que ajuda o fluxo de ar.<\/li>\n<\/ul>\n<p>Este desenho \u00e9 intencionalmente virado para o futuro. Procura comunicar o salto tecnol\u00f3gico que o Neue Klasse representa. \u00c9 uma declara\u00e7\u00e3o confiante de que o carro el\u00e9trico da BMW n\u00e3o est\u00e1 a tentar ser uma vers\u00e3o el\u00e9ctrica de um carro a gasolina; \u00e9 algo inteiramente novo.<\/p>\n<h3 id=\"aerodynamic-efficiency-as-a-core-principle\">A efici\u00eancia aerodin\u00e2mica como princ\u00edpio fundamental<\/h3>\n<p>Num ve\u00edculo de combust\u00e3o interna, a aerodin\u00e2mica afecta a economia de combust\u00edvel. Num ve\u00edculo el\u00e9trico, determina diretamente a autonomia. Cada peda\u00e7o de resist\u00eancia aerodin\u00e2mica \u00e9 energia que tem de ser gasta da bateria simplesmente para empurrar o ar para fora do caminho. Os engenheiros da BMW fizeram da redu\u00e7\u00e3o desta resist\u00eancia um pilar central do design da Neue Klasse.<\/p>\n<p>Isto \u00e9 conseguido atrav\u00e9s de v\u00e1rios meios: uma parte inferior da carro\u00e7aria mais suave (gra\u00e7as \u00e0 bateria plana), elementos aerodin\u00e2micos activos que podem abrir ou fechar para gerir o fluxo de ar, pain\u00e9is da carro\u00e7aria cuidadosamente esculpidos e jantes aerodinamicamente optimizadas. O conceito Vision Neue Klasse apresenta uma redu\u00e7\u00e3o de 30% no arrasto em compara\u00e7\u00e3o com os modelos actuais do mesmo segmento. A transposi\u00e7\u00e3o de uma parte significativa desta melhoria para o iX3 e i3 de produ\u00e7\u00e3o resultar\u00e1 num aumento substancial da autonomia em condi\u00e7\u00f5es reais, especialmente durante a condu\u00e7\u00e3o em autoestrada, onde a resist\u00eancia do ar \u00e9 a for\u00e7a dominante.<\/p>\n<h3 id=\"interior-revolution-panoramic-vision-and-idrive-10\">Revolu\u00e7\u00e3o interior: Vis\u00e3o Panor\u00e2mica e iDrive 10<\/h3>\n<p>The interior of the Neue Klasse vehicles represents the most radical departure from current automotive design. The centerpiece of this new cabin is &#8220;BMW Panoramic Vision.&#8221; This is not a traditional head-up display (HUD); it is a high-resolution display matrix projected across the entire lower width of the windscreen. It displays critical driving information, navigation, and media in the driver&#8217;s direct line of sight, allowing them to keep their eyes on the road.<\/p>\n<p>This is complemented by a new, parallelogram-shaped central touchscreen powered by the next-generation iDrive 10 operating system. The system is built on Android Automotive, promising a high degree of customization, fast response times, and seamless integration with a driver&#8217;s digital life. The traditional iDrive controller remains, providing a tactile alternative to the touchscreen.<\/p>\n<p>O efeito global \u00e9 um painel de instrumentos minimalista e organizado. Ao deslocar a informa\u00e7\u00e3o principal para o ecr\u00e3 Panoramic Vision, elimina-se a necessidade de um painel de instrumentos grande e tradicional atr\u00e1s do volante. Isto cria uma sensa\u00e7\u00e3o de abertura e espa\u00e7o sem precedentes. Trata-se de uma interface centrada no ser humano, concebida para reduzir a distra\u00e7\u00e3o e apresentar a informa\u00e7\u00e3o num formato intuitivo e de f\u00e1cil visualiza\u00e7\u00e3o.<\/p>\n<h3 id=\"materiality-and-sustainability-in-design\">Materialidade e sustentabilidade no design<\/h3>\n<p>A escolha dos materiais no interior do habit\u00e1culo Neue Klasse \u00e9 orientada pelo princ\u00edpio da sustentabilidade. A BMW est\u00e1 a afastar-se dos tradicionais cromados e couro em favor de materiais de alta qualidade, \u00e0 base de plantas e reciclados. Os tecidos s\u00e3o frequentemente fabricados a partir de pl\u00e1sticos reciclados e os acabamentos decorativos utilizam madeiras sustent\u00e1veis ou outros recursos renov\u00e1veis.<\/p>\n<p>This is not about austerity; it is about a new definition of luxury. The focus is on tactile quality, honest materials, and a design that feels both technologically advanced and warm. The colors are inspired by nature, creating a calming and pleasant environment. For customers who are increasingly conscious of the environmental footprint of their purchases, this commitment to sustainable materials is a powerful part of the vehicle&#8217;s appeal. It demonstrates a holistic approach where the car is not just zero-emission in operation but also more responsible in its very construction. This aligns with the ethos of companies in the sector that <a href=\"https:\/\/www.tjygqc.com\/about-us\/\" rel=\"nofollow\">saiba mais sobre o nosso compromisso com a qualidade<\/a> e de abastecimento respons\u00e1vel.<\/p>\n<h2 id=\"4-the-strategic-rollout-market-positioning-and-global-impact\">4. A implanta\u00e7\u00e3o estrat\u00e9gica: Posicionamento no mercado e impacto global<\/h2>\n<p>The successful launch of a new vehicle family depends on more than just excellent engineering and design; it requires a shrewd market strategy, a robust manufacturing plan, and a clear vision for its global role. The rollout of the Neue Klasse is a masterclass in strategic planning, designed to maximize impact and secure BMW&#8217;s position in the premium electric vehicle landscape for the next decade.<\/p>\n<h3 id=\"targeting-the-tesla-model-y-the-ix3-s-mission\">Targeting the Tesla Model Y: The iX3&#8217;s Mission<\/h3>\n<p>The decision to launch the Neue Klasse with the iX3 is a direct and unambiguous challenge to Tesla&#8217;s dominance in the premium electric SUV market. The Tesla Model Y has been a runaway success globally, setting the benchmark for performance, efficiency, and packaging in its class. For BMW to succeed, the iX3 cannot just be a good electric SUV; it must be a compelling alternative to the Model Y.<\/p>\n<p>BMW&#8217;s strategy appears to be a multi-pronged attack:<\/p>\n<ul>\n<li><strong>Desempenho e alcance:<\/strong> Aiming to meet or exceed the Model Y&#8217;s figures through the new battery and platform technology.<\/li>\n<li><strong>Qualidade de constru\u00e7\u00e3o e luxo:<\/strong> Leveraging BMW&#8217;s legacy of premium interior materials, fit, and finish to offer a more luxurious cabin experience.<\/li>\n<li><strong>Din\u00e2mica de condu\u00e7\u00e3o:<\/strong> Emphasizing the brand&#8217;s traditional strength in creating cars that are engaging and enjoyable to drive, a subjective area where some critics find Tesla lacking.<\/li>\n<li><strong>Patrim\u00f3nio da marca:<\/strong> Apelando aos clientes fi\u00e9is da BMW e \u00e0queles que procuram o prest\u00edgio e a rede de servi\u00e7os estabelecida de um fabricante de autom\u00f3veis antigo.<\/li>\n<\/ul>\n<p>The success of the iX3 will be a crucial barometer for the entire Neue Klasse project. A strong performance against the Model Y will validate BMW&#8217;s massive investment and signal to markets in Europe, Asia, and Africa that a new, highly competitive BMW electric car is available.<\/p>\n<h3 id=\"production-and-manufacturing-strategy-debrecen-plant\">Estrat\u00e9gia de produ\u00e7\u00e3o e fabrico (F\u00e1brica de Debrecen)<\/h3>\n<p>Signifying the importance of this new chapter, BMW has built an entirely new factory in Debrecen, Hungary, specifically to produce Neue Klasse vehicles. The plant itself is designed around the principles of BMW&#8217;s &#8220;iFACTORY&#8221; concept, which emphasizes lean, green, and digital manufacturing.<\/p>\n<p>A key aspect of the Debrecen plant is its commitment to being a &#8220;fossil-free&#8221; facility. It will rely entirely on renewable energy sources for its electricity needs, a significant step in reducing the overall carbon footprint of each vehicle produced. Furthermore, the plant is designed for maximum efficiency, with highly digitalized and automated processes. It will even feature an integrated, high-voltage battery assembly facility on-site, reducing logistics costs and improving the integration between battery and vehicle production. This vertical integration is a key strategic advantage, giving BMW greater control over the quality and supply of the most critical component in any EV.<\/p>\n<h3 id=\"nomenclature-changes-a-clearer-electric-identity\">Altera\u00e7\u00f5es de nomenclatura: Uma identidade el\u00e9ctrica mais clara<\/h3>\n<p>Alongside the new technology, BMW is reportedly planning a subtle but important change to its vehicle naming system to create a clearer distinction between its electric and combustion models. Under the proposed new system, the letter &#8220;i&#8221; which currently precedes electric model names (like i4, iX) would instead be used to designate the electric powertrain itself.<\/p>\n<p>Por exemplo:<\/p>\n<ul>\n<li>The gasoline-powered X3 might be badged as &#8220;X330.&#8221;<\/li>\n<li>The electric equivalent, the iX3, could be badged as &#8220;iX330,&#8221; &#8220;iX340,&#8221; etc.<\/li>\n<\/ul>\n<p>This change would reserve the &#8220;i&#8221; prefix for dedicated electric vehicle model lines, while making the powertrain type clearer across the entire portfolio. While this may seem like a minor detail for the end-user, for importers and dealers, it simplifies the model hierarchy and makes the electric offerings a more integrated part of the core product lineup, rather than a separate sub-brand.<\/p>\n<h3 id=\"global-availability-and-market-specific-considerations\">Disponibilidade global e considera\u00e7\u00f5es espec\u00edficas do mercado<\/h3>\n<p>A Neue Klasse \u00e9 uma plataforma global e os seus modelos destinam-se a todos os principais mercados. A produ\u00e7\u00e3o n\u00e3o se limitar\u00e1 \u00e0 Hungria. A f\u00e1brica de Munique come\u00e7ar\u00e1 a construir o i3 sedan em 2026, seguindo-se as f\u00e1bricas de Shenyang, na China, e de San Luis Potos\u00ed, no M\u00e9xico. Esta pegada de produ\u00e7\u00e3o distribu\u00edda \u00e9 crucial para mitigar os riscos geopol\u00edticos, reduzir os custos de transporte e adaptar os ve\u00edculos aos gostos e regulamentos regionais.<\/p>\n<p>For markets in Southeast Asia, the Middle East, and Africa, this global production strategy is good news. It increases the likelihood of timely availability and potentially more competitive pricing by avoiding hefty import tariffs from a single production source. Importantly, the modularity of the platform allows for different battery sizes and motor configurations, which can be adapted to suit the specific needs and price points of different markets. Whether a customer in Dubai prioritizes extreme performance or a fleet operator in South Africa values maximum range and durability, the Neue Klasse architecture is designed to accommodate those diverse requirements. The confirmation that the new iX3 will be sold in the USA, a market the previous generation skipped, also signals BMW&#8217;s confidence in the global appeal of this new product.<\/p>\n<h2 id=\"5-sustainability-and-the-circular-economy-a-core-tenet-of-the-bmw-electric-car\">5. Sustentabilidade e economia circular: Um princ\u00edpio fundamental do autom\u00f3vel el\u00e9trico da BMW<\/h2>\n<p>In the 21st century, the concept of a premium product is inextricably linked with sustainability. A modern luxury brand cannot ignore the environmental and ethical implications of its products and processes. BMW has placed sustainability at the very heart of the Neue Klasse&#8217;s development, moving beyond simply producing zero-tailpipe-emission vehicles to addressing the entire lifecycle of the car. This is embodied in the principles of the circular economy.<\/p>\n<h3 id=\"secondary-first-integrating-recycled-materials\">&#8220;Secondary First&#8221;: Integrating Recycled Materials<\/h3>\n<p>The circular economy is a model of production and consumption that involves sharing, leasing, reusing, repairing, refurbishing, and recycling existing materials and products for as long as possible. In this way, the life cycle of products is extended. For the Neue Klasse, BMW is operationalizing this with a &#8220;secondary first&#8221; approach. This means that whenever the quality and availability of materials allow, recycled materials (secondary raw materials) will be prioritized over newly extracted ones (primary raw materials).<\/p>\n<p>Isto aplica-se a muitos componentes do autom\u00f3vel:<\/p>\n<ul>\n<li><strong>A\u00e7o e alum\u00ednio:<\/strong> O aumento da percentagem de a\u00e7o e alum\u00ednio secund\u00e1rios na carro\u00e7aria e no chassis reduz o enorme consumo de energia e as emiss\u00f5es de CO2 associadas \u00e0 produ\u00e7\u00e3o de metal prim\u00e1rio.<\/li>\n<li><strong>Pl\u00e1sticos:<\/strong> Muitos acabamentos interiores, tecidos e componentes estruturais de pl\u00e1stico ser\u00e3o fabricados a partir de pl\u00e1sticos reciclados, tais como redes de pesca recuperadas e garrafas de pl\u00e1stico p\u00f3s-consumo.<\/li>\n<li><strong>Materiais da bateria:<\/strong> O objetivo a longo prazo \u00e9 criar um ciclo fechado para materiais de baterias como o l\u00edtio, o cobalto e o n\u00edquel, em que as baterias antigas s\u00e3o recolhidas, desmontadas e os seus materiais valiosos s\u00e3o recuperados para produzir novas baterias.<\/li>\n<\/ul>\n<p>Este compromisso n\u00e3o \u00e9 apenas uma declara\u00e7\u00e3o ambiental; \u00e9 tamb\u00e9m uma estrat\u00e9gia econ\u00f3mica s\u00f3lida. \u00c0 medida que a escassez de recursos e o custo das mat\u00e9rias-primas aumentam, a redu\u00e7\u00e3o da depend\u00eancia da extra\u00e7\u00e3o prim\u00e1ria proporciona uma prote\u00e7\u00e3o contra a volatilidade dos pre\u00e7os e as perturba\u00e7\u00f5es na cadeia de abastecimento.<\/p>\n<h3 id=\"green-energy-in-production-processes\">Energia verde nos processos de produ\u00e7\u00e3o<\/h3>\n<p>A car&#8217;s carbon footprint begins long before it is ever driven. The manufacturing process, especially for an energy-intensive product like a car, is a major source of CO2 emissions. As mentioned, the new plant in Debrecen, Hungary, is designed to be powered entirely by renewable energy. This commitment extends across BMW&#8217;s global production network.<\/p>\n<p>By systematically shifting its factories to green electricity and investing in energy efficiency, BMW aims to drastically reduce the &#8220;embedded carbon&#8221; in each Neue Klasse vehicle. This means that when a customer takes delivery of their new BMW electric car, they can be confident that its production had a significantly lower environmental impact than previous generations of vehicles. This is a powerful narrative for a brand and a key selling point for environmentally conscious consumers.<\/p>\n<h3 id=\"battery-lifecycle-management-and-recycling\">Gest\u00e3o do ciclo de vida e reciclagem de baterias<\/h3>\n<p>The battery is the most resource-intensive component of an electric vehicle. A responsible EV strategy must therefore include a clear plan for what happens to the battery at the end of its useful life in the car. BMW&#8217;s approach is multi-staged.<\/p>\n<p>First, batteries are designed for longevity. The new sixth-generation cells are engineered for a long service life. Second, when a battery no longer meets the demanding requirements for automotive use, it can be repurposed for a &#8220;second life&#8221; as a stationary energy storage unit. For example, a bank of used car batteries can be used to store solar energy for a factory or to help stabilize a local power grid.<\/p>\n<p>Finalmente, no final da sua vida \u00fatil, a bateria entra no fluxo de reciclagem. A BMW est\u00e1 a investir fortemente em tecnologias de reciclagem para recuperar uma elevada percentagem das mat\u00e9rias-primas essenciais. A cria\u00e7\u00e3o deste ciclo fechado \u00e9 essencial para a sustentabilidade a longo prazo da mobilidade el\u00e9ctrica, uma vez que reduz a necessidade de novas explora\u00e7\u00f5es mineiras, que muitas vezes t\u00eam custos ambientais e sociais significativos.<\/p>\n<h3 id=\"the-ethical-dimension-of-sourcing-raw-materials\">A dimens\u00e3o \u00e9tica do aprovisionamento de mat\u00e9rias-primas<\/h3>\n<p>O fornecimento de mat\u00e9rias-primas para baterias, particularmente cobalto e l\u00edtio, tem sido objeto de um intenso escrut\u00ednio \u00e9tico devido a preocupa\u00e7\u00f5es com pr\u00e1ticas laborais e danos ambientais em algumas regi\u00f5es mineiras. A BMW tem sido proactiva na abordagem desta quest\u00e3o, implementando normas rigorosas para os seus fornecedores e aumentando a transpar\u00eancia na sua cadeia de fornecimento.<\/p>\n<p>A empresa est\u00e1 a utilizar uma combina\u00e7\u00e3o de abastecimento direto a partir de minas certificadas e inova\u00e7\u00e3o tecnol\u00f3gica para mitigar estas quest\u00f5es. Por exemplo, a nova gera\u00e7\u00e3o de c\u00e9lulas de bateria j\u00e1 utiliza uma quantidade reduzida de cobalto na qu\u00edmica do c\u00e1todo. A ambi\u00e7\u00e3o a longo prazo \u00e9 avan\u00e7ar para baterias sem cobalto, como as de l\u00edtio-ion-fosfato (LFP) para determinados modelos, e recorrer cada vez mais a materiais reciclados. Este compromisso \u00e9tico \u00e9 um aspeto n\u00e3o negoci\u00e1vel da marca premium moderna e proporciona uma camada essencial de garantia para os clientes e parceiros comerciais.<\/p>\n<h3 id=\"frequently-asked-questions-faq\">Perguntas frequentes (FAQ)<\/h3>\n<p><strong>1. Quando estar\u00e3o dispon\u00edveis os primeiros modelos de autom\u00f3veis el\u00e9ctricos da Neue Klasse BMW?<\/strong> O primeiro modelo, o BMW iX3 de 2026, dever\u00e1 come\u00e7ar a ser produzido no final de 2025 na nova f\u00e1brica em Debrecen, na Hungria, com as chegadas ao mercado a come\u00e7ar no in\u00edcio de 2026. Um sedan do tamanho do S\u00e9rie 3, provavelmente chamado de i3, seguir\u00e1 com a produ\u00e7\u00e3o come\u00e7ando em Munique em 2026.<\/p>\n<p><strong>2. Qual \u00e9 a gama de pre\u00e7os prevista para o BMW iX3 de 2026?<\/strong> Embora o pre\u00e7o oficial n\u00e3o tenha sido anunciado, a BMW pretende reduzir os custos das baterias at\u00e9 50%. Isto sugere que o iX3 ter\u00e1 um pre\u00e7o competitivo em rela\u00e7\u00e3o ao seu principal rival, o Tesla Model Y, e outros SUVs el\u00e9ctricos premium. Os pre\u00e7os variam consoante o mercado e a configura\u00e7\u00e3o espec\u00edfica.<\/p>\n<p><strong>3. O novo BMW iX3 ser\u00e1 vendido nos EUA?<\/strong> Yes. Unlike its predecessor, the new Neue Klasse-based BMW iX3 is being developed for a global market, and its sale in the United States has been confirmed. This marks a significant strategic shift for BMW&#8217;s electric SUV offerings.<\/p>\n<p><strong>4. Em que \u00e9 que a tecnologia das pilhas da Neue Klasse difere das gera\u00e7\u00f5es anteriores?<\/strong> As principais diferen\u00e7as s\u00e3o a mudan\u00e7a de c\u00e9lulas prism\u00e1ticas para c\u00e9lulas cil\u00edndricas (Gen6), uma arquitetura de sistema de 800 volts (em vez de 400V) e uma qu\u00edmica melhorada. O resultado \u00e9 uma densidade de energia superior em 20%, um carregamento at\u00e9 30% mais r\u00e1pido e uma autonomia at\u00e9 30% superior em compara\u00e7\u00e3o com os actuais BMW EV.<\/p>\n<p><strong>5. Que outros modelos ser\u00e3o constru\u00eddos com base na plataforma Neue Klasse?<\/strong> A BMW confirmou um plano para pelo menos seis modelos Neue Klasse at\u00e9 2028. Ap\u00f3s o SUV iX3 e o sedan i3, est\u00e1 previsto um SUV de estilo coup\u00e9 (provavelmente um iX4) e uma variante wagon (i3 Touring). Est\u00e3o tamb\u00e9m a ser desenvolvidos outros modelos para diferentes segmentos.<\/p>\n<p><strong>6. A BMW est\u00e1 a abandonar progressivamente os seus motores de combust\u00e3o interna (ICE)?<\/strong> BMW has not announced a hard deadline for ending ICE production, adopting a strategy of offering customer choice. However, the massive investment in the dedicated electric Neue Klasse platform clearly signals that the company&#8217;s future development focus and resources are centered on becoming a leader in electric mobility.<\/p>\n<p><strong>7. O que \u00e9 que torna o interior dos ve\u00edculos da Neue Klasse \u00fanico?<\/strong> The most unique feature is &#8220;BMW Panoramic Vision,&#8221; a display projected across the entire width of the windshield, reducing the need for a traditional instrument cluster. This, combined with a new central touchscreen and a minimalist dashboard design, creates an open, futuristic, and digitally focused cabin.<\/p>\n<h3 id=\"conclusion\">Conclus\u00e3o<\/h3>\n<p>The arrival of the Neue Klasse is far more than a routine model cycle update for BMW. It is a comprehensive, ground-up reinvention of the company&#8217;s approach to designing, building, and selling automobiles. By creating a dedicated electric architecture, BMW has unshackled itself from the compromises of multi-powertrain platforms, allowing for fundamental improvements in space, efficiency, and performance. The synergy between the new platform, the advanced sixth-generation battery technology, and a revolutionary digital interior creates a product that is not just competitive but has the potential to lead its class.<\/p>\n<p>For commercial importers, enthusiasts, and everyday drivers across the globe, the 2026 BMW electric car lineup, spearheaded by the iX3, represents a compelling new chapter in the story of mobility. It is a story of technological innovation fused with a deep commitment to driving pleasure and a responsible, sustainable vision for the future. This is not just a new car; it is BMW&#8217;s proposition for what a premium automobile should be in the electric age.<\/p>","protected":false},"excerpt":{"rendered":"<p>Resumo A futura linha de carros el\u00e9ctricos da BMW para 2026 representa um momento crucial para o fabricante de autom\u00f3veis da Baviera, assinalando uma reorienta\u00e7\u00e3o estrat\u00e9gica e tecnol\u00f3gica fundamental. Esta an\u00e1lise examina a natureza abrangente desta transforma\u00e7\u00e3o, centrada na introdu\u00e7\u00e3o da arquitetura \"Neue Klasse\" (Nova Classe). Esta plataforma dedicada a ve\u00edculos el\u00e9ctricos n\u00e3o \u00e9 apenas uma atualiza\u00e7\u00e3o de engenharia, mas [...]<\/p>","protected":false},"author":1,"featured_media":3052,"comment_status":"closed","ping_status":"closed","sticky":false,"template":"","format":"standard","meta":{"footnotes":""},"categories":[4],"tags":[],"class_list":["post-3050","post","type-post","status-publish","format-standard","has-post-thumbnail","hentry","category-news"],"yoast_head":"<!-- This site is optimized with the Yoast SEO plugin v24.4 - https:\/\/yoast.com\/wordpress\/plugins\/seo\/ -->\n<title>Your 2026 Guide: 5 Reasons the New BMW Electric Car Lineup Dominates - Tianjin Yigang Automobile Sales Co.,Ltd.<\/title>\n<meta name=\"robots\" content=\"index, follow, max-snippet:-1, max-image-preview:large, max-video-preview:-1\" \/>\n<link rel=\"canonical\" href=\"https:\/\/www.tjygqc.com\/pt\/your-2026-guide-5-reasons-the-new-bmw-electric-car-lineup-dominates-article\/\" \/>\n<meta property=\"og:locale\" content=\"pt_PT\" \/>\n<meta property=\"og:type\" content=\"article\" \/>\n<meta property=\"og:title\" content=\"Your 2026 Guide: 5 Reasons the New BMW Electric Car Lineup Dominates - Tianjin Yigang Automobile Sales Co.,Ltd.\" \/>\n<meta property=\"og:description\" content=\"Abstract The forthcoming 2026 BMW electric car lineup represents a pivotal moment for the Bavarian automaker, signaling a fundamental strategic and technological reorientation. This analysis examines the comprehensive nature of this transformation, centered on the introduction of the &#8220;Neue Klasse&#8221; (New Class) architecture. This dedicated electric vehicle platform is not merely an engineering update but [&hellip;]\" \/>\n<meta property=\"og:url\" content=\"https:\/\/www.tjygqc.com\/pt\/your-2026-guide-5-reasons-the-new-bmw-electric-car-lineup-dominates-article\/\" \/>\n<meta property=\"og:site_name\" content=\"Tianjin Yigang Automobile Sales Co.,Ltd.\" \/>\n<meta property=\"article:publisher\" content=\"https:\/\/www.facebook.com\/tianjinyigang\/\" \/>\n<meta property=\"article:published_time\" content=\"2025-08-28T07:11:05+00:00\" \/>\n<meta property=\"article:modified_time\" content=\"2025-09-01T15:46:03+00:00\" \/>\n<meta property=\"og:image\" content=\"https:\/\/www.tjygqc.com\/wp-content\/uploads\/2025\/08\/your-2026-guide-5-reasons-the-new-bmw-electric-car-lineup-dominates.webp\" \/>\n\t<meta property=\"og:image:width\" content=\"800\" \/>\n\t<meta property=\"og:image:height\" content=\"800\" \/>\n\t<meta property=\"og:image:type\" content=\"image\/webp\" \/>\n<meta name=\"author\" content=\"user\" \/>\n<meta name=\"twitter:card\" content=\"summary_large_image\" \/>\n<meta name=\"twitter:label1\" content=\"Written by\" \/>\n\t<meta name=\"twitter:data1\" content=\"user\" \/>\n\t<meta name=\"twitter:label2\" content=\"Est. reading time\" \/>\n\t<meta name=\"twitter:data2\" content=\"23 minutos\" \/>\n<script type=\"application\/ld+json\" class=\"yoast-schema-graph\">{\"@context\":\"https:\/\/schema.org\",\"@graph\":[{\"@type\":\"Article\",\"@id\":\"https:\/\/www.tjygqc.com\/your-2026-guide-5-reasons-the-new-bmw-electric-car-lineup-dominates-article\/#article\",\"isPartOf\":{\"@id\":\"https:\/\/www.tjygqc.com\/your-2026-guide-5-reasons-the-new-bmw-electric-car-lineup-dominates-article\/\"},\"author\":{\"name\":\"user\",\"@id\":\"https:\/\/www.tjygqc.com\/#\/schema\/person\/9a0e27c1156d5a1d4cb23dce2cc5ad36\"},\"headline\":\"Your 2026 Guide: 5 Reasons the New BMW Electric Car Lineup Dominates\",\"datePublished\":\"2025-08-28T07:11:05+00:00\",\"dateModified\":\"2025-09-01T15:46:03+00:00\",\"mainEntityOfPage\":{\"@id\":\"https:\/\/www.tjygqc.com\/your-2026-guide-5-reasons-the-new-bmw-electric-car-lineup-dominates-article\/\"},\"wordCount\":4966,\"publisher\":{\"@id\":\"https:\/\/www.tjygqc.com\/#organization\"},\"image\":{\"@id\":\"https:\/\/www.tjygqc.com\/your-2026-guide-5-reasons-the-new-bmw-electric-car-lineup-dominates-article\/#primaryimage\"},\"thumbnailUrl\":\"https:\/\/www.tjygqc.com\/wp-content\/uploads\/2025\/08\/your-2026-guide-5-reasons-the-new-bmw-electric-car-lineup-dominates.webp\",\"articleSection\":[\"News\"],\"inLanguage\":\"pt-PT\"},{\"@type\":\"WebPage\",\"@id\":\"https:\/\/www.tjygqc.com\/your-2026-guide-5-reasons-the-new-bmw-electric-car-lineup-dominates-article\/\",\"url\":\"https:\/\/www.tjygqc.com\/your-2026-guide-5-reasons-the-new-bmw-electric-car-lineup-dominates-article\/\",\"name\":\"Your 2026 Guide: 5 Reasons the New BMW Electric Car Lineup Dominates - Tianjin Yigang Automobile Sales Co.,Ltd.\",\"isPartOf\":{\"@id\":\"https:\/\/www.tjygqc.com\/#website\"},\"primaryImageOfPage\":{\"@id\":\"https:\/\/www.tjygqc.com\/your-2026-guide-5-reasons-the-new-bmw-electric-car-lineup-dominates-article\/#primaryimage\"},\"image\":{\"@id\":\"https:\/\/www.tjygqc.com\/your-2026-guide-5-reasons-the-new-bmw-electric-car-lineup-dominates-article\/#primaryimage\"},\"thumbnailUrl\":\"https:\/\/www.tjygqc.com\/wp-content\/uploads\/2025\/08\/your-2026-guide-5-reasons-the-new-bmw-electric-car-lineup-dominates.webp\",\"datePublished\":\"2025-08-28T07:11:05+00:00\",\"dateModified\":\"2025-09-01T15:46:03+00:00\",\"breadcrumb\":{\"@id\":\"https:\/\/www.tjygqc.com\/your-2026-guide-5-reasons-the-new-bmw-electric-car-lineup-dominates-article\/#breadcrumb\"},\"inLanguage\":\"pt-PT\",\"potentialAction\":[{\"@type\":\"ReadAction\",\"target\":[\"https:\/\/www.tjygqc.com\/your-2026-guide-5-reasons-the-new-bmw-electric-car-lineup-dominates-article\/\"]}]},{\"@type\":\"ImageObject\",\"inLanguage\":\"pt-PT\",\"@id\":\"https:\/\/www.tjygqc.com\/your-2026-guide-5-reasons-the-new-bmw-electric-car-lineup-dominates-article\/#primaryimage\",\"url\":\"https:\/\/www.tjygqc.com\/wp-content\/uploads\/2025\/08\/your-2026-guide-5-reasons-the-new-bmw-electric-car-lineup-dominates.webp\",\"contentUrl\":\"https:\/\/www.tjygqc.com\/wp-content\/uploads\/2025\/08\/your-2026-guide-5-reasons-the-new-bmw-electric-car-lineup-dominates.webp\",\"width\":800,\"height\":800,\"caption\":\"Your 2026 Guide: 5 Reasons the New BMW Electric Car Lineup Dominates\"},{\"@type\":\"BreadcrumbList\",\"@id\":\"https:\/\/www.tjygqc.com\/your-2026-guide-5-reasons-the-new-bmw-electric-car-lineup-dominates-article\/#breadcrumb\",\"itemListElement\":[{\"@type\":\"ListItem\",\"position\":1,\"name\":\"Home\",\"item\":\"https:\/\/www.tjygqc.com\/\"},{\"@type\":\"ListItem\",\"position\":2,\"name\":\"Your 2026 Guide: 5 Reasons the New BMW Electric Car Lineup Dominates\"}]},{\"@type\":\"WebSite\",\"@id\":\"https:\/\/www.tjygqc.com\/#website\",\"url\":\"https:\/\/www.tjygqc.com\/\",\"name\":\"Tianjin Yigang Automobile Sales Co.,Ltd.\",\"description\":\"Tianjin Yigang Automobile Sales Co.,Ltd.\",\"publisher\":{\"@id\":\"https:\/\/www.tjygqc.com\/#organization\"},\"potentialAction\":[{\"@type\":\"SearchAction\",\"target\":{\"@type\":\"EntryPoint\",\"urlTemplate\":\"https:\/\/www.tjygqc.com\/?s={search_term_string}\"},\"query-input\":{\"@type\":\"PropertyValueSpecification\",\"valueRequired\":true,\"valueName\":\"search_term_string\"}}],\"inLanguage\":\"pt-PT\"},{\"@type\":\"Organization\",\"@id\":\"https:\/\/www.tjygqc.com\/#organization\",\"name\":\"Tianjin Yigang Automobile Sales Co., Ltd.\",\"url\":\"https:\/\/www.tjygqc.com\/\",\"logo\":{\"@type\":\"ImageObject\",\"inLanguage\":\"pt-PT\",\"@id\":\"https:\/\/www.tjygqc.com\/#\/schema\/logo\/image\/\",\"url\":\"https:\/\/www.tjygqc.com\/wp-content\/uploads\/2025\/03\/cropped-WechatIMG581.png\",\"contentUrl\":\"https:\/\/www.tjygqc.com\/wp-content\/uploads\/2025\/03\/cropped-WechatIMG581.png\",\"width\":338,\"height\":142,\"caption\":\"Tianjin Yigang Automobile Sales Co., Ltd.\"},\"image\":{\"@id\":\"https:\/\/www.tjygqc.com\/#\/schema\/logo\/image\/\"},\"sameAs\":[\"https:\/\/www.facebook.com\/tianjinyigang\/\",\"https:\/\/www.youtube.com\/@TianjinYigangAutomobile\",\"https:\/\/www.instagram.com\/tianjinyigang\/\"]},{\"@type\":\"Person\",\"@id\":\"https:\/\/www.tjygqc.com\/#\/schema\/person\/9a0e27c1156d5a1d4cb23dce2cc5ad36\",\"name\":\"user\",\"image\":{\"@type\":\"ImageObject\",\"inLanguage\":\"pt-PT\",\"@id\":\"https:\/\/www.tjygqc.com\/#\/schema\/person\/image\/\",\"url\":\"https:\/\/secure.gravatar.com\/avatar\/b58996c504c5638798eb6b511e6f49af?s=96&d=mm&r=g\",\"contentUrl\":\"https:\/\/secure.gravatar.com\/avatar\/b58996c504c5638798eb6b511e6f49af?s=96&d=mm&r=g\",\"caption\":\"user\"},\"sameAs\":[\"https:\/\/www.tjygqc.com:8182\"],\"url\":\"https:\/\/www.tjygqc.com\/pt\/author\/user\/\"}]}<\/script>\n<!-- \/ Yoast SEO plugin. -->","yoast_head_json":{"title":"Your 2026 Guide: 5 Reasons the New BMW Electric Car Lineup Dominates - Tianjin Yigang Automobile Sales Co.,Ltd.","robots":{"index":"index","follow":"follow","max-snippet":"max-snippet:-1","max-image-preview":"max-image-preview:large","max-video-preview":"max-video-preview:-1"},"canonical":"https:\/\/www.tjygqc.com\/pt\/your-2026-guide-5-reasons-the-new-bmw-electric-car-lineup-dominates-article\/","og_locale":"pt_PT","og_type":"article","og_title":"Your 2026 Guide: 5 Reasons the New BMW Electric Car Lineup Dominates - Tianjin Yigang Automobile Sales Co.,Ltd.","og_description":"Abstract The forthcoming 2026 BMW electric car lineup represents a pivotal moment for the Bavarian automaker, signaling a fundamental strategic and technological reorientation. This analysis examines the comprehensive nature of this transformation, centered on the introduction of the &#8220;Neue Klasse&#8221; (New Class) architecture. This dedicated electric vehicle platform is not merely an engineering update but [&hellip;]","og_url":"https:\/\/www.tjygqc.com\/pt\/your-2026-guide-5-reasons-the-new-bmw-electric-car-lineup-dominates-article\/","og_site_name":"Tianjin Yigang Automobile Sales Co.,Ltd.","article_publisher":"https:\/\/www.facebook.com\/tianjinyigang\/","article_published_time":"2025-08-28T07:11:05+00:00","article_modified_time":"2025-09-01T15:46:03+00:00","og_image":[{"width":800,"height":800,"url":"https:\/\/www.tjygqc.com\/wp-content\/uploads\/2025\/08\/your-2026-guide-5-reasons-the-new-bmw-electric-car-lineup-dominates.webp","type":"image\/webp"}],"author":"user","twitter_card":"summary_large_image","twitter_misc":{"Written by":"user","Est. reading time":"23 minutos"},"schema":{"@context":"https:\/\/schema.org","@graph":[{"@type":"Article","@id":"https:\/\/www.tjygqc.com\/your-2026-guide-5-reasons-the-new-bmw-electric-car-lineup-dominates-article\/#article","isPartOf":{"@id":"https:\/\/www.tjygqc.com\/your-2026-guide-5-reasons-the-new-bmw-electric-car-lineup-dominates-article\/"},"author":{"name":"user","@id":"https:\/\/www.tjygqc.com\/#\/schema\/person\/9a0e27c1156d5a1d4cb23dce2cc5ad36"},"headline":"Your 2026 Guide: 5 Reasons the New BMW Electric Car Lineup Dominates","datePublished":"2025-08-28T07:11:05+00:00","dateModified":"2025-09-01T15:46:03+00:00","mainEntityOfPage":{"@id":"https:\/\/www.tjygqc.com\/your-2026-guide-5-reasons-the-new-bmw-electric-car-lineup-dominates-article\/"},"wordCount":4966,"publisher":{"@id":"https:\/\/www.tjygqc.com\/#organization"},"image":{"@id":"https:\/\/www.tjygqc.com\/your-2026-guide-5-reasons-the-new-bmw-electric-car-lineup-dominates-article\/#primaryimage"},"thumbnailUrl":"https:\/\/www.tjygqc.com\/wp-content\/uploads\/2025\/08\/your-2026-guide-5-reasons-the-new-bmw-electric-car-lineup-dominates.webp","articleSection":["News"],"inLanguage":"pt-PT"},{"@type":"WebPage","@id":"https:\/\/www.tjygqc.com\/your-2026-guide-5-reasons-the-new-bmw-electric-car-lineup-dominates-article\/","url":"https:\/\/www.tjygqc.com\/your-2026-guide-5-reasons-the-new-bmw-electric-car-lineup-dominates-article\/","name":"Your 2026 Guide: 5 Reasons the New BMW Electric Car Lineup Dominates - Tianjin Yigang Automobile Sales Co.,Ltd.","isPartOf":{"@id":"https:\/\/www.tjygqc.com\/#website"},"primaryImageOfPage":{"@id":"https:\/\/www.tjygqc.com\/your-2026-guide-5-reasons-the-new-bmw-electric-car-lineup-dominates-article\/#primaryimage"},"image":{"@id":"https:\/\/www.tjygqc.com\/your-2026-guide-5-reasons-the-new-bmw-electric-car-lineup-dominates-article\/#primaryimage"},"thumbnailUrl":"https:\/\/www.tjygqc.com\/wp-content\/uploads\/2025\/08\/your-2026-guide-5-reasons-the-new-bmw-electric-car-lineup-dominates.webp","datePublished":"2025-08-28T07:11:05+00:00","dateModified":"2025-09-01T15:46:03+00:00","breadcrumb":{"@id":"https:\/\/www.tjygqc.com\/your-2026-guide-5-reasons-the-new-bmw-electric-car-lineup-dominates-article\/#breadcrumb"},"inLanguage":"pt-PT","potentialAction":[{"@type":"ReadAction","target":["https:\/\/www.tjygqc.com\/your-2026-guide-5-reasons-the-new-bmw-electric-car-lineup-dominates-article\/"]}]},{"@type":"ImageObject","inLanguage":"pt-PT","@id":"https:\/\/www.tjygqc.com\/your-2026-guide-5-reasons-the-new-bmw-electric-car-lineup-dominates-article\/#primaryimage","url":"https:\/\/www.tjygqc.com\/wp-content\/uploads\/2025\/08\/your-2026-guide-5-reasons-the-new-bmw-electric-car-lineup-dominates.webp","contentUrl":"https:\/\/www.tjygqc.com\/wp-content\/uploads\/2025\/08\/your-2026-guide-5-reasons-the-new-bmw-electric-car-lineup-dominates.webp","width":800,"height":800,"caption":"Your 2026 Guide: 5 Reasons the New BMW Electric Car Lineup Dominates"},{"@type":"BreadcrumbList","@id":"https:\/\/www.tjygqc.com\/your-2026-guide-5-reasons-the-new-bmw-electric-car-lineup-dominates-article\/#breadcrumb","itemListElement":[{"@type":"ListItem","position":1,"name":"Home","item":"https:\/\/www.tjygqc.com\/"},{"@type":"ListItem","position":2,"name":"Your 2026 Guide: 5 Reasons the New BMW Electric Car Lineup Dominates"}]},{"@type":"WebSite","@id":"https:\/\/www.tjygqc.com\/#website","url":"https:\/\/www.tjygqc.com\/","name":"Tianjin Yigang Automobile Sales Co.,Ltd.","description":"Tianjin Yigang Automobile Sales Co.,Ltd.","publisher":{"@id":"https:\/\/www.tjygqc.com\/#organization"},"potentialAction":[{"@type":"SearchAction","target":{"@type":"EntryPoint","urlTemplate":"https:\/\/www.tjygqc.com\/?s={search_term_string}"},"query-input":{"@type":"PropertyValueSpecification","valueRequired":true,"valueName":"search_term_string"}}],"inLanguage":"pt-PT"},{"@type":"Organization","@id":"https:\/\/www.tjygqc.com\/#organization","name":"Tianjin Yigang Automobile Sales Co., Ltd.","url":"https:\/\/www.tjygqc.com\/","logo":{"@type":"ImageObject","inLanguage":"pt-PT","@id":"https:\/\/www.tjygqc.com\/#\/schema\/logo\/image\/","url":"https:\/\/www.tjygqc.com\/wp-content\/uploads\/2025\/03\/cropped-WechatIMG581.png","contentUrl":"https:\/\/www.tjygqc.com\/wp-content\/uploads\/2025\/03\/cropped-WechatIMG581.png","width":338,"height":142,"caption":"Tianjin Yigang Automobile Sales Co., Ltd."},"image":{"@id":"https:\/\/www.tjygqc.com\/#\/schema\/logo\/image\/"},"sameAs":["https:\/\/www.facebook.com\/tianjinyigang\/","https:\/\/www.youtube.com\/@TianjinYigangAutomobile","https:\/\/www.instagram.com\/tianjinyigang\/"]},{"@type":"Person","@id":"https:\/\/www.tjygqc.com\/#\/schema\/person\/9a0e27c1156d5a1d4cb23dce2cc5ad36","name":"user","image":{"@type":"ImageObject","inLanguage":"pt-PT","@id":"https:\/\/www.tjygqc.com\/#\/schema\/person\/image\/","url":"https:\/\/secure.gravatar.com\/avatar\/b58996c504c5638798eb6b511e6f49af?s=96&d=mm&r=g","contentUrl":"https:\/\/secure.gravatar.com\/avatar\/b58996c504c5638798eb6b511e6f49af?s=96&d=mm&r=g","caption":"user"},"sameAs":["https:\/\/www.tjygqc.com:8182"],"url":"https:\/\/www.tjygqc.com\/pt\/author\/user\/"}]}},"_links":{"self":[{"href":"https:\/\/www.tjygqc.com\/pt\/wp-json\/wp\/v2\/posts\/3050","targetHints":{"allow":["GET"]}}],"collection":[{"href":"https:\/\/www.tjygqc.com\/pt\/wp-json\/wp\/v2\/posts"}],"about":[{"href":"https:\/\/www.tjygqc.com\/pt\/wp-json\/wp\/v2\/types\/post"}],"author":[{"embeddable":true,"href":"https:\/\/www.tjygqc.com\/pt\/wp-json\/wp\/v2\/users\/1"}],"replies":[{"embeddable":true,"href":"https:\/\/www.tjygqc.com\/pt\/wp-json\/wp\/v2\/comments?post=3050"}],"version-history":[{"count":2,"href":"https:\/\/www.tjygqc.com\/pt\/wp-json\/wp\/v2\/posts\/3050\/revisions"}],"predecessor-version":[{"id":3063,"href":"https:\/\/www.tjygqc.com\/pt\/wp-json\/wp\/v2\/posts\/3050\/revisions\/3063"}],"wp:featuredmedia":[{"embeddable":true,"href":"https:\/\/www.tjygqc.com\/pt\/wp-json\/wp\/v2\/media\/3052"}],"wp:attachment":[{"href":"https:\/\/www.tjygqc.com\/pt\/wp-json\/wp\/v2\/media?parent=3050"}],"wp:term":[{"taxonomy":"category","embeddable":true,"href":"https:\/\/www.tjygqc.com\/pt\/wp-json\/wp\/v2\/categories?post=3050"},{"taxonomy":"post_tag","embeddable":true,"href":"https:\/\/www.tjygqc.com\/pt\/wp-json\/wp\/v2\/tags?post=3050"}],"curies":[{"name":"wp","href":"https:\/\/api.w.org\/{rel}","templated":true}]}}