{"id":3080,"date":"2025-09-16T07:33:06","date_gmt":"2025-09-16T07:33:06","guid":{"rendered":"https:\/\/www.tjygqc.com\/data-backed-analysis-for-2025-are-electric-vehicles-better-for-the-environment-article\/"},"modified":"2025-09-16T07:33:10","modified_gmt":"2025-09-16T07:33:10","slug":"data-backed-analysis-for-2025-are-electric-vehicles-better-for-the-environment","status":"publish","type":"post","link":"https:\/\/www.tjygqc.com\/pt\/data-backed-analysis-for-2025-are-electric-vehicles-better-for-the-environment-article\/","title":{"rendered":"An\u00e1lise baseada em dados para 2025: Os ve\u00edculos el\u00e9ctricos s\u00e3o melhores para o ambiente?"},"content":{"rendered":"<p><img loading=\"lazy\" decoding=\"async\" style=\"display: block; margin-left: auto; margin-right: auto;\" data-src=\"https:\/\/www.tjygqc.com\/wp-content\/uploads\/2025\/03\/Jetour-Dasheng-1.5T-1.webp\" alt=\"\" width=\"600\" height=\"600\" src=\"https:\/\/www.tjygqc.com\/wp-content\/uploads\/2025\/03\/Jetour-Dasheng-1.5T-1.webp\" data-ll-status=\"loaded\" class=\"entered loaded\"><\/p>\n<h2 id=\"abstract\">Resumo<\/h2>\n<p>O debate em torno das credenciais ambientais dos ve\u00edculos el\u00e9ctricos (VE) vai muito al\u00e9m da aus\u00eancia de emiss\u00f5es pelo tubo de escape. Uma avalia\u00e7\u00e3o abrangente requer uma avalia\u00e7\u00e3o do ciclo de vida, examinando os impactos desde a extra\u00e7\u00e3o de mat\u00e9rias-primas e o fabrico at\u00e9 \u00e0 fase de utiliza\u00e7\u00e3o operacional e ao eventual processamento em fim de vida. Esta an\u00e1lise conclui que, embora os VE tenham um \u00f3nus ambiental inicial significativo, principalmente devido \u00e0 produ\u00e7\u00e3o de baterias, as suas emiss\u00f5es globais ao longo do tempo de vida s\u00e3o substancialmente inferiores \u00e0s dos ve\u00edculos com motor de combust\u00e3o interna (ICEV). Esta vantagem \u00e9 profundamente influenciada pela intensidade de carbono da rede el\u00e9ctrica utilizada para o carregamento. Em regi\u00f5es com uma elevada penetra\u00e7\u00e3o de energia renov\u00e1vel ou nuclear, os benef\u00edcios ambientais dos VEs s\u00e3o maximizados. Por outro lado, em \u00e1reas fortemente dependentes de combust\u00edveis f\u00f3sseis, os benef\u00edcios s\u00e3o reduzidos, mas geralmente ainda est\u00e3o presentes durante a vida \u00fatil do ve\u00edculo. O cen\u00e1rio em evolu\u00e7\u00e3o da reciclagem de baterias e das aplica\u00e7\u00f5es de segunda vida apresenta um caminho promissor para atenuar o impacto inicial do fabrico, solidificando ainda mais a posi\u00e7\u00e3o dos ve\u00edculos el\u00e9ctricos como uma escolha ambiental superior na transi\u00e7\u00e3o a longo prazo para transportes sustent\u00e1veis.<\/p>\n<h2 id=\"key-takeaways\">Principais conclus\u00f5es<\/h2>\n<ul>\n<li>Os ve\u00edculos el\u00e9ctricos t\u00eam emiss\u00f5es de fabrico mais elevadas, principalmente na produ\u00e7\u00e3o de baterias, criando uma \"d\u00edvida de carbono\" inicial.<\/li>\n<li>A quest\u00e3o de saber se os ve\u00edculos el\u00e9ctricos s\u00e3o melhores para o ambiente depende em grande medida da limpeza da rede el\u00e9ctrica local&amp;#39.<\/li>\n<li>Durante toda a sua vida \u00fatil, os ve\u00edculos el\u00e9ctricos produzem quase sempre menos gases com efeito de estufa do que os ve\u00edculos a gasolina ou a gas\u00f3leo.<\/li>\n<li>A reciclagem e a utiliza\u00e7\u00e3o em segunda vida das baterias de ve\u00edculos el\u00e9ctricos s\u00e3o vitais para reduzir a sua pegada ambiental global.<\/li>\n<li>As emiss\u00f5es n\u00e3o relacionadas com o escape, como as poeiras dos pneus e dos trav\u00f5es, s\u00e3o um problema comum aos ve\u00edculos el\u00e9ctricos e aos ve\u00edculos convencionais.<\/li>\n<li>Os avan\u00e7os tecnol\u00f3gicos na qu\u00edmica e no fabrico das baterias est\u00e3o a melhorar continuamente o perfil ecol\u00f3gico dos ve\u00edculos el\u00e9ctricos.<\/li>\n<li>Para uma compara\u00e7\u00e3o correta, considere todo o impacto \"do po\u00e7o \u00e0 roda\" e n\u00e3o apenas as emiss\u00f5es do tubo de escape.<\/li>\n<\/ul>\n<h2 id=\"table-of-contents\">\u00cdndice<\/h2>\n<ul>\n<li><a href=\"#a-question-of-the-whole-story-why-lifecycle-assessment-is-the-only-true-measure\">Uma quest\u00e3o de toda a hist\u00f3ria: Porque \u00e9 que a avalia\u00e7\u00e3o do ciclo de vida \u00e9 a \u00fanica medida verdadeira<\/a><\/li>\n<li><a href=\"#the-birth-of-an-electric-vehicle-unpacking-the-manufacturing-footprint\">O nascimento de um ve\u00edculo el\u00e9trico: Desvendar a pegada de fabrico<\/a><\/li>\n<li><a href=\"#the-life-of-an-electric-vehicle-the-decisive-role-of-the-power-grid\">A vida de um ve\u00edculo el\u00e9trico: O papel decisivo da rede el\u00e9ctrica<\/a><\/li>\n<li><a href=\"#the-afterlife-of-an-ev-battery-a-circular-economy-in-the-making\">A vida ap\u00f3s a morte de uma bateria de VE: Uma economia circular em constru\u00e7\u00e3o<\/a><\/li>\n<li><a href=\"#beyond-greenhouse-gases-water-land-and-particulate-matter\">Para al\u00e9m dos gases com efeito de estufa: \u00c1gua, terra e part\u00edculas<\/a><\/li>\n<li><a href=\"#the-2025-verdict-for-your-commercial-fleet-a-global-perspective\">O veredito de 2025 para a sua frota comercial: Uma perspetiva global<\/a><\/li>\n<li><a href=\"#frequently-asked-questions\">Perguntas mais frequentes<\/a><\/li>\n<li><a href=\"#conclusion\">Conclus\u00e3o<\/a><\/li>\n<li><a href=\"#references\">Refer\u00eancias<\/a><\/li>\n<\/ul>\n<h2 id=\"a-question-of-the-whole-story-why-lifecycle-assessment-is-the-only-true-measure\">Uma quest\u00e3o de toda a hist\u00f3ria: Porque \u00e9 que a avalia\u00e7\u00e3o do ciclo de vida \u00e9 a \u00fanica medida verdadeira<\/h2>\n<p>Quando observamos um ve\u00edculo el\u00e9trico a mover-se com um zumbido silencioso, a sua virtude ambiental mais c\u00e9lebre \u00e9 o que est\u00e1 ausente: a baforada de fumo, o cheiro a combust\u00edvel queimado, o cocktail de poluentes que sai de um tubo de escape. Esta realidade imediata e sensorial tornou-se o principal s\u00edmbolo do transporte limpo. No entanto, para responder verdadeiramente \u00e0 pergunta \"os ve\u00edculos el\u00e9ctricos s\u00e3o melhores para o ambiente?\", temos de cultivar uma forma de investiga\u00e7\u00e3o que veja para al\u00e9m do imediato e abranja toda a hist\u00f3ria de vida do objeto que estamos a examinar. Esta abordagem \u00e9 o que os engenheiros e cientistas ambientais chamam de Avalia\u00e7\u00e3o do Ciclo de Vida, ou ACV. \u00c9 um m\u00e9todo de investiga\u00e7\u00e3o que resiste a respostas simples, exigindo uma contabilidade completa, do ber\u00e7o ao t\u00famulo.<\/p>\n<p>Imagine tentar compreender a sa\u00fade de uma pessoa observando-a apenas durante uma hora num dia. Pode v\u00ea-la a correr e concluir que est\u00e1 em perfeita forma, ou pode v\u00ea-la a comer uma fatia de bolo e concluir que a sua dieta \u00e9 pobre. Nenhuma das observa\u00e7\u00f5es conta toda a hist\u00f3ria. Uma ACV \u00e9 como um historial m\u00e9dico completo e um di\u00e1rio de toda a vida combinados. Para um ve\u00edculo, n\u00e3o come\u00e7a no piso da sala de exposi\u00e7\u00f5es, mas nas profundezas da terra, onde s\u00e3o extra\u00eddas as mat\u00e9rias-primas para os seus componentes. Segue esses materiais atrav\u00e9s da refina\u00e7\u00e3o, processamento e fabrico at\u00e9 \u00e0 m\u00e1quina intrincada que \u00e9 um autom\u00f3vel. Depois, acompanha a energia consumida e as emiss\u00f5es produzidas durante os seus anos de funcionamento. Por fim, segue o ve\u00edculo at\u00e9 ao seu fim, perguntando o que acontece \u00e0s suas pe\u00e7as - s\u00e3o deitadas fora num aterro ou renascem atrav\u00e9s da reciclagem?<\/p>\n<h3 id=\"why-tailpipe-emissions-are-only-part-of-the-story\">Porque \u00e9 que as emiss\u00f5es do tubo de escape s\u00e3o apenas uma parte da hist\u00f3ria<\/h3>\n<p>O conceito de \"zero emiss\u00f5es de gases de escape\" \u00e9 simultaneamente muito verdadeiro e potencialmente enganador. \u00c9 verdadeiro no sentido mais literal. Um ve\u00edculo el\u00e9trico alimentado por bateria n\u00e3o queima combust\u00edveis f\u00f3sseis e, por conseguinte, n\u00e3o liberta diretamente di\u00f3xido de carbono (CO2), \u00f3xidos de azoto (NOx) ou part\u00edculas (PM2,5) de um tubo de escape. Para a qualidade do ar urbano, este \u00e9 um benef\u00edcio monumental. O smog que sufoca cidades de Deli a Los Angeles \u00e9, em grande parte, um produto dos gases de escape dos ve\u00edculos. A remo\u00e7\u00e3o dessa fonte melhora diretamente a sa\u00fade p\u00fablica, reduzindo as taxas de asma, doen\u00e7as respirat\u00f3rias e doen\u00e7as cardiovasculares (Shindell et al., 2021). Esta n\u00e3o \u00e9 uma quest\u00e3o menor; \u00e9 um bem humano profundo.<\/p>\n<p>No entanto, a energia que alimenta o VE tem de vir de algum lado. A aus\u00eancia de um tubo de escape n\u00e3o significa a aus\u00eancia de uma fonte de emiss\u00f5es; significa simplesmente que a fonte foi deslocada. As emiss\u00f5es podem agora provir de uma central el\u00e9ctrica a quil\u00f3metros de dist\u00e2ncia. Se essa central queima carv\u00e3o, o CO2 continua a entrar na atmosfera, embora num local diferente. Este facto \u00e9 frequentemente designado por \"tubo de escape longo\" do VE. Por conseguinte, uma compara\u00e7\u00e3o justa entre um ve\u00edculo el\u00e9trico e um ve\u00edculo com motor de combust\u00e3o interna (ICEV) n\u00e3o pode ser \"tubo de escape\" versus \"tubo de escape\". Tem de ser \"do po\u00e7o \u00e0 roda\" para o VE versus \"do po\u00e7o \u00e0 roda\" para o ICEV.<\/p>\n<p>Para o ICEV, o \"po\u00e7o \u00e0 roda\" inclui as emiss\u00f5es da extra\u00e7\u00e3o do petr\u00f3leo bruto, do seu transporte, da sua refina\u00e7\u00e3o em gasolina ou gas\u00f3leo e, finalmente, da sua combust\u00e3o no motor. Para o VE, inclui as emiss\u00f5es da produ\u00e7\u00e3o de eletricidade (o \"po\u00e7o\") e a efici\u00eancia do ve\u00edculo que utiliza essa eletricidade (a \"roda\"). Esta estrutura complica imediatamente o quadro, revelando que o desempenho ambiental de um VE n\u00e3o \u00e9 um atributo fixo, mas uma vari\u00e1vel, profundamente interligada com a infraestrutura energ\u00e9tica do local onde \u00e9 conduzido.<\/p>\n<h2 id=\"the-birth-of-an-electric-vehicle-unpacking-the-manufacturing-footprint\">O nascimento de um ve\u00edculo el\u00e9trico: Desvendar a pegada de fabrico<\/h2>\n<p>Antes de um ve\u00edculo el\u00e9trico percorrer o seu primeiro quil\u00f3metro, j\u00e1 acumulou uma pegada ambiental significativa. Este \"carbono incorporado\" ou \"mochila de carbono\" \u00e9 uma consequ\u00eancia da energia e dos recursos consumidos durante a sua produ\u00e7\u00e3o. Embora todo o fabrico de autom\u00f3veis seja intensivo em recursos, a produ\u00e7\u00e3o de VE, especificamente as suas baterias, apresenta um conjunto \u00fanico de desafios e um custo ambiental inicial mais elevado em compara\u00e7\u00e3o com os seus hom\u00f3logos movidos a gasolina.<\/p>\n<h3 id=\"the-elephant-in-the-room-battery-production\">O elefante na sala: Produ\u00e7\u00e3o de baterias<\/h3>\n<p>A bateria de i\u00f5es de l\u00edtio \u00e9 o cora\u00e7\u00e3o de um VE moderno e a sua cria\u00e7\u00e3o \u00e9, de longe, a parte do processo de fabrico do ve\u00edculo que consome mais energia&amp;#39. Os estudos mostram consistentemente que a produ\u00e7\u00e3o de um VE gera mais emiss\u00f5es de gases com efeito de estufa do que a produ\u00e7\u00e3o de um ICEV compar\u00e1vel. A diferen\u00e7a reside quase exclusivamente no conjunto de baterias. Dependendo do tamanho da bateria e da combina\u00e7\u00e3o de energia utilizada na instala\u00e7\u00e3o de fabrico, a produ\u00e7\u00e3o de um VE pode resultar em 30% a 70% mais emiss\u00f5es do que a produ\u00e7\u00e3o de um ICEV equivalente (IEA, 2023).<\/p>\n<p>Pense nisto como come\u00e7ar uma corrida a partir de tr\u00e1s. O VE come\u00e7a a sua vida com uma \"d\u00edvida de carbono\" que tem de pagar ao longo da sua vida \u00fatil atrav\u00e9s da sua efici\u00eancia superior e da aus\u00eancia de emiss\u00f5es pelo tubo de escape. A quest\u00e3o fundamental, que exploraremos mais adiante, \u00e9 quanto tempo \u00e9 necess\u00e1rio para pagar essa d\u00edvida. Este \"per\u00edodo de recupera\u00e7\u00e3o\" \u00e9 o fulcro sobre o qual gira todo o debate ambiental.<\/p>\n<p>A energia necess\u00e1ria para o fabrico de baterias prov\u00e9m de v\u00e1rias fases: extra\u00e7\u00e3o e processamento das mat\u00e9rias-primas, produ\u00e7\u00e3o dos materiais do \u00e2nodo e do c\u00e1todo, forma\u00e7\u00e3o das c\u00e9lulas individuais e montagem destas num conjunto de baterias protegido e com temperatura controlada. Muitas das maiores f\u00e1bricas de baterias do mundo&amp;#39 est\u00e3o localizadas em pa\u00edses como a China, onde a rede el\u00e9ctrica tem sido historicamente dominada pelo carv\u00e3o. O fabrico de uma bateria com eletricidade produzida a partir do carv\u00e3o resulta em aproximadamente o dobro das emiss\u00f5es de CO2 do que o fabrico da mesma bateria utilizando uma mistura de energia com baixo teor de carbono, como a que se encontra em Fran\u00e7a ou na Su\u00e9cia (Bieker, 2021). Esta concentra\u00e7\u00e3o geogr\u00e1fica da produ\u00e7\u00e3o tem um impacto profundo na m\u00e9dia global das emiss\u00f5es do fabrico de baterias.<\/p>\n<h3 id=\"raw-material-extraction-the-environmental-cost-of-lithium-cobalt-and-nickel\">Extra\u00e7\u00e3o de mat\u00e9rias-primas: O custo ambiental do l\u00edtio, do cobalto e do n\u00edquel<\/h3>\n<p>Uma bateria \u00e9 uma maravilha da ci\u00eancia dos materiais, mas os seus principais ingredientes n\u00e3o s\u00e3o criados num laborat\u00f3rio; s\u00e3o retirados da terra. Os materiais prim\u00e1rios das actuais baterias NMC (N\u00edquel-Mangan\u00eas-Cobalto) e NCA (N\u00edquel-Cobalto-Alum\u00ednio) levantam quest\u00f5es ambientais e \u00e9ticas importantes.<\/p>\n<table class=\"mce-item-table\" style=\"width:100%; border-collapse: collapse;\" border=\"1\">\n<thead>\n<tr>\n<th style=\"text-align:left;\">Material<\/th>\n<th style=\"text-align:left;\">Regi\u00f5es de abastecimento prim\u00e1rio<\/th>\n<th style=\"text-align:left;\">Principais preocupa\u00e7\u00f5es ambientais e sociais<\/th>\n<\/tr>\n<\/thead>\n<tbody>\n<tr>\n<td style=\"text-align:left;\"><strong>L\u00edtio<\/strong><\/td>\n<td style=\"text-align:left;\">Austr\u00e1lia (extra\u00e7\u00e3o de rocha dura), Chile\/Argentina (evapora\u00e7\u00e3o de salmoura)<\/td>\n<td style=\"text-align:left;\">Elevado consumo de \u00e1gua em regi\u00f5es \u00e1ridas (salmoura); perturba\u00e7\u00e3o do solo e utiliza\u00e7\u00e3o de produtos qu\u00edmicos (rocha dura).<\/td>\n<\/tr>\n<tr>\n<td style=\"text-align:left;\"><strong>Cobalto<\/strong><\/td>\n<td style=\"text-align:left;\">Rep\u00fablica Democr\u00e1tica do Congo (RDC) (&gt;70% do abastecimento mundial)<\/td>\n<td style=\"text-align:left;\">A minera\u00e7\u00e3o artesanal est\u00e1 associada ao trabalho infantil, a condi\u00e7\u00f5es de trabalho inseguras e a uma grave polui\u00e7\u00e3o local.<\/td>\n<\/tr>\n<tr>\n<td style=\"text-align:left;\"><strong>N\u00edquel<\/strong><\/td>\n<td style=\"text-align:left;\">Indon\u00e9sia, Filipinas, R\u00fassia<\/td>\n<td style=\"text-align:left;\">Desfloresta\u00e7\u00e3o para minas a c\u00e9u aberto; a elimina\u00e7\u00e3o de res\u00edduos pode poluir os rios e os ecossistemas costeiros.<\/td>\n<\/tr>\n<\/tbody>\n<\/table>\n<p>A extra\u00e7\u00e3o de l\u00edtio das salinas do \"Tri\u00e2ngulo do L\u00edtio\" sul-americano \u00e9 um exemplo disso mesmo. O processo envolve a bombagem de grandes quantidades de salmoura do subsolo do deserto para grandes tanques de evapora\u00e7\u00e3o. Este m\u00e9todo \u00e9 intensivo em \u00e1gua num dos locais mais secos da Terra, criando tens\u00f5es com as comunidades locais e os ecossistemas que dependem dos mesmos recursos h\u00eddricos escassos.<\/p>\n<p>A hist\u00f3ria do cobalto \u00e9 ainda mais preocupante. A maior parte do fornecimento mundial&amp;#39 vem da Rep\u00fablica Democr\u00e1tica do Congo, onde uma parte significativa \u00e9 extra\u00edda atrav\u00e9s da minera\u00e7\u00e3o \"artesanal\". Este termo desmente uma realidade sombria de trabalho manual em condi\u00e7\u00f5es perigosas e n\u00e3o regulamentadas, muitas vezes envolvendo crian\u00e7as, com exposi\u00e7\u00e3o direta a metais t\u00f3xicos (Sovacool et al., 2020). Embora a ind\u00fastria de ve\u00edculos el\u00e9tricos esteja a trabalhar ativamente para melhorar a transpar\u00eancia da cadeia de abastecimento e reduzir a depend\u00eancia do cobalto, este continua a ser uma mancha profunda no registo \u00e9tico da ind\u00fastria. Para as empresas e gestores de frotas, compreender a proveni\u00eancia dos materiais das baterias est\u00e1 a tornar-se uma parte essencial de uma aquisi\u00e7\u00e3o respons\u00e1vel.<\/p>\n<h3 id=\"the-energy-intensive-process-of-cell-and-pack-assembly\">O processo intensivo em energia da montagem de c\u00e9lulas e embalagens<\/h3>\n<p>Depois de as mat\u00e9rias-primas serem refinadas em produtos qu\u00edmicos para baterias, pode dar-se in\u00edcio ao fabrico das c\u00e9lulas. Isto envolve o revestimento de folhas com materiais an\u00f3dicos e cat\u00f3dicos, empilhando-as ou enrolando-as e envolvendo-as num inv\u00f3lucro com um eletr\u00f3lito. Um passo particularmente intensivo em termos de energia \u00e9 a cria\u00e7\u00e3o de uma \"sala seca\", um espa\u00e7o com uma humidade extremamente baixa, o que \u00e9 necess\u00e1rio porque a qu\u00edmica da bateria \u00e9 altamente sens\u00edvel \u00e0 humidade. A manuten\u00e7\u00e3o destas condi\u00e7\u00f5es exige um gasto constante e significativo de energia.<\/p>\n<p>Ap\u00f3s a produ\u00e7\u00e3o das c\u00e9lulas, estas s\u00e3o montadas em m\u00f3dulos e os m\u00f3dulos s\u00e3o integrados no conjunto final de baterias. Este conjunto \u00e9 mais do que uma simples caixa de c\u00e9lulas; inclui um sofisticado sistema de gest\u00e3o de baterias (BMS), circuitos de arrefecimento e aquecimento para manter uma temperatura de funcionamento \u00f3ptima e uma caixa robusta para o proteger de danos f\u00edsicos. Cada um destes componentes aumenta a pegada global de fabrico. A tend\u00eancia para baterias maiores com o objetivo de aumentar a autonomia dos ve\u00edculos agrava esta quest\u00e3o, uma vez que uma bateria maior implica mais materiais, mais energia e uma mochila de carbono inicial maior.<\/p>\n<h2 id=\"the-life-of-an-electric-vehicle-the-decisive-role-of-the-power-grid\">A vida de um ve\u00edculo el\u00e9trico: O papel decisivo da rede el\u00e9ctrica<\/h2>\n<p>Quando um ve\u00edculo el\u00e9trico sai da f\u00e1brica, o seu desempenho ambiental entra numa nova e decisiva fase. A d\u00edvida de carbono contra\u00edda durante o seu fabrico come\u00e7a agora a ser paga, quil\u00f3metro a quil\u00f3metro. No entanto, o ritmo desta amortiza\u00e7\u00e3o n\u00e3o \u00e9 determinado pelo ve\u00edculo em si, mas pela fonte de energia. A quest\u00e3o de saber se os ve\u00edculos el\u00e9ctricos s\u00e3o melhores para o ambiente durante a sua vida \u00fatil \u00e9 fundamentalmente uma quest\u00e3o sobre a intensidade de carbono da rede el\u00e9ctrica.<\/p>\n<p>Um ve\u00edculo el\u00e9trico \u00e9, na sua ess\u00eancia, um recipiente para a energia da rede. Ao lig\u00e1-lo a uma tomada, ele liga-se a uma vasta e complexa rede de centrais el\u00e9ctricas, linhas de transmiss\u00e3o e transformadores. O impacto ambiental de cada quil\u00f3metro percorrido \u00e9 um reflexo direto da forma como a eletricidade foi produzida.<\/p>\n<h3 id=\"a-tale-of-two-grids-the-decisive-role-of-the-electricity-source\">Uma hist\u00f3ria de duas redes: O papel decisivo da fonte de eletricidade<\/h3>\n<p>Para compreender isto, imaginemos dois ve\u00edculos el\u00e9ctricos id\u00eanticos. Um \u00e9 conduzido na Noruega e o outro na Pol\u00f3nia.<\/p>\n<p>Na Noruega, a rede el\u00e9ctrica \u00e9 um modelo de descarboniza\u00e7\u00e3o. Mais de 98% da sua eletricidade \u00e9 gerada a partir de energia hidroel\u00e9trica, uma fonte renov\u00e1vel com emiss\u00f5es muito baixas durante o ciclo de vida (Statistics Norway, 2023). Quando o VE noruegu\u00eas carrega, est\u00e1 a encher a sua bateria com energia limpa. As suas emiss\u00f5es \"do po\u00e7o \u00e0 roda\" s\u00e3o excecionalmente baixas, consistindo apenas nas pequenas perdas durante o transporte de eletricidade e no consumo de energia do pr\u00f3prio ve\u00edculo.<\/p>\n<p>Na Pol\u00f3nia, a situa\u00e7\u00e3o \u00e9 completamente diferente. A rede depende fortemente do carv\u00e3o para mais de 70% da sua produ\u00e7\u00e3o de eletricidade (Forum Energii, 2023). O carv\u00e3o \u00e9 o combust\u00edvel f\u00f3ssil com maior intensidade de carbono. Quando o VE polaco carrega, est\u00e1, de facto, a ser alimentado a carv\u00e3o. As emiss\u00f5es foram deslocadas do tubo de escape inexistente do autom\u00f3vel para a chamin\u00e9 de uma central el\u00e9ctrica. Embora o VE continue a ser mais eficiente na convers\u00e3o de energia em movimento do que um ICEV, uma parte significativa da sua energia vem com uma pesada penaliza\u00e7\u00e3o em termos de carbono.<\/p>\n<p>Esta hist\u00f3ria de dois pa\u00edses ilustra o espetro de possibilidades. O benef\u00edcio ambiental de conduzir um VE n\u00e3o \u00e9 uma constante global; \u00e9 uma vari\u00e1vel local. A tabela abaixo fornece um retrato desta realidade para diferentes regi\u00f5es, o que \u00e9 de particular interesse para os gestores de frotas que operam em diversos mercados.<\/p>\n<table class=\"mce-item-table\" style=\"width:100%; border-collapse: collapse;\" border=\"1\">\n<thead>\n<tr>\n<th style=\"text-align:left;\">Regi\u00e3o\/Pa\u00eds<\/th>\n<th style=\"text-align:left;\">Fonte(s) de eletricidade predominante(s)<\/th>\n<th style=\"text-align:left;\">Intensidade aproximada de carbono da rede (gCO2e\/kWh)<\/th>\n<th style=\"text-align:left;\">Implica\u00e7\u00f5es para as emiss\u00f5es de VE<\/th>\n<\/tr>\n<\/thead>\n<tbody>\n<tr>\n<td style=\"text-align:left;\"><strong>Noruega<\/strong><\/td>\n<td style=\"text-align:left;\">Energia hidroel\u00e9trica<\/td>\n<td style=\"text-align:left;\">~10-20<\/td>\n<td style=\"text-align:left;\">Muito baixo<\/td>\n<\/tr>\n<tr>\n<td style=\"text-align:left;\"><strong>Fran\u00e7a<\/strong><\/td>\n<td style=\"text-align:left;\">Energia nuclear<\/td>\n<td style=\"text-align:left;\">~50-60<\/td>\n<td style=\"text-align:left;\">Muito baixo<\/td>\n<\/tr>\n<tr>\n<td style=\"text-align:left;\"><strong>Alemanha<\/strong><\/td>\n<td style=\"text-align:left;\">Mix (energias renov\u00e1veis, g\u00e1s, carv\u00e3o)<\/td>\n<td style=\"text-align:left;\">~300-400<\/td>\n<td style=\"text-align:left;\">M\u00e9dio<\/td>\n<\/tr>\n<tr>\n<td style=\"text-align:left;\"><strong>China<\/strong><\/td>\n<td style=\"text-align:left;\">Carv\u00e3o, energias renov\u00e1veis<\/td>\n<td style=\"text-align:left;\">~550-650<\/td>\n<td style=\"text-align:left;\">Elevada (mas a melhorar)<\/td>\n<\/tr>\n<tr>\n<td style=\"text-align:left;\"><strong>Emirados \u00c1rabes Unidos<\/strong><\/td>\n<td style=\"text-align:left;\">G\u00e1s natural, solar<\/td>\n<td style=\"text-align:left;\">~350-450<\/td>\n<td style=\"text-align:left;\">M\u00e9dio a elevado<\/td>\n<\/tr>\n<tr>\n<td style=\"text-align:left;\"><strong>\u00c1frica do Sul<\/strong><\/td>\n<td style=\"text-align:left;\">Carv\u00e3o<\/td>\n<td style=\"text-align:left;\">~850-950<\/td>\n<td style=\"text-align:left;\">Muito elevado<\/td>\n<\/tr>\n<\/tbody>\n<\/table>\n<p>Nota: Os valores s\u00e3o aproximados para 2024-2025 e podem variar consoante a hora do dia, a esta\u00e7\u00e3o do ano e as altera\u00e7\u00f5es pol\u00edticas. Fontes: IEA, Ember, Electricity Maps.<\/p>\n<h3 id=\"regional-differences-a-global-perspective-for-fleet-managers\">Diferen\u00e7as regionais: Uma perspetiva global para os gestores de frotas<\/h3>\n<p>Para uma empresa que gere uma frota de ve\u00edculos na Europa, \u00c1sia e \u00c1frica, esta varia\u00e7\u00e3o regional n\u00e3o \u00e9 apenas um ponto acad\u00e9mico; \u00e9 uma considera\u00e7\u00e3o estrat\u00e9gica. A decis\u00e3o de efetuar a transi\u00e7\u00e3o para <a href=\"https:\/\/www.tjygqc.com\/products\/\" rel=\"nofollow\">a nossa gama de ve\u00edculos comerciais el\u00e9ctricos<\/a> ter\u00e3o resultados ambientais muito diferentes consoante o territ\u00f3rio operacional.<\/p>\n<p>Em <strong>Europa<\/strong>A imagem \u00e9 um mosaico. Os pa\u00edses n\u00f3rdicos, a Fran\u00e7a e a Su\u00ed\u00e7a oferecem algumas das redes mais limpas do mundo, o que faz com que os VE sejam um argumento de peso. Na Alemanha, que est\u00e1 a eliminar agressivamente o carv\u00e3o e a gerir a intermit\u00eancia da sua enorme capacidade e\u00f3lica e solar, os benef\u00edcios continuam a ser fortes, mas menos pronunciados. Nos pa\u00edses da Europa de Leste, como a Pol\u00f3nia ou a Rep\u00fablica Checa, a depend\u00eancia dos combust\u00edveis f\u00f3sseis significa que o \"per\u00edodo de recupera\u00e7\u00e3o do carbono\" para um VE \u00e9 mais longo.<\/p>\n<p>Em <strong>\u00c1sia Central e Sudeste Asi\u00e1tico<\/strong>A situa\u00e7\u00e3o \u00e9 din\u00e2mica. A China, o maior mercado mundial de ve\u00edculos el\u00e9ctricos, \u00e9 tamb\u00e9m o maior consumidor mundial de carv\u00e3o. No entanto, est\u00e1 simultaneamente a implantar capacidade de energia renov\u00e1vel a um ritmo impressionante. A intensidade de carbono da rede chinesa est\u00e1 a diminuir de ano para ano, o que significa que um VE comprado em 2025 tornar-se-\u00e1 progressivamente mais limpo ao longo da sua vida \u00fatil, \u00e0 medida que a rede melhora (Luo et al., 2021). Outros pa\u00edses da regi\u00e3o, como o Vietname ou a Indon\u00e9sia, dependem fortemente do carv\u00e3o, o que representa um desafio maior para a ado\u00e7\u00e3o de VE por motivos puramente ambientais.<\/p>\n<p>No <strong>M\u00e9dio Oriente<\/strong>Em pa\u00edses como os Emirados \u00c1rabes Unidos e a Ar\u00e1bia Saudita, as redes s\u00e3o alimentadas predominantemente por g\u00e1s natural, que \u00e9 menos intensivo em carbono do que o carv\u00e3o, mas continua a ser um combust\u00edvel f\u00f3ssil. No entanto, estes pa\u00edses est\u00e3o a investir fortemente em projectos solares \u00e0 escala dos servi\u00e7os p\u00fablicos, o que poder\u00e1 reduzir drasticamente a intensidade de carbono das suas redes nos pr\u00f3ximos anos.<\/p>\n<p>Em <strong>\u00c1frica<\/strong>No entanto, o panorama \u00e9 incrivelmente diversificado. A rede da \u00c1frica do Sul&amp;#39 est\u00e1 entre as mais intensivas em carbono do mundo devido \u00e0 sua depend\u00eancia de uma frota envelhecida de centrais el\u00e9ctricas alimentadas a carv\u00e3o. Em contrapartida, pa\u00edses como a Eti\u00f3pia, o Qu\u00e9nia e a Z\u00e2mbia t\u00eam redes com uma percentagem muito elevada de energia hidroel\u00e9trica e geot\u00e9rmica, o que os torna ambientes ideais para a mobilidade el\u00e9ctrica do ponto de vista do carbono.<\/p>\n<h3 id=\"comparing-well-to-wheel-emissions-ev-vs-icev\">Compara\u00e7\u00e3o das emiss\u00f5es \"do po\u00e7o \u00e0 roda\": EV vs. ICEV<\/h3>\n<p>Mesmo com estas varia\u00e7\u00f5es regionais, um ponto crucial emerge de quase todas as avalia\u00e7\u00f5es do ciclo de vida realizadas at\u00e9 \u00e0 data: durante todo o seu tempo de vida, um VE m\u00e9dio produz menos emiss\u00f5es de gases com efeito de estufa do que um ICEV compar\u00e1vel.<\/p>\n<p>A chave \u00e9 a efici\u00eancia superior do motor el\u00e9trico. Um motor el\u00e9trico pode converter mais de 90% da energia el\u00e9ctrica da bateria em pot\u00eancia nas rodas. Um motor de combust\u00e3o interna \u00e9 chocantemente ineficiente em compara\u00e7\u00e3o, convertendo apenas 20-35% da energia armazenada na gasolina em movimento, sendo o resto perdido principalmente como calor residual (Departamento de Energia dos EUA, n.d.).<\/p>\n<p>Esta diferen\u00e7a de efici\u00eancia \u00e9 t\u00e3o grande que, mesmo quando um ve\u00edculo el\u00e9trico \u00e9 carregado numa rede relativamente suja e rica em carv\u00e3o, resulta frequentemente em emiss\u00f5es globais de CO2 por quil\u00f3metro inferiores \u00e0s de um ve\u00edculo a gasolina novo e eficiente. O ponto de equil\u00edbrio - em que o VE compensa finalmente as emiss\u00f5es mais elevadas do seu fabrico - varia. Numa rede limpa como a da Su\u00e9cia&amp;#39, pode ser t\u00e3o curto como um ano ou 20.000 quil\u00f3metros. Numa rede com muito carv\u00e3o, como a da Pol\u00f3nia&amp;#39 ou a da \u00c1frica do Sul&amp;#39, podem ser necess\u00e1rios cinco a oito anos de condu\u00e7\u00e3o m\u00e9dia. Dado que um autom\u00f3vel dura em m\u00e9dia 12 a 15 anos, o benef\u00edcio ao longo da vida \u00e9 quase sempre alcan\u00e7ado. \u00c0 medida que as redes em todo o mundo continuam a descarbonizar-se, este ponto de equil\u00edbrio ser\u00e1 cada vez mais curto, refor\u00e7ando o argumento ambiental a favor dos ve\u00edculos el\u00e9ctricos ano ap\u00f3s ano.<\/p>\n<h2 id=\"the-afterlife-of-an-ev-battery-a-circular-economy-in-the-making\">A vida ap\u00f3s a morte de uma bateria de VE: Uma economia circular em constru\u00e7\u00e3o<\/h2>\n<p>A hist\u00f3ria do impacto ambiental de um ve\u00edculo el\u00e9trico&amp;#39 n\u00e3o termina quando este sai da estrada pela \u00faltima vez. Uma parte significativa do seu valor material e da sua energia incorporada reside no seu conjunto de baterias. O destino desta bateria \u00e9 um cap\u00edtulo cr\u00edtico no seu ciclo de vida, que tem o potencial de criar um novo problema ambiental ou de fornecer uma solu\u00e7\u00e3o poderosa. Os campos emergentes da reciclagem de baterias e das aplica\u00e7\u00f5es de segunda vida est\u00e3o no centro da cria\u00e7\u00e3o de uma economia verdadeiramente circular para a mobilidade el\u00e9ctrica.<\/p>\n<p>Considera-se que uma bateria de ve\u00edculo atingiu o fim da sua vida \u00fatil quando a sua capacidade desce para cerca de 70-80% do seu estado original. Embora j\u00e1 n\u00e3o possa fornecer a autonomia e o desempenho necess\u00e1rios para a condu\u00e7\u00e3o, continua a ser um potente dispositivo de armazenamento de energia. Deit\u00e1-lo fora num aterro sanit\u00e1rio seria um desperd\u00edcio colossal e um perigo para o ambiente. Os metais que cont\u00e9m - l\u00edtio, cobalto, n\u00edquel, mangan\u00eas - s\u00e3o valiosos e a sua fuga para o ambiente pode contaminar o solo e as \u00e1guas subterr\u00e2neas. O caminho respons\u00e1vel a seguir passa por dar um novo objetivo a estas pilhas.<\/p>\n<h3 id=\"the-challenge-and-promise-of-battery-recycling\">O desafio e a promessa da reciclagem de pilhas<\/h3>\n<p>A reciclagem de uma bateria de ve\u00edculos el\u00e9ctricos \u00e9 uma tarefa complexa. Ao contr\u00e1rio de uma simples bateria de chumbo-\u00e1cido, uma bateria de i\u00f5es de l\u00edtio \u00e9 um conjunto sofisticado de centenas ou milhares de c\u00e9lulas individuais, integradas em sistemas electr\u00f3nicos e de refrigera\u00e7\u00e3o. A sua desmontagem segura \u00e9 o primeiro obst\u00e1culo. Mant\u00eam uma carga el\u00e9ctrica significativa mesmo no seu \"fim de vida\" e apresentam riscos de inc\u00eandio e de choque el\u00e9trico.<\/p>\n<p>Atualmente, existem dois m\u00e9todos principais de reciclagem:<\/p>\n<ol>\n<li>\n<p><strong>Pirometalurgia (Fundi\u00e7\u00e3o):<\/strong> Este \u00e9 o m\u00e9todo mais estabelecido. Os conjuntos de baterias s\u00e3o triturados e depois fundidos num forno de alta temperatura. Este processo recupera metais valiosos como o cobalto, o n\u00edquel e o cobre, mas normalmente queima o l\u00edtio, o alum\u00ednio e os componentes org\u00e2nicos (grafite, eletr\u00f3lito), que se perdem na esc\u00f3ria. \u00c9 um processo que consome muita energia e pode libertar poluentes nocivos se n\u00e3o for devidamente controlado.<\/p>\n<\/li>\n<li>\n<p><strong>Hidrometalurgia (lixivia\u00e7\u00e3o):<\/strong> Este m\u00e9todo mais recente e frequentemente mais promissor envolve a tritura\u00e7\u00e3o mec\u00e2nica das baterias e a utiliza\u00e7\u00e3o de solu\u00e7\u00f5es qu\u00edmicas (\u00e1cidos e agentes lixiviantes) para dissolver os metais e extra\u00ed-los seletivamente. A hidrometalurgia pode recuperar uma gama mais vasta de materiais, incluindo l\u00edtio e mangan\u00eas, com um grau de pureza mais elevado. Funciona a temperaturas mais baixas e tem geralmente uma pegada de carbono mais pequena do que a fundi\u00e7\u00e3o (Gaines, 2018).<\/p>\n<\/li>\n<\/ol>\n<p>O desenvolvimento de processos de reciclagem eficientes e economicamente vi\u00e1veis \u00e9 um dos principais objectivos da investiga\u00e7\u00e3o e do investimento a n\u00edvel mundial. O objetivo \u00e9 criar um \"ciclo fechado\", em que os materiais das baterias antigas possam ser utilizados para produzir novas baterias. Isto reduziria drasticamente a necessidade de novas explora\u00e7\u00f5es mineiras, diminuindo assim os impactos ambientais e sociais associados \u00e0 extra\u00e7\u00e3o de mat\u00e9rias-primas. Se a reciclagem puder fornecer um fluxo constante de cobalto, n\u00edquel e l\u00edtio para baterias, isso aliviar\u00e1 a press\u00e3o sobre as fontes prim\u00e1rias em locais como a RDC e o deserto de Atacama. A Uni\u00e3o Europeia j\u00e1 assumiu um papel de lideran\u00e7a, com novos regulamentos que obrigam a n\u00edveis m\u00ednimos de conte\u00fado reciclado nas novas baterias, uma pol\u00edtica que ir\u00e1 impulsionar a inova\u00e7\u00e3o e o investimento no sector da reciclagem (Comiss\u00e3o Europeia, 2022).<\/p>\n<h3 id=\"second-life-batteries-a-sustainable-solution-for-energy-storage\">Baterias de segunda vida: Uma solu\u00e7\u00e3o sustent\u00e1vel para o armazenamento de energia<\/h3>\n<p>Antes de uma bateria ser destru\u00edda para obter as suas mat\u00e9rias-primas, pode muitas vezes ter uma segunda vida numa aplica\u00e7\u00e3o menos exigente. Este conceito de utiliza\u00e7\u00e3o de \"segunda vida\" \u00e9 um exemplo poderoso dos princ\u00edpios da economia circular. Uma bateria com 70% da sua capacidade original pode n\u00e3o ser adequada para um autom\u00f3vel, mas \u00e9 perfeitamente adequada para armazenamento de energia estacion\u00e1ria.<\/p>\n<p>Imagine um parque solar. Gera eletricidade em abund\u00e2ncia quando o sol est\u00e1 a brilhar, mas nada \u00e0 noite. Um grande banco de baterias EV de segunda vida pode armazenar esse excesso de energia solar durante o dia e libert\u00e1-lo de volta para a rede ap\u00f3s o p\u00f4r do sol. Isto ajuda a estabilizar a rede, permite uma maior utiliza\u00e7\u00e3o de fontes de energia renov\u00e1veis intermitentes e proporciona um fluxo de receitas valioso a partir de um produto que em tempos foi considerado \"res\u00edduo\".<\/p>\n<p>As empresas j\u00e1 est\u00e3o a implementar estes sistemas \u00e0 escala comercial. As baterias de segunda vida est\u00e3o a ser utilizadas para fornecer energia de reserva a edif\u00edcios, para ajudar a gerir os picos de procura na rede e para alimentar esta\u00e7\u00f5es de carregamento de outros ve\u00edculos el\u00e9ctricos. Ao prolongar a vida \u00fatil da bateria de talvez 10 anos num ve\u00edculo para outros 5-10 anos numa aplica\u00e7\u00e3o estacion\u00e1ria, a energia total incorporada do seu fabrico \u00e9 amortizada durante um per\u00edodo muito mais longo, melhorando significativamente o seu perfil ambiental global. Este modelo de utiliza\u00e7\u00e3o em cascata extrai o m\u00e1ximo valor poss\u00edvel dos recursos utilizados para criar a bateria em primeiro lugar.<\/p>\n<h3 id=\"policy-and-innovation-driving-a-circular-ev-economy\">Pol\u00edtica e inova\u00e7\u00e3o para uma economia circular de VE<\/h3>\n<p>A transi\u00e7\u00e3o para uma economia circular de baterias n\u00e3o acontecer\u00e1 por si s\u00f3. Requer um esfor\u00e7o concertado dos decisores pol\u00edticos, fabricantes e inovadores. Os governos est\u00e3o a come\u00e7ar a implementar leis de \"responsabilidade alargada do produtor\" (EPR), que tornam os fabricantes de autom\u00f3veis respons\u00e1veis pela recolha e reciclagem das suas baterias em fim de vida. Isto incentiva-os a conceber baterias que sejam mais f\u00e1ceis de desmontar e reciclar - um conceito conhecido como \"Design for Recycling\".<\/p>\n<p>Ao mesmo tempo, a inova\u00e7\u00e3o est\u00e1 a acontecer em todas as fases. Est\u00e3o a ser desenvolvidas novas qu\u00edmicas de baterias que reduzem ou eliminam a necessidade de materiais problem\u00e1ticos como o cobalto. Por exemplo, as baterias de fosfato de ferro e l\u00edtio (LFP), que n\u00e3o cont\u00eam cobalto ou n\u00edquel, est\u00e3o a tornar-se cada vez mais comuns. Embora, historicamente, tenham oferecido uma densidade energ\u00e9tica inferior, os recentes avan\u00e7os est\u00e3o a torn\u00e1-las vi\u00e1veis para uma gama mais vasta de ve\u00edculos. As novas t\u00e9cnicas de reciclagem, como a reciclagem direta, visam renovar os materiais do c\u00e1todo diretamente, sem os decompor nos seus componentes elementares, um processo que pode poupar enormes quantidades de energia e preservar a valiosa microestrutura dos materiais. As empresas que investem em <a href=\"https:\/\/www.tjygqc.com\/products\/\" rel=\"nofollow\">ve\u00edculos utilit\u00e1rios el\u00e9ctricos especializados<\/a> hoje estamos a entrar num ecossistema em que a proposta de valor em fim de vida est\u00e1 a melhorar continuamente, transformando um potencial passivo num futuro ativo.<\/p>\n<h2 id=\"beyond-greenhouse-gases-water-land-and-particulate-matter\">Para al\u00e9m dos gases com efeito de estufa: \u00c1gua, terra e part\u00edculas<\/h2>\n<p>Uma investiga\u00e7\u00e3o ambiental exaustiva n\u00e3o pode limitar-se a uma \u00fanica m\u00e9trica, mesmo uma t\u00e3o importante como as emiss\u00f5es de gases com efeito de estufa. A pergunta \"os ve\u00edculos el\u00e9ctricos s\u00e3o melhores para o ambiente?\" exige uma perspetiva mais ampla que considere outros impactos ecol\u00f3gicos significativos, incluindo o consumo de \u00e1gua, a utiliza\u00e7\u00e3o dos solos e o problema persistente da polui\u00e7\u00e3o sem gases de escape. Nestes dom\u00ednios, a compara\u00e7\u00e3o entre VEs e VCIs revela um quadro mais complexo e matizado.<\/p>\n<h3 id=\"water-usage-in-mineral-extraction-and-manufacturing\">Utiliza\u00e7\u00e3o da \u00e1gua na extra\u00e7\u00e3o e fabrico de minerais<\/h3>\n<p>A rela\u00e7\u00e3o entre os ve\u00edculos el\u00e9ctricos e a \u00e1gua \u00e9 uma hist\u00f3ria de duas fases. Durante a fase operacional, os VE s\u00e3o claramente vencedores. Os motores de combust\u00e3o interna consomem \u00e1gua indiretamente atrav\u00e9s do processo de refina\u00e7\u00e3o do petr\u00f3leo, que \u00e9 uma atividade industrial com grande consumo de \u00e1gua. Os VE, como \u00e9 \u00f3bvio, n\u00e3o consomem \u00e1gua durante a condu\u00e7\u00e3o.<\/p>\n<p>No entanto, a fase de fabrico, em particular a aquisi\u00e7\u00e3o de mat\u00e9rias-primas, apresenta uma pegada h\u00eddrica significativa. Como j\u00e1 foi referido, a extra\u00e7\u00e3o de l\u00edtio a partir de salmoura no \"Tri\u00e2ngulo do L\u00edtio\" da Am\u00e9rica do Sul&amp;#39 (Chile, Argentina e Bol\u00edvia) \u00e9 um grande motivo de preocupa\u00e7\u00e3o. Os delicados ecossistemas e comunidades ind\u00edgenas desta regi\u00e3o \u00e1rida&amp;#39 dependem dos escassos len\u00e7\u00f3is de \u00e1gua subterr\u00e2neos. A minera\u00e7\u00e3o de l\u00edtio acelera o esgotamento dessa \u00e1gua, com estimativas sugerindo que a produ\u00e7\u00e3o de uma tonelada de l\u00edtio por evapora\u00e7\u00e3o de salmoura pode exigir at\u00e9 2 milh\u00f5es de litros de \u00e1gua (Larcher &amp; Tarascon, 2015). Embora isto represente um impacto localizado mas intenso, \u00e9 um fator cr\u00edtico na equa\u00e7\u00e3o global da sustentabilidade.<\/p>\n<p>A extra\u00e7\u00e3o de l\u00edtio, n\u00edquel e outros minerais em rocha dura tamb\u00e9m utiliza quantidades significativas de \u00e1gua para a supress\u00e3o de poeiras e processamento de minerais. \u00c0 medida que a procura destes materiais dispara, a press\u00e3o sobre os recursos h\u00eddricos nas regi\u00f5es mineiras de todo o mundo intensificar-se-\u00e1. Isto real\u00e7a a import\u00e2ncia de desenvolver m\u00e9todos de extra\u00e7\u00e3o menos intensivos em \u00e1gua e de maximizar a utiliza\u00e7\u00e3o de materiais reciclados, o que reduz drasticamente a pegada de \u00e1gua associada \u00e0 produ\u00e7\u00e3o de baterias.<\/p>\n<h3 id=\"the-impact-of-particulate-matter-from-tires-and-brakes\">O impacto das part\u00edculas dos pneus e dos trav\u00f5es<\/h3>\n<p>Durante d\u00e9cadas, a polui\u00e7\u00e3o dos ve\u00edculos centrou-se no tubo de escape. No entanto, \u00e0 medida que as emiss\u00f5es do tubo de escape s\u00e3o eliminadas, torna-se mais evidente outra fonte de polui\u00e7\u00e3o nociva: as part\u00edculas n\u00e3o provenientes do escape. Trata-se de pequenas part\u00edculas libertadas pelo desgaste dos pneus, trav\u00f5es e superf\u00edcies das estradas. Estas part\u00edculas, frequentemente mais pequenas do que 2,5 micr\u00f3metros (PM2,5), podem penetrar profundamente no sistema respirat\u00f3rio humano e contribuir para doen\u00e7as cardiovasculares e respirat\u00f3rias, tal como as emiss\u00f5es do tubo de escape.<\/p>\n<p>Esta \u00e9 uma \u00e1rea em que o argumento ambiental a favor dos VE n\u00e3o \u00e9 t\u00e3o simples. Os ve\u00edculos el\u00e9ctricos s\u00e3o normalmente mais pesados do que os ve\u00edculos ligeiros de passageiros, devido ao peso substancial da bateria. Um ve\u00edculo mais pesado exerce mais press\u00e3o sobre os pneus, o que leva a um maior desgaste dos mesmos e, consequentemente, a maiores emiss\u00f5es de part\u00edculas dos pneus e da superf\u00edcie da estrada. V\u00e1rios estudos sugeriram que as emiss\u00f5es totais de part\u00edculas sem escape de um VE mais pesado podem ser compar\u00e1veis, ou mesmo ligeiramente superiores, \u00e0s emiss\u00f5es totais de part\u00edculas (com e sem escape) de um VCI moderno equipado com filtros de part\u00edculas avan\u00e7ados (Timmers &amp; Achten, 2016).<\/p>\n<p>No entanto, existe uma for\u00e7a de compensa\u00e7\u00e3o: a travagem regenerativa. Uma das carater\u00edsticas distintivas de um VE \u00e9 a sua capacidade de abrandar utilizando o motor el\u00e9trico em marcha-atr\u00e1s, convertendo a energia cin\u00e9tica em energia el\u00e9ctrica para recarregar a bateria. Este processo reduz significativamente a depend\u00eancia dos tradicionais trav\u00f5es de fric\u00e7\u00e3o. A menor utiliza\u00e7\u00e3o de trav\u00f5es de fric\u00e7\u00e3o significa menos poeira dos trav\u00f5es, que \u00e9 um dos principais componentes das part\u00edculas n\u00e3o provenientes do escape. O efeito l\u00edquido de um maior peso versus a travagem regenerativa \u00e9 um tema de investiga\u00e7\u00e3o em curso. O resultado depende provavelmente do estilo de condu\u00e7\u00e3o (a condu\u00e7\u00e3o agressiva utiliza mais os trav\u00f5es de fric\u00e7\u00e3o) e dos avan\u00e7os nos materiais dos pneus e dos trav\u00f5es. O estudo serve para recordar que a resolu\u00e7\u00e3o do problema das emiss\u00f5es pelo tubo de escape n\u00e3o elimina todas as fontes de polui\u00e7\u00e3o atmosf\u00e9rica provenientes do transporte rodovi\u00e1rio.<\/p>\n<h3 id=\"land-use-and-biodiversity-impacts-from-mining\">Impacto da explora\u00e7\u00e3o mineira na utiliza\u00e7\u00e3o dos solos e na biodiversidade<\/h3>\n<p>A pegada f\u00edsica da extra\u00e7\u00e3o de recursos \u00e9 outra considera\u00e7\u00e3o ambiental vital. A mudan\u00e7a de um sistema de transporte com utiliza\u00e7\u00e3o intensiva de combust\u00edvel (perfura\u00e7\u00e3o de petr\u00f3leo) para um sistema com utiliza\u00e7\u00e3o intensiva de materiais (extra\u00e7\u00e3o de minerais para baterias) troca uma forma de utiliza\u00e7\u00e3o do solo por outra.<\/p>\n<p>A extra\u00e7\u00e3o de petr\u00f3leo e g\u00e1s pode ter uma pegada generalizada, mas por vezes menos \u00f3bvia visualmente, envolvendo po\u00e7os, condutas e o risco de derrames. Em contrapartida, a extra\u00e7\u00e3o de materiais como o l\u00edtio, o n\u00edquel e o cobre envolve frequentemente minas a c\u00e9u aberto em grande escala. Estas opera\u00e7\u00f5es requerem o desbravamento de vastas \u00e1reas de terra, levando \u00e0 desfloresta\u00e7\u00e3o, destrui\u00e7\u00e3o de habitats e perda de biodiversidade. Os rejeitos da mina - o material residual deixado ap\u00f3s a extra\u00e7\u00e3o dos minerais valiosos - podem conter subst\u00e2ncias t\u00f3xicas que podem lixiviar para o ambiente circundante se n\u00e3o forem geridos com extremo cuidado.<\/p>\n<p>Em locais como a Indon\u00e9sia e as Filipinas, o boom da extra\u00e7\u00e3o de n\u00edquel para alimentar a ind\u00fastria das baterias para ve\u00edculos el\u00e9ctricos tem sido associado a uma desfloresta\u00e7\u00e3o significativa e \u00e0 polui\u00e7\u00e3o das \u00e1guas costeiras, amea\u00e7ando os recifes de coral e as economias pesqueiras locais (Sonter et al., 2020). Isto n\u00e3o significa que a extra\u00e7\u00e3o de petr\u00f3leo seja benigna; a sua hist\u00f3ria est\u00e1 repleta de desastres ecol\u00f3gicos. Pelo contr\u00e1rio, significa que a transi\u00e7\u00e3o para os VEs envolve um conjunto diferente de desafios de utiliza\u00e7\u00e3o dos solos que devem ser geridos de forma respons\u00e1vel. O imperativo, mais uma vez, \u00e9 minimizar a necessidade de novas explora\u00e7\u00f5es mineiras, criando uma economia circular robusta em que a reciclagem fornece a mat\u00e9ria-prima para a produ\u00e7\u00e3o futura. O custo ambiental da utiliza\u00e7\u00e3o dos solos torna ainda mais urgente a procura de produtos qu\u00edmicos para as baterias que se baseiem em materiais mais abundantes e menos impactantes.<\/p>\n<h2 id=\"the-2025-verdict-for-your-commercial-fleet-a-global-perspective\">O veredito de 2025 para a sua frota comercial: Uma perspetiva global<\/h2>\n<p>Para um gestor de frotas ou propriet\u00e1rio de uma empresa em 2025, a decis\u00e3o de investir em ve\u00edculos el\u00e9ctricos \u00e9 um c\u00e1lculo complexo que equilibra as realidades econ\u00f3micas, as press\u00f5es regulamentares e um desejo genu\u00edno de gest\u00e3o ambiental. A an\u00e1lise anterior demonstrou que a resposta \u00e0 pergunta \"os ve\u00edculos el\u00e9ctricos s\u00e3o melhores para o ambiente?\" \u00e9 um \"sim, mas depende\". Agora, vamos&#039; traduzir essa nuance em ideias acion\u00e1veis para opera\u00e7\u00f5es comerciais em diversos mercados globais.<\/p>\n<p>O sector dos ve\u00edculos comerciais - desde carrinhas de entregas ligeiras a cami\u00f5es pesados - \u00e9, em muitos aspectos, o candidato ideal para a eletrifica\u00e7\u00e3o. Estes ve\u00edculos percorrem frequentemente rotas previs\u00edveis, regressam a um dep\u00f3sito central para carregamento noturno e acumulam uma elevada quilometragem anual. Este perfil de elevada quilometragem \u00e9 fundamental, uma vez que significa que a d\u00edvida inicial de carbono resultante do fabrico da bateria \u00e9 reembolsada muito mais rapidamente do que num autom\u00f3vel de passageiros privado que fica parado a maior parte do dia. Uma carrinha de entregas que percorra 200 quil\u00f3metros todos os dias atingir\u00e1 o seu ponto de equil\u00edbrio de carbono numa fra\u00e7\u00e3o do tempo de um carro que percorra 30 quil\u00f3metros para ir e voltar do escrit\u00f3rio.<\/p>\n<h3 id=\"total-cost-of-ownership-tco-meets-total-environmental-impact\">O custo total de propriedade (TCO) satisfaz o impacto ambiental total<\/h3>\n<p>Historicamente, a principal barreira \u00e0 ado\u00e7\u00e3o de VE comerciais era o elevado pre\u00e7o de compra inicial. No entanto, em 2025, esta situa\u00e7\u00e3o est\u00e1 a mudar rapidamente. Embora o investimento inicial de um VE possa ainda ser mais elevado do que o de um equivalente a gas\u00f3leo, uma an\u00e1lise hol\u00edstica do Custo Total de Propriedade (TCO) revela frequentemente um argumento financeiro convincente.<\/p>\n<p>Os VE oferecem poupan\u00e7as operacionais significativas. A eletricidade \u00e9, numa base por quil\u00f3metro, quase sempre mais barata do que o gas\u00f3leo ou a gasolina. Os custos de manuten\u00e7\u00e3o s\u00e3o tamb\u00e9m substancialmente mais baixos. Um motor el\u00e9trico tem muito menos pe\u00e7as m\u00f3veis do que um motor de combust\u00e3o interna. N\u00e3o h\u00e1 mudan\u00e7as de \u00f3leo, nem velas de igni\u00e7\u00e3o, nem sistemas de escape e o desgaste dos trav\u00f5es \u00e9 reduzido gra\u00e7as \u00e0 travagem regenerativa. Durante um per\u00edodo de propriedade t\u00edpico de cinco a dez anos, estas poupan\u00e7as podem mais do que compensar o pre\u00e7o de compra inicial mais elevado.<\/p>\n<p>Este c\u00e1lculo financeiro \u00e9 paralelo ao c\u00e1lculo ambiental. A mesma utiliza\u00e7\u00e3o com elevada quilometragem que acelera o retorno do investimento financeiro tamb\u00e9m acelera o retorno do investimento ambiental. Quanto mais rapidamente um VE se pagar a si pr\u00f3prio, mais rapidamente paga a sua d\u00edvida de carbono e come\u00e7a a proporcionar benef\u00edcios ambientais l\u00edquidos. Para os gestores de frotas, isto cria um alinhamento poderoso: a decis\u00e3o que \u00e9 melhor para os resultados financeiros \u00e9 tamb\u00e9m, muitas vezes, a decis\u00e3o que \u00e9 melhor para o ambiente.<\/p>\n<h3 id=\"future-proofing-your-fleet-navigating-regulations-and-incentives\">Preparar a sua frota para o futuro: Navegar pelos regulamentos e incentivos<\/h3>\n<p>O panorama pol\u00edtico global est\u00e1 a mudar inequivocamente a favor da mobilidade el\u00e9ctrica. Cidades de todo o mundo est\u00e3o a implementar Zonas de Baixa Emiss\u00e3o (LEZs) ou Zonas de Emiss\u00e3o Zero (ZEZs), que restringem ou penalizam a entrada de ve\u00edculos a diesel poluentes. Para uma empresa de log\u00edstica ou de entregas, ter uma frota que n\u00e3o consegue aceder aos principais centros urbanos \u00e9 um risco operacional significativo. Investir em ve\u00edculos el\u00e9ctricos \u00e9 uma forma de preparar uma frota para o futuro contra estas regulamenta\u00e7\u00f5es cada vez mais rigorosas.<\/p>\n<p>Al\u00e9m disso, os governos est\u00e3o a oferecer uma s\u00e9rie de incentivos para encorajar a transi\u00e7\u00e3o. Estes podem incluir subs\u00eddios diretos \u00e0 compra, cr\u00e9ditos fiscais, isen\u00e7\u00f5es de portagens e financiamento para a instala\u00e7\u00e3o de infra-estruturas de carregamento. Estes incentivos podem melhorar drasticamente o c\u00e1lculo do TCO e encurtar o per\u00edodo de retorno do investimento num VE. Um gestor de frotas experiente em 2025 deve ser um perito n\u00e3o s\u00f3 em ve\u00edculos, mas tamb\u00e9m na evolu\u00e7\u00e3o da pol\u00edtica regional e municipal. A capacidade de aproveitar estes incentivos pode ser o fator decisivo para a viabilidade econ\u00f3mica de uma transi\u00e7\u00e3o para VE.<\/p>\n<h3 id=\"making-an-informed-decision-for-your-region\">Tomar uma decis\u00e3o informada para a sua regi\u00e3o<\/h3>\n<p>A decis\u00e3o final deve ser fundamentada no contexto operacional espec\u00edfico da empresa. Um gestor que supervisione uma frota no Dubai, onde a eletricidade \u00e9 produzida a partir de g\u00e1s natural e energia solar, enfrenta um conjunto de vari\u00e1veis diferente de um gestor em Nairobi, onde a rede \u00e9 dominada pela energia hidroel\u00e9trica e geot\u00e9rmica.<\/p>\n<p>O primeiro passo \u00e9 uma an\u00e1lise minuciosa da intensidade de carbono da rede local&amp;#39 e da sua evolu\u00e7\u00e3o projectada. O governo est\u00e1 a investir em energias renov\u00e1veis? Em caso afirmativo, o argumento ambiental a favor do seu parque de ve\u00edculos el\u00e9ctricos s\u00f3 se fortalecer\u00e1 com o tempo.<\/p>\n<p>O segundo passo \u00e9 avaliar a infraestrutura de carregamento dispon\u00edvel. Os ve\u00edculos podem ser carregados de forma fi\u00e1vel durante a noite num dep\u00f3sito central? \u00c9 necess\u00e1ria uma infraestrutura p\u00fablica de carregamento r\u00e1pido ao longo dos principais trajectos? O investimento no carregamento \u00e9 uma parte insepar\u00e1vel da transi\u00e7\u00e3o para a eletricidade.<\/p>\n<p>Por \u00faltimo, h\u00e1 que ter em conta as exig\u00eancias espec\u00edficas do trabalho. Os percursos di\u00e1rios est\u00e3o dentro da gama dos modelos el\u00e9ctricos atualmente dispon\u00edveis? A capacidade de carga \u00fatil \u00e9 suficiente? O mercado de VE comerciais est\u00e1 em r\u00e1pida expans\u00e3o, com uma variedade crescente de modelos adaptados a diferentes aplica\u00e7\u00f5es, desde carrinhas compactas de distribui\u00e7\u00e3o urbana a cami\u00f5es de maiores dimens\u00f5es.<\/p>\n<p>A transi\u00e7\u00e3o para a mobilidade el\u00e9ctrica n\u00e3o \u00e9 uma simples mudan\u00e7a, mas sim uma mudan\u00e7a estrat\u00e9gica. Requer um planeamento cuidadoso, um conhecimento profundo da tecnologia e do ambiente operacional local, bem como uma perspetiva de longo prazo. No entanto, a converg\u00eancia de custos decrescentes, a melhoria da tecnologia, as pol\u00edticas de apoio e uma clara vantagem ambiental ao longo da vida tornam mais convincente do que nunca a eletrifica\u00e7\u00e3o comercial em 2025.<\/p>\n<h2 id=\"frequently-asked-questions\">Perguntas mais frequentes<\/h2>\n<h3 id=\"1-are-electric-cars-truly-zero-emission\">1. Os autom\u00f3veis el\u00e9ctricos s\u00e3o verdadeiramente \"zero emiss\u00f5es\"?<\/h3>\n<p>Os autom\u00f3veis el\u00e9ctricos s\u00e3o ve\u00edculos com \"zero emiss\u00f5es de escape\", o que significa que n\u00e3o libertam poluentes como CO2 ou NOx do pr\u00f3prio ve\u00edculo durante a condu\u00e7\u00e3o. Este facto melhora significativamente a qualidade do ar local. No entanto, as emiss\u00f5es s\u00e3o geradas durante o fabrico do ve\u00edculo (especialmente a bateria) e pelas centrais el\u00e9ctricas que produzem a eletricidade utilizada para o carregamento. O impacto ambiental global depende de todo este ciclo de vida.<\/p>\n<h3 id=\"2-how-long-does-an-ev-battery-last-and-what-happens-to-it-afterward\">2. Quanto tempo dura uma bateria de um ve\u00edculo el\u00e9trico e o que lhe acontece depois?<\/h3>\n<p>A maioria dos fabricantes garante as suas baterias durante cerca de 8-10 anos ou 160.000-200.000 quil\u00f3metros. Ap\u00f3s este per\u00edodo, a bateria n\u00e3o est\u00e1 morta; a sua capacidade ter-se-\u00e1 degradado para cerca de 70-80%. Estas baterias \"em fim de vida\" est\u00e3o a ser cada vez mais utilizadas em aplica\u00e7\u00f5es de \"segunda vida\", como o armazenamento de energia estacion\u00e1ria, ou s\u00e3o enviadas para instala\u00e7\u00f5es especializadas para reciclagem, onde s\u00e3o recuperados materiais valiosos como o cobalto, o n\u00edquel e o l\u00edtio.<\/p>\n<h3 id=\"3-don-t-the-heavy-batteries-in-evs-cause-more-pollution-from-tire-wear\">3. As baterias pesadas dos ve\u00edculos el\u00e9ctricos n\u00e3o causam mais polui\u00e7\u00e3o devido ao desgaste dos pneus?<\/h3>\n<p>Esta \u00e9 uma preocupa\u00e7\u00e3o v\u00e1lida. Os ve\u00edculos el\u00e9ctricos s\u00e3o mais pesados do que os ve\u00edculos a gasolina compar\u00e1veis, o que pode levar a um maior desgaste dos pneus e a mais emiss\u00f5es de part\u00edculas dos pneus e das superf\u00edcies das estradas. No entanto, esta situa\u00e7\u00e3o \u00e9 parcialmente compensada pela travagem regenerativa, que reduz significativamente a utiliza\u00e7\u00e3o de trav\u00f5es de fric\u00e7\u00e3o e, por conseguinte, diminui a poeira dos trav\u00f5es. O efeito l\u00edquido \u00e9 objeto de investiga\u00e7\u00e3o em curso, mas sublinha que as emiss\u00f5es n\u00e3o relacionadas com o escape s\u00e3o um problema para todos os ve\u00edculos e n\u00e3o apenas para os VE.<\/p>\n<h3 id=\"4-is-an-ev-still-better-for-the-environment-if-my-electricity-comes-from-coal\">4. Um ve\u00edculo el\u00e9trico continua a ser melhor para o ambiente se a minha eletricidade for produzida a partir do carv\u00e3o?<\/h3>\n<p>Mesmo em regi\u00f5es com uma elevada percentagem de carv\u00e3o na mistura de eletricidade, a maioria dos estudos mostra que as emiss\u00f5es durante o tempo de vida de um VE continuam a ser inferiores \u00e0s de um ve\u00edculo com motor de combust\u00e3o interna compar\u00e1vel. A efici\u00eancia superior do motor el\u00e9trico \u00e9 um fator importante. No entanto, o \"per\u00edodo de recupera\u00e7\u00e3o do carbono\" - o tempo necess\u00e1rio para o VE superar as emiss\u00f5es mais elevadas do seu fabrico - \u00e9 muito mais longo nessas regi\u00f5es. O benef\u00edcio ambiental \u00e9 muito maior quando o carregamento \u00e9 efectuado com fontes de energia mais limpas.<\/p>\n<h3 id=\"5-what-is-the-environmental-impact-of-mining-minerals-like-lithium-and-cobalt-for-batteries\">5. Qual \u00e9 o impacto ambiental da extra\u00e7\u00e3o de minerais como o l\u00edtio e o cobalto para baterias?<\/h3>\n<p>A extra\u00e7\u00e3o de materiais para baterias tem impactos ambientais e sociais significativos. A extra\u00e7\u00e3o de l\u00edtio pode ser muito intensiva em termos de \u00e1gua, especialmente em regi\u00f5es \u00e1ridas. A extra\u00e7\u00e3o de cobalto, em particular na Rep\u00fablica Democr\u00e1tica do Congo, est\u00e1 associada a graves quest\u00f5es \u00e9ticas, incluindo condi\u00e7\u00f5es de trabalho perigosas e trabalho infantil. A ind\u00fastria est\u00e1 a trabalhar ativamente para melhorar a transpar\u00eancia da cadeia de fornecimento, reduzir a depend\u00eancia destes materiais atrav\u00e9s de novos produtos qu\u00edmicos para baterias (como o LFP) e aumentar a utiliza\u00e7\u00e3o de materiais reciclados para mitigar estes impactos.<\/p>\n<h3 id=\"6-how-does-weather-affect-an-ev-s-range-and-battery-life\">6. Como \u00e9 que as condi\u00e7\u00f5es meteorol\u00f3gicas afectam a autonomia e a dura\u00e7\u00e3o da bateria de um VE?<\/h3>\n<p>As temperaturas extremas, tanto quentes como frias, podem afetar o desempenho de um VE&amp;#39. Com tempo frio, a autonomia da bateria pode diminuir porque \u00e9 necess\u00e1ria energia para aquecer o habit\u00e1culo e a pr\u00f3pria bateria, e as reac\u00e7\u00f5es qu\u00edmicas no interior da bateria s\u00e3o menos eficientes. Em tempo muito quente, a energia \u00e9 utilizada para arrefecer a bateria. No entanto, os ve\u00edculos el\u00e9ctricos modernos disp\u00f5em de sistemas sofisticados de gest\u00e3o t\u00e9rmica para proteger a bateria e atenuar estes efeitos.<\/p>\n<h3 id=\"7-is-the-global-electricity-grid-ready-for-a-massive-shift-to-evs\">7. A rede el\u00e9ctrica mundial est\u00e1 preparada para uma mudan\u00e7a maci\u00e7a para os ve\u00edculos el\u00e9ctricos?<\/h3>\n<p>A transi\u00e7\u00e3o para os ve\u00edculos el\u00e9ctricos ir\u00e1 certamente aumentar a procura de eletricidade. A maioria das an\u00e1lises sugere que as redes podem suportar este aumento, uma vez que o carregamento pode ser gerido de forma inteligente. Por exemplo, a maior parte dos carregamentos \u00e9 efectuada durante a noite, quando h\u00e1 normalmente capacidade de produ\u00e7\u00e3o dispon\u00edvel. As tecnologias de carregamento inteligente podem tamb\u00e9m deslocar o carregamento para alturas em que a energia renov\u00e1vel \u00e9 abundante (por exemplo, ao meio-dia para a energia solar) ou quando a procura global \u00e9 baixa, ajudando a equilibrar a rede em vez de a sobrecarregar.<\/p>\n<h2 id=\"conclusion\">Conclus\u00e3o<\/h2>\n<p>A quest\u00e3o de saber se os ve\u00edculos el\u00e9ctricos s\u00e3o melhores para o ambiente resiste a um simples \"sim\" ou \"n\u00e3o\". Exige que adoptemos um modo de pensar mais paciente e abrangente, que trace a hist\u00f3ria de um ve\u00edculo desde os minerais no solo at\u00e9 \u00e0 sua viagem final para o reciclador. Quando adoptamos esta perspetiva de ciclo de vida, surge uma imagem clara e consistente para 2025. Os ve\u00edculos el\u00e9ctricos, apesar da sua maior pegada de fabrico, principalmente devido \u00e0 bateria, representam uma escolha ambiental substancialmente melhor durante o seu tempo de vida operacional em compara\u00e7\u00e3o com os seus hom\u00f3logos com motor de combust\u00e3o interna.<\/p>\n<p>Esta conclus\u00e3o, por\u00e9m, n\u00e3o \u00e9 est\u00e1tica nem incondicional. \u00c9 profundamente moldada pelas escolhas humanas e pelas infra-estruturas. A vantagem ambiental de um VE \u00e9 amplificada em regi\u00f5es com redes de eletricidade limpas e diminu\u00edda onde os combust\u00edveis f\u00f3sseis ainda dominam a produ\u00e7\u00e3o de energia. Os encargos morais e ecol\u00f3gicos da extra\u00e7\u00e3o de minerais imp\u00f5em-nos a necessidade urgente de construir uma economia circular robusta, em que a reciclagem e as aplica\u00e7\u00f5es de segunda vida transformam um potencial fluxo de res\u00edduos num recurso valioso. Temos tamb\u00e9m de nos manter vigilantes quanto aos impactos para al\u00e9m do carbono, como a utiliza\u00e7\u00e3o da \u00e1gua e as part\u00edculas que n\u00e3o saem do escape.<\/p>\n<p>Para as empresas e gestores de frotas, a decis\u00e3o de eletrificar \u00e9 estrat\u00e9gica, alinhando os benef\u00edcios econ\u00f3micos de custos operacionais mais baixos com os benef\u00edcios demonstr\u00e1veis da redu\u00e7\u00e3o das emiss\u00f5es de gases com efeito de estufa e de um ar urbano mais limpo. \u00c0 medida que a tecnologia das baterias avan\u00e7a, que os processos de fabrico se tornam mais limpos e que as redes de eletricidade em todo o mundo continuam a sua inexor\u00e1vel mudan\u00e7a para as energias renov\u00e1veis, o argumento ambiental a favor da mobilidade el\u00e9ctrica s\u00f3 se tornar\u00e1 mais forte. O caminho a seguir n\u00e3o \u00e9 o de um otimismo tecnol\u00f3gico cego, mas sim o de uma transi\u00e7\u00e3o respons\u00e1vel e informada.<\/p>\n<h2 id=\"references\">Refer\u00eancias<\/h2>\n<p>Bieker, G. (2021). Uma compara\u00e7\u00e3o global das emiss\u00f5es de gases com efeito de estufa ao longo do ciclo de vida dos autom\u00f3veis de passageiros com motor de combust\u00e3o e el\u00e9ctricos. Conselho Internacional de Transportes Limpos. <a href=\"https:\/\/theicct.org\/publication\/a-global-comparison-of-the-life-cycle-greenhouse-gas-emissions-of-combustion-engine-and-electric-passenger-cars\/\" rel=\"nofollow\">https:\/\/theicct.org\/publication\/a-global-comparison-of-the-life-cycle-greenhouse-gas-emissions-of-combustion-engine-and-electric-passenger-cars\/<\/a><\/p>\n<p>Comiss\u00e3o Europeia. (2022). Proposta de um novo regulamento relativo a pilhas e res\u00edduos de pilhas. <a href=\"https:\/\/environment.ec.europa.eu\/topics\/waste-and-recycling\/batteries_en\" rel=\"nofollow\">https:\/\/environment.ec.europa.eu\/topics\/waste-and-recycling\/batteries_en<\/a><\/p>\n<p>F\u00f3rum Energii. (2023). Transi\u00e7\u00e3o energ\u00e9tica na Pol\u00f3nia.<\/p>\n<p>Gaines, L. (2018). O futuro da reciclagem de baterias de i\u00f5es de l\u00edtio para autom\u00f3veis: Tra\u00e7ando um curso sustent\u00e1vel. Materiais e tecnologias sustent\u00e1veis, 17, e00068.<\/p>\n<p>Ag\u00eancia Internacional da Energia (AIE) (2023). Global EV Outlook 2023. <a href=\"https:\/\/www.iea.org\/reports\/global-ev-outlook-2023\" rel=\"nofollow\">https:\/\/www.iea.org\/reports\/global-ev-outlook-2023<\/a><\/p>\n<p>Larcher, D., &amp; Tarascon, J. M. (2015). Rumo a baterias mais ecol\u00f3gicas e sustent\u00e1veis para armazenamento de energia el\u00e9ctrica. Nature Chemistry, 7(1), 19-29. <a href=\"https:\/\/doi.org\/10.1038\/nchem.2085\" rel=\"nofollow\">https:\/\/doi.org\/10.1038\/nchem.2085<\/a><\/p>\n<p>Shindell, D., Baxt, C., Edwards, M., Faluvegi, G., &amp; van Dingenen, R. (2021). Os efeitos das emiss\u00f5es de ve\u00edculos a diesel na sa\u00fade p\u00fablica. Jornal de Ci\u00eancia da Exposi\u00e7\u00e3o e Epidemiologia Ambiental, 31(2), 209-218. <a href=\"https:\/\/doi.org\/10.1038\/s41370-020-00277-x\" rel=\"nofollow\">https:\/\/doi.org\/10.1038\/s41370-020-00277-x<\/a><\/p>\n<p>Sonter, L. J., Dade, M. C., Watson, J. E. M., &amp; Valenta, R. K. (2020). A produ\u00e7\u00e3o de energia renov\u00e1vel ir\u00e1 agravar as amea\u00e7as mineiras \u00e0 biodiversidade. Nature Communications, 11(1), 4174. <a href=\"https:\/\/doi.org\/10.1038\/s41467-020-17928-5\" rel=\"nofollow\">https:\/\/doi.org\/10.1038\/s41467-020-17928-5<\/a><\/p>\n<p>Sovacool, B. K., Abrahamse, W., Zhang, L., &amp; Ren, J. (2020). Os custos ocultos da minera\u00e7\u00e3o de cobalto para a transi\u00e7\u00e3o para ve\u00edculos el\u00e9tricos. One Earth, 3(3), 337-349.<\/p>\n<p>Departamento de Energia dos EUA. (n.d.). Ve\u00edculos totalmente el\u00e9ctricos. FuelEconomy.gov. <a href=\"https:\/\/www.fueleconomy.gov\/feg\/evtech.shtml\" rel=\"nofollow\">https:\/\/www.fueleconomy.gov\/feg\/evtech.shtml<\/a><\/p>","protected":false},"excerpt":{"rendered":"<p>Abstract The debate surrounding the environmental credentials of electric vehicles (EVs) extends far beyond the absence of tailpipe emissions. A comprehensive evaluation necessitates a lifecycle assessment, examining impacts from raw material extraction and manufacturing to the operational use phase and eventual end-of-life processing. This analysis finds that while EVs carry a significant initial environmental burden, [&hellip;]<\/p>","protected":false},"author":1,"featured_media":3081,"comment_status":"closed","ping_status":"","sticky":false,"template":"","format":"standard","meta":{"footnotes":""},"categories":[4],"tags":[],"class_list":["post-3080","post","type-post","status-publish","format-standard","has-post-thumbnail","hentry","category-news"],"yoast_head":"<!-- This site is optimized with the Yoast SEO plugin v24.4 - https:\/\/yoast.com\/wordpress\/plugins\/seo\/ -->\n<title>Data-Backed Analysis for 2025: Are Electric Vehicles Better for the Environment? - Tianjin Yigang Automobile Sales Co.,Ltd.<\/title>\n<meta name=\"robots\" content=\"index, follow, max-snippet:-1, max-image-preview:large, max-video-preview:-1\" \/>\n<link rel=\"canonical\" href=\"https:\/\/www.tjygqc.com\/pt\/data-backed-analysis-for-2025-are-electric-vehicles-better-for-the-environment-article\/\" \/>\n<meta property=\"og:locale\" content=\"pt_PT\" \/>\n<meta property=\"og:type\" content=\"article\" \/>\n<meta property=\"og:title\" content=\"Data-Backed Analysis for 2025: Are Electric Vehicles Better for the Environment? - Tianjin Yigang Automobile Sales Co.,Ltd.\" \/>\n<meta property=\"og:description\" content=\"Abstract The debate surrounding the environmental credentials of electric vehicles (EVs) extends far beyond the absence of tailpipe emissions. A comprehensive evaluation necessitates a lifecycle assessment, examining impacts from raw material extraction and manufacturing to the operational use phase and eventual end-of-life processing. This analysis finds that while EVs carry a significant initial environmental burden, [&hellip;]\" \/>\n<meta property=\"og:url\" content=\"https:\/\/www.tjygqc.com\/pt\/data-backed-analysis-for-2025-are-electric-vehicles-better-for-the-environment-article\/\" \/>\n<meta property=\"og:site_name\" content=\"Tianjin Yigang Automobile Sales Co.,Ltd.\" \/>\n<meta property=\"article:publisher\" content=\"https:\/\/www.facebook.com\/tianjinyigang\/\" \/>\n<meta property=\"article:published_time\" content=\"2025-09-16T07:33:06+00:00\" \/>\n<meta property=\"article:modified_time\" content=\"2025-09-16T07:33:10+00:00\" \/>\n<meta property=\"og:image\" content=\"https:\/\/www.tjygqc.com\/wp-content\/uploads\/2025\/03\/Jetour-Dasheng-1.5T-1.webp\" \/>\n<meta name=\"author\" content=\"user\" \/>\n<meta name=\"twitter:card\" content=\"summary_large_image\" \/>\n<meta name=\"twitter:label1\" content=\"Written by\" \/>\n\t<meta name=\"twitter:data1\" content=\"user\" \/>\n\t<meta name=\"twitter:label2\" content=\"Est. reading time\" \/>\n\t<meta name=\"twitter:data2\" content=\"33 minutos\" \/>\n<script type=\"application\/ld+json\" class=\"yoast-schema-graph\">{\"@context\":\"https:\/\/schema.org\",\"@graph\":[{\"@type\":\"Article\",\"@id\":\"https:\/\/www.tjygqc.com\/data-backed-analysis-for-2025-are-electric-vehicles-better-for-the-environment-article\/#article\",\"isPartOf\":{\"@id\":\"https:\/\/www.tjygqc.com\/data-backed-analysis-for-2025-are-electric-vehicles-better-for-the-environment-article\/\"},\"author\":{\"name\":\"user\",\"@id\":\"https:\/\/www.tjygqc.com\/#\/schema\/person\/9a0e27c1156d5a1d4cb23dce2cc5ad36\"},\"headline\":\"Data-Backed Analysis for 2025: Are Electric Vehicles Better for the Environment?\",\"datePublished\":\"2025-09-16T07:33:06+00:00\",\"dateModified\":\"2025-09-16T07:33:10+00:00\",\"mainEntityOfPage\":{\"@id\":\"https:\/\/www.tjygqc.com\/data-backed-analysis-for-2025-are-electric-vehicles-better-for-the-environment-article\/\"},\"wordCount\":6567,\"publisher\":{\"@id\":\"https:\/\/www.tjygqc.com\/#organization\"},\"image\":{\"@id\":\"https:\/\/www.tjygqc.com\/data-backed-analysis-for-2025-are-electric-vehicles-better-for-the-environment-article\/#primaryimage\"},\"thumbnailUrl\":\"https:\/\/www.tjygqc.com\/wp-content\/uploads\/2025\/09\/data-backed-analysis-for-2025-are-electric-vehicles-better-for-the-environment.webp\",\"articleSection\":[\"News\"],\"inLanguage\":\"pt-PT\"},{\"@type\":\"WebPage\",\"@id\":\"https:\/\/www.tjygqc.com\/data-backed-analysis-for-2025-are-electric-vehicles-better-for-the-environment-article\/\",\"url\":\"https:\/\/www.tjygqc.com\/data-backed-analysis-for-2025-are-electric-vehicles-better-for-the-environment-article\/\",\"name\":\"Data-Backed Analysis for 2025: Are Electric Vehicles Better for the Environment? - Tianjin Yigang Automobile Sales Co.,Ltd.\",\"isPartOf\":{\"@id\":\"https:\/\/www.tjygqc.com\/#website\"},\"primaryImageOfPage\":{\"@id\":\"https:\/\/www.tjygqc.com\/data-backed-analysis-for-2025-are-electric-vehicles-better-for-the-environment-article\/#primaryimage\"},\"image\":{\"@id\":\"https:\/\/www.tjygqc.com\/data-backed-analysis-for-2025-are-electric-vehicles-better-for-the-environment-article\/#primaryimage\"},\"thumbnailUrl\":\"https:\/\/www.tjygqc.com\/wp-content\/uploads\/2025\/09\/data-backed-analysis-for-2025-are-electric-vehicles-better-for-the-environment.webp\",\"datePublished\":\"2025-09-16T07:33:06+00:00\",\"dateModified\":\"2025-09-16T07:33:10+00:00\",\"breadcrumb\":{\"@id\":\"https:\/\/www.tjygqc.com\/data-backed-analysis-for-2025-are-electric-vehicles-better-for-the-environment-article\/#breadcrumb\"},\"inLanguage\":\"pt-PT\",\"potentialAction\":[{\"@type\":\"ReadAction\",\"target\":[\"https:\/\/www.tjygqc.com\/data-backed-analysis-for-2025-are-electric-vehicles-better-for-the-environment-article\/\"]}]},{\"@type\":\"ImageObject\",\"inLanguage\":\"pt-PT\",\"@id\":\"https:\/\/www.tjygqc.com\/data-backed-analysis-for-2025-are-electric-vehicles-better-for-the-environment-article\/#primaryimage\",\"url\":\"https:\/\/www.tjygqc.com\/wp-content\/uploads\/2025\/09\/data-backed-analysis-for-2025-are-electric-vehicles-better-for-the-environment.webp\",\"contentUrl\":\"https:\/\/www.tjygqc.com\/wp-content\/uploads\/2025\/09\/data-backed-analysis-for-2025-are-electric-vehicles-better-for-the-environment.webp\",\"width\":800,\"height\":800,\"caption\":\"Data-Backed Analysis for 2025: Are Electric Vehicles Better for the Environment?\"},{\"@type\":\"BreadcrumbList\",\"@id\":\"https:\/\/www.tjygqc.com\/data-backed-analysis-for-2025-are-electric-vehicles-better-for-the-environment-article\/#breadcrumb\",\"itemListElement\":[{\"@type\":\"ListItem\",\"position\":1,\"name\":\"Home\",\"item\":\"https:\/\/www.tjygqc.com\/\"},{\"@type\":\"ListItem\",\"position\":2,\"name\":\"Data-Backed Analysis for 2025: Are Electric Vehicles Better for the Environment?\"}]},{\"@type\":\"WebSite\",\"@id\":\"https:\/\/www.tjygqc.com\/#website\",\"url\":\"https:\/\/www.tjygqc.com\/\",\"name\":\"Tianjin Yigang Automobile Sales Co.,Ltd.\",\"description\":\"Tianjin Yigang Automobile Sales Co.,Ltd.\",\"publisher\":{\"@id\":\"https:\/\/www.tjygqc.com\/#organization\"},\"potentialAction\":[{\"@type\":\"SearchAction\",\"target\":{\"@type\":\"EntryPoint\",\"urlTemplate\":\"https:\/\/www.tjygqc.com\/?s={search_term_string}\"},\"query-input\":{\"@type\":\"PropertyValueSpecification\",\"valueRequired\":true,\"valueName\":\"search_term_string\"}}],\"inLanguage\":\"pt-PT\"},{\"@type\":\"Organization\",\"@id\":\"https:\/\/www.tjygqc.com\/#organization\",\"name\":\"Tianjin Yigang Automobile Sales Co., Ltd.\",\"url\":\"https:\/\/www.tjygqc.com\/\",\"logo\":{\"@type\":\"ImageObject\",\"inLanguage\":\"pt-PT\",\"@id\":\"https:\/\/www.tjygqc.com\/#\/schema\/logo\/image\/\",\"url\":\"https:\/\/www.tjygqc.com\/wp-content\/uploads\/2025\/03\/cropped-WechatIMG581.png\",\"contentUrl\":\"https:\/\/www.tjygqc.com\/wp-content\/uploads\/2025\/03\/cropped-WechatIMG581.png\",\"width\":338,\"height\":142,\"caption\":\"Tianjin Yigang Automobile Sales Co., Ltd.\"},\"image\":{\"@id\":\"https:\/\/www.tjygqc.com\/#\/schema\/logo\/image\/\"},\"sameAs\":[\"https:\/\/www.facebook.com\/tianjinyigang\/\",\"https:\/\/www.youtube.com\/@TianjinYigangAutomobile\",\"https:\/\/www.instagram.com\/tianjinyigang\/\"]},{\"@type\":\"Person\",\"@id\":\"https:\/\/www.tjygqc.com\/#\/schema\/person\/9a0e27c1156d5a1d4cb23dce2cc5ad36\",\"name\":\"user\",\"image\":{\"@type\":\"ImageObject\",\"inLanguage\":\"pt-PT\",\"@id\":\"https:\/\/www.tjygqc.com\/#\/schema\/person\/image\/\",\"url\":\"https:\/\/secure.gravatar.com\/avatar\/b58996c504c5638798eb6b511e6f49af?s=96&d=mm&r=g\",\"contentUrl\":\"https:\/\/secure.gravatar.com\/avatar\/b58996c504c5638798eb6b511e6f49af?s=96&d=mm&r=g\",\"caption\":\"user\"},\"sameAs\":[\"https:\/\/www.tjygqc.com:8182\"],\"url\":\"https:\/\/www.tjygqc.com\/pt\/author\/user\/\"}]}<\/script>\n<!-- \/ Yoast SEO plugin. -->","yoast_head_json":{"title":"Data-Backed Analysis for 2025: Are Electric Vehicles Better for the Environment? - Tianjin Yigang Automobile Sales Co.,Ltd.","robots":{"index":"index","follow":"follow","max-snippet":"max-snippet:-1","max-image-preview":"max-image-preview:large","max-video-preview":"max-video-preview:-1"},"canonical":"https:\/\/www.tjygqc.com\/pt\/data-backed-analysis-for-2025-are-electric-vehicles-better-for-the-environment-article\/","og_locale":"pt_PT","og_type":"article","og_title":"Data-Backed Analysis for 2025: Are Electric Vehicles Better for the Environment? - Tianjin Yigang Automobile Sales Co.,Ltd.","og_description":"Abstract The debate surrounding the environmental credentials of electric vehicles (EVs) extends far beyond the absence of tailpipe emissions. A comprehensive evaluation necessitates a lifecycle assessment, examining impacts from raw material extraction and manufacturing to the operational use phase and eventual end-of-life processing. This analysis finds that while EVs carry a significant initial environmental burden, [&hellip;]","og_url":"https:\/\/www.tjygqc.com\/pt\/data-backed-analysis-for-2025-are-electric-vehicles-better-for-the-environment-article\/","og_site_name":"Tianjin Yigang Automobile Sales Co.,Ltd.","article_publisher":"https:\/\/www.facebook.com\/tianjinyigang\/","article_published_time":"2025-09-16T07:33:06+00:00","article_modified_time":"2025-09-16T07:33:10+00:00","og_image":[{"url":"https:\/\/www.tjygqc.com\/wp-content\/uploads\/2025\/03\/Jetour-Dasheng-1.5T-1.webp","type":"","width":"","height":""}],"author":"user","twitter_card":"summary_large_image","twitter_misc":{"Written by":"user","Est. reading time":"33 minutos"},"schema":{"@context":"https:\/\/schema.org","@graph":[{"@type":"Article","@id":"https:\/\/www.tjygqc.com\/data-backed-analysis-for-2025-are-electric-vehicles-better-for-the-environment-article\/#article","isPartOf":{"@id":"https:\/\/www.tjygqc.com\/data-backed-analysis-for-2025-are-electric-vehicles-better-for-the-environment-article\/"},"author":{"name":"user","@id":"https:\/\/www.tjygqc.com\/#\/schema\/person\/9a0e27c1156d5a1d4cb23dce2cc5ad36"},"headline":"Data-Backed Analysis for 2025: Are Electric Vehicles Better for the Environment?","datePublished":"2025-09-16T07:33:06+00:00","dateModified":"2025-09-16T07:33:10+00:00","mainEntityOfPage":{"@id":"https:\/\/www.tjygqc.com\/data-backed-analysis-for-2025-are-electric-vehicles-better-for-the-environment-article\/"},"wordCount":6567,"publisher":{"@id":"https:\/\/www.tjygqc.com\/#organization"},"image":{"@id":"https:\/\/www.tjygqc.com\/data-backed-analysis-for-2025-are-electric-vehicles-better-for-the-environment-article\/#primaryimage"},"thumbnailUrl":"https:\/\/www.tjygqc.com\/wp-content\/uploads\/2025\/09\/data-backed-analysis-for-2025-are-electric-vehicles-better-for-the-environment.webp","articleSection":["News"],"inLanguage":"pt-PT"},{"@type":"WebPage","@id":"https:\/\/www.tjygqc.com\/data-backed-analysis-for-2025-are-electric-vehicles-better-for-the-environment-article\/","url":"https:\/\/www.tjygqc.com\/data-backed-analysis-for-2025-are-electric-vehicles-better-for-the-environment-article\/","name":"Data-Backed Analysis for 2025: Are Electric Vehicles Better for the Environment? - Tianjin Yigang Automobile Sales Co.,Ltd.","isPartOf":{"@id":"https:\/\/www.tjygqc.com\/#website"},"primaryImageOfPage":{"@id":"https:\/\/www.tjygqc.com\/data-backed-analysis-for-2025-are-electric-vehicles-better-for-the-environment-article\/#primaryimage"},"image":{"@id":"https:\/\/www.tjygqc.com\/data-backed-analysis-for-2025-are-electric-vehicles-better-for-the-environment-article\/#primaryimage"},"thumbnailUrl":"https:\/\/www.tjygqc.com\/wp-content\/uploads\/2025\/09\/data-backed-analysis-for-2025-are-electric-vehicles-better-for-the-environment.webp","datePublished":"2025-09-16T07:33:06+00:00","dateModified":"2025-09-16T07:33:10+00:00","breadcrumb":{"@id":"https:\/\/www.tjygqc.com\/data-backed-analysis-for-2025-are-electric-vehicles-better-for-the-environment-article\/#breadcrumb"},"inLanguage":"pt-PT","potentialAction":[{"@type":"ReadAction","target":["https:\/\/www.tjygqc.com\/data-backed-analysis-for-2025-are-electric-vehicles-better-for-the-environment-article\/"]}]},{"@type":"ImageObject","inLanguage":"pt-PT","@id":"https:\/\/www.tjygqc.com\/data-backed-analysis-for-2025-are-electric-vehicles-better-for-the-environment-article\/#primaryimage","url":"https:\/\/www.tjygqc.com\/wp-content\/uploads\/2025\/09\/data-backed-analysis-for-2025-are-electric-vehicles-better-for-the-environment.webp","contentUrl":"https:\/\/www.tjygqc.com\/wp-content\/uploads\/2025\/09\/data-backed-analysis-for-2025-are-electric-vehicles-better-for-the-environment.webp","width":800,"height":800,"caption":"Data-Backed Analysis for 2025: Are Electric Vehicles Better for the Environment?"},{"@type":"BreadcrumbList","@id":"https:\/\/www.tjygqc.com\/data-backed-analysis-for-2025-are-electric-vehicles-better-for-the-environment-article\/#breadcrumb","itemListElement":[{"@type":"ListItem","position":1,"name":"Home","item":"https:\/\/www.tjygqc.com\/"},{"@type":"ListItem","position":2,"name":"Data-Backed Analysis for 2025: Are Electric Vehicles Better for the Environment?"}]},{"@type":"WebSite","@id":"https:\/\/www.tjygqc.com\/#website","url":"https:\/\/www.tjygqc.com\/","name":"Tianjin Yigang Automobile Sales Co.,Ltd.","description":"Tianjin Yigang Automobile Sales Co.,Ltd.","publisher":{"@id":"https:\/\/www.tjygqc.com\/#organization"},"potentialAction":[{"@type":"SearchAction","target":{"@type":"EntryPoint","urlTemplate":"https:\/\/www.tjygqc.com\/?s={search_term_string}"},"query-input":{"@type":"PropertyValueSpecification","valueRequired":true,"valueName":"search_term_string"}}],"inLanguage":"pt-PT"},{"@type":"Organization","@id":"https:\/\/www.tjygqc.com\/#organization","name":"Tianjin Yigang Automobile Sales Co., Ltd.","url":"https:\/\/www.tjygqc.com\/","logo":{"@type":"ImageObject","inLanguage":"pt-PT","@id":"https:\/\/www.tjygqc.com\/#\/schema\/logo\/image\/","url":"https:\/\/www.tjygqc.com\/wp-content\/uploads\/2025\/03\/cropped-WechatIMG581.png","contentUrl":"https:\/\/www.tjygqc.com\/wp-content\/uploads\/2025\/03\/cropped-WechatIMG581.png","width":338,"height":142,"caption":"Tianjin Yigang Automobile Sales Co., Ltd."},"image":{"@id":"https:\/\/www.tjygqc.com\/#\/schema\/logo\/image\/"},"sameAs":["https:\/\/www.facebook.com\/tianjinyigang\/","https:\/\/www.youtube.com\/@TianjinYigangAutomobile","https:\/\/www.instagram.com\/tianjinyigang\/"]},{"@type":"Person","@id":"https:\/\/www.tjygqc.com\/#\/schema\/person\/9a0e27c1156d5a1d4cb23dce2cc5ad36","name":"user","image":{"@type":"ImageObject","inLanguage":"pt-PT","@id":"https:\/\/www.tjygqc.com\/#\/schema\/person\/image\/","url":"https:\/\/secure.gravatar.com\/avatar\/b58996c504c5638798eb6b511e6f49af?s=96&d=mm&r=g","contentUrl":"https:\/\/secure.gravatar.com\/avatar\/b58996c504c5638798eb6b511e6f49af?s=96&d=mm&r=g","caption":"user"},"sameAs":["https:\/\/www.tjygqc.com:8182"],"url":"https:\/\/www.tjygqc.com\/pt\/author\/user\/"}]}},"_links":{"self":[{"href":"https:\/\/www.tjygqc.com\/pt\/wp-json\/wp\/v2\/posts\/3080","targetHints":{"allow":["GET"]}}],"collection":[{"href":"https:\/\/www.tjygqc.com\/pt\/wp-json\/wp\/v2\/posts"}],"about":[{"href":"https:\/\/www.tjygqc.com\/pt\/wp-json\/wp\/v2\/types\/post"}],"author":[{"embeddable":true,"href":"https:\/\/www.tjygqc.com\/pt\/wp-json\/wp\/v2\/users\/1"}],"replies":[{"embeddable":true,"href":"https:\/\/www.tjygqc.com\/pt\/wp-json\/wp\/v2\/comments?post=3080"}],"version-history":[{"count":1,"href":"https:\/\/www.tjygqc.com\/pt\/wp-json\/wp\/v2\/posts\/3080\/revisions"}],"predecessor-version":[{"id":3082,"href":"https:\/\/www.tjygqc.com\/pt\/wp-json\/wp\/v2\/posts\/3080\/revisions\/3082"}],"wp:featuredmedia":[{"embeddable":true,"href":"https:\/\/www.tjygqc.com\/pt\/wp-json\/wp\/v2\/media\/3081"}],"wp:attachment":[{"href":"https:\/\/www.tjygqc.com\/pt\/wp-json\/wp\/v2\/media?parent=3080"}],"wp:term":[{"taxonomy":"category","embeddable":true,"href":"https:\/\/www.tjygqc.com\/pt\/wp-json\/wp\/v2\/categories?post=3080"},{"taxonomy":"post_tag","embeddable":true,"href":"https:\/\/www.tjygqc.com\/pt\/wp-json\/wp\/v2\/tags?post=3080"}],"curies":[{"name":"wp","href":"https:\/\/api.w.org\/{rel}","templated":true}]}}