{"id":3104,"date":"2025-11-13T11:24:20","date_gmt":"2025-11-13T11:24:20","guid":{"rendered":"https:\/\/www.tjygqc.com\/5-proven-facts-is-the-bmw-i8-an-electric-car-the-2025-buyers-guide-article\/"},"modified":"2025-11-13T11:24:22","modified_gmt":"2025-11-13T11:24:22","slug":"5-proven-facts-is-the-bmw-i8-an-electric-car-the-2025-buyers-guide","status":"publish","type":"post","link":"https:\/\/www.tjygqc.com\/pt\/5-proven-facts-is-the-bmw-i8-an-electric-car-the-2025-buyers-guide-article\/","title":{"rendered":"5 Factos comprovados: O BMW i8 \u00e9 um carro el\u00e9trico? O Guia do Comprador 2025"},"content":{"rendered":"<p><img loading=\"lazy\" decoding=\"async\" style=\"display: block; margin-left: auto; margin-right: auto;\" data-src=\"https:\/\/www.tjygqc.com\/wp-content\/uploads\/2025\/03\/BMW-i5-eDrive-40L-Luxury-Package-1-2.webp\" alt=\"\" width=\"600\" height=\"600\" src=\"https:\/\/www.tjygqc.com\/wp-content\/uploads\/2025\/03\/BMW-i5-eDrive-40L-Luxury-Package-1-2.webp\" data-ll-status=\"loaded\" class=\"entered loaded\"><\/p>\n<h2 id=\"abstract\">Resumo<\/h2>\n<p>O BMW i8 ocupa uma posi\u00e7\u00e3o \u00fanica e muitas vezes incompreendida no panorama autom\u00f3vel, suscitando frequentemente a quest\u00e3o da sua classifica\u00e7\u00e3o como um ve\u00edculo totalmente el\u00e9trico. Esta an\u00e1lise esclarece que o BMW i8 n\u00e3o \u00e9 um ve\u00edculo el\u00e9trico a bateria (BEV), mas sim um ve\u00edculo el\u00e9trico h\u00edbrido plug-in tecnologicamente avan\u00e7ado (PHEV). Examina a arquitetura de fonte de energia dupla do ve\u00edculo, que inclui um motor de combust\u00e3o interna turbo compacto e um motor el\u00e9trico suplementar. O funcionamento sin\u00e9rgico destes dois componentes proporciona uma experi\u00eancia de condu\u00e7\u00e3o multifacetada, que vai desde viagens urbanas silenciosas e com emiss\u00f5es zero at\u00e9 \u00e0 condu\u00e7\u00e3o din\u00e2mica e de alto desempenho em estradas abertas. Esta an\u00e1lise analisa os modos de funcionamento espec\u00edficos, os indicadores de desempenho, os requisitos de carregamento e a ci\u00eancia inovadora dos materiais que definem o i8. Ao contextualizar o i8 no \u00e2mbito da evolu\u00e7\u00e3o mais ampla das tecnologias el\u00e9ctricas e h\u00edbridas, o seu papel como ve\u00edculo de transi\u00e7\u00e3o, mas seminal, torna-se evidente, destacando a sua influ\u00eancia duradoura nos designs subsequentes e na mudan\u00e7a mais ampla da ind\u00fastria para a eletrifica\u00e7\u00e3o.<\/p>\n<h2 id=\"key-takeaways\">Principais conclus\u00f5es<\/h2>\n<ul>\n<li>O BMW i8 \u00e9 um h\u00edbrido plug-in (PHEV), n\u00e3o um autom\u00f3vel totalmente el\u00e9trico.<\/li>\n<li>Combina um motor a gasolina com um motor el\u00e9trico para um desempenho vers\u00e1til.<\/li>\n<li>Os condutores podem escolher entre os modos de condu\u00e7\u00e3o puramente el\u00e9trico, h\u00edbrido e desportivo.<\/li>\n<li>Perceber se o BMW i8 \u00e9 um autom\u00f3vel el\u00e9trico ajuda a clarificar as suas vantagens \u00fanicas.<\/li>\n<li>A sua constru\u00e7\u00e3o em fibra de carbono foi revolucion\u00e1ria para um ve\u00edculo de produ\u00e7\u00e3o.<\/li>\n<li>O carregamento \u00e9 poss\u00edvel em casa ou em esta\u00e7\u00f5es p\u00fablicas para a condu\u00e7\u00e3o exclusivamente el\u00e9ctrica.<\/li>\n<li>O i8 serviu como uma ponte crucial para os actuais modelos \"i\" totalmente el\u00e9ctricos da BMW&amp;#39.<\/li>\n<\/ul>\n<h2 id=\"table-of-contents\">\u00cdndice<\/h2>\n<ul>\n<li><a href=\"#fact-1-the-heart-of-the-matter-the-i8-s-plug-in-hybrid-phev-powertrain\">Facto 1: O cerne da quest\u00e3o - O grupo motopropulsor h\u00edbrido plug-in (PHEV) do i8&amp;#39<\/a><\/li>\n<li><a href=\"#fact-2-two-worlds-one-car-understanding-the-driving-modes\">Facto 2: Dois mundos, um carro - Compreender os modos de condu\u00e7\u00e3o<\/a><\/li>\n<li><a href=\"#fact-3-the-numbers-game-performance-range-and-charging-explained\">Facto 3: O jogo dos n\u00fameros - Desempenho, autonomia e carregamento explicados<\/a><\/li>\n<li><a href=\"#fact-4-a-glimpse-into-the-future-the-i8-s-design-and-material-philosophy\">Facto 4: Um olhar sobre o futuro - O design e a filosofia dos materiais do i8&amp;#39<\/a><\/li>\n<li><a href=\"#fact-5-the-i8-s-legacy-and-its-place-in-automotive-history\">Facto 5: O legado do i8&amp;#39 e o seu lugar na hist\u00f3ria autom\u00f3vel<\/a><\/li>\n<li><a href=\"#frequently-asked-questions-faq\">Perguntas frequentes (FAQ)<\/a><\/li>\n<li><a href=\"#conclusion\">Conclus\u00e3o<\/a><\/li>\n<li><a href=\"#references\">Refer\u00eancias<\/a><\/li>\n<\/ul>\n<h2 id=\"fact-1-the-heart-of-the-matter-the-i8-s-plug-in-hybrid-phev-powertrain\">Facto 1: O cerne da quest\u00e3o - O grupo motopropulsor h\u00edbrido plug-in (PHEV) do i8&amp;#39<\/h2>\n<p>O ponto central da confus\u00e3o em torno do BMW i8 tem origem na sua pr\u00f3pria identidade. Quando as pessoas perguntam \"o BMW i8 \u00e9 um carro el\u00e9trico?\", est\u00e3o a lidar com um ve\u00edculo que desafiou uma simples categoriza\u00e7\u00e3o aquando do seu lan\u00e7amento. A resposta, em termos mais diretos, \u00e9 n\u00e3o. N\u00e3o \u00e9 um autom\u00f3vel totalmente el\u00e9trico como um Tesla Model S ou um BYD Han. Em vez disso, o i8 \u00e9 algo mais complexo e, para a sua \u00e9poca, indiscutivelmente mais revolucion\u00e1rio: um ve\u00edculo el\u00e9trico h\u00edbrido plug-in, ou PHEV.<\/p>\n<p>Para compreender verdadeiramente o i8, temos de pensar nele n\u00e3o como um compromisso, mas como uma ponte. Foi concebido para ligar o mundo familiar do motor de combust\u00e3o interna (ICE) ao futuro florescente da mobilidade el\u00e9ctrica. Ofereceu uma solu\u00e7\u00e3o para a prevalecente \"ansiedade de autonomia\" que fez com que muitos consumidores hesitassem em adotar ve\u00edculos totalmente el\u00e9ctricos, ao mesmo tempo que proporcionava uma experi\u00eancia de condu\u00e7\u00e3o genu\u00edna, com emiss\u00f5es zero, para viagens mais curtas.<\/p>\n<h3 id=\"defining-the-plug-in-hybrid\">Definir o h\u00edbrido Plug-in<\/h3>\n<p>Vamos decompor este conceito como se o estiv\u00e9ssemos a construir de raiz. Imagine um autom\u00f3vel tradicional com o seu motor a gasolina, dep\u00f3sito de combust\u00edvel e escape. Agora, imagine um autom\u00f3vel totalmente el\u00e9trico com a sua grande bateria e motor el\u00e9trico. Um PHEV, como o i8, integra cuidadosamente ambos os sistemas num ve\u00edculo \u00fanico e coeso.<\/p>\n<p>Possui um motor de combust\u00e3o interna, tal como um autom\u00f3vel convencional. No caso do i8&amp;#39, \u00e9 um motor turbo de 1,5 litros e tr\u00eas cilindros surpreendentemente pequeno. No entanto, tamb\u00e9m tem um motor el\u00e9trico significativo e uma bateria de i\u00f5es de l\u00edtio que \u00e9 muito maior do que a encontrada num h\u00edbrido normal (como o Toyota Prius original). A parte \"plug-in\" do seu nome \u00e9 o principal fator de diferencia\u00e7\u00e3o. Ao contr\u00e1rio de um h\u00edbrido tradicional que recarrega a sua bateria apenas atrav\u00e9s da travagem e da pot\u00eancia do motor, um PHEV pode ser ligado a uma fonte de energia externa para carregar a sua bateria, tal como um ve\u00edculo totalmente el\u00e9trico.<\/p>\n<p>Esta capacidade de fonte dupla \u00e9 a genialidade do i8. Permite que o autom\u00f3vel funcione como um ve\u00edculo puramente el\u00e9trico para as desloca\u00e7\u00f5es di\u00e1rias ou para a condu\u00e7\u00e3o na cidade e, em seguida, mude sem problemas para um autom\u00f3vel desportivo de alto desempenho movido a gasolina para viagens mais longas ou quando se pretende uma condu\u00e7\u00e3o mais animada.<\/p>\n<h3 id=\"the-dual-power-sources-gasoline-engine-and-electric-motor\">A dupla fonte de energia: Motor a gasolina e motor el\u00e9trico<\/h3>\n<p>O brilhantismo da engenharia do i8 reside na forma como orquestra as suas duas fontes de energia. O motor el\u00e9trico est\u00e1 localizado no eixo dianteiro, accionando as rodas dianteiras. Este motor, alimentado pela bateria montada centralmente, fornece um bin\u00e1rio instant\u00e2neo para uma acelera\u00e7\u00e3o silenciosa e r\u00e1pida a partir de uma paragem. \u00c9 respons\u00e1vel pelo modo EV puro do autom\u00f3vel, conhecido como eDrive.<\/p>\n<p>No eixo traseiro, encontra-se o motor a gasolina. Este n\u00e3o \u00e9 um motor qualquer; \u00e9 uma unidade potente e altamente afinada, derivada da mesma fam\u00edlia de motores encontrada no Mini Cooper. No i8, no entanto, \u00e9 potenciado para produzir uma quantidade impressionante de pot\u00eancia para o seu tamanho. Este motor acciona as rodas traseiras atrav\u00e9s de uma transmiss\u00e3o autom\u00e1tica convencional.<\/p>\n<p>Quando se exige a m\u00e1xima performance, o sistema de gest\u00e3o inteligente do autom\u00f3vel&amp;#39 ativa ambas as fontes de energia em simult\u00e2neo. O motor el\u00e9trico alimenta as rodas dianteiras enquanto o motor a gasolina alimenta as traseiras, criando efetivamente um supercarro com tra\u00e7\u00e3o integral. A sinergia entre estes dois sistemas, um silencioso e instant\u00e2neo, o outro visceral e auditivo, cria uma experi\u00eancia de condu\u00e7\u00e3o diferente de tudo o que existe na estrada. \u00c9 esta dan\u00e7a intrincada entre os electr\u00f5es e a gasolina que define verdadeiramente o car\u00e1cter do i8.<\/p>\n<h3 id=\"how-the-i8-differs-from-a-mild-hybrid-or-a-full-ev\">Como \u00e9 que o i8 difere de um h\u00edbrido ligeiro ou de um ve\u00edculo totalmente el\u00e9trico<\/h3>\n<p>Para situar corretamente o i8, \u00e9 \u00fatil visualizar um espetro de eletrifica\u00e7\u00e3o de ve\u00edculos. Num extremo, temos o ve\u00edculo convencional ICE. No extremo oposto, o ve\u00edculo el\u00e9trico a bateria (BEV). O espa\u00e7o interm\u00e9dio \u00e9 onde vivem os h\u00edbridos.<\/p>\n<p>A <strong>H\u00edbrido ligeiro (MHEV)<\/strong> tem um motor el\u00e9trico e uma bateria muito pequenos. Este sistema n\u00e3o pode alimentar o autom\u00f3vel por si s\u00f3; limita-se a ajudar o motor a gasolina a melhorar a efici\u00eancia, por exemplo, durante a acelera\u00e7\u00e3o ou permitindo que o motor se desligue durante a marcha lenta.<\/p>\n<p>A <strong>H\u00edbrido integral (HEV)<\/strong>O Toyota Prius, tal como o cl\u00e1ssico Toyota Prius, tem uma bateria e um motor maiores. Pode percorrer dist\u00e2ncias muito curtas (talvez um ou dois quil\u00f3metros) a baixa velocidade apenas com energia el\u00e9ctrica antes de o motor a gasolina entrar em a\u00e7\u00e3o. N\u00e3o pode ser ligado \u00e0 corrente el\u00e9ctrica para carregar.<\/p>\n<p>A <strong>H\u00edbrido de Plug-in (PHEV)<\/strong>No entanto, o nosso objeto de estudo, o BMW i8, d\u00e1 um salto significativo. A sua bateria de maiores dimens\u00f5es permite uma autonomia el\u00e9ctrica substancial, adequada para a totalidade das desloca\u00e7\u00f5es di\u00e1rias de muitas pessoas. A sua capacidade de ser ligado \u00e0 corrente significa que um condutor pode potencialmente passar semanas sem utilizar uma gota de gasolina se os seus padr\u00f5es de condu\u00e7\u00e3o se enquadrarem na gama el\u00e9ctrica.<\/p>\n<p>Finalmente, um <strong>Ve\u00edculo el\u00e9trico a bateria (BEV)<\/strong>, tais como os do <a href=\"https:\/\/www.tjygqc.com\/bmw-category\/\" rel=\"nofollow\">explore a nossa gama de ve\u00edculos BMW avan\u00e7ados<\/a>O carro de passageiros, o \"carro de luxo\", n\u00e3o tem qualquer motor a gasolina. Depende inteiramente do seu grande conjunto de baterias para a propuls\u00e3o, oferecendo uma experi\u00eancia de condu\u00e7\u00e3o com emiss\u00f5es zero em todos os momentos.<\/p>\n<p>O quadro seguinte apresenta uma compara\u00e7\u00e3o clara destas tecnologias.<\/p>\n<table class=\"mce-item-table\" style=\"width:100%; border-collapse: collapse;\" border=\"1\">\n<thead>\n<tr>\n<th style=\"text-align:left;\">Carater\u00edstica<\/th>\n<th style=\"text-align:left;\">H\u00edbrido ligeiro (MHEV)<\/th>\n<th style=\"text-align:left;\">H\u00edbrido integral (HEV)<\/th>\n<th style=\"text-align:left;\">H\u00edbrido de Plug-in (PHEV) - BMW i8<\/th>\n<th style=\"text-align:left;\">Bateria el\u00e9ctrica (BEV)<\/th>\n<\/tr>\n<\/thead>\n<tbody>\n<tr>\n<td style=\"text-align:left;\"><strong>Pot\u00eancia prim\u00e1ria<\/strong><\/td>\n<td style=\"text-align:left;\">Motor a gasolina<\/td>\n<td style=\"text-align:left;\">Motor a gasolina<\/td>\n<td style=\"text-align:left;\">Motor a gasolina e motor el\u00e9trico<\/td>\n<td style=\"text-align:left;\">Motor el\u00e9trico<\/td>\n<\/tr>\n<tr>\n<td style=\"text-align:left;\"><strong>Fun\u00e7\u00e3o do motor el\u00e9trico<\/strong><\/td>\n<td style=\"text-align:left;\">Motor de assist\u00eancia<\/td>\n<td style=\"text-align:left;\">Auxilia o motor, condu\u00e7\u00e3o EV limitada<\/td>\n<td style=\"text-align:left;\">Condu\u00e7\u00e3o totalmente em VE, motor auxiliar<\/td>\n<td style=\"text-align:left;\">Propuls\u00e3o de sola<\/td>\n<\/tr>\n<tr>\n<td style=\"text-align:left;\"><strong>Carregamento externo<\/strong><\/td>\n<td style=\"text-align:left;\">N\u00e3o<\/td>\n<td style=\"text-align:left;\">N\u00e3o<\/td>\n<td style=\"text-align:left;\">Sim<\/td>\n<td style=\"text-align:left;\">Sim<\/td>\n<\/tr>\n<tr>\n<td style=\"text-align:left;\"><strong>Gama el\u00e9ctrica<\/strong><\/td>\n<td style=\"text-align:left;\">Nenhum<\/td>\n<td style=\"text-align:left;\">Muito baixa (1-2 km)<\/td>\n<td style=\"text-align:left;\">Moderado (20-50 km)<\/td>\n<td style=\"text-align:left;\">Elevada (300-600+ km)<\/td>\n<\/tr>\n<tr>\n<td style=\"text-align:left;\"><strong>Motor a gasolina<\/strong><\/td>\n<td style=\"text-align:left;\">Sim<\/td>\n<td style=\"text-align:left;\">Sim<\/td>\n<td style=\"text-align:left;\">Sim<\/td>\n<td style=\"text-align:left;\">N\u00e3o<\/td>\n<\/tr>\n<tr>\n<td style=\"text-align:left;\"><strong>Exemplo<\/strong><\/td>\n<td style=\"text-align:left;\">Mercedes-Benz C200 EQ Boost<\/td>\n<td style=\"text-align:left;\">Toyota Prius<\/td>\n<td style=\"text-align:left;\">BMW i8<\/td>\n<td style=\"text-align:left;\">Selo BYD<\/td>\n<\/tr>\n<\/tbody>\n<\/table>\n<p>Compreender esta classifica\u00e7\u00e3o \u00e9 o primeiro e mais importante passo para apreciar o i8. N\u00e3o se tratou de uma tentativa de construir um Tesla melhor; tratou-se de uma tentativa de construir uma ponte melhor para o futuro do autom\u00f3vel desportivo.<\/p>\n<h2 id=\"fact-2-two-worlds-one-car-understanding-the-driving-modes\">Facto 2: Dois mundos, um carro - Compreender os modos de condu\u00e7\u00e3o<\/h2>\n<p>Para compreender verdadeiramente a personalidade multifacetada do BMW i8, \u00e9 necess\u00e1rio explorar os seus diferentes modos de condu\u00e7\u00e3o. Estes n\u00e3o s\u00e3o simplesmente pequenos ajustes na resposta do acelerador; s\u00e3o mudan\u00e7as fundamentais no car\u00e1cter do carro, transformando-o de um silencioso cruzador citadino num estrondoso carro desportivo com o toque de um interrutor. Cada modo representa uma resposta diferente \u00e0 quest\u00e3o de como combinar melhor a energia el\u00e9ctrica e a gasolina, dando ao condutor um controlo profundo sobre o comportamento, a efici\u00eancia e o desempenho do ve\u00edculo. Pensar nestes modos \u00e9 como considerar diferentes roupas para diferentes ocasi\u00f5es; cada uma \u00e9 perfeitamente adaptada a um objetivo espec\u00edfico.<\/p>\n<h3 id=\"comfort-mode-the-balanced-act\">Modo de conforto: O ato equilibrado<\/h3>\n<p>O modo Comfort \u00e9 o estado predefinido do i8, a sua personalidade quotidiana. Neste modo, o c\u00e9rebro sofisticado do autom\u00f3vel, a Unidade de Controlo da Eletr\u00f3nica de Pot\u00eancia, toma todas as decis\u00f5es por si. Analisa constantemente o seu estilo de condu\u00e7\u00e3o, velocidade e necessidade de pot\u00eancia para proporcionar a combina\u00e7\u00e3o ideal de desempenho e efici\u00eancia.<\/p>\n<p>Quando se sai de um sem\u00e1foro, o i8 arranca normalmente em sil\u00eancio sereno, utilizando apenas o motor el\u00e9trico. \u00c9 um arranque suave, sem interrup\u00e7\u00f5es e surpreendentemente r\u00e1pido. Quando se acelera para uma estrada principal ou se necessita de mais pot\u00eancia, o motor a gasolina de 1,5 litros desperta, mas f\u00e1-lo com uma subtileza not\u00e1vel. N\u00e3o h\u00e1 qualquer estremecimento ou rugido s\u00fabito; num momento est\u00e1 desligado, no outro est\u00e1 ligado, trabalhando em conjunto com o motor el\u00e9trico. Os ecr\u00e3s do carro mostram claramente qual a fonte de energia que est\u00e1 ativa, mas a transi\u00e7\u00e3o \u00e9 t\u00e3o suave que muitas vezes a sentimos mais do que a ouvimos. Este modo \u00e9 a express\u00e3o m\u00e1xima do conceito h\u00edbrido: utilizar a eletricidade quando faz sentido (baixa velocidade, acelera\u00e7\u00e3o suave) e a gasolina quando \u00e9 necess\u00e1ria (velocidade mais elevada, maior exig\u00eancia de pot\u00eancia), tudo isto sem necessidade de qualquer interven\u00e7\u00e3o do condutor.<\/p>\n<h3 id=\"eco-pro-mode-maximizing-efficiency\">Modo Eco Pro: Maximizar a efici\u00eancia<\/h3>\n<p>Ativar o modo Eco Pro \u00e9 como dizer ao autom\u00f3vel: \"A minha prioridade hoje \u00e9 viajar o mais longe poss\u00edvel utilizando a menor quantidade de energia.\" O autom\u00f3vel obedece, ajustando v\u00e1rios par\u00e2metros. A resposta do acelerador torna-se mais suave, encorajando um estilo de condu\u00e7\u00e3o mais suave. O fornecimento de pot\u00eancia do motor el\u00e9trico e do motor a gasolina \u00e9 moderado, e o sistema de controlo da climatiza\u00e7\u00e3o reduz a sua pot\u00eancia para conservar energia.<\/p>\n<p>Neste modo, o autom\u00f3vel dar\u00e1 prioridade \u00e0 utiliza\u00e7\u00e3o do motor el\u00e9trico e resistir\u00e1 ao arranque do motor a gasolina durante o m\u00e1ximo de tempo poss\u00edvel. Tamb\u00e9m melhora o sistema de recupera\u00e7\u00e3o de energia. Quando se tira o p\u00e9 do acelerador, o autom\u00f3vel capta mais energia cin\u00e9tica que, de outra forma, se perderia durante a desacelera\u00e7\u00e3o, convertendo-a novamente em eletricidade para recarregar a bateria. O modo Eco Pro \u00e9 o modo mais consciente do i8, perfeito para viagens longas em que o objetivo principal \u00e9 maximizar a economia de combust\u00edvel e a autonomia el\u00e9ctrica. Demonstra o potencial do autom\u00f3vel como um grand tourer genuinamente eficiente.<\/p>\n<h3 id=\"sport-mode-unleashing-the-beast\">Modo desportivo: Libertar a fera<\/h3>\n<p>Este \u00e9 o modo que transforma o i8 de um eco-cruzeiro futurista num verdadeiro supercarro. Para ativar o modo Sport, basta deslizar a alavanca de velocidades para a esquerda. No momento em que o faz, todo o comportamento do carro&amp;#39 muda. O painel de instrumentos digital, anteriormente um azul sereno, passa instantaneamente para um vermelho ardente. O motor a gasolina, que podia estar adormecido, ganha vida e fica permanentemente ligado.<\/p>\n<p>No modo Sport, o \u00fanico objetivo do autom\u00f3vel \u00e9 o m\u00e1ximo desempenho. A resposta do acelerador torna-se extremamente n\u00edtida. O motor el\u00e9trico j\u00e1 n\u00e3o se limita a dar assist\u00eancia; fornece uma fun\u00e7\u00e3o \"e-Boost\", preenchendo quaisquer lacunas de bin\u00e1rio do motor turbo para proporcionar uma acelera\u00e7\u00e3o linear e implac\u00e1vel. A dire\u00e7\u00e3o parece mais pesada, a suspens\u00e3o fica mais r\u00edgida e a caixa autom\u00e1tica de seis velocidades mant\u00e9m as mudan\u00e7as durante mais tempo, mantendo o motor na sua gama de pot\u00eancia. O som tamb\u00e9m muda drasticamente. Uma sinfonia de ru\u00eddo do motor, assobio do turbo e ru\u00eddo el\u00e9trico enche o habit\u00e1culo, criando uma experi\u00eancia envolvente e emocionante. Este \u00e9 o modo que proporciona os valores de desempenho que fazem manchete e cimentam a reputa\u00e7\u00e3o do i8 como um carro capaz de desafiar os carros desportivos estabelecidos.<\/p>\n<h3 id=\"edrive-the-silent-pure-electric-experience\">eDrive: A experi\u00eancia silenciosa e puramente el\u00e9ctrica<\/h3>\n<p>Separado dos modos de condu\u00e7\u00e3o principais, o bot\u00e3o eDrive permite ao condutor for\u00e7ar o autom\u00f3vel a entrar num estado totalmente el\u00e9trico, desde que haja carga suficiente na bateria. Ao premir este bot\u00e3o, o motor a gasolina \u00e9 silenciado e o i8 transforma-se num ve\u00edculo el\u00e9trico de tra\u00e7\u00e3o dianteira. Este \u00e9 o modo que responde verdadeiramente \u00e0 parte el\u00e9ctrica da pergunta \"o BMW i8 \u00e9 um autom\u00f3vel el\u00e9trico?<\/p>\n<p>No modo eDrive, o i8 desliza pelas ruas da cidade com um sil\u00eancio misterioso, a sua presen\u00e7a \u00e9 marcada apenas pelo suave zumbido dos pneus no pavimento. O desempenho continua a ser r\u00e1pido, com o bin\u00e1rio instant\u00e2neo do motor el\u00e9trico a torn\u00e1-lo perfeito para navegar no tr\u00e1fego urbano. A velocidade m\u00e1xima neste modo \u00e9 limitada a cerca de 120 km\/h (75 mph) para preservar a bateria. Para muitos propriet\u00e1rios, este modo cobria todo o seu trajeto di\u00e1rio, permitindo-lhes experimentar todos os benef\u00edcios de um autom\u00f3vel el\u00e9trico - sem emiss\u00f5es locais, funcionamento silencioso e baixos custos de funcionamento - sem nunca necessitarem do motor a gasolina. Foi esta capacidade que tornou o i8 t\u00e3o inovador, oferecendo uma amostra real do futuro el\u00e9trico numa embalagem que estava dispon\u00edvel h\u00e1 quase uma d\u00e9cada.<\/p>\n<h2 id=\"fact-3-the-numbers-game-performance-range-and-charging-explained\">Facto 3: O jogo dos n\u00fameros - Desempenho, autonomia e carregamento explicados<\/h2>\n<p>Embora a filosofia e o design do BMW i8 sejam fascinantes, para muitos potenciais propriet\u00e1rios e entusiastas, o que realmente importa s\u00e3o os n\u00fameros pr\u00e1ticos. Qual \u00e9 a sua velocidade? At\u00e9 onde pode ir apenas com eletricidade? Como \u00e9 que o mant\u00e9m carregado? A an\u00e1lise destes n\u00fameros revela a realidade tang\u00edvel da proposta h\u00edbrida do i8&amp;#39 e ajuda a gerir as expectativas em rela\u00e7\u00e3o ao que esta m\u00e1quina futurista pode oferecer na utiliza\u00e7\u00e3o quotidiana em 2025. O desempenho do autom\u00f3vel&amp;#39 n\u00e3o \u00e9 apenas um n\u00famero, mas uma hist\u00f3ria contada pela intera\u00e7\u00e3o dos seus dois cora\u00e7\u00f5es.<\/p>\n<h3 id=\"electric-only-range-what-to-expect-in-the-real-world\">Gama de ve\u00edculos exclusivamente el\u00e9ctricos: O que esperar do mundo real<\/h3>\n<p>O BMW i8 estava equipado com uma bateria de i\u00f5es de l\u00edtio que, ao longo da sua vida \u00fatil, sofreu algumas actualiza\u00e7\u00f5es. Os modelos iniciais (2014-2018) apresentavam uma bateria de 7,1 kWh. De acordo com o teste oficial do Novo Ciclo de Condu\u00e7\u00e3o Europeu (NEDC), este foi classificado para uma autonomia apenas el\u00e9ctrica de at\u00e9 37 quil\u00f3metros (23 milhas). Os modelos mais recentes e actualizados, produzidos a partir de 2018, receberam uma bateria maior de 11,6 kWh, que aumentou a autonomia NEDC oficial para 55 quil\u00f3metros (34 milhas).<\/p>\n<p>No entanto, \u00e9 fundamental abordar estes n\u00fameros oficiais com uma dose de realismo. Os ciclos de teste como o NEDC s\u00e3o efectuados em condi\u00e7\u00f5es laboratoriais idealizadas e altamente controladas. No mundo real, factores como a temperatura ambiente (as baterias t\u00eam um desempenho menos optimizado em condi\u00e7\u00f5es de frio ou calor extremos), o estilo de condu\u00e7\u00e3o (a acelera\u00e7\u00e3o agressiva esgota a bateria muito mais rapidamente), o terreno (conduzir em subidas requer mais energia) e a utiliza\u00e7\u00e3o de comodidades no habit\u00e1culo, como o ar condicionado, reduzem a autonomia poss\u00edvel.<\/p>\n<p>Para um propriet\u00e1rio de um modelo anterior do i8 em 2025, uma autonomia el\u00e9ctrica realista seria de cerca de 20-25 quil\u00f3metros (12-15 milhas). Para os modelos mais recentes, com a bateria maior, 35-40 quil\u00f3metros (22-25 milhas) \u00e9 um objetivo mais vi\u00e1vel. Embora esta possa n\u00e3o parecer uma dist\u00e2ncia muito grande em compara\u00e7\u00e3o com os VEB modernos, \u00e9 frequentemente mais do que suficiente para cobrir a desloca\u00e7\u00e3o di\u00e1ria m\u00e9dia em muitas cidades europeias ou do sudeste asi\u00e1tico, permitindo viagens sem gasolina para a maioria das tarefas di\u00e1rias.<\/p>\n<h3 id=\"charging-the-i8-home-and-public-options\">Carregar o i8: op\u00e7\u00f5es dom\u00e9sticas e p\u00fablicas<\/h3>\n<p>Manter a bateria do i8&amp;#39 carregada \u00e9 um processo simples, semelhante ao de qualquer outro PHEV ou BEV. Existem basicamente tr\u00eas formas de carregar o autom\u00f3vel.<\/p>\n<ol>\n<li>\n<p><strong>Carregamento de n\u00edvel 1 (tomada dom\u00e9stica normal):<\/strong> O i8 pode ser carregado utilizando uma tomada el\u00e9ctrica dom\u00e9stica normal (por exemplo, 230 V na Europa ou 120 V em algumas regi\u00f5es). Este \u00e9 o m\u00e9todo mais lento. Para a bateria anterior de 7,1 kWh, uma carga completa demoraria cerca de 3,5 a 4 horas. Para a bateria maior de 11,6 kWh, este tempo aumenta para cerca de 4,5 a 5 horas. Este m\u00e9todo \u00e9 perfeitamente adequado para o carregamento noturno em casa.<\/p>\n<\/li>\n<li>\n<p><strong>Carregamento de n\u00edvel 2 (Wallbox ou carregador p\u00fablico):<\/strong> O m\u00e9todo mais comum e conveniente \u00e9 utilizar um carregador de N\u00edvel 2 dedicado, como uma caixa de parede instalada em casa ou uma esta\u00e7\u00e3o de carregamento p\u00fablica t\u00edpica encontrada em centros comerciais, escrit\u00f3rios e ao longo das ruas. Estes funcionam com uma tens\u00e3o e amperagem mais elevadas. Utilizando um carregador de N\u00edvel 2, a bateria de 7,1 kWh pode ser totalmente recarregada em cerca de 2 horas, enquanto a bateria de 11,6 kWh demoraria pouco mais de 3 horas. Assim, \u00e9 pr\u00e1tico recarregar a bateria durante uma ida \u00e0s compras ou no escrit\u00f3rio.<\/p>\n<\/li>\n<li>\n<p><strong>Carregamento a bordo (modo desportivo):<\/strong> Uma carater\u00edstica \u00fanica do i8 \u00e9 a sua capacidade de utilizar o motor a gasolina para recarregar a sua pr\u00f3pria bateria. Ao conduzir no modo Sport, o motor n\u00e3o s\u00f3 impulsiona o carro como tamb\u00e9m desvia alguma da sua pot\u00eancia para o gerador para reabastecer a bateria. Embora esta n\u00e3o seja a forma mais eficiente de obter eletricidade, \u00e9 uma carater\u00edstica incrivelmente \u00fatil. Imagine-se a conduzir numa autoestrada em dire\u00e7\u00e3o a um centro urbano; pode utilizar o modo Sport na autoestrada para chegar aos limites da cidade com a bateria totalmente carregada, pronto para mudar para o modo eDrive silencioso e de emiss\u00f5es zero.<\/p>\n<\/li>\n<\/ol>\n<h3 id=\"combined-power-and-acceleration-a-supercar-s-soul\">Combina\u00e7\u00e3o de pot\u00eancia e acelera\u00e7\u00e3o: A alma de um supercarro&amp;#39<\/h3>\n<p>A pergunta \"o BMW i8 \u00e9 um carro el\u00e9trico?\" tem muitas vezes um seguimento impl\u00edcito: \"\u00e9 r\u00e1pido?\" A resposta \u00e9 um inequ\u00edvoco \"sim\". Quando o motor el\u00e9trico e o motor a gasolina trabalham em conjunto no modo Sport, o desempenho do i8&amp;#39 \u00e9 estimulante.<\/p>\n<p>O motor de 1,5 litros e tr\u00eas cilindros, apesar da sua pequena dimens\u00e3o, produz uns not\u00e1veis 228 cavalos de pot\u00eancia e 320 Nm de bin\u00e1rio, todos enviados para as rodas traseiras. O motor el\u00e9trico acrescenta mais 141 cavalos de pot\u00eancia e 250 Nm de bin\u00e1rio \u00e0s rodas dianteiras. \u00c9 importante notar que os picos de pot\u00eancia e bin\u00e1rio dos dois sistemas n\u00e3o ocorrem exatamente ao mesmo tempo, pelo que n\u00e3o se pode simplesmente somar os n\u00fameros. A pot\u00eancia oficial do sistema combinado \u00e9 de 369 cavalos e 570 Nm de bin\u00e1rio.<\/p>\n<p>Quando se tem em conta a constru\u00e7\u00e3o leve em fibra de carbono do autom\u00f3vel, estes n\u00fameros traduzem-se numa acelera\u00e7\u00e3o vertiginosa. O BMW i8 pode acelerar dos 0 aos 100 km\/h (0 a 62 mph) em apenas 4,4 segundos. Este valor coloca-o firmemente no territ\u00f3rio dos carros desportivos tradicionais, como o Porsche 911 da sua \u00e9poca. A velocidade m\u00e1xima \u00e9 limitada eletronicamente a 250 km\/h (155 mph). O que os n\u00fameros n\u00e3o transmitem \u00e9 a sensa\u00e7\u00e3o \u00fanica desta acelera\u00e7\u00e3o. O impulso instant\u00e2neo do motor el\u00e9trico \u00e0 frente, combinado com a pot\u00eancia crescente do motor turboalimentado atr\u00e1s, cria uma onda cont\u00ednua de tra\u00e7\u00e3o integral que \u00e9 simultaneamente futurista e profundamente satisfat\u00f3ria.<\/p>\n<p>O quadro seguinte compara as especifica\u00e7\u00f5es do i8&amp;#39 com as de um ve\u00edculo el\u00e9trico completo contempor\u00e2neo, ilustrando as diferentes filosofias.<\/p>\n<table class=\"mce-item-table\" style=\"width:100%; border-collapse: collapse;\" border=\"1\">\n<thead>\n<tr>\n<th style=\"text-align:left;\">Especifica\u00e7\u00e3o<\/th>\n<th style=\"text-align:left;\">BMW i8 (PHEV)<\/th>\n<th style=\"text-align:left;\">BYD Han EV (BEV)<\/th>\n<\/tr>\n<\/thead>\n<tbody>\n<tr>\n<td style=\"text-align:left;\"><strong>Grupo motopropulsor<\/strong><\/td>\n<td style=\"text-align:left;\">1.5L I3 Turbo + Motor el\u00e9trico<\/td>\n<td style=\"text-align:left;\">Motores el\u00e9ctricos duplos<\/td>\n<\/tr>\n<tr>\n<td style=\"text-align:left;\"><strong>Energia combinada<\/strong><\/td>\n<td style=\"text-align:left;\">369 cv<\/td>\n<td style=\"text-align:left;\">510 cv<\/td>\n<\/tr>\n<tr>\n<td style=\"text-align:left;\"><strong>Bin\u00e1rio combinado<\/strong><\/td>\n<td style=\"text-align:left;\">570 Nm<\/td>\n<td style=\"text-align:left;\">700 Nm<\/td>\n<\/tr>\n<tr>\n<td style=\"text-align:left;\"><strong>0-100 km\/h<\/strong><\/td>\n<td style=\"text-align:left;\">4,4 segundos<\/td>\n<td style=\"text-align:left;\">3,9 segundos<\/td>\n<\/tr>\n<tr>\n<td style=\"text-align:left;\"><strong>Sistema de tra\u00e7\u00e3o<\/strong><\/td>\n<td style=\"text-align:left;\">Tra\u00e7\u00e3o integral<\/td>\n<td style=\"text-align:left;\">Tra\u00e7\u00e3o integral<\/td>\n<\/tr>\n<tr>\n<td style=\"text-align:left;\"><strong>Gama el\u00e9ctrica<\/strong><\/td>\n<td style=\"text-align:left;\">~55 km (NEDC, modelos mais recentes)<\/td>\n<td style=\"text-align:left;\">~610 km (CLTC)<\/td>\n<\/tr>\n<tr>\n<td style=\"text-align:left;\"><strong>Alcance total<\/strong><\/td>\n<td style=\"text-align:left;\">~600 km (Combinado)<\/td>\n<td style=\"text-align:left;\">~610 km (apenas el\u00e9trico)<\/td>\n<\/tr>\n<tr>\n<td style=\"text-align:left;\"><strong>Peso do lancil<\/strong><\/td>\n<td style=\"text-align:left;\">~1,560 kg<\/td>\n<td style=\"text-align:left;\">~2.250 kg<\/td>\n<\/tr>\n<\/tbody>\n<\/table>\n<p>Esta compara\u00e7\u00e3o real\u00e7a as vantagens e desvantagens. O VEB oferece mais pot\u00eancia bruta e uma autonomia el\u00e9ctrica muito maior, mas o PHEV i8 oferece uma autonomia total semelhante com a flexibilidade de um reabastecimento r\u00e1pido e um peso em vazio significativamente menor, o que contribui para o seu comportamento \u00e1gil.<\/p>\n<h2 id=\"fact-4-a-glimpse-into-the-future-the-i8-s-design-and-material-philosophy\">Facto 4: Um olhar sobre o futuro - O design e a filosofia dos materiais do i8&amp;#39<\/h2>\n<p>O BMW i8 era mais do que uma simples unidade motriz; era uma declara\u00e7\u00e3o de inten\u00e7\u00f5es, uma vis\u00e3o do futuro tornada tang\u00edvel. O seu design e constru\u00e7\u00e3o foram t\u00e3o revolucion\u00e1rios como o seu sistema h\u00edbrido, utilizando materiais e conceitos arquitect\u00f3nicos que, na altura, estavam reservados para hipercarros de nicho ou aplica\u00e7\u00f5es aeroespaciais. Olhar para um i8, mesmo em 2025, \u00e9 ver um design que envelheceu extraordinariamente bem, precisamente porque nunca foi concebido para ser um autom\u00f3vel do seu tempo. Foi sempre concebido para ser um autom\u00f3vel do futuro. Esta abordagem avan\u00e7ada \u00e0 sua forma f\u00edsica \u00e9 uma pe\u00e7a fundamental do puzzle para compreender o significado do ve\u00edculo&amp;#39.<\/p>\n<h3 id=\"lifedrive-architecture-a-revolutionary-structure\">Arquitetura LifeDrive: Uma estrutura revolucion\u00e1ria<\/h3>\n<p>Tradicionalmente, os autom\u00f3veis s\u00e3o constru\u00eddos utilizando uma constru\u00e7\u00e3o monocoque ou unibody, em que a carro\u00e7aria e a estrutura s\u00e3o uma estrutura \u00fanica e integrada. A BMW deitou esta conven\u00e7\u00e3o pela janela fora para o i8 e o seu irm\u00e3o totalmente el\u00e9trico, o i3. Desenvolveram um novo conceito radical chamado arquitetura LifeDrive.<\/p>\n<p>Imagine que o autom\u00f3vel \u00e9 dividido em dois m\u00f3dulos distintos e separados.<\/p>\n<ol>\n<li>\n<p><strong>O m\u00f3dulo \"Vida\":<\/strong> Esta \u00e9 a c\u00e9lula de passageiros, o casulo onde se sentam os ocupantes. Para o i8, todo este m\u00f3dulo foi constru\u00eddo em pl\u00e1stico refor\u00e7ado com fibra de carbono (CFRP). Isto criou uma c\u00e9lula de seguran\u00e7a incrivelmente forte, r\u00edgida e leve. Este foi um feito monumental, pois marcou uma das primeiras utiliza\u00e7\u00f5es de uma c\u00e9lula de passageiros totalmente em carbono num ve\u00edculo produzido em massa.<\/p>\n<\/li>\n<li>\n<p><strong>O m\u00f3dulo \"Drive\":<\/strong> Este \u00e9 o chassis de alum\u00ednio que se encontra por baixo do m\u00f3dulo Life. Alberga todos os componentes mec\u00e2nicos do autom\u00f3vel: o motor a gasolina e a transmiss\u00e3o na traseira, o motor el\u00e9trico na frente, a bateria de alta tens\u00e3o que percorre a coluna central do autom\u00f3vel e todos os sistemas de suspens\u00e3o e travagem.<\/p>\n<\/li>\n<\/ol>\n<p>Esta constru\u00e7\u00e3o em duas partes ofereceu enormes benef\u00edcios. A coloca\u00e7\u00e3o da pesada bateria no t\u00fanel central resultou num centro de gravidade excecionalmente baixo, que \u00e9 um ingrediente chave para uma condu\u00e7\u00e3o e estabilidade soberbas. A separa\u00e7\u00e3o da c\u00e9lula de passageiros dos componentes mec\u00e2nicos tamb\u00e9m ajudou a isolar as vibra\u00e7\u00f5es e o ru\u00eddo, contribuindo para uma experi\u00eancia de condu\u00e7\u00e3o mais refinada, especialmente no modo el\u00e9trico. Esta inova\u00e7\u00e3o arquitet\u00f3nica foi fundamental para alcan\u00e7ar os objectivos duplos do i8 de elevado desempenho e elevada efici\u00eancia.<\/p>\n<h3 id=\"carbon-fiber-reinforced-plastic-cfrp-strength-meets-lightness\">Pl\u00e1stico refor\u00e7ado com fibra de carbono (CFRP): a for\u00e7a encontra a leveza<\/h3>\n<p>A utiliza\u00e7\u00e3o extensiva de CFRP \u00e9 talvez o feito de engenharia mais impressionante do i8&amp;#39. A fibra de carbono \u00e9 um material de superlativos: \u00e9 t\u00e3o forte como o a\u00e7o, mas pesa cerca de 50% menos e \u00e9 30% mais leve do que o alum\u00ednio. Antes do i8 e do i3, a sua utiliza\u00e7\u00e3o estava em grande parte confinada \u00e0s corridas de F\u00f3rmula 1 e aos supercarros multimilion\u00e1rios, devido ao seu elevado custo e ao complexo processo de fabrico.<\/p>\n<p>A BMW investiu fortemente no desenvolvimento de m\u00e9todos novos e mais eficientes para produzir CFRP \u00e0 escala. O resultado foi uma c\u00e9lula de passageiros que proporcionou uma prote\u00e7\u00e3o superior contra colis\u00f5es, sendo dramaticamente mais leve do que uma estrutura de a\u00e7o convencional. Esta redu\u00e7\u00e3o de peso n\u00e3o foi apenas um projeto de vaidade; foi essencial para o conceito do i8&amp;#39. O grupo motopropulsor h\u00edbrido, com o seu motor, motor e bateria, \u00e9 inerentemente mais pesado do que um simples motor a gasolina. As enormes poupan\u00e7as de peso da carro\u00e7aria CFRP compensam esta massa extra, permitindo que o autom\u00f3vel mantenha uma sensa\u00e7\u00e3o de agilidade e atinja os seus impressionantes valores de acelera\u00e7\u00e3o. As portas em diedro (ou \"borboleta\"), um elemento de design carater\u00edstico, s\u00f3 foram poss\u00edveis devido \u00e0 resist\u00eancia e leveza do CFRP a partir do qual foram constru\u00eddas. Quando se abre a porta de um i8&amp;#39, n\u00e3o se est\u00e1 apenas a abrir uma porta; est\u00e1-se a levantar uma pe\u00e7a de ci\u00eancia de materiais avan\u00e7ada.<\/p>\n<h3 id=\"aerodynamics-and-aesthetics-more-than-just-good-looks\">Aerodin\u00e2mica e est\u00e9tica: Mais do que apenas boa apar\u00eancia<\/h3>\n<p>O design exterior do i8&amp;#39 \u00e9 uma aula magistral de beleza funcional. Todas as curvas, aberturas e asas do carro t\u00eam um objetivo aerodin\u00e2mico. Parece que foi esculpido pelo vento porque, em muitos aspectos, foi. O carro tem um coeficiente de resist\u00eancia excecionalmente baixo de apenas 0,26, o que \u00e9 not\u00e1vel para um carro desportivo com pneus largos e requisitos de arrefecimento significativos.<\/p>\n<p>Considere os pilares C \"stream flow\", aquelas asas flutuantes que se estendem desde a linha do tejadilho at\u00e9 aos guarda-lamas traseiros. T\u00eam um aspeto dram\u00e1tico, mas a sua principal fun\u00e7\u00e3o \u00e9 canalizar o ar de forma eficiente sobre a carro\u00e7aria do autom\u00f3vel, reduzindo a resist\u00eancia e melhorando a estabilidade a alta velocidade. As grelhas de rim parcialmente apagadas na frente s\u00e3o outro exemplo. Uma vez que o sistema h\u00edbrido requer menos arrefecimento do que um motor V8 ou V12 de grande cilindrada, as grelhas podem ser fechadas em grande parte para melhorar o fluxo de ar, uma sugest\u00e3o de design agora comum em muitos <a href=\"https:\/\/www.tjygqc.com\/bmw-category\/\" rel=\"nofollow\">descubra o futuro da condu\u00e7\u00e3o com a nossa cole\u00e7\u00e3o BMW<\/a> e outros ve\u00edculos el\u00e9ctricos modernos.<\/p>\n<p>A postura baixa e larga, os pain\u00e9is da carro\u00e7aria em camadas e os detalhes em azul futurista comunicam a tecnologia avan\u00e7ada do autom\u00f3vel&amp;#39 antes mesmo de o ligar. O design n\u00e3o foi uma reflex\u00e3o tardia; era uma parte integrante da identidade do autom\u00f3vel, uma representa\u00e7\u00e3o visual da engenharia avan\u00e7ada que se encontrava por baixo da pele. Prometia um tipo diferente de experi\u00eancia de condu\u00e7\u00e3o e cumpriu essa promessa.<\/p>\n<h2 id=\"fact-5-the-i8-s-legacy-and-its-place-in-automotive-history\">Facto 5: O legado do i8&amp;#39 e o seu lugar na hist\u00f3ria autom\u00f3vel<\/h2>\n<p>Quando a produ\u00e7\u00e3o do BMW i8 cessou em 2020, alguns observadores podem ter visto isso como o fim de uma experi\u00eancia falhada. Essa perspetiva, no entanto, perde a narrativa mais ampla. O i8 nunca foi concebido para ser um carro de grande volume de vendas como o BMW S\u00e9rie 3. Em vez disso, o seu objetivo era servir de pioneiro, um porta-estandarte tecnol\u00f3gico que testaria novas ideias, desafiaria conven\u00e7\u00f5es e abriria caminho para o futuro el\u00e9trico da marca&amp;#39. Em 2025, olhando para tr\u00e1s, \u00e9 claro que o i8 n\u00e3o foi um ponto de chegada, mas um come\u00e7o profundamente influente. O seu legado n\u00e3o se encontra nos n\u00fameros de vendas, mas no ADN de todos os BMW el\u00e9ctricos e electrificados que se seguiram.<\/p>\n<h3 id=\"a-bridge-to-the-future-of-bmw-s-electric-lineup\">Uma ponte para o futuro da linha el\u00e9ctrica da BMW&amp;#39<\/h3>\n<p>O i8 foi, na sua ess\u00eancia, um laborat\u00f3rio rolante. O conhecimento adquirido com o desenvolvimento do seu complexo grupo motopropulsor h\u00edbrido, a sua utiliza\u00e7\u00e3o pioneira de fibra de carbono \u00e0 escala e os seus avan\u00e7ados sistemas de gest\u00e3o de baterias proporcionaram li\u00e7\u00f5es inestim\u00e1veis aos engenheiros da BMW&amp;#39. Serviu como uma \"prova de conceito\" de que o desempenho electrificado n\u00e3o s\u00f3 era poss\u00edvel como tamb\u00e9m desej\u00e1vel.<\/p>\n<p>A sub-marca \"i\", que o i8 ajudou a lan\u00e7ar, floresceu desde ent\u00e3o numa gama completa de ve\u00edculos totalmente el\u00e9ctricos, incluindo o i4, o iX e o i7. Estes autom\u00f3veis beneficiam diretamente das bases estabelecidas pelo i8. A experi\u00eancia em tecnologia de motores el\u00e9ctricos, gest\u00e3o t\u00e9rmica de baterias e constru\u00e7\u00e3o leve foi aperfei\u00e7oada no projeto i8. Al\u00e9m disso, o i8 actuou como uma ferramenta crucial de marketing e de mudan\u00e7a de perce\u00e7\u00e3o. Tornou \"el\u00e9trico\" sin\u00f3nimo de \"excitante\" e \"futurista\" para a marca BMW. Demonstrou que um autom\u00f3vel pode ser simultaneamente consciente do ambiente e emocionalmente excitante, uma dualidade que \u00e9 fundamental para o atrativo dos ve\u00edculos el\u00e9ctricos de desempenho moderno. O i8 andou para que o i4 M50 pudesse andar.<\/p>\n<h3 id=\"why-the-i8-was-discontinued\">Porque \u00e9 que o i8 foi descontinuado<\/h3>\n<p>A decis\u00e3o de terminar a produ\u00e7\u00e3o do i8&amp;#39 ap\u00f3s seis anos foi um passo l\u00f3gico no seu ciclo de vida planeado. Tecnologicamente, o mundo autom\u00f3vel estava a evoluir a um ritmo alucinante. Em 2020, a tecnologia das baterias tinha avan\u00e7ado significativamente, tornando os ve\u00edculos totalmente el\u00e9ctricos de longo alcance mais vi\u00e1veis e acess\u00edveis. A pr\u00f3pria \"ansiedade de autonomia\" que o sistema PHEV do i8&amp;#39 foi concebido para resolver estava a tornar-se menos preocupante para um n\u00famero crescente de consumidores.<\/p>\n<p>O i8 tinha cumprido a sua miss\u00e3o. Provou a viabilidade de um autom\u00f3vel desportivo h\u00edbrido plug-in e estabeleceu a marca BMW i como l\u00edder em inova\u00e7\u00e3o. Continuar a sua produ\u00e7\u00e3o significaria competir com uma nova gera\u00e7\u00e3o de VEBs, incluindo os da pr\u00f3pria BMW&amp;#39, que ofereciam um desempenho el\u00e9trico superior e simplicidade. O processo de fabrico, em particular a montagem complexa das estruturas de fibra de carbono e alum\u00ednio, tamb\u00e9m era dispendioso. A descontinua\u00e7\u00e3o do i8 permitiu \u00e0 BMW redirecionar esses recursos e o seu foco para o desenvolvimento da pr\u00f3xima gera\u00e7\u00e3o de plataformas totalmente el\u00e9ctricas dedicadas, que representam o futuro a longo prazo da empresa. Foi uma retirada planeada e graciosa de um ve\u00edculo que tinha completado com sucesso o seu trabalho pioneiro.<\/p>\n<h3 id=\"the-i8-as-a-modern-classic-and-collector-s-item\">O i8 como um cl\u00e1ssico moderno e um objeto de cole\u00e7\u00e3o&amp;#39<\/h3>\n<p>Em 2025, o BMW i8 est\u00e1 a passar rapidamente de um carro usado para um cl\u00e1ssico moderno. A sua combina\u00e7\u00e3o de um design futurista, semelhante a um carro-conceito, que ainda parece fresco, o seu significado hist\u00f3rico como um ve\u00edculo de refer\u00eancia e os seus n\u00fameros de produ\u00e7\u00e3o relativamente limitados s\u00e3o todos ingredientes-chave para a coleccionabilidade.<\/p>\n<p>Aos primeiros utilizadores e entusiastas que apreciaram a sua proposta \u00fanica juntam-se agora os coleccionadores que v\u00eaem o seu valor a longo prazo. A experi\u00eancia de condu\u00e7\u00e3o continua a ser \u00fanica; nenhum outro autom\u00f3vel oferece a mesma mistura de cruzeiro el\u00e9trico silencioso e turbocompressor de tr\u00eas cilindros. Ao contr\u00e1rio de muitos supercarros, \u00e9 tamb\u00e9m relativamente eficiente e utiliz\u00e1vel como ve\u00edculo di\u00e1rio, o que aumenta o seu atrativo.<\/p>\n<p>\u00c0 medida que o mundo autom\u00f3vel continua a sua marcha inexor\u00e1vel em dire\u00e7\u00e3o \u00e0 eletrifica\u00e7\u00e3o total, o BMW i8 ser\u00e1 cada vez mais visto como um artefacto fascinante e belo de um momento crucial de transi\u00e7\u00e3o. Representa uma \u00e9poca em que os engenheiros misturaram de forma criativa o antigo e o novo, criando uma m\u00e1quina que era simultaneamente uma celebra\u00e7\u00e3o do motor de combust\u00e3o interna e um passo ousado para a era el\u00e9ctrica. Por este motivo, \u00e9 prov\u00e1vel que os exemplares bem conservados do i8 sejam procurados nas pr\u00f3ximas d\u00e9cadas, apreciados n\u00e3o s\u00f3 pelo que s\u00e3o, mas pela importante hist\u00f3ria que contam.<\/p>\n<h2 id=\"frequently-asked-questions-faq\">Perguntas frequentes (FAQ)<\/h2>\n<h3 id=\"is-the-bmw-i8-a-fully-electric-car\">O BMW i8 \u00e9 um autom\u00f3vel totalmente el\u00e9trico?<\/h3>\n<p>N\u00e3o, o BMW i8 n\u00e3o \u00e9 um autom\u00f3vel totalmente el\u00e9trico. \u00c9 um ve\u00edculo h\u00edbrido el\u00e9trico plug-in (PHEV). Isto significa que tem um motor a gasolina (um motor turbo de tr\u00eas cilindros de 1,5 litros) e um motor el\u00e9trico com uma bateria que pode ser carregada a partir de uma fonte de energia externa. Pode ser conduzido com energia el\u00e9ctrica pura durante um intervalo limitado antes de ser necess\u00e1rio o motor a gasolina.<\/p>\n<h3 id=\"how-far-can-a-bmw-i8-drive-on-electric-power-alone\">Qual a dist\u00e2ncia que um BMW i8 pode percorrer apenas com energia el\u00e9ctrica?<\/h3>\n<p>A autonomia el\u00e9ctrica depende do ano do modelo. Os primeiros modelos (2014-2018) com a bateria de 7,1 kWh t\u00eam uma autonomia oficial de at\u00e9 37 km (23 milhas), com uma autonomia realista no mundo real mais pr\u00f3xima dos 20-25 km. Os modelos posteriores (2018-2020) com a bateria maior de 11,6 kWh t\u00eam uma autonomia oficial de at\u00e9 55 km (34 milhas), traduzindo-se numa autonomia realista de 35-40 km na condu\u00e7\u00e3o quotidiana.<\/p>\n<h3 id=\"can-you-drive-the-bmw-i8-if-the-battery-is-not-charged\">\u00c9 poss\u00edvel conduzir o BMW i8 se a bateria n\u00e3o estiver carregada?<\/h3>\n<p>Sim, sem d\u00favida. Se a bateria se esgotar, o i8 funciona como um autom\u00f3vel h\u00edbrido tradicional. O motor a gasolina ser\u00e1 a principal fonte de energia e o autom\u00f3vel continuar\u00e1 a funcionar na perfei\u00e7\u00e3o. O sistema tamb\u00e9m pode regenerar uma pequena quantidade de carga atrav\u00e9s da travagem. Nunca ficar\u00e1 retido se n\u00e3o puder lig\u00e1-lo \u00e0 corrente.<\/p>\n<h3 id=\"why-is-the-bmw-i8-so-expensive-to-buy-even-in-2025\">Porque \u00e9 que o BMW i8 \u00e9 t\u00e3o caro, mesmo em 2025?<\/h3>\n<p>O valor do i8&amp;#39 continua a ser relativamente elevado devido a v\u00e1rios factores. O seu design futurista envelheceu excecionalmente bem, foi produzido em n\u00famero limitado e a sua constru\u00e7\u00e3o \u00e9 ex\u00f3tica, com uma c\u00e9lula de passageiros em fibra de carbono. \u00c9 considerado um cl\u00e1ssico moderno e um autom\u00f3vel historicamente significativo, o que aumenta a sua apet\u00eancia e mant\u00e9m o seu valor melhor do que muitos dos seus contempor\u00e2neos.<\/p>\n<h3 id=\"what-is-the-maintenance-like-on-a-bmw-i8\">Como \u00e9 a manuten\u00e7\u00e3o de um BMW i8?<\/h3>\n<p>A manuten\u00e7\u00e3o pode ser mais complexa do que a de um autom\u00f3vel convencional devido ao seu sistema de duplo grupo motopropulsor. Requer t\u00e9cnicos familiarizados tanto com motores de combust\u00e3o de alto desempenho como com sistemas el\u00e9ctricos de alta tens\u00e3o. A manuten\u00e7\u00e3o de rotina, como mudan\u00e7as de \u00f3leo, \u00e9 normal, mas as repara\u00e7\u00f5es nos componentes h\u00edbridos ou na estrutura de fibra de carbono podem ser especializadas e dispendiosas. Encontrar um centro de assist\u00eancia qualificado \u00e9 fundamental.<\/p>\n<h3 id=\"was-the-bmw-i8-considered-a-supercar\">O BMW i8 foi considerado um supercarro?<\/h3>\n<p>Em termos de desempenho, o seu tempo de 0-100 km\/h de 4,4 segundos coloca-o firmemente no territ\u00f3rio dos autom\u00f3veis desportivos, competindo com muitos Porsches e outros ve\u00edculos de alto desempenho da sua \u00e9poca. Com as suas portas em forma de borboleta, constru\u00e7\u00e3o em fibra de carbono e aspeto de concept-car, tem certamente a presen\u00e7a e o dramatismo de um supercarro. Embora alguns puristas possam discutir o t\u00edtulo devido ao seu motor de tr\u00eas cilindros, o seu desempenho geral e proezas tecnol\u00f3gicas valem-lhe um lugar na conversa sobre supercarros.<\/p>\n<h3 id=\"what-car-replaced-the-bmw-i8\">Que carro substituiu o BMW i8?<\/h3>\n<p>N\u00e3o houve um substituto direto e \u00fanico para o BMW i8. O seu esp\u00edrito e legado tecnol\u00f3gico foram, em vez disso, canalizados para a gama mais vasta de ve\u00edculos el\u00e9ctricos BMW \"i\". O aspeto do desempenho \u00e9 agora assegurado por modelos como o BMW i4 M50 totalmente el\u00e9trico, enquanto o papel da tecnologia de ponta \u00e9 preenchido por ve\u00edculos como o BMW iX e o i7. O i8 foi um autom\u00f3vel de refer\u00eancia \u00fanico para uma era espec\u00edfica de transi\u00e7\u00e3o.<\/p>\n<h2 id=\"conclusion\">Conclus\u00e3o<\/h2>\n<p>A pergunta \"o BMW i8 \u00e9 um autom\u00f3vel el\u00e9trico?\" abre a porta a uma discuss\u00e3o muito mais rica e matizada sobre a evolu\u00e7\u00e3o autom\u00f3vel. O i8 n\u00e3o pode ser confinado a um simples \"sim\" ou \"n\u00e3o\". \u00c9 o testemunho de um momento de engenharia brilhante e de uma vis\u00e3o arrojada, um ve\u00edculo que combinou magistralmente duas filosofias de propuls\u00e3o diferentes. \u00c9 um h\u00edbrido plug-in que oferece o funcionamento silencioso e limpo de um ve\u00edculo el\u00e9trico para a vida urbana, mas mant\u00e9m a autonomia e a pot\u00eancia bruta de um carro desportivo a gasolina para a estrada. A utiliza\u00e7\u00e3o de materiais ex\u00f3ticos como a fibra de carbono num ve\u00edculo \u00e0 escala de produ\u00e7\u00e3o democratizou a tecnologia outrora reservada \u00e0s pistas de corridas.<\/p>\n<p>O i8 foi uma ponte, cuidadosamente constru\u00edda para transportar os condutores do territ\u00f3rio familiar do motor de combust\u00e3o para o novo mundo da eletrifica\u00e7\u00e3o sem exigir um salto de f\u00e9. Abordou as ansiedades pr\u00e1ticas do seu tempo sem sacrificar a emo\u00e7\u00e3o que define um grande autom\u00f3vel desportivo. A sua produ\u00e7\u00e3o pode ter terminado, mas a sua influ\u00eancia persiste. O legado do i8&amp;#39 n\u00e3o \u00e9 uma nota de rodap\u00e9 na hist\u00f3ria dos autom\u00f3veis el\u00e9ctricos, mas sim um pr\u00f3logo c\u00e9lebre do atual cap\u00edtulo do desempenho el\u00e9trico, um cl\u00e1ssico moderno cuja combina\u00e7\u00e3o de design, tecnologia e car\u00e1cter continua a ser atraente e \u00fanica em 2025.<\/p>\n<h2 id=\"references\">Refer\u00eancias<\/h2>\n<p>Grupo BMW. (2013, 7 de agosto). O BMW i8. Num \u00e1pice. [Comunicado de imprensa].<\/p>\n<p>Grupo BMW. (2017, novembro 29). O novo BMW i8 Roadster, o novo BMW i8 Coupe. [Comunicado de imprensa].<\/p>\n<p>Carro e motorista. (2019, 11 de junho). BMW i8 de 2019. Carro e motorista. <a href=\"https:\/\/www.caranddriver.com\/bmw\/i8\" rel=\"nofollow\">https:\/\/www.caranddriver.com\/bmw\/i8<\/a><\/p>\n<p>Duff, M. (2020, 25 de junho). A produ\u00e7\u00e3o do BMW i8 termina com 20.500 vendas. Autocar.<\/p>\n<p>Golson, J. (2020, 23 de junho). A produ\u00e7\u00e3o do BMW i8 termina, deixando um buraco de carro esportivo h\u00edbrido em nossos cora\u00e7\u00f5es. CNET.<\/p>\n<p>Kane, M. (2020, 11 de junho). A produ\u00e7\u00e3o do BMW i8 chega ao fim. InsideEVs.<\/p>\n<p>Karr, A. (2020, 26 de junho). A produ\u00e7\u00e3o do BMW i8 termina ap\u00f3s 20.465 carros montados. Motor1.com.<\/p>\n<p>Voelcker, J. (2014, 12 de maio). BMW i8 2015: cup\u00ea esportivo h\u00edbrido plug-in sexy, nossa primeira unidade. Relat\u00f3rios de carros verdes. <a href=\"https:\/\/www.greencarreports.com\/news\/1092040_2015-bmw-i8-sexy-plug-in-hybrid-sport-coupe-our-first-drive\" rel=\"nofollow\">https:\/\/www.greencarreports.com\/news\/1092040_2015-bmw-i8-sexy-plug-in-hybrid-sport-coupe-our-first-drive<\/a><\/p>","protected":false},"excerpt":{"rendered":"<p>Abstract The BMW i8 occupies a unique and often misunderstood position within the automotive landscape, frequently prompting the question of its classification as a fully electric vehicle. This analysis clarifies that the BMW i8 is not a battery electric vehicle (BEV) but rather a technologically advanced plug-in hybrid electric vehicle (PHEV). It examines the vehicle&#39;s [&hellip;]<\/p>","protected":false},"author":1,"featured_media":3105,"comment_status":"closed","ping_status":"","sticky":false,"template":"","format":"standard","meta":{"footnotes":""},"categories":[4],"tags":[],"class_list":["post-3104","post","type-post","status-publish","format-standard","has-post-thumbnail","hentry","category-news"],"yoast_head":"<!-- This site is optimized with the Yoast SEO plugin v24.4 - https:\/\/yoast.com\/wordpress\/plugins\/seo\/ -->\n<title>5 Proven Facts: Is the BMW i8 an Electric Car? The 2025 Buyer&#039;s Guide - Tianjin Yigang Automobile Sales Co.,Ltd.<\/title>\n<meta name=\"robots\" content=\"index, follow, max-snippet:-1, max-image-preview:large, max-video-preview:-1\" \/>\n<link rel=\"canonical\" href=\"https:\/\/www.tjygqc.com\/pt\/5-proven-facts-is-the-bmw-i8-an-electric-car-the-2025-buyers-guide-article\/\" \/>\n<meta property=\"og:locale\" content=\"pt_PT\" \/>\n<meta property=\"og:type\" content=\"article\" \/>\n<meta property=\"og:title\" content=\"5 Proven Facts: Is the BMW i8 an Electric Car? The 2025 Buyer&#039;s Guide - Tianjin Yigang Automobile Sales Co.,Ltd.\" \/>\n<meta property=\"og:description\" content=\"Abstract The BMW i8 occupies a unique and often misunderstood position within the automotive landscape, frequently prompting the question of its classification as a fully electric vehicle. This analysis clarifies that the BMW i8 is not a battery electric vehicle (BEV) but rather a technologically advanced plug-in hybrid electric vehicle (PHEV). It examines the vehicle&#039;s [&hellip;]\" \/>\n<meta property=\"og:url\" content=\"https:\/\/www.tjygqc.com\/pt\/5-proven-facts-is-the-bmw-i8-an-electric-car-the-2025-buyers-guide-article\/\" \/>\n<meta property=\"og:site_name\" content=\"Tianjin Yigang Automobile Sales Co.,Ltd.\" \/>\n<meta property=\"article:publisher\" content=\"https:\/\/www.facebook.com\/tianjinyigang\/\" \/>\n<meta property=\"article:published_time\" content=\"2025-11-13T11:24:20+00:00\" \/>\n<meta property=\"article:modified_time\" content=\"2025-11-13T11:24:22+00:00\" \/>\n<meta property=\"og:image\" content=\"https:\/\/www.tjygqc.com\/wp-content\/uploads\/2025\/03\/BMW-i5-eDrive-40L-Luxury-Package-1-2.webp\" \/>\n<meta name=\"author\" content=\"user\" \/>\n<meta name=\"twitter:card\" content=\"summary_large_image\" \/>\n<meta name=\"twitter:label1\" content=\"Written by\" \/>\n\t<meta name=\"twitter:data1\" content=\"user\" \/>\n\t<meta name=\"twitter:label2\" content=\"Est. reading time\" \/>\n\t<meta name=\"twitter:data2\" content=\"28 minutos\" \/>\n<script type=\"application\/ld+json\" class=\"yoast-schema-graph\">{\"@context\":\"https:\/\/schema.org\",\"@graph\":[{\"@type\":\"Article\",\"@id\":\"https:\/\/www.tjygqc.com\/5-proven-facts-is-the-bmw-i8-an-electric-car-the-2025-buyers-guide-article\/#article\",\"isPartOf\":{\"@id\":\"https:\/\/www.tjygqc.com\/5-proven-facts-is-the-bmw-i8-an-electric-car-the-2025-buyers-guide-article\/\"},\"author\":{\"name\":\"user\",\"@id\":\"https:\/\/www.tjygqc.com\/#\/schema\/person\/9a0e27c1156d5a1d4cb23dce2cc5ad36\"},\"headline\":\"5 Proven Facts: Is the BMW i8 an Electric Car? The 2025 Buyer&#8217;s Guide\",\"datePublished\":\"2025-11-13T11:24:20+00:00\",\"dateModified\":\"2025-11-13T11:24:22+00:00\",\"mainEntityOfPage\":{\"@id\":\"https:\/\/www.tjygqc.com\/5-proven-facts-is-the-bmw-i8-an-electric-car-the-2025-buyers-guide-article\/\"},\"wordCount\":5524,\"publisher\":{\"@id\":\"https:\/\/www.tjygqc.com\/#organization\"},\"image\":{\"@id\":\"https:\/\/www.tjygqc.com\/5-proven-facts-is-the-bmw-i8-an-electric-car-the-2025-buyers-guide-article\/#primaryimage\"},\"thumbnailUrl\":\"https:\/\/www.tjygqc.com\/wp-content\/uploads\/2025\/11\/5-proven-facts-is-the-bmw-i8-an-electric-car-the-2025-buyer-s-guide.webp\",\"articleSection\":[\"News\"],\"inLanguage\":\"pt-PT\"},{\"@type\":\"WebPage\",\"@id\":\"https:\/\/www.tjygqc.com\/5-proven-facts-is-the-bmw-i8-an-electric-car-the-2025-buyers-guide-article\/\",\"url\":\"https:\/\/www.tjygqc.com\/5-proven-facts-is-the-bmw-i8-an-electric-car-the-2025-buyers-guide-article\/\",\"name\":\"5 Proven Facts: Is the BMW i8 an Electric Car? The 2025 Buyer's Guide - Tianjin Yigang Automobile Sales Co.,Ltd.\",\"isPartOf\":{\"@id\":\"https:\/\/www.tjygqc.com\/#website\"},\"primaryImageOfPage\":{\"@id\":\"https:\/\/www.tjygqc.com\/5-proven-facts-is-the-bmw-i8-an-electric-car-the-2025-buyers-guide-article\/#primaryimage\"},\"image\":{\"@id\":\"https:\/\/www.tjygqc.com\/5-proven-facts-is-the-bmw-i8-an-electric-car-the-2025-buyers-guide-article\/#primaryimage\"},\"thumbnailUrl\":\"https:\/\/www.tjygqc.com\/wp-content\/uploads\/2025\/11\/5-proven-facts-is-the-bmw-i8-an-electric-car-the-2025-buyer-s-guide.webp\",\"datePublished\":\"2025-11-13T11:24:20+00:00\",\"dateModified\":\"2025-11-13T11:24:22+00:00\",\"breadcrumb\":{\"@id\":\"https:\/\/www.tjygqc.com\/5-proven-facts-is-the-bmw-i8-an-electric-car-the-2025-buyers-guide-article\/#breadcrumb\"},\"inLanguage\":\"pt-PT\",\"potentialAction\":[{\"@type\":\"ReadAction\",\"target\":[\"https:\/\/www.tjygqc.com\/5-proven-facts-is-the-bmw-i8-an-electric-car-the-2025-buyers-guide-article\/\"]}]},{\"@type\":\"ImageObject\",\"inLanguage\":\"pt-PT\",\"@id\":\"https:\/\/www.tjygqc.com\/5-proven-facts-is-the-bmw-i8-an-electric-car-the-2025-buyers-guide-article\/#primaryimage\",\"url\":\"https:\/\/www.tjygqc.com\/wp-content\/uploads\/2025\/11\/5-proven-facts-is-the-bmw-i8-an-electric-car-the-2025-buyer-s-guide.webp\",\"contentUrl\":\"https:\/\/www.tjygqc.com\/wp-content\/uploads\/2025\/11\/5-proven-facts-is-the-bmw-i8-an-electric-car-the-2025-buyer-s-guide.webp\",\"width\":800,\"height\":800,\"caption\":\"5 Proven Facts: Is the BMW i8 an Electric Car? The 2025 Buyer's Guide\"},{\"@type\":\"BreadcrumbList\",\"@id\":\"https:\/\/www.tjygqc.com\/5-proven-facts-is-the-bmw-i8-an-electric-car-the-2025-buyers-guide-article\/#breadcrumb\",\"itemListElement\":[{\"@type\":\"ListItem\",\"position\":1,\"name\":\"Home\",\"item\":\"https:\/\/www.tjygqc.com\/\"},{\"@type\":\"ListItem\",\"position\":2,\"name\":\"5 Proven Facts: Is the BMW i8 an Electric Car? The 2025 Buyer&#8217;s Guide\"}]},{\"@type\":\"WebSite\",\"@id\":\"https:\/\/www.tjygqc.com\/#website\",\"url\":\"https:\/\/www.tjygqc.com\/\",\"name\":\"Tianjin Yigang Automobile Sales Co.,Ltd.\",\"description\":\"Tianjin Yigang Automobile Sales Co.,Ltd.\",\"publisher\":{\"@id\":\"https:\/\/www.tjygqc.com\/#organization\"},\"potentialAction\":[{\"@type\":\"SearchAction\",\"target\":{\"@type\":\"EntryPoint\",\"urlTemplate\":\"https:\/\/www.tjygqc.com\/?s={search_term_string}\"},\"query-input\":{\"@type\":\"PropertyValueSpecification\",\"valueRequired\":true,\"valueName\":\"search_term_string\"}}],\"inLanguage\":\"pt-PT\"},{\"@type\":\"Organization\",\"@id\":\"https:\/\/www.tjygqc.com\/#organization\",\"name\":\"Tianjin Yigang Automobile Sales Co., Ltd.\",\"url\":\"https:\/\/www.tjygqc.com\/\",\"logo\":{\"@type\":\"ImageObject\",\"inLanguage\":\"pt-PT\",\"@id\":\"https:\/\/www.tjygqc.com\/#\/schema\/logo\/image\/\",\"url\":\"https:\/\/www.tjygqc.com\/wp-content\/uploads\/2025\/03\/cropped-WechatIMG581.png\",\"contentUrl\":\"https:\/\/www.tjygqc.com\/wp-content\/uploads\/2025\/03\/cropped-WechatIMG581.png\",\"width\":338,\"height\":142,\"caption\":\"Tianjin Yigang Automobile Sales Co., Ltd.\"},\"image\":{\"@id\":\"https:\/\/www.tjygqc.com\/#\/schema\/logo\/image\/\"},\"sameAs\":[\"https:\/\/www.facebook.com\/tianjinyigang\/\",\"https:\/\/www.youtube.com\/@TianjinYigangAutomobile\",\"https:\/\/www.instagram.com\/tianjinyigang\/\"]},{\"@type\":\"Person\",\"@id\":\"https:\/\/www.tjygqc.com\/#\/schema\/person\/9a0e27c1156d5a1d4cb23dce2cc5ad36\",\"name\":\"user\",\"image\":{\"@type\":\"ImageObject\",\"inLanguage\":\"pt-PT\",\"@id\":\"https:\/\/www.tjygqc.com\/#\/schema\/person\/image\/\",\"url\":\"https:\/\/secure.gravatar.com\/avatar\/b58996c504c5638798eb6b511e6f49af?s=96&d=mm&r=g\",\"contentUrl\":\"https:\/\/secure.gravatar.com\/avatar\/b58996c504c5638798eb6b511e6f49af?s=96&d=mm&r=g\",\"caption\":\"user\"},\"sameAs\":[\"https:\/\/www.tjygqc.com:8182\"],\"url\":\"https:\/\/www.tjygqc.com\/pt\/author\/user\/\"}]}<\/script>\n<!-- \/ Yoast SEO plugin. -->","yoast_head_json":{"title":"5 Proven Facts: Is the BMW i8 an Electric Car? The 2025 Buyer's Guide - Tianjin Yigang Automobile Sales Co.,Ltd.","robots":{"index":"index","follow":"follow","max-snippet":"max-snippet:-1","max-image-preview":"max-image-preview:large","max-video-preview":"max-video-preview:-1"},"canonical":"https:\/\/www.tjygqc.com\/pt\/5-proven-facts-is-the-bmw-i8-an-electric-car-the-2025-buyers-guide-article\/","og_locale":"pt_PT","og_type":"article","og_title":"5 Proven Facts: Is the BMW i8 an Electric Car? The 2025 Buyer's Guide - Tianjin Yigang Automobile Sales Co.,Ltd.","og_description":"Abstract The BMW i8 occupies a unique and often misunderstood position within the automotive landscape, frequently prompting the question of its classification as a fully electric vehicle. This analysis clarifies that the BMW i8 is not a battery electric vehicle (BEV) but rather a technologically advanced plug-in hybrid electric vehicle (PHEV). It examines the vehicle&#39;s [&hellip;]","og_url":"https:\/\/www.tjygqc.com\/pt\/5-proven-facts-is-the-bmw-i8-an-electric-car-the-2025-buyers-guide-article\/","og_site_name":"Tianjin Yigang Automobile Sales Co.,Ltd.","article_publisher":"https:\/\/www.facebook.com\/tianjinyigang\/","article_published_time":"2025-11-13T11:24:20+00:00","article_modified_time":"2025-11-13T11:24:22+00:00","og_image":[{"url":"https:\/\/www.tjygqc.com\/wp-content\/uploads\/2025\/03\/BMW-i5-eDrive-40L-Luxury-Package-1-2.webp","type":"","width":"","height":""}],"author":"user","twitter_card":"summary_large_image","twitter_misc":{"Written by":"user","Est. reading time":"28 minutos"},"schema":{"@context":"https:\/\/schema.org","@graph":[{"@type":"Article","@id":"https:\/\/www.tjygqc.com\/5-proven-facts-is-the-bmw-i8-an-electric-car-the-2025-buyers-guide-article\/#article","isPartOf":{"@id":"https:\/\/www.tjygqc.com\/5-proven-facts-is-the-bmw-i8-an-electric-car-the-2025-buyers-guide-article\/"},"author":{"name":"user","@id":"https:\/\/www.tjygqc.com\/#\/schema\/person\/9a0e27c1156d5a1d4cb23dce2cc5ad36"},"headline":"5 Proven Facts: Is the BMW i8 an Electric Car? The 2025 Buyer&#8217;s Guide","datePublished":"2025-11-13T11:24:20+00:00","dateModified":"2025-11-13T11:24:22+00:00","mainEntityOfPage":{"@id":"https:\/\/www.tjygqc.com\/5-proven-facts-is-the-bmw-i8-an-electric-car-the-2025-buyers-guide-article\/"},"wordCount":5524,"publisher":{"@id":"https:\/\/www.tjygqc.com\/#organization"},"image":{"@id":"https:\/\/www.tjygqc.com\/5-proven-facts-is-the-bmw-i8-an-electric-car-the-2025-buyers-guide-article\/#primaryimage"},"thumbnailUrl":"https:\/\/www.tjygqc.com\/wp-content\/uploads\/2025\/11\/5-proven-facts-is-the-bmw-i8-an-electric-car-the-2025-buyer-s-guide.webp","articleSection":["News"],"inLanguage":"pt-PT"},{"@type":"WebPage","@id":"https:\/\/www.tjygqc.com\/5-proven-facts-is-the-bmw-i8-an-electric-car-the-2025-buyers-guide-article\/","url":"https:\/\/www.tjygqc.com\/5-proven-facts-is-the-bmw-i8-an-electric-car-the-2025-buyers-guide-article\/","name":"5 Proven Facts: Is the BMW i8 an Electric Car? The 2025 Buyer's Guide - Tianjin Yigang Automobile Sales Co.,Ltd.","isPartOf":{"@id":"https:\/\/www.tjygqc.com\/#website"},"primaryImageOfPage":{"@id":"https:\/\/www.tjygqc.com\/5-proven-facts-is-the-bmw-i8-an-electric-car-the-2025-buyers-guide-article\/#primaryimage"},"image":{"@id":"https:\/\/www.tjygqc.com\/5-proven-facts-is-the-bmw-i8-an-electric-car-the-2025-buyers-guide-article\/#primaryimage"},"thumbnailUrl":"https:\/\/www.tjygqc.com\/wp-content\/uploads\/2025\/11\/5-proven-facts-is-the-bmw-i8-an-electric-car-the-2025-buyer-s-guide.webp","datePublished":"2025-11-13T11:24:20+00:00","dateModified":"2025-11-13T11:24:22+00:00","breadcrumb":{"@id":"https:\/\/www.tjygqc.com\/5-proven-facts-is-the-bmw-i8-an-electric-car-the-2025-buyers-guide-article\/#breadcrumb"},"inLanguage":"pt-PT","potentialAction":[{"@type":"ReadAction","target":["https:\/\/www.tjygqc.com\/5-proven-facts-is-the-bmw-i8-an-electric-car-the-2025-buyers-guide-article\/"]}]},{"@type":"ImageObject","inLanguage":"pt-PT","@id":"https:\/\/www.tjygqc.com\/5-proven-facts-is-the-bmw-i8-an-electric-car-the-2025-buyers-guide-article\/#primaryimage","url":"https:\/\/www.tjygqc.com\/wp-content\/uploads\/2025\/11\/5-proven-facts-is-the-bmw-i8-an-electric-car-the-2025-buyer-s-guide.webp","contentUrl":"https:\/\/www.tjygqc.com\/wp-content\/uploads\/2025\/11\/5-proven-facts-is-the-bmw-i8-an-electric-car-the-2025-buyer-s-guide.webp","width":800,"height":800,"caption":"5 Proven Facts: Is the BMW i8 an Electric Car? The 2025 Buyer's Guide"},{"@type":"BreadcrumbList","@id":"https:\/\/www.tjygqc.com\/5-proven-facts-is-the-bmw-i8-an-electric-car-the-2025-buyers-guide-article\/#breadcrumb","itemListElement":[{"@type":"ListItem","position":1,"name":"Home","item":"https:\/\/www.tjygqc.com\/"},{"@type":"ListItem","position":2,"name":"5 Proven Facts: Is the BMW i8 an Electric Car? The 2025 Buyer&#8217;s Guide"}]},{"@type":"WebSite","@id":"https:\/\/www.tjygqc.com\/#website","url":"https:\/\/www.tjygqc.com\/","name":"Tianjin Yigang Automobile Sales Co.,Ltd.","description":"Tianjin Yigang Automobile Sales Co.,Ltd.","publisher":{"@id":"https:\/\/www.tjygqc.com\/#organization"},"potentialAction":[{"@type":"SearchAction","target":{"@type":"EntryPoint","urlTemplate":"https:\/\/www.tjygqc.com\/?s={search_term_string}"},"query-input":{"@type":"PropertyValueSpecification","valueRequired":true,"valueName":"search_term_string"}}],"inLanguage":"pt-PT"},{"@type":"Organization","@id":"https:\/\/www.tjygqc.com\/#organization","name":"Tianjin Yigang Automobile Sales Co., Ltd.","url":"https:\/\/www.tjygqc.com\/","logo":{"@type":"ImageObject","inLanguage":"pt-PT","@id":"https:\/\/www.tjygqc.com\/#\/schema\/logo\/image\/","url":"https:\/\/www.tjygqc.com\/wp-content\/uploads\/2025\/03\/cropped-WechatIMG581.png","contentUrl":"https:\/\/www.tjygqc.com\/wp-content\/uploads\/2025\/03\/cropped-WechatIMG581.png","width":338,"height":142,"caption":"Tianjin Yigang Automobile Sales Co., Ltd."},"image":{"@id":"https:\/\/www.tjygqc.com\/#\/schema\/logo\/image\/"},"sameAs":["https:\/\/www.facebook.com\/tianjinyigang\/","https:\/\/www.youtube.com\/@TianjinYigangAutomobile","https:\/\/www.instagram.com\/tianjinyigang\/"]},{"@type":"Person","@id":"https:\/\/www.tjygqc.com\/#\/schema\/person\/9a0e27c1156d5a1d4cb23dce2cc5ad36","name":"user","image":{"@type":"ImageObject","inLanguage":"pt-PT","@id":"https:\/\/www.tjygqc.com\/#\/schema\/person\/image\/","url":"https:\/\/secure.gravatar.com\/avatar\/b58996c504c5638798eb6b511e6f49af?s=96&d=mm&r=g","contentUrl":"https:\/\/secure.gravatar.com\/avatar\/b58996c504c5638798eb6b511e6f49af?s=96&d=mm&r=g","caption":"user"},"sameAs":["https:\/\/www.tjygqc.com:8182"],"url":"https:\/\/www.tjygqc.com\/pt\/author\/user\/"}]}},"_links":{"self":[{"href":"https:\/\/www.tjygqc.com\/pt\/wp-json\/wp\/v2\/posts\/3104","targetHints":{"allow":["GET"]}}],"collection":[{"href":"https:\/\/www.tjygqc.com\/pt\/wp-json\/wp\/v2\/posts"}],"about":[{"href":"https:\/\/www.tjygqc.com\/pt\/wp-json\/wp\/v2\/types\/post"}],"author":[{"embeddable":true,"href":"https:\/\/www.tjygqc.com\/pt\/wp-json\/wp\/v2\/users\/1"}],"replies":[{"embeddable":true,"href":"https:\/\/www.tjygqc.com\/pt\/wp-json\/wp\/v2\/comments?post=3104"}],"version-history":[{"count":1,"href":"https:\/\/www.tjygqc.com\/pt\/wp-json\/wp\/v2\/posts\/3104\/revisions"}],"predecessor-version":[{"id":3106,"href":"https:\/\/www.tjygqc.com\/pt\/wp-json\/wp\/v2\/posts\/3104\/revisions\/3106"}],"wp:featuredmedia":[{"embeddable":true,"href":"https:\/\/www.tjygqc.com\/pt\/wp-json\/wp\/v2\/media\/3105"}],"wp:attachment":[{"href":"https:\/\/www.tjygqc.com\/pt\/wp-json\/wp\/v2\/media?parent=3104"}],"wp:term":[{"taxonomy":"category","embeddable":true,"href":"https:\/\/www.tjygqc.com\/pt\/wp-json\/wp\/v2\/categories?post=3104"},{"taxonomy":"post_tag","embeddable":true,"href":"https:\/\/www.tjygqc.com\/pt\/wp-json\/wp\/v2\/tags?post=3104"}],"curies":[{"name":"wp","href":"https:\/\/api.w.org\/{rel}","templated":true}]}}