{"id":3107,"date":"2025-11-19T11:48:57","date_gmt":"2025-11-19T11:48:57","guid":{"rendered":"https:\/\/www.tjygqc.com\/data-backed-guide-how-much-is-a-mercedes-benz-electric-car-in-2025-6-models-compared-article\/"},"modified":"2025-11-19T11:49:00","modified_gmt":"2025-11-19T11:49:00","slug":"data-backed-guide-how-much-is-a-mercedes-benz-electric-car-in-2025-6-models-compared","status":"publish","type":"post","link":"https:\/\/www.tjygqc.com\/pt\/data-backed-guide-how-much-is-a-mercedes-benz-electric-car-in-2025-6-models-compared-article\/","title":{"rendered":"Guia com base em dados: Quanto custa um carro el\u00e9trico Mercedes-Benz em 2025? 6+ modelos comparados"},"content":{"rendered":"<p><img loading=\"lazy\" decoding=\"async\" style=\"display: block; margin-left: auto; margin-right: auto;\" data-src=\"https:\/\/www.tjygqc.com\/wp-content\/uploads\/2025\/03\/Mercedes-Benz-EQB350-3.webp\" alt=\"\" width=\"600\" height=\"600\" src=\"https:\/\/www.tjygqc.com\/wp-content\/uploads\/2025\/03\/Mercedes-Benz-EQB350-3.webp\" data-ll-status=\"loaded\" class=\"entered loaded\"><\/p>\n<h2 id=\"abstract\">Resumo<\/h2>\n<p>Esta an\u00e1lise fornece um exame abrangente da linha de ve\u00edculos el\u00e9ctricos da Mercedes-Benz para 2025, designada pelo prefixo \"EQ\". Desconstr\u00f3i sistematicamente a estrutura de pre\u00e7os, as especifica\u00e7\u00f5es t\u00e9cnicas e o posicionamento no mercado dos principais modelos dispon\u00edveis em diversos mercados internacionais, incluindo a Europa, o Sudeste Asi\u00e1tico, o M\u00e9dio Oriente e \u00c1frica. A investiga\u00e7\u00e3o vai al\u00e9m dos simples Pre\u00e7os de Venda Sugeridos pelo Fabricante (MSRP) para considerar os in\u00fameros factores que influenciam o custo final na estrada, tais como impostos regionais, direitos de importa\u00e7\u00e3o, incentivos governamentais e n\u00edveis de acabamento dispon\u00edveis. Ao avaliar cada ve\u00edculo, desde o EQA de entrada de gama at\u00e9 ao emblem\u00e1tico EQS e ao aguardado EQG, o artigo contextualiza o custo em rela\u00e7\u00e3o \u00e0s m\u00e9tricas de desempenho, tecnologia de bateria, capacidades de carregamento e equipamento interior. O objetivo \u00e9 dotar os potenciais compradores de uma compreens\u00e3o diferenciada da proposta de valor inerente a cada modelo, facilitando um processo de tomada de decis\u00e3o informado que alinhe as despesas financeiras com a utilidade pessoal e o desejo tecnol\u00f3gico no segmento dos ve\u00edculos el\u00e9ctricos de topo.<\/p>\n<h2 id=\"key-takeaways\">Principais conclus\u00f5es<\/h2>\n<ul>\n<li>Os pre\u00e7os variam significativamente consoante a regi\u00e3o devido a impostos, direitos de importa\u00e7\u00e3o e subs\u00eddios locais.<\/li>\n<li>A gama EQ vai desde os SUV compactos, como o EQA, at\u00e9 aos sedans ultra-luxuosos, como o EQS.<\/li>\n<li>A autonomia da bateria (WLTP) e a velocidade de carregamento s\u00e3o os principais factores que influenciam o custo de um modelo&#039;.<\/li>\n<li>Para saber quanto custa um autom\u00f3vel el\u00e9trico Mercedes-Benz, \u00e9 necess\u00e1rio comparar os n\u00edveis de acabamento.<\/li>\n<li>O custo total de propriedade pode ser inferior ao dos autom\u00f3veis a gasolina devido \u00e0 poupan\u00e7a de combust\u00edvel e de manuten\u00e7\u00e3o.<\/li>\n<li>Pacotes opcionais como o AMG Line ou o Hyperscreen podem aumentar substancialmente o pre\u00e7o final.<\/li>\n<li>Considere as suas desloca\u00e7\u00f5es di\u00e1rias e o acesso ao carregamento ao escolher uma op\u00e7\u00e3o de bateria e autonomia.<\/li>\n<\/ul>\n<h2 id=\"table-of-contents\">\u00cdndice<\/h2>\n<ul>\n<li><a href=\"#understanding-the-price-of-a-mercedes-benz-electric-vehicle\">Compreender o pre\u00e7o de um ve\u00edculo el\u00e9trico Mercedes-Benz<\/a><\/li>\n<li><a href=\"#a-comparative-overview-of-the-2025-mercedes-benz-eq-fleet\">Uma vis\u00e3o geral comparativa da frota Mercedes-Benz EQ 2025<\/a><\/li>\n<li><a href=\"#the-accessible-entry-point-2025-mercedes-benz-eqa\">O ponto de entrada acess\u00edvel: 2025 Mercedes-Benz EQA<\/a><\/li>\n<li><a href=\"#the-practical-family-mover-2025-mercedes-benz-eqb\">O pr\u00e1tico ve\u00edculo familiar: 2025 Mercedes-Benz EQB<\/a><\/li>\n<li><a href=\"#the-established-all-rounder-2025-mercedes-benz-eqc\">O polivalente consagrado: Mercedes-Benz EQC 2025<\/a><\/li>\n<li><a href=\"#the-executive-electric-sedan-2025-mercedes-benz-eqe\">O Sedan El\u00e9trico Executivo: 2025 Mercedes-Benz EQE<\/a><\/li>\n<li><a href=\"#the-pinnacle-of-electric-luxury-2025-mercedes-benz-eqs\">O pin\u00e1culo do luxo el\u00e9trico: Mercedes-Benz EQS 2025<\/a><\/li>\n<li><a href=\"#the-adventurous-spirit-the-eq-suv-family-eqe-suv-amp-eqs-suv\">O esp\u00edrito aventureiro: A fam\u00edlia EQ SUV (EQE SUV &amp; EQS SUV)<\/a><\/li>\n<li><a href=\"#the-forthcoming-icon-2025-mercedes-benz-eqg\">O futuro \u00edcone: 2025 Mercedes-Benz EQG<\/a><\/li>\n<li><a href=\"#frequently-asked-questions-faq\">Perguntas frequentes (FAQ)<\/a><\/li>\n<li><a href=\"#bringing-our-exploration-to-a-close\">Conclus\u00e3o da nossa explora\u00e7\u00e3o<\/a><\/li>\n<li><a href=\"#references\">Refer\u00eancias<\/a><\/li>\n<\/ul>\n<h2 id=\"understanding-the-price-of-a-mercedes-benz-electric-vehicle\">Compreender o pre\u00e7o de um ve\u00edculo el\u00e9trico Mercedes-Benz<\/h2>\n<p>Perguntar \"quanto custa um carro el\u00e9trico Mercedes-Benz?\" \u00e9 colocar uma quest\u00e3o que tem n\u00e3o uma, mas uma multiplicidade de respostas, cada uma delas moldada pela geografia, pol\u00edtica governamental e prefer\u00eancia pessoal. A etiqueta de pre\u00e7o na sala de exposi\u00e7\u00f5es \u00e9 apenas um ponto de partida num c\u00e1lculo complexo. \u00c9 um valor que representa o culminar de imensa investiga\u00e7\u00e3o e desenvolvimento, processos de fabrico avan\u00e7ados e o legado de uma marca sin\u00f3nimo de luxo e inova\u00e7\u00e3o (Mercedes-Benz Group AG, 2024). No entanto, para o consumidor, este pre\u00e7o base \u00e9 uma tela sobre a qual ser\u00e1 pintado o custo final, com pinceladas de impostos locais, tarifas de importa\u00e7\u00e3o e o fasc\u00ednio dos extras opcionais.<\/p>\n<p>Consideremos o percurso de um \u00fanico ve\u00edculo, digamos um sedan EQE, desde a sua f\u00e1brica na Alemanha at\u00e9 um cliente no Dubai, e outro at\u00e9 um cliente em Singapura. O ve\u00edculo que sai da f\u00e1brica tem um custo de produ\u00e7\u00e3o definido e um pre\u00e7o inicial. Para o cliente na Alemanha, o pre\u00e7o ser\u00e1 influenciado pelo Imposto sobre o Valor Acrescentado (IVA) e por quaisquer incentivos federais \u00e0 ado\u00e7\u00e3o de ve\u00edculos el\u00e9ctricos. Para o cliente do Dubai, o pre\u00e7o ser\u00e1 ajustado em fun\u00e7\u00e3o dos direitos de importa\u00e7\u00e3o, embora a regi\u00e3o tenha frequentemente estruturas fiscais favor\u00e1veis para bens de luxo. O cliente em Singapura, no entanto, enfrenta uma realidade diferente. O pre\u00e7o do ve\u00edculo&amp;#39 ser\u00e1 drasticamente afetado pelo Certificado de Autoriza\u00e7\u00e3o (COE), uma licen\u00e7a baseada em quotas para possuir um ve\u00edculo, e pela Taxa de Registo Adicional (ARF), um imposto baseado no valor de mercado do autom\u00f3vel&amp;#39. O resultado s\u00e3o tr\u00eas autom\u00f3veis id\u00eanticos com tr\u00eas pre\u00e7os finais muito diferentes.<\/p>\n<p>Esta diverg\u00eancia econ\u00f3mica sublinha um tema central na nossa explora\u00e7\u00e3o: o contexto \u00e9 tudo. Os pre\u00e7os que vamos discutir s\u00e3o melhor entendidos como estimativas de base ou Manufacturer&#039;s Suggested Retail Prices (MSRP) em mercados importantes como a Europa ou os Estados Unidos. Fornecem um ponto de refer\u00eancia vital para compara\u00e7\u00e3o, mas o verdadeiro custo s\u00f3 pode ser determinado por um revendedor autorizado local. Pense nisso como a diferen\u00e7a entre o pre\u00e7o de venda por grosso de um diamante em bruto e o custo final de um anel de noivado personalizado; o material \u00e9 o mesmo, mas a viagem e os toques finais definem o seu valor final.<\/p>\n<h3 id=\"factors-beyond-the-sticker-price\">Factores para al\u00e9m do pre\u00e7o de etiqueta<\/h3>\n<p>O compromisso financeiro com um ve\u00edculo el\u00e9trico Mercedes-Benz vai para al\u00e9m da compra inicial. Uma perspetiva mais hol\u00edstica requer uma an\u00e1lise do Custo Total de Propriedade (TCO). Este quadro convida-nos a considerar n\u00e3o apenas o custo de aquisi\u00e7\u00e3o, mas tamb\u00e9m as despesas e poupan\u00e7as cont\u00ednuas associadas ao ve\u00edculo ao longo da sua vida \u00fatil.<\/p>\n<ul>\n<li><strong>Custos energ\u00e9ticos:<\/strong> A poupan\u00e7a mais imediata resulta da passagem da gasolina ou do gas\u00f3leo para a eletricidade. O custo por quil\u00f3metro \u00e9 normalmente uma fra\u00e7\u00e3o do custo de um ve\u00edculo com motor de combust\u00e3o interna (ICE), embora isso dependa das tarifas de eletricidade locais e do facto de o carregamento ser feito em casa, num carregador AC p\u00fablico ou numa esta\u00e7\u00e3o de carregamento r\u00e1pido DC, mais cara.<\/li>\n<li><strong>Manuten\u00e7\u00e3o:<\/strong> Os ve\u00edculos el\u00e9ctricos t\u00eam muito menos pe\u00e7as m\u00f3veis do que os seus equivalentes a combust\u00e3o interna. N\u00e3o h\u00e1 mudan\u00e7as de \u00f3leo, velas de igni\u00e7\u00e3o, sistemas de escape e a travagem regenerativa reduz o desgaste das pastilhas dos trav\u00f5es. Embora a substitui\u00e7\u00e3o de pneus e outras opera\u00e7\u00f5es de manuten\u00e7\u00e3o geral se mantenham, o calend\u00e1rio de manuten\u00e7\u00e3o de rotina \u00e9 mais simples e, muitas vezes, menos dispendioso.<\/li>\n<li><strong>Seguros e impostos:<\/strong> Os pr\u00e9mios de seguro para VEs podem por vezes ser mais elevados devido \u00e0 natureza especializada das repara\u00e7\u00f5es e ao custo inicial mais elevado. Por outro lado, muitas jurisdi\u00e7\u00f5es oferecem impostos rodovi\u00e1rios anuais reduzidos ou taxas de registo para ve\u00edculos de emiss\u00f5es zero, compensando algumas das despesas de seguro.<\/li>\n<li><strong>Deprecia\u00e7\u00e3o:<\/strong> O valor de revenda dos ve\u00edculos el\u00e9ctricos \u00e9 um campo din\u00e2mico. Inicialmente, as preocupa\u00e7\u00f5es com a degrada\u00e7\u00e3o das baterias levaram a previs\u00f5es de uma r\u00e1pida desvaloriza\u00e7\u00e3o. No entanto, \u00e0 medida que a tecnologia das baterias foi melhorando e o mercado de ve\u00edculos el\u00e9ctricos usados foi amadurecendo, as taxas de desvaloriza\u00e7\u00e3o dos modelos premium tornaram-se mais est\u00e1veis, muitas vezes com um desempenho igual ou superior ao dos seus equivalentes ICE.<\/li>\n<\/ul>\n<p>Ao ponderar estes factores, um potencial propriet\u00e1rio pode desenvolver uma imagem mais precisa do panorama financeiro a longo prazo. Um modelo com um pre\u00e7o inicial mais elevado pode, ao longo de cinco anos, revelar-se mais econ\u00f3mico do que uma alternativa mais barata, uma vez considerado o TCO. Este \u00e9 o tipo de c\u00e1lculo paciente e abrangente que uma verdadeira propriedade exige.<\/p>\n<h2 id=\"a-comparative-overview-of-the-2025-mercedes-benz-eq-fleet\">Uma vis\u00e3o geral comparativa da frota Mercedes-Benz EQ 2025<\/h2>\n<p>Para navegar no universo em expans\u00e3o das ofertas el\u00e9ctricas da Mercedes-Benz, \u00e9 indispens\u00e1vel um mapa. O quadro abaixo serve de guia inicial, apresentando os principais modelos em fun\u00e7\u00e3o das suas carater\u00edsticas fundamentais. Fornece uma vis\u00e3o panor\u00e2mica do alinhamento, permitindo uma avalia\u00e7\u00e3o r\u00e1pida da posi\u00e7\u00e3o de cada ve\u00edculo em termos de tamanho, fun\u00e7\u00e3o e ponto de entrada financeiro aproximado. Considere isto como um resumo dos cap\u00edtulos seguintes, uma estrutura sobre a qual iremos construir uma compreens\u00e3o mais pormenorizada.<\/p>\n<table class=\"mce-item-table\" style=\"width:100%; border-collapse: collapse;\" border=\"1\">\n<thead>\n<tr>\n<th style=\"text-align:left;\">Modelo<\/th>\n<th style=\"text-align:left;\">Classe do ve\u00edculo<\/th>\n<th style=\"text-align:left;\">P\u00fablico-alvo<\/th>\n<th style=\"text-align:left;\">Pre\u00e7o estimado de venda inicial (EUR)<\/th>\n<th style=\"text-align:left;\">Gama WLTP estimada<\/th>\n<\/tr>\n<\/thead>\n<tbody>\n<tr>\n<td style=\"text-align:left;\"><strong>QAE<\/strong><\/td>\n<td style=\"text-align:left;\">SUV compacto<\/td>\n<td style=\"text-align:left;\">Profissionais urbanos, fam\u00edlias pequenas<\/td>\n<td style=\"text-align:left;\">\u20ac50,000<\/td>\n<td style=\"text-align:left;\">At\u00e9 560 km<\/td>\n<\/tr>\n<tr>\n<td style=\"text-align:left;\"><strong>EQB<\/strong><\/td>\n<td style=\"text-align:left;\">SUV compacto (7 lugares)<\/td>\n<td style=\"text-align:left;\">Fam\u00edlias em crescimento, orientadas para a praticidade<\/td>\n<td style=\"text-align:left;\">\u20ac53,000<\/td>\n<td style=\"text-align:left;\">At\u00e9 534 km<\/td>\n<\/tr>\n<tr>\n<td style=\"text-align:left;\"><strong>CQE<\/strong><\/td>\n<td style=\"text-align:left;\">SUV de tamanho m\u00e9dio<\/td>\n<td style=\"text-align:left;\">Profissionais estabelecidos, orientados para o conforto<\/td>\n<td style=\"text-align:left;\">\u20ac66,000<\/td>\n<td style=\"text-align:left;\">At\u00e9 462 km<\/td>\n<\/tr>\n<tr>\n<td style=\"text-align:left;\"><strong>EQE<\/strong><\/td>\n<td style=\"text-align:left;\">Sedan executivo<\/td>\n<td style=\"text-align:left;\">Profissionais de neg\u00f3cios, entusiastas da tecnologia<\/td>\n<td style=\"text-align:left;\">\u20ac67,000<\/td>\n<td style=\"text-align:left;\">At\u00e9 670 km<\/td>\n<\/tr>\n<tr>\n<td style=\"text-align:left;\"><strong>EQE SUV<\/strong><\/td>\n<td style=\"text-align:left;\">SUV de luxo de tamanho m\u00e9dio<\/td>\n<td style=\"text-align:left;\">Fam\u00edlias que desejam espa\u00e7o e luxo<\/td>\n<td style=\"text-align:left;\">\u20ac87,000<\/td>\n<td style=\"text-align:left;\">At\u00e9 596 km<\/td>\n<\/tr>\n<tr>\n<td style=\"text-align:left;\"><strong>EQS<\/strong><\/td>\n<td style=\"text-align:left;\">Sedan de luxo de tamanho normal<\/td>\n<td style=\"text-align:left;\">Executivos de topo, primeiros utilizadores<\/td>\n<td style=\"text-align:left;\">\u20ac109,000<\/td>\n<td style=\"text-align:left;\">At\u00e9 784 km<\/td>\n<\/tr>\n<tr>\n<td style=\"text-align:left;\"><strong>EQS SUV<\/strong><\/td>\n<td style=\"text-align:left;\">SUV de luxo de tamanho normal<\/td>\n<td style=\"text-align:left;\">Fam\u00edlias numerosas, que procuram o m\u00e1ximo de luxo<\/td>\n<td style=\"text-align:left;\">\u20ac114,000<\/td>\n<td style=\"text-align:left;\">At\u00e9 672 km<\/td>\n<\/tr>\n<tr>\n<td style=\"text-align:left;\"><strong>EQG<\/strong><\/td>\n<td style=\"text-align:left;\">SUV todo-o-terreno de tamanho normal<\/td>\n<td style=\"text-align:left;\">Entusiastas de todo-o-terreno, coleccionadores<\/td>\n<td style=\"text-align:left;\">TBD (Est. &gt; 150 000 euros)<\/td>\n<td style=\"text-align:left;\">TBD<\/td>\n<\/tr>\n<\/tbody>\n<\/table>\n<p>Nota: Os valores dos pre\u00e7os e da gama s\u00e3o estimativas para o ano-modelo de 2025 com base nos modelos de base europeus. Estes variam significativamente consoante o mercado, o acabamento e o equipamento opcional.<\/p>\n<p>Este quadro ilustra a amplitude estrat\u00e9gica do portef\u00f3lio EQ. A Mercedes-Benz n\u00e3o se limita a oferecer um \u00fanico \"carro el\u00e9trico\"; est\u00e1 a eletrificar metodicamente toda a sua estrutura de classe, desde o segmento compacto at\u00e9 ao auge do luxo e da capacidade todo-o-terreno (Stratstone, 2024). Cada modelo \u00e9 uma resposta direta a um conjunto espec\u00edfico de necessidades e desejos humanos, um testemunho da ambi\u00e7\u00e3o da marca de liderar na era el\u00e9ctrica, tal como o fez na era da combust\u00e3o.<\/p>\n<h2 id=\"the-accessible-entry-point-2025-mercedes-benz-eqa\">O ponto de entrada acess\u00edvel: 2025 Mercedes-Benz EQA<\/h2>\n<p>O EQA \u00e9 a porta de entrada para o ecossistema el\u00e9trico da Mercedes-Benz. Foi concebido para aqueles que navegam na densa tape\u00e7aria da vida urbana, para quem um ve\u00edculo deve ser simultaneamente uma afirma\u00e7\u00e3o de estilo pessoal e uma ferramenta pr\u00e1tica para a exist\u00eancia di\u00e1ria. O seu formato de SUV compacto \u00e9 uma resposta direta \u00e0 prefer\u00eancia moderna por uma posi\u00e7\u00e3o de condu\u00e7\u00e3o mais elevada e um espa\u00e7o de carga flex\u00edvel, sem a pegada pesada de um ve\u00edculo maior. \u00c9, na sua ess\u00eancia, a destila\u00e7\u00e3o el\u00e9ctrica do popular Classe GLA.<\/p>\n<h3 id=\"eqa-pricing-and-trims\">EQA Pre\u00e7os e acabamentos<\/h3>\n<p>A narrativa financeira do EQA come\u00e7a com um valor estimado de 50.000 euros para o modelo de base, o EQA 250+. Isto posiciona-o como uma entrada premium, mas ating\u00edvel, no mundo do luxo el\u00e9trico. Vamos analisar a prov\u00e1vel estrutura de acabamento:<\/p>\n<ul>\n<li><strong>EQA 250+:<\/strong> Este modelo de tra\u00e7\u00e3o dianteira \u00e9 o campe\u00e3o de efici\u00eancia da gama. Com o foco na maximiza\u00e7\u00e3o da autonomia da bateria, \u00e9 a escolha l\u00f3gica para os compradores cuja principal preocupa\u00e7\u00e3o \u00e9 percorrer a maior dist\u00e2ncia poss\u00edvel com um \u00fanico carregamento. O pre\u00e7o reflecte o seu estatuto de ponto de entrada, mas a lista de equipamento de s\u00e9rie est\u00e1 longe de ser escassa, incluindo o sistema de infoentretenimento MBUX e um conjunto de funcionalidades avan\u00e7adas de assist\u00eancia ao condutor.<\/li>\n<li><strong>EQA 300 4MATIC:<\/strong> O aumento para o modelo 300 introduz o sistema de tra\u00e7\u00e3o integral 4MATIC. Um segundo motor \u00e9 adicionado ao eixo traseiro, proporcionando mais pot\u00eancia e maior tra\u00e7\u00e3o em condi\u00e7\u00f5es climat\u00e9ricas adversas. Esta variante destina-se ao condutor que deseja uma sensa\u00e7\u00e3o mais din\u00e2mica e a seguran\u00e7a da tra\u00e7\u00e3o integral. O aumento de pre\u00e7o, talvez na ordem dos 4.000 a 5.000 euros, \u00e9 um investimento no desempenho e na capacidade para todas as condi\u00e7\u00f5es climat\u00e9ricas.<\/li>\n<li><strong>EQA 350 4MATIC:<\/strong> No topo da gama EQA encontra-se o 350 4MATIC. Utiliza a mesma configura\u00e7\u00e3o de motor duplo que o 300, mas est\u00e1 afinado para obter a pot\u00eancia m\u00e1xima. Esta \u00e9 a escolha orientada para o desempenho, oferecendo uma acelera\u00e7\u00e3o r\u00e1pida que pode surpreender muitos carros desportivos. O pre\u00e7o reflecte a sua posi\u00e7\u00e3o como carro-chefe da gama EQA e, muitas vezes, vem equipado de s\u00e9rie com equipamento interior e estilo exterior mais luxuosos.<\/li>\n<\/ul>\n<p>Para al\u00e9m destes acabamentos principais, a personaliza\u00e7\u00e3o \u00e9 fundamental. Pacotes como o AMG Line Exterior e Interior acrescentam uma est\u00e9tica desportiva com para-choques redesenhados, jantes exclusivas e um volante de fundo plano. O Pacote Premium pode incluir carater\u00edsticas como um teto de abrir panor\u00e2mico, um sistema de som Burmester melhorado e navega\u00e7\u00e3o em realidade aumentada. Cada adi\u00e7\u00e3o faz subir o pre\u00e7o, permitindo que o comprador adapte o EQA de um pr\u00e1tico ve\u00edculo de desloca\u00e7\u00e3o para um compacto de luxo altamente personalizado.<\/p>\n<h3 id=\"performance-and-real-world-range\">Desempenho e alcance no mundo real<\/h3>\n<p>A quest\u00e3o \"quanto custa um autom\u00f3vel el\u00e9trico Mercedes-Benz\" est\u00e1 intrinsecamente ligada \u00e0 quest\u00e3o \"at\u00e9 onde pode ir?\". No caso do EQA, a resposta \u00e9 impressionante para a sua classe. O EQA 250+, com o seu foco na efici\u00eancia, tem como objetivo uma autonomia WLTP de at\u00e9 560 quil\u00f3metros. \u00c9 fundamental compreender o que representa o WLTP (Worldwide Harmonised Light Vehicle Test Procedure). Trata-se de um teste normalizado realizado em laborat\u00f3rio, concebido para ser mais realista do que as normas mais antigas. No entanto, a autonomia no mundo real ser\u00e1 sempre influenciada por factores como o estilo de condu\u00e7\u00e3o, a temperatura ambiente (as baterias s\u00e3o menos eficientes ao frio), o terreno e a utiliza\u00e7\u00e3o do controlo da climatiza\u00e7\u00e3o.<\/p>\n<p>Um condutor com um p\u00e9 direito pesado num clima frio pode ver uma redu\u00e7\u00e3o de 20-30% em rela\u00e7\u00e3o ao valor oficial do WLTP. Por outro lado, um condutor com um p\u00e9 direito pesado numa cidade temperada pode potencialmente exced\u00ea-lo. Um bom modelo mental \u00e9 tratar o valor WLTP como o limite m\u00e1ximo otimista e planear uma autonomia confort\u00e1vel no mundo real de cerca de 400-450 km para o EQA 250+. Os modelos 4MATIC, com o seu motor extra e maior pot\u00eancia, ter\u00e3o uma autonomia oficial ligeiramente inferior, mas a contrapartida \u00e9 um desempenho superior.<\/p>\n<p>O carregamento do EQA \u00e9 simples. Em casa, utilizando uma wallbox CA normal (normalmente 7,4 kW ou 11 kW), pode ser totalmente carregado durante a noite. Na estrada, a sua capacidade de carregamento r\u00e1pido DC de at\u00e9 100 kW permite-lhe carregar de 10% a 80% em aproximadamente 30-35 minutos - aproximadamente o tempo que demora a parar para um caf\u00e9 e uma pequena pausa numa longa viagem.<\/p>\n<h2 id=\"the-practical-family-mover-2025-mercedes-benz-eqb\">O pr\u00e1tico ve\u00edculo familiar: 2025 Mercedes-Benz EQB<\/h2>\n<p>O EQB \u00e9 um exerc\u00edcio de embalagem inteligente. Pega na plataforma compacta do EQA e estica-a, tanto literal como figurativamente, para criar um ve\u00edculo de versatilidade \u00fanica. A sua carater\u00edstica definidora, e o seu principal argumento face \u00e0 concorr\u00eancia, \u00e9 a op\u00e7\u00e3o de uma terceira fila de bancos, tornando-o num SUV compacto de 7 lugares. Esta \u00e9 uma configura\u00e7\u00e3o rara e muito procurada, particularmente para fam\u00edlias jovens e em crescimento em ambientes urbanos e suburbanos onde um SUV de tamanho normal seria impratic\u00e1vel.<\/p>\n<h3 id=\"eqb-pricing-and-value-proposition\">Pre\u00e7os e proposta de valor da EQB<\/h3>\n<p>Com um pre\u00e7o inicial estimado em 53.000 euros, o EQB tem um pr\u00e9mio modesto em rela\u00e7\u00e3o ao seu irm\u00e3o EQA. Esta diferen\u00e7a de pre\u00e7o \u00e9 o custo de um maior car\u00e1cter pr\u00e1tico. A proposta de valor do EQB n\u00e3o se baseia no desempenho absoluto ou no luxo supremo, mas na sua capacidade de resolver um problema espec\u00edfico: a necessidade de transportar mais pessoas sem uma enorme pegada f\u00edsica ou financeira.<\/p>\n<p>A estrutura de acabamento reflecte em grande medida a do EQA:<\/p>\n<ul>\n<li><strong>EQB 250+:<\/strong> O ponto de entrada com tra\u00e7\u00e3o dianteira e focado na efici\u00eancia. Oferece a maior autonomia da gama, o que o torna ideal para as fam\u00edlias que d\u00e3o prioridade \u00e0s viagens de carro e \u00e0 minimiza\u00e7\u00e3o das paragens para carregamento.<\/li>\n<li><strong>EQB 300 4MATIC:<\/strong> Adiciona tra\u00e7\u00e3o integral e mais pot\u00eancia, proporcionando um equil\u00edbrio entre praticidade e desempenho. Para muitas fam\u00edlias, este ser\u00e1 o ponto ideal da gama.<\/li>\n<li><strong>EQB 350 4MATIC:<\/strong> A vers\u00e3o mais potente, para aqueles que querem que o seu pr\u00e1tico ve\u00edculo familiar tenha uma velocidade surpreendente.<\/li>\n<\/ul>\n<p>A \"op\u00e7\u00e3o\" mais significativa \u00e9 a pr\u00f3pria terceira fila. A Mercedes-Benz comercializa-o de forma inteligente, incluindo-o por vezes em pacotes espec\u00edficos. Estes dois bancos mais recuados s\u00e3o mais adequados para crian\u00e7as ou para adultos em viagens curtas, mas a sua presen\u00e7a transforma a utilidade do ve\u00edculo. De repente, pode acomodar os amigos dos seus filhos numa viagem ao parque ou visitar os av\u00f3s para um jantar em fam\u00edlia. Esta flexibilidade \u00e9 o n\u00facleo do atrativo do EQB&amp;#39. Para uma vis\u00e3o geral completa dos <a href=\"https:\/\/www.tjygqc.com\/mercedes-benz-category\/\" rel=\"nofollow\">Modelos Mercedes-Benz EQ<\/a> e as suas configura\u00e7\u00f5es \u00fanicas, a explora\u00e7\u00e3o de um cat\u00e1logo especializado pode ser altamente ben\u00e9fica.<\/p>\n<h3 id=\"space-utility-and-family-life\">Espa\u00e7o, utilidade e vida familiar<\/h3>\n<p>Viver com o EQB \u00e9 uma experi\u00eancia diferente de viver com o EQA. A dist\u00e2ncia entre eixos ligeiramente mais longa e a traseira mais compacta traduzem-se diretamente em mais espa\u00e7o interior utiliz\u00e1vel. Com a terceira fila de bancos rebatida - o que acontecer\u00e1 durante a maior parte do tempo - a bagageira \u00e9 cavernosa, engolindo facilmente a bagagem para as f\u00e9rias em fam\u00edlia, o equipamento desportivo ou a ida semanal \u00e0 mercearia.<\/p>\n<p>A segunda fila de bancos \u00e9 frequentemente ajust\u00e1vel, podendo deslizar para a frente e para tr\u00e1s para maximizar o espa\u00e7o para as pernas dos passageiros da segunda fila ou aumentar o espa\u00e7o de carga\/espa\u00e7o para as pernas da terceira fila. Este tipo de design flex\u00edvel e atencioso demonstra uma compreens\u00e3o emp\u00e1tica das exig\u00eancias ca\u00f3ticas e em constante mudan\u00e7a da vida familiar.<\/p>\n<p>Ao considerar a EQB, um potencial comprador n\u00e3o est\u00e1 apenas a adquirir um meio de transporte. Est\u00e1 a investir numa ferramenta que simplifica a log\u00edstica. O c\u00e1lculo mental \u00e9 menos sobre os tempos 0-100 km\/h e mais sobre a facilidade de instalar duas cadeiras de crian\u00e7a, o carregamento sem stress de um carrinho de beb\u00e9 e a capacidade de dizer \"sim\" quando o seu filho pergunta se um amigo pode ir consigo. Neste contexto, o ligeiro pr\u00e9mio de pre\u00e7o em rela\u00e7\u00e3o a um EQA ou a outros concorrentes de 5 lugares parece n\u00e3o s\u00f3 razo\u00e1vel, mas tamb\u00e9m uma pechincha.<\/p>\n<h2 id=\"the-established-all-rounder-2025-mercedes-benz-eqc\">O polivalente consagrado: Mercedes-Benz EQC 2025<\/h2>\n<p>O EQC ocupa um lugar especial na fam\u00edlia EQ. Foi o primeiro modelo a ostentar o emblema EQ, o pioneiro que assinalou o s\u00e9rio compromisso da marca com a eletrifica\u00e7\u00e3o. Para 2025, continua a representar uma escolha madura, refinada e luxuosa no mercado altamente competitivo dos SUV el\u00e9ctricos de tamanho m\u00e9dio. N\u00e3o se trata tanto de novas funcionalidades revolucion\u00e1rias, mas sim da execu\u00e7\u00e3o perfeita de uma f\u00f3rmula comprovada. O EQC destina-se ao comprador que valoriza o conforto, a tranquilidade e uma sensa\u00e7\u00e3o de solidez serena.<\/p>\n<h3 id=\"eqc-pricing-in-a-competitive-landscape\">Pre\u00e7os de CQE num cen\u00e1rio competitivo<\/h3>\n<p>Com um pre\u00e7o inicial estimado em cerca de 66 000 euros, o EQC est\u00e1 posicionado diretamente contra rivais como o BMW iX3, o Audi Q8 e-tron e o Jaguar I-PACE. O seu pre\u00e7o reflecte o seu posicionamento como uma oferta mais premium do que o EQA\/EQB, constru\u00eddo sobre uma plataforma dedicada partilhada com o GLC, o que permite uma sensa\u00e7\u00e3o mais substancial e luxuosa.<\/p>\n<p>Ao contr\u00e1rio dos modelos EQA e EQB, a gama EQC \u00e9 normalmente mais simples. A maioria dos mercados recebe o <strong>EQC 400 4MATIC<\/strong> como configura\u00e7\u00e3o de s\u00e9rie e muitas vezes \u00fanica. Este modelo vem equipado desde o in\u00edcio com uma potente configura\u00e7\u00e3o de motor duplo e tra\u00e7\u00e3o integral. A estrat\u00e9gia de pre\u00e7os, portanto, gira menos em torno das op\u00e7\u00f5es de motoriza\u00e7\u00e3o e mais em torno dos n\u00edveis de acabamento e pacotes de equipamento:<\/p>\n<ul>\n<li><strong>Desporto\/Base Trim:<\/strong> Mesmo o EQC de entrada de gama est\u00e1 generosamente equipado, de acordo com a sua gama de pre\u00e7os. Espere carater\u00edsticas como grandes ecr\u00e3s digitais, ilumina\u00e7\u00e3o ambiente e materiais de alta qualidade em todo o habit\u00e1culo.<\/li>\n<li><strong>Linha AMG:<\/strong> Esta \u00e9 a escolha mais popular por uma raz\u00e3o. Eleva a presen\u00e7a do EQC&amp;#39 com um estilo exterior mais agressivo, jantes maiores, um interior mais desportivo com um volante e bancos exclusivos e, por vezes, suspens\u00e3o adaptativa. O salto de pre\u00e7o para a linha AMG \u00e9 significativo, mas \u00e9 muitas vezes visto como valendo a pena pela transforma\u00e7\u00e3o est\u00e9tica que proporciona.<\/li>\n<li><strong>Pacotes Premium e Premium Plus:<\/strong> Estes packs acrescentam o auge da tecnologia e do luxo dispon\u00edveis no EQC. Isto pode incluir um teto de abrir panor\u00e2mico, um sistema de som surround Burmester topo de gama, um avan\u00e7ado head-up display e o conjunto completo de tecnologias de assist\u00eancia ao condutor. Um EQC totalmente equipado com o pacote Premium Plus pode ver o seu pre\u00e7o subir 20-25% em rela\u00e7\u00e3o ao modelo de base.<\/li>\n<\/ul>\n<h3 id=\"comfort-refinement-and-the-eqc-s-enduring-appeal\">Conforto, requinte e o apelo duradouro do EQC&amp;#39<\/h3>\n<p>O apelo duradouro do EQC reside na sua dedica\u00e7\u00e3o aos valores de luxo tradicionais, traduzidos num contexto el\u00e9trico. O principal objetivo \u00e9 isolar os ocupantes do mundo exterior. O habit\u00e1culo \u00e9 excecionalmente silencioso, n\u00e3o s\u00f3 devido aos silenciosos motores el\u00e9ctricos, mas tamb\u00e9m devido aos extensos materiais de isolamento ac\u00fastico, ao vidro ac\u00fastico e ao design aerodin\u00e2mico que minimiza o ru\u00eddo do vento.<\/p>\n<p>A qualidade de condu\u00e7\u00e3o \u00e9 uma aula de conforto. A suspens\u00e3o est\u00e1 afinada para deslizar sobre as imperfei\u00e7\u00f5es da estrada, criando uma experi\u00eancia de condu\u00e7\u00e3o serena e tranquila. Embora tenha uma pot\u00eancia ampla para uma acelera\u00e7\u00e3o r\u00e1pida e silenciosa, n\u00e3o \u00e9 um ve\u00edculo que encoraje uma condu\u00e7\u00e3o agressiva. \u00c9 um santu\u00e1rio, um sal\u00e3o m\u00f3vel concebido para baixar o seu ritmo card\u00edaco, n\u00e3o para o aumentar.<\/p>\n<p>Para o profissional que se desloca em tr\u00e2nsito intenso ou para a fam\u00edlia que embarca numa longa viagem por autoestrada, este foco no requinte \u00e9 um poderoso argumento de venda. A quest\u00e3o de \"quanto custa um carro el\u00e9trico Mercedes-Benz\" torna-se aqui uma quest\u00e3o de \"quanto vale este n\u00edvel de tranquilidade?\" Para muitos, o pre\u00e7o premium do EQC&amp;#39 \u00e9 uma troca justa pela sensa\u00e7\u00e3o di\u00e1ria de bem-estar que proporciona. A sua autonomia, estimada em 462 km WLTP, \u00e9 inferior \u00e0 de alguns rivais mais recentes, o que \u00e9 um ponto a considerar. No entanto, para um comprador que conduza predominantemente num raio di\u00e1rio de 150-200 km, esta autonomia \u00e9 mais do que suficiente, e a troca por um conforto superior e uma qualidade de constru\u00e7\u00e3o \u00e9 algo que est\u00e1 frequentemente disposto a fazer.<\/p>\n<h2 id=\"the-executive-electric-sedan-2025-mercedes-benz-eqe\">O Sedan El\u00e9trico Executivo: 2025 Mercedes-Benz EQE<\/h2>\n<p>O EQE \u00e9, sem d\u00favida, um dos ve\u00edculos mais importantes da gama Mercedes-Benz, el\u00e9trico ou n\u00e3o. \u00c9 a contrapartida el\u00e9ctrica do Classe E, um autom\u00f3vel que tem sido durante d\u00e9cadas a refer\u00eancia global para os sedans executivos. O EQE tem a tarefa monumental de convencer uma gera\u00e7\u00e3o de profissionais altamente bem sucedidos e exigentes a transitar do conforto familiar de um Classe E a gasolina ou diesel para um futuro totalmente el\u00e9trico. F\u00e1-lo com uma mistura convincente de tecnologia futurista, autonomia excecional e desempenho din\u00e2mico.<\/p>\n<h3 id=\"decoding-the-eqe-s-price-and-powertrain-options\">Descodificar o pre\u00e7o e as op\u00e7\u00f5es de motoriza\u00e7\u00e3o do EQE&amp;#39<\/h3>\n<p>O pre\u00e7o do sedan EQE&amp;#39 come\u00e7a em cerca de 67.000 euros para o EQE 350+ com tra\u00e7\u00e3o traseira. Este pre\u00e7o \u00e9 altamente estrat\u00e9gico, colocando-o em concorr\u00eancia direta com o seu principal rival, o BMW i5, e outros concorrentes como o Genesis Electrified G80. A gama EQE \u00e9 ampla, oferecendo uma clara escala de desempenho e capacidade.<\/p>\n<table class=\"mce-item-table\" style=\"width:100%; border-collapse: collapse;\" border=\"1\">\n<thead>\n<tr>\n<th style=\"text-align:left;\">Modelo<\/th>\n<th style=\"text-align:left;\">Sistema de tra\u00e7\u00e3o<\/th>\n<th style=\"text-align:left;\">Pot\u00eancia (aprox.)<\/th>\n<th style=\"text-align:left;\">0-100 km\/h (Aprox.)<\/th>\n<th style=\"text-align:left;\">Pre\u00e7o estimado de venda inicial (EUR)<\/th>\n<\/tr>\n<\/thead>\n<tbody>\n<tr>\n<td style=\"text-align:left;\"><strong>EQE 300 \/ 350<\/strong><\/td>\n<td style=\"text-align:left;\">TRAC\u00c7\u00c3O TRASEIRA<\/td>\n<td style=\"text-align:left;\">245-292 cv<\/td>\n<td style=\"text-align:left;\">7.3-6.4 s<\/td>\n<td style=\"text-align:left;\">\u20ac67,000<\/td>\n<\/tr>\n<tr>\n<td style=\"text-align:left;\"><strong>EQE 350 4MATIC<\/strong><\/td>\n<td style=\"text-align:left;\">AWD<\/td>\n<td style=\"text-align:left;\">292 cv<\/td>\n<td style=\"text-align:left;\">6.3 s<\/td>\n<td style=\"text-align:left;\">\u20ac71,000<\/td>\n<\/tr>\n<tr>\n<td style=\"text-align:left;\"><strong>EQE 500 4MATIC<\/strong><\/td>\n<td style=\"text-align:left;\">AWD<\/td>\n<td style=\"text-align:left;\">408 cv<\/td>\n<td style=\"text-align:left;\">4.7 s<\/td>\n<td style=\"text-align:left;\">\u20ac85,000<\/td>\n<\/tr>\n<tr>\n<td style=\"text-align:left;\"><strong>AMG EQE 43 4MATIC<\/strong><\/td>\n<td style=\"text-align:left;\">AWD<\/td>\n<td style=\"text-align:left;\">476 cv<\/td>\n<td style=\"text-align:left;\">4.2 s<\/td>\n<td style=\"text-align:left;\">\u20ac104,000<\/td>\n<\/tr>\n<tr>\n<td style=\"text-align:left;\"><strong>AMG EQE 53 4MATIC+<\/strong><\/td>\n<td style=\"text-align:left;\">AWD<\/td>\n<td style=\"text-align:left;\">625-687 cv<\/td>\n<td style=\"text-align:left;\">3.3-3.5 s<\/td>\n<td style=\"text-align:left;\">\u20ac110,000<\/td>\n<\/tr>\n<\/tbody>\n<\/table>\n<p>Este quadro ilustra claramente o conceito de \"escada\". A diferen\u00e7a de pre\u00e7o entre um EQE 350 e um EQE 500 n\u00e3o \u00e9 apenas um n\u00famero na tampa da bagageira; \u00e9 um salto significativo em termos de desempenho, transformando o autom\u00f3vel de um ligeiro cruzeiro executivo numa berlina desportiva genuinamente r\u00e1pida. O salto para os modelos AMG representa um n\u00edvel completamente diferente, trazendo tecnologia derivada dos desportos motorizados, afina\u00e7\u00e3o do chassis e imensa pot\u00eancia por um pre\u00e7o que reflecte a sua natureza especializada.<\/p>\n<p>A carater\u00edstica de destaque que influencia drasticamente o pre\u00e7o e o ambiente interior do EQE&amp;#39 \u00e9 o MBUX Hyperscreen opcional. N\u00e3o se trata apenas de um ecr\u00e3 de grandes dimens\u00f5es; \u00e9 um \u00fanico painel de vidro curvo de 56 polegadas que se estende por toda a largura do painel de instrumentos, incorporando tr\u00eas ecr\u00e3s separados para o condutor, o sistema central de infoentretenimento e o passageiro da frente. \u00c9 uma pe\u00e7a de tecnologia impressionante e uma poderosa declara\u00e7\u00e3o de inten\u00e7\u00f5es. Optar pelo Hyperscreen pode acrescentar v\u00e1rios milhares de euros ao pre\u00e7o, mas altera fundamentalmente o car\u00e1cter do habit\u00e1culo, fazendo-o parecer um cockpit de um filme de fic\u00e7\u00e3o cient\u00edfica.<\/p>\n<h3 id=\"the-eqe-vs-e-class-a-question-of-philosophy\">O EQE vs. Classe E: Uma quest\u00e3o de filosofia<\/h3>\n<p>Para muitos potenciais compradores, a escolha recair\u00e1 sobre o novo EQE versus o tradicional Classe E. Esta \u00e9 uma decis\u00e3o fascinante, uma vez que coloca duas express\u00f5es de excel\u00eancia da Mercedes-Benz uma contra a outra.<\/p>\n<p>O Classe E oferece a familiaridade de um motor de combust\u00e3o interna aperfei\u00e7oado, uma disposi\u00e7\u00e3o interior cl\u00e1ssica e a conveni\u00eancia de uma paragem de cinco minutos para reabastecimento. Representa o auge de um s\u00e9culo de desenvolvimento autom\u00f3vel.<\/p>\n<p>O EQE, por outro lado, oferece um vislumbre do futuro. Proporciona uma experi\u00eancia de condu\u00e7\u00e3o silenciosa, suave e sem esfor\u00e7o. O seu design \"cab-forward\", possibilitado pela aus\u00eancia de um motor de grandes dimens\u00f5es \u00e0 frente, cria um interior extraordinariamente espa\u00e7oso e arejado que parece estar uma classe acima das suas dimens\u00f5es exteriores. \u00c9 prov\u00e1vel que o custo total de propriedade seja inferior devido \u00e0 poupan\u00e7a de combust\u00edvel e de manuten\u00e7\u00e3o.<\/p>\n<p>A decis\u00e3o \u00e9 menos sobre qual carro \u00e9 \"melhor\" e mais sobre qual filosofia se alinha com a vis\u00e3o do propriet\u00e1rio&amp;#39. \u00c9 o conforto do conhecido ou o entusiasmo do novo? A prioridade \u00e9 a conveni\u00eancia da infraestrutura de reabastecimento existente ou o benef\u00edcio de acordar com o \"dep\u00f3sito cheio\" todas as manh\u00e3s depois de o carregar em casa? O pre\u00e7o do EQE&amp;#39 foi concebido para tornar este dilema genu\u00edno, oferecendo um pacote tecnologicamente avan\u00e7ado e preparado para o futuro por um custo compar\u00e1vel ao do seu estimado irm\u00e3o de combust\u00e3o interna.<\/p>\n<h2 id=\"the-pinnacle-of-electric-luxury-2025-mercedes-benz-eqs\">O pin\u00e1culo do luxo el\u00e9trico: Mercedes-Benz EQS 2025<\/h2>\n<p>O EQS n\u00e3o \u00e9 apenas um Classe S el\u00e9trico; \u00e9 uma reimagina\u00e7\u00e3o fundamental do que um sedan de luxo emblem\u00e1tico pode ser na era el\u00e9ctrica. \u00c9 a ponta de lan\u00e7a tecnol\u00f3gica da Mercedes-Benz, uma montra das inova\u00e7\u00f5es mais avan\u00e7adas da marca em termos de design, aerodin\u00e2mica, tecnologia de baterias e interfaces digitais. O EQS foi concebido para o indiv\u00edduo que procura o melhor absoluto, para quem o autom\u00f3vel n\u00e3o \u00e9 apenas um meio de transporte, mas uma extens\u00e3o da sua vida pessoal e profissional. A resposta \u00e0 pergunta \"quanto custa um carro el\u00e9trico Mercedes-Benz\" atinge o seu auge com este modelo.<\/p>\n<h3 id=\"eqs-pricing-the-cost-of-being-the-flagship\">Pre\u00e7os da EQS: O custo de ser o porta-estandarte<\/h3>\n<p>A viagem para ser propriet\u00e1rio do EQS come\u00e7a com um valor estimado de 109.000 euros para o sedan EQS 450+. Este ponto de entrada de seis d\u00edgitos estabelece imediatamente o seu estatuto como um produto de luxo de topo, competindo com modelos como o BMW i7 e o Porsche Taycan. O pre\u00e7o reflecte a arquitetura el\u00e9ctrica dedicada (plataforma EVA2), que \u00e9 um investimento dispendioso mas necess\u00e1rio para alcan\u00e7ar a gama e o espa\u00e7o interior de refer\u00eancia do EQS&amp;#39.<\/p>\n<p>A hierarquia do modelo \u00e9 clara e baseada no desempenho:<\/p>\n<ul>\n<li><strong>EQS 450+:<\/strong> O campe\u00e3o da autonomia com tra\u00e7\u00e3o traseira. Com a sua enorme bateria de 108,4 kWh (utiliz\u00e1vel), este modelo \u00e9 capaz de uma impressionante autonomia WLTP de at\u00e9 784 quil\u00f3metros. Este valor \u00e9 um divisor de \u00e1guas, eliminando efetivamente a ansiedade da autonomia para todos os cen\u00e1rios de condu\u00e7\u00e3o, exceto os mais extremos.<\/li>\n<li><strong>EQS 450 4MATIC \/ 500 4MATIC:<\/strong> Estes modelos acrescentam um motor dianteiro para tra\u00e7\u00e3o integral e maior pot\u00eancia. O EQS 500, em particular, oferece uma acelera\u00e7\u00e3o silenciosa e sem esfor\u00e7o, que \u00e9 a imagem de marca do luxo el\u00e9trico moderno.<\/li>\n<li><strong>EQS 580 4MATIC:<\/strong> Durante muito tempo, este foi o modelo topo de gama n\u00e3o AMG, proporcionando um enorme aumento de pot\u00eancia e sendo fornecido de s\u00e9rie com o ecr\u00e3 MBUX Hyperscreen. Representa um avan\u00e7o significativo tanto em termos de desempenho como de pre\u00e7o.<\/li>\n<li><strong>AMG EQS 53 4MATIC+:<\/strong> Desenvolvido pelos artes\u00e3os de performance da Mercedes-AMG, esta \u00e9 a express\u00e3o m\u00e1xima do EQS. Com at\u00e9 761 cavalos de pot\u00eancia no modo Race Start, proporciona uma acelera\u00e7\u00e3o semelhante \u00e0 de um supercarro num sedan de luxo grande e silencioso. O chassis, os trav\u00f5es e o design do som s\u00e3o todos feitos \u00e0 medida da AMG, e o seu pre\u00e7o, muitas vezes superior a 155.000 euros antes das op\u00e7\u00f5es, reflecte esta engenharia especializada.<\/li>\n<\/ul>\n<p>Tal como acontece com o EQE, o MBUX Hyperscreen \u00e9 uma op\u00e7\u00e3o de defini\u00e7\u00e3o nas vers\u00f5es inferiores (e de s\u00e9rie nas vers\u00f5es superiores). Outros acr\u00e9scimos significativos em termos de custos incluem o Pacote de Bancos Traseiros Executivos, que transforma os bancos traseiros em c\u00e1psulas de primeira classe ao estilo de uma companhia a\u00e9rea, com fun\u00e7\u00f5es reclin\u00e1veis, massagem e ecr\u00e3s de entretenimento individuais. A dire\u00e7\u00e3o do eixo traseiro, que pode rodar as rodas traseiras at\u00e9 10 graus, \u00e9 outra carater\u00edstica fundamental. Reduz drasticamente o c\u00edrculo de viragem deste autom\u00f3vel de grandes dimens\u00f5es, tornando-o muito mais \u00e1gil na condu\u00e7\u00e3o em cidade e mais est\u00e1vel a alta velocidade. Um AMG EQS 53 com todas as op\u00e7\u00f5es pode facilmente aproximar-se da marca dos 200.000 euros, o que o coloca num territ\u00f3rio verdadeiramente rarefeito.<\/p>\n<h3 id=\"technology-range-and-the-definition-of-modern-luxury\">Tecnologia, alcance e a defini\u00e7\u00e3o do luxo moderno<\/h3>\n<p>O que \u00e9 que o custo substancial de um EQS lhe compra? Compra a liberdade da rede de carregamento. A enorme autonomia do EQS 450+ altera a rela\u00e7\u00e3o psicol\u00f3gica com o autom\u00f3vel. Para muitos propriet\u00e1rios, \u00e9 poss\u00edvel passar uma semana inteira de desloca\u00e7\u00f5es pendulares sem sequer pensar em carregar. As viagens de longa dist\u00e2ncia tornam-se t\u00e3o simples como num autom\u00f3vel a gasolina, com uma \u00fanica paragem de carregamento de 30 minutos a adicionar facilmente 300-400 km de autonomia.<\/p>\n<p>Tamb\u00e9m lhe proporciona uma experi\u00eancia digital sem paralelo. O Hyperscreen, alimentado por intelig\u00eancia artificial, aprende os h\u00e1bitos do condutor&amp;#39 e apresenta proactivamente as fun\u00e7\u00f5es mais utilizadas. Por exemplo, se telefonar \u00e0 mesma pessoa todas as ter\u00e7as-feiras a caminho de casa depois do trabalho, o sistema MBUX ir\u00e1 sugerir essa chamada no ecr\u00e3 quando iniciar a sua viagem. Este conceito de \"camada zero\" significa que raramente tem de andar \u00e0 ca\u00e7a de menus.<\/p>\n<p>Finalmente, compra um novo tipo de luxo. \u00c9 o luxo do sil\u00eancio, da pot\u00eancia ininterrupta, de um habit\u00e1culo que \u00e9 simultaneamente um centro de comando de alta tecnologia e um sereno spa de bem-estar. Os programas \"Energizing Comfort\" combinam ilumina\u00e7\u00e3o ambiente, paisagens sonoras, massagem nos bancos e at\u00e9 fragr\u00e2ncias para criar ambientes como \"Vitality\" ou \"Warmth\". Esta \u00e9 uma abordagem hol\u00edstica \u00e0 experi\u00eancia do passageiro que vai muito para al\u00e9m da pele e dos acabamentos em madeira. O EQS defende que, no s\u00e9culo XXI, o verdadeiro luxo n\u00e3o \u00e9 apenas a opul\u00eancia material; \u00e9 a integra\u00e7\u00e3o perfeita da tecnologia para melhorar o bem-estar.<\/p>\n<h2 id=\"the-adventurous-spirit-the-eq-suv-family-eqe-suv-amp-eqs-suv\">O esp\u00edrito aventureiro: A fam\u00edlia EQ SUV (EQE SUV &amp; EQS SUV)<\/h2>\n<p>Com base no sucesso dos seus hom\u00f3logos sedan, a Mercedes-Benz expandiu logicamente o seu portf\u00f3lio el\u00e9trico para o segmento dos SUV de luxo, altamente rent\u00e1vel e popular. O EQE SUV e o EQS SUV traduzem as filosofias centrais dos seus hom\u00f3nimos num formato mais espa\u00e7oso, imponente e vers\u00e1til. Destinam-se a fam\u00edlias e indiv\u00edduos abastados que exigem a tecnologia e o requinte do EQE e do EQS, mas que necessitam da utilidade acrescida e da imagem de um SUV que vai a todo o lado.<\/p>\n<h3 id=\"eqe-suv-the-balanced-luxury-suv\">EQE SUV: O SUV de luxo equilibrado<\/h3>\n<p>A partir de um valor estimado de 87.000 euros, o SUV EQE posiciona-se como o ve\u00edculo polivalente no espa\u00e7o dos SUV el\u00e9ctricos de luxo. \u00c9 mais espa\u00e7oso e pr\u00e1tico do que o EQC, mas mais din\u00e2mico e acess\u00edvel do que o SUV EQS, de maiores dimens\u00f5es. \u00c9 o equivalente el\u00e9trico do GLE, um ve\u00edculo que h\u00e1 muito \u00e9 um bestseller da marca.<\/p>\n<p>A estrutura de pre\u00e7os e as op\u00e7\u00f5es de propuls\u00e3o seguem de perto o sedan EQE, come\u00e7ando com a vers\u00e3o de tra\u00e7\u00e3o traseira <strong>EQE 350+<\/strong> e passando para a tra\u00e7\u00e3o integral <strong>350 4MATIC<\/strong> e <strong>500 4MATIC<\/strong> variantes. Existem tamb\u00e9m variantes de alto desempenho <strong>SUV AMG EQE<\/strong> modelos que oferecem uma acelera\u00e7\u00e3o impressionante num pacote familiar.<\/p>\n<p>A decis\u00e3o chave para o comprador de um SUV EQE \u00e9 como equilibrar a autonomia e o desempenho. O modelo 350+ oferecer\u00e1 a maior autonomia de condu\u00e7\u00e3o, tornando-o ideal para as fam\u00edlias que embarcam frequentemente em longas viagens de carro. O 500 4MATIC, com o seu tempo de 0-100 km\/h inferior a 5 segundos, oferece uma experi\u00eancia de condu\u00e7\u00e3o mais emocionante \u00e0 custa de alguma autonomia. A diferen\u00e7a de pre\u00e7o entre estes modelos \u00e9 um reflexo direto deste compromisso. No interior, o ecr\u00e3 Hyperscreen opcional \u00e9, mais uma vez, um importante ponto de refer\u00eancia e um fator de custo significativo, tal como op\u00e7\u00f5es como a suspens\u00e3o pneum\u00e1tica Airmatic e a dire\u00e7\u00e3o do eixo traseiro, que aumentam o conforto e a manobrabilidade.<\/p>\n<h3 id=\"eqs-suv-the-seven-seat-electric-palace\">SUV EQS: o pal\u00e1cio el\u00e9trico de sete lugares<\/h3>\n<p>O SUV EQS \u00e9 o patriarca indiscut\u00edvel da fam\u00edlia EQ. Com um pre\u00e7o inicial estimado em 114.000 euros, pega em tudo o que faz do sedan EQS uma refer\u00eancia e eleva-o - literalmente. Sendo o equivalente el\u00e9trico do GLS, a sua principal miss\u00e3o \u00e9 transportar at\u00e9 sete ocupantes em absoluto conforto e luxo.<\/p>\n<p>O pr\u00e9mio de pre\u00e7o sobre o SUV EQE \u00e9 justificado pelo seu tamanho maior, suspens\u00e3o pneum\u00e1tica de s\u00e9rie, motores de base mais potentes e a disponibilidade de uma terceira fila de bancos verdadeiramente utiliz\u00e1vel. A gama de motores \u00e9 semelhante \u00e0 do sedan EQS, com <strong>EQS 450+<\/strong>, <strong>450 4MATIC<\/strong>e <strong>580 4MATIC<\/strong> modelos. Existe tamb\u00e9m um SUV ultra-luxuoso Maybach EQS 680, que leva o conceito a um n\u00edvel de opul\u00eancia totalmente novo, com um pre\u00e7o que pode ultrapassar os 200.000 euros.<\/p>\n<p>Para o SUV EQS, o custo \u00e9 uma fun\u00e7\u00e3o da sua capacidade absoluta. \u00c9 um ve\u00edculo que pode servir como um sereno ve\u00edculo de desloca\u00e7\u00e3o di\u00e1ria, um espa\u00e7oso ve\u00edculo de transporte da fam\u00edlia para uma viagem de esqui e uma opulenta limusina para um evento de gala, tudo isto sem gastar uma gota de gasolina. O Pacote de Engenharia Off-Road opcional acrescenta a capacidade de elevar a altura do ve\u00edculo&#039; e inclui modos de condu\u00e7\u00e3o especiais, dando-lhe um grau surpreendente de capacidade em estradas n\u00e3o pavimentadas. A proposta de valor \u00e9 a sua capacidade de ser tudo para um propriet\u00e1rio exigente, uma solu\u00e7\u00e3o sem compromissos para o transporte familiar el\u00e9trico ao mais alto n\u00edvel.<\/p>\n<h2 id=\"the-forthcoming-icon-2025-mercedes-benz-eqg\">O futuro \u00edcone: 2025 Mercedes-Benz EQG<\/h2>\n<p>O Mercedes-Benz Classe G, ou \"G-Wagen\", \u00e9 mais do que um mero SUV; \u00e9 um \u00edcone cultural, um s\u00edmbolo de durabilidade robusta e de estatuto supremo. Eletrificar um ve\u00edculo t\u00e3o amado e distinto \u00e9 talvez o projeto mais audacioso da gama EQ. O futuro EQG n\u00e3o \u00e9 uma tentativa de tornar o Classe G mais aerodin\u00e2mico ou eficiente no sentido tradicional. Em vez disso, \u00e9 um esfor\u00e7o para melhorar a sua lend\u00e1ria capacidade todo-o-terreno utilizando energia el\u00e9ctrica.<\/p>\n<h3 id=\"anticipated-pricing-and-unique-technology\">Pre\u00e7os previstos e tecnologia \u00fanica<\/h3>\n<p>Embora os pre\u00e7os oficiais ainda n\u00e3o estejam confirmados para 2025, os especialistas do sector prev\u00eaem que o EQG ser\u00e1 um dos ve\u00edculos mais caros da fam\u00edlia EQ, come\u00e7ando provavelmente bem acima dos 150.000 euros. Este pre\u00e7o \u00e9 um reflexo da sua engenharia \u00fanica e complexa.<\/p>\n<p>O EQG n\u00e3o utilizar\u00e1 uma configura\u00e7\u00e3o convencional de motor duplo. Em vez disso, ter\u00e1 <strong>quatro motores el\u00e9ctricos individuais<\/strong>um montado perto de cada roda. Esta configura\u00e7\u00e3o radical permite um controlo sem precedentes sobre a pot\u00eancia fornecida a cada roda. A carater\u00edstica mais falada desta configura\u00e7\u00e3o \u00e9 a \"G-Turn\" ou \"viragem do tanque\", que permite ao ve\u00edculo rodar 360 graus no local, rodando as rodas de um lado para a frente e as rodas do outro lado para tr\u00e1s.<\/p>\n<p>Embora seja um truque de festa espetacular, o verdadeiro objetivo desta configura\u00e7\u00e3o de quadriciclo \u00e9 a condu\u00e7\u00e3o extrema em todo-o-terreno. Permitir\u00e1 bloqueios virtuais do diferencial e um n\u00edvel de vectoriza\u00e7\u00e3o do bin\u00e1rio que \u00e9 imposs\u00edvel de alcan\u00e7ar com um sistema mec\u00e2nico. Espera-se que o EQG n\u00e3o s\u00f3 iguale como ultrapasse as proezas todo-o-terreno do seu irm\u00e3o com motor de combust\u00e3o.<\/p>\n<p>A bateria ser\u00e1 alojada numa estrutura robusta e selada para a proteger da \u00e1gua e dos impactos durante o todo-o-terreno. O design permanecer\u00e1 desafiadoramente quadrado e vertical, um sinal claro de que este \u00e9 um Classe G em primeiro lugar e um ve\u00edculo el\u00e9trico em segundo. O custo do EQG ser\u00e1 o pre\u00e7o de possuir uma pe\u00e7a de uma lenda, reinventada para uma nova era. \u00c9 uma compra motivada pela paix\u00e3o e pelo desejo da express\u00e3o m\u00e1xima da capacidade el\u00e9ctrica fora de estrada. Quando estiver pronto para explorar as op\u00e7\u00f5es para um <a href=\"https:\/\/www.tjygqc.com\/mercedes-benz-category\/\" rel=\"nofollow\">novo ve\u00edculo el\u00e9trico Mercedes<\/a>Para o utilizador, \u00e9 fundamental conhecer a gama completa, desde os cruzadores citadinos aos tit\u00e3s todo-o-terreno.<\/p>\n<h2 id=\"frequently-asked-questions-faq\">Perguntas frequentes (FAQ)<\/h2>\n<p><strong>Qual ser\u00e1 o autom\u00f3vel el\u00e9trico Mercedes-Benz mais barato em 2025?<\/strong> O modelo mais acess\u00edvel \u00e9 o Mercedes-Benz EQA, especificamente o EQA 250+. O seu pre\u00e7o foi concebido para ser o ponto de entrada na fam\u00edlia el\u00e9ctrica EQ, oferecendo o luxo e a tecnologia da marca&amp;#39 num formato de SUV compacto.<\/p>\n<p><strong>Quanto custa o Classe G el\u00e9trico (EQG)?<\/strong> O pre\u00e7o oficial do 2025 EQG ainda n\u00e3o foi finalizado, mas espera-se que seja um dos modelos mais caros da linha el\u00e9ctrica. As estimativas sugerem um pre\u00e7o inicial bem acima de 150.000 euros devido \u00e0 sua tecnologia exclusiva de quatro motores e ao seu estatuto ic\u00f3nico.<\/p>\n<p><strong>O pre\u00e7o de um autom\u00f3vel el\u00e9trico Mercedes-Benz inclui o carregador dom\u00e9stico?<\/strong> Normalmente, o pre\u00e7o sugerido do ve\u00edculo&amp;#39 n\u00e3o inclui uma esta\u00e7\u00e3o de carregamento dom\u00e9stica (wallbox). Este \u00e9 um custo de aquisi\u00e7\u00e3o e instala\u00e7\u00e3o separado. No entanto, alguns concession\u00e1rios ou promo\u00e7\u00f5es regionais podem oferecer um pacote de pacotes, pelo que \u00e9 sempre melhor perguntar ao seu revendedor local.<\/p>\n<p><strong>Existem incentivos governamentais para baixar o pre\u00e7o?<\/strong> Sim, em muitos pa\u00edses. Os governos de toda a Europa e de partes da \u00c1sia oferecem incentivos para encorajar a ado\u00e7\u00e3o de VE. Estes podem incluir subs\u00eddios diretos \u00e0 compra, cr\u00e9ditos fiscais ou isen\u00e7\u00f5es de determinados impostos sobre ve\u00edculos, o que pode reduzir significativamente o custo final. Estes programas mudam frequentemente, por isso verifique as pol\u00edticas actuais do seu governo local&amp;#39.<\/p>\n<p><strong>Quanto custa a substitui\u00e7\u00e3o da bateria de um Mercedes-Benz EV?<\/strong> A substitui\u00e7\u00e3o da bateria \u00e9 um acontecimento raro, uma vez que foi concebida para durar toda a vida \u00fatil do autom\u00f3vel. A Mercedes-Benz oferece uma garantia de bateria abrangente, muitas vezes por 8 a 10 anos ou uma quilometragem espec\u00edfica (por exemplo, 250.000 km para o EQS), cobrindo a degrada\u00e7\u00e3o abaixo de uma determinada percentagem. O custo de substitui\u00e7\u00e3o fora da garantia seria substancial, mas n\u00e3o \u00e9 uma despesa t\u00edpica de um propriet\u00e1rio.<\/p>\n<p><strong>Qual \u00e9 o modelo EQ que tem o maior alcance?<\/strong> O sedan Mercedes-Benz EQS, especificamente o modelo EQS 450+ com tra\u00e7\u00e3o traseira, possui atualmente a maior autonomia da gama, com um valor oficial WLTP de at\u00e9 784 quil\u00f3metros com um \u00fanico carregamento.<\/p>\n<p><strong>\u00c9 mais caro fazer o seguro de um autom\u00f3vel el\u00e9trico Mercedes-Benz?<\/strong> Por vezes, os custos de seguro podem ser mais elevados para os VE em compara\u00e7\u00e3o com os seus hom\u00f3logos de combust\u00e3o interna. Isto deve-se frequentemente ao seu pre\u00e7o de compra mais elevado e ao conhecimento especializado e \u00e0s pe\u00e7as necess\u00e1rias para as repara\u00e7\u00f5es. No entanto, as taxas variam muito em fun\u00e7\u00e3o do modelo, do seu historial de condu\u00e7\u00e3o e da sua localiza\u00e7\u00e3o.<\/p>\n<h2 id=\"bringing-our-exploration-to-a-close\">Conclus\u00e3o da nossa explora\u00e7\u00e3o<\/h2>\n<p>A nossa viagem pelo portf\u00f3lio de ve\u00edculos el\u00e9ctricos Mercedes-Benz 2025 revela uma paisagem de not\u00e1vel amplitude e profundidade. A pergunta \"quanto custa um autom\u00f3vel el\u00e9trico Mercedes-Benz?\" n\u00e3o pode ser respondida com um \u00fanico n\u00famero, mas sim com a compreens\u00e3o de uma hierarquia cuidadosamente estruturada de modelos, cada um concebido para cumprir um objetivo humano distinto. Desde o EQA, centrado no meio urbano, ao SUV EQS e ao EQG, o pre\u00e7o de cada ve\u00edculo reflecte as suas capacidades, a sua sofistica\u00e7\u00e3o tecnol\u00f3gica e o estilo de vida espec\u00edfico que pretende proporcionar.<\/p>\n<p>O custo final \u00e9 um valor din\u00e2mico, moldado pela economia global e pelas pol\u00edticas locais. O investimento inicial, embora significativo, deve ser visto atrav\u00e9s da lente do custo total de propriedade, onde as poupan\u00e7as em combust\u00edvel e manuten\u00e7\u00e3o criam um quadro financeiro diferente a longo prazo. Em \u00faltima an\u00e1lise, a escolha de um ve\u00edculo el\u00e9trico Mercedes-Benz \u00e9 um ato de equil\u00edbrio entre m\u00e9tricas tang\u00edveis - gama, pot\u00eancia e espa\u00e7o - com as qualidades intang\u00edveis do design, conforto e a afirma\u00e7\u00e3o que se pretende fazer. \u00c9 uma decis\u00e3o que se situa na intersec\u00e7\u00e3o entre o c\u00e1lculo racional e o desejo emocional, um compromisso n\u00e3o apenas com um novo autom\u00f3vel, mas com uma nova era de mobilidade.<\/p>\n<h2 id=\"references\">Refer\u00eancias<\/h2>\n<p>Mercedes-Benz Group AG. (2024). Relat\u00f3rio de sustentabilidade 2023. Grupo Mercedes-Benz.<\/p>\n<p>Stratstone. (2024, agosto 29). Explica\u00e7\u00e3o das classes Mercedes-Benz: Qual \u00e9 a diferen\u00e7a? Blogue da Stratstone. <a href=\"https:\/\/www.stratstone.com\/blog\/mercedes-benz-classes-explained\/\" rel=\"nofollow\">https:\/\/www.stratstone.com\/blog\/mercedes-benz-classes-explained\/<\/a><\/p>\n<p>Colaboradores da Wikip\u00e9dia. (2024, 8 de junho). Lista de ve\u00edculos Mercedes-Benz. Wikip\u00e9dia.<\/p>","protected":false},"excerpt":{"rendered":"<p>Abstract This analysis provides a comprehensive examination of the 2025 Mercedes-Benz electric vehicle lineup, designated by the &quot;EQ&quot; prefix. It systematically deconstructs the pricing structure, technical specifications, and market positioning of key models available across diverse international markets, including Europe, Southeast Asia, the Middle East, and Africa. The investigation moves beyond simple Manufacturer&#39;s Suggested Retail [&hellip;]<\/p>","protected":false},"author":1,"featured_media":3108,"comment_status":"closed","ping_status":"","sticky":false,"template":"","format":"standard","meta":{"footnotes":""},"categories":[4],"tags":[],"class_list":["post-3107","post","type-post","status-publish","format-standard","has-post-thumbnail","hentry","category-news"],"yoast_head":"<!-- This site is optimized with the Yoast SEO plugin v24.4 - https:\/\/yoast.com\/wordpress\/plugins\/seo\/ -->\n<title>Data-Backed Guide: How Much is a Mercedes-Benz Electric Car in 2025? 6+ Models Compared - Tianjin Yigang Automobile Sales Co.,Ltd.<\/title>\n<meta name=\"robots\" content=\"index, follow, max-snippet:-1, max-image-preview:large, max-video-preview:-1\" \/>\n<link rel=\"canonical\" href=\"https:\/\/www.tjygqc.com\/pt\/data-backed-guide-how-much-is-a-mercedes-benz-electric-car-in-2025-6-models-compared-article\/\" \/>\n<meta property=\"og:locale\" content=\"pt_PT\" \/>\n<meta property=\"og:type\" content=\"article\" \/>\n<meta property=\"og:title\" content=\"Data-Backed Guide: How Much is a Mercedes-Benz Electric Car in 2025? 6+ Models Compared - Tianjin Yigang Automobile Sales Co.,Ltd.\" \/>\n<meta property=\"og:description\" content=\"Abstract This analysis provides a comprehensive examination of the 2025 Mercedes-Benz electric vehicle lineup, designated by the &quot;EQ&quot; prefix. It systematically deconstructs the pricing structure, technical specifications, and market positioning of key models available across diverse international markets, including Europe, Southeast Asia, the Middle East, and Africa. The investigation moves beyond simple Manufacturer&#039;s Suggested Retail [&hellip;]\" \/>\n<meta property=\"og:url\" content=\"https:\/\/www.tjygqc.com\/pt\/data-backed-guide-how-much-is-a-mercedes-benz-electric-car-in-2025-6-models-compared-article\/\" \/>\n<meta property=\"og:site_name\" content=\"Tianjin Yigang Automobile Sales Co.,Ltd.\" \/>\n<meta property=\"article:publisher\" content=\"https:\/\/www.facebook.com\/tianjinyigang\/\" \/>\n<meta property=\"article:published_time\" content=\"2025-11-19T11:48:57+00:00\" \/>\n<meta property=\"article:modified_time\" content=\"2025-11-19T11:49:00+00:00\" \/>\n<meta property=\"og:image\" content=\"https:\/\/www.tjygqc.com\/wp-content\/uploads\/2025\/03\/Mercedes-Benz-EQB350-3.webp\" \/>\n<meta name=\"author\" content=\"user\" \/>\n<meta name=\"twitter:card\" content=\"summary_large_image\" \/>\n<meta name=\"twitter:label1\" content=\"Written by\" \/>\n\t<meta name=\"twitter:data1\" content=\"user\" \/>\n\t<meta name=\"twitter:label2\" content=\"Est. reading time\" \/>\n\t<meta name=\"twitter:data2\" content=\"29 minutos\" \/>\n<script type=\"application\/ld+json\" class=\"yoast-schema-graph\">{\"@context\":\"https:\/\/schema.org\",\"@graph\":[{\"@type\":\"Article\",\"@id\":\"https:\/\/www.tjygqc.com\/data-backed-guide-how-much-is-a-mercedes-benz-electric-car-in-2025-6-models-compared-article\/#article\",\"isPartOf\":{\"@id\":\"https:\/\/www.tjygqc.com\/data-backed-guide-how-much-is-a-mercedes-benz-electric-car-in-2025-6-models-compared-article\/\"},\"author\":{\"name\":\"user\",\"@id\":\"https:\/\/www.tjygqc.com\/#\/schema\/person\/9a0e27c1156d5a1d4cb23dce2cc5ad36\"},\"headline\":\"Data-Backed Guide: How Much is a Mercedes-Benz Electric Car in 2025? 6+ Models Compared\",\"datePublished\":\"2025-11-19T11:48:57+00:00\",\"dateModified\":\"2025-11-19T11:49:00+00:00\",\"mainEntityOfPage\":{\"@id\":\"https:\/\/www.tjygqc.com\/data-backed-guide-how-much-is-a-mercedes-benz-electric-car-in-2025-6-models-compared-article\/\"},\"wordCount\":5911,\"publisher\":{\"@id\":\"https:\/\/www.tjygqc.com\/#organization\"},\"image\":{\"@id\":\"https:\/\/www.tjygqc.com\/data-backed-guide-how-much-is-a-mercedes-benz-electric-car-in-2025-6-models-compared-article\/#primaryimage\"},\"thumbnailUrl\":\"https:\/\/www.tjygqc.com\/wp-content\/uploads\/2025\/11\/data-backed-guide-how-much-is-a-mercedes-benz-electric-car-in-2025-6-models-compared.webp\",\"articleSection\":[\"News\"],\"inLanguage\":\"pt-PT\"},{\"@type\":\"WebPage\",\"@id\":\"https:\/\/www.tjygqc.com\/data-backed-guide-how-much-is-a-mercedes-benz-electric-car-in-2025-6-models-compared-article\/\",\"url\":\"https:\/\/www.tjygqc.com\/data-backed-guide-how-much-is-a-mercedes-benz-electric-car-in-2025-6-models-compared-article\/\",\"name\":\"Data-Backed Guide: How Much is a Mercedes-Benz Electric Car in 2025? 6+ Models Compared - Tianjin Yigang Automobile Sales Co.,Ltd.\",\"isPartOf\":{\"@id\":\"https:\/\/www.tjygqc.com\/#website\"},\"primaryImageOfPage\":{\"@id\":\"https:\/\/www.tjygqc.com\/data-backed-guide-how-much-is-a-mercedes-benz-electric-car-in-2025-6-models-compared-article\/#primaryimage\"},\"image\":{\"@id\":\"https:\/\/www.tjygqc.com\/data-backed-guide-how-much-is-a-mercedes-benz-electric-car-in-2025-6-models-compared-article\/#primaryimage\"},\"thumbnailUrl\":\"https:\/\/www.tjygqc.com\/wp-content\/uploads\/2025\/11\/data-backed-guide-how-much-is-a-mercedes-benz-electric-car-in-2025-6-models-compared.webp\",\"datePublished\":\"2025-11-19T11:48:57+00:00\",\"dateModified\":\"2025-11-19T11:49:00+00:00\",\"breadcrumb\":{\"@id\":\"https:\/\/www.tjygqc.com\/data-backed-guide-how-much-is-a-mercedes-benz-electric-car-in-2025-6-models-compared-article\/#breadcrumb\"},\"inLanguage\":\"pt-PT\",\"potentialAction\":[{\"@type\":\"ReadAction\",\"target\":[\"https:\/\/www.tjygqc.com\/data-backed-guide-how-much-is-a-mercedes-benz-electric-car-in-2025-6-models-compared-article\/\"]}]},{\"@type\":\"ImageObject\",\"inLanguage\":\"pt-PT\",\"@id\":\"https:\/\/www.tjygqc.com\/data-backed-guide-how-much-is-a-mercedes-benz-electric-car-in-2025-6-models-compared-article\/#primaryimage\",\"url\":\"https:\/\/www.tjygqc.com\/wp-content\/uploads\/2025\/11\/data-backed-guide-how-much-is-a-mercedes-benz-electric-car-in-2025-6-models-compared.webp\",\"contentUrl\":\"https:\/\/www.tjygqc.com\/wp-content\/uploads\/2025\/11\/data-backed-guide-how-much-is-a-mercedes-benz-electric-car-in-2025-6-models-compared.webp\",\"width\":800,\"height\":800,\"caption\":\"Data-Backed Guide: How Much is a Mercedes-Benz Electric Car in 2025? 6+ Models Compared\"},{\"@type\":\"BreadcrumbList\",\"@id\":\"https:\/\/www.tjygqc.com\/data-backed-guide-how-much-is-a-mercedes-benz-electric-car-in-2025-6-models-compared-article\/#breadcrumb\",\"itemListElement\":[{\"@type\":\"ListItem\",\"position\":1,\"name\":\"Home\",\"item\":\"https:\/\/www.tjygqc.com\/\"},{\"@type\":\"ListItem\",\"position\":2,\"name\":\"Data-Backed Guide: How Much is a Mercedes-Benz Electric Car in 2025? 6+ Models Compared\"}]},{\"@type\":\"WebSite\",\"@id\":\"https:\/\/www.tjygqc.com\/#website\",\"url\":\"https:\/\/www.tjygqc.com\/\",\"name\":\"Tianjin Yigang Automobile Sales Co.,Ltd.\",\"description\":\"Tianjin Yigang Automobile Sales Co.,Ltd.\",\"publisher\":{\"@id\":\"https:\/\/www.tjygqc.com\/#organization\"},\"potentialAction\":[{\"@type\":\"SearchAction\",\"target\":{\"@type\":\"EntryPoint\",\"urlTemplate\":\"https:\/\/www.tjygqc.com\/?s={search_term_string}\"},\"query-input\":{\"@type\":\"PropertyValueSpecification\",\"valueRequired\":true,\"valueName\":\"search_term_string\"}}],\"inLanguage\":\"pt-PT\"},{\"@type\":\"Organization\",\"@id\":\"https:\/\/www.tjygqc.com\/#organization\",\"name\":\"Tianjin Yigang Automobile Sales Co., Ltd.\",\"url\":\"https:\/\/www.tjygqc.com\/\",\"logo\":{\"@type\":\"ImageObject\",\"inLanguage\":\"pt-PT\",\"@id\":\"https:\/\/www.tjygqc.com\/#\/schema\/logo\/image\/\",\"url\":\"https:\/\/www.tjygqc.com\/wp-content\/uploads\/2025\/03\/cropped-WechatIMG581.png\",\"contentUrl\":\"https:\/\/www.tjygqc.com\/wp-content\/uploads\/2025\/03\/cropped-WechatIMG581.png\",\"width\":338,\"height\":142,\"caption\":\"Tianjin Yigang Automobile Sales Co., Ltd.\"},\"image\":{\"@id\":\"https:\/\/www.tjygqc.com\/#\/schema\/logo\/image\/\"},\"sameAs\":[\"https:\/\/www.facebook.com\/tianjinyigang\/\",\"https:\/\/www.youtube.com\/@TianjinYigangAutomobile\",\"https:\/\/www.instagram.com\/tianjinyigang\/\"]},{\"@type\":\"Person\",\"@id\":\"https:\/\/www.tjygqc.com\/#\/schema\/person\/9a0e27c1156d5a1d4cb23dce2cc5ad36\",\"name\":\"user\",\"image\":{\"@type\":\"ImageObject\",\"inLanguage\":\"pt-PT\",\"@id\":\"https:\/\/www.tjygqc.com\/#\/schema\/person\/image\/\",\"url\":\"https:\/\/secure.gravatar.com\/avatar\/b58996c504c5638798eb6b511e6f49af?s=96&d=mm&r=g\",\"contentUrl\":\"https:\/\/secure.gravatar.com\/avatar\/b58996c504c5638798eb6b511e6f49af?s=96&d=mm&r=g\",\"caption\":\"user\"},\"sameAs\":[\"https:\/\/www.tjygqc.com:8182\"],\"url\":\"https:\/\/www.tjygqc.com\/pt\/author\/user\/\"}]}<\/script>\n<!-- \/ Yoast SEO plugin. -->","yoast_head_json":{"title":"Data-Backed Guide: How Much is a Mercedes-Benz Electric Car in 2025? 6+ Models Compared - Tianjin Yigang Automobile Sales Co.,Ltd.","robots":{"index":"index","follow":"follow","max-snippet":"max-snippet:-1","max-image-preview":"max-image-preview:large","max-video-preview":"max-video-preview:-1"},"canonical":"https:\/\/www.tjygqc.com\/pt\/data-backed-guide-how-much-is-a-mercedes-benz-electric-car-in-2025-6-models-compared-article\/","og_locale":"pt_PT","og_type":"article","og_title":"Data-Backed Guide: How Much is a Mercedes-Benz Electric Car in 2025? 6+ Models Compared - Tianjin Yigang Automobile Sales Co.,Ltd.","og_description":"Abstract This analysis provides a comprehensive examination of the 2025 Mercedes-Benz electric vehicle lineup, designated by the &quot;EQ&quot; prefix. It systematically deconstructs the pricing structure, technical specifications, and market positioning of key models available across diverse international markets, including Europe, Southeast Asia, the Middle East, and Africa. The investigation moves beyond simple Manufacturer&#39;s Suggested Retail [&hellip;]","og_url":"https:\/\/www.tjygqc.com\/pt\/data-backed-guide-how-much-is-a-mercedes-benz-electric-car-in-2025-6-models-compared-article\/","og_site_name":"Tianjin Yigang Automobile Sales Co.,Ltd.","article_publisher":"https:\/\/www.facebook.com\/tianjinyigang\/","article_published_time":"2025-11-19T11:48:57+00:00","article_modified_time":"2025-11-19T11:49:00+00:00","og_image":[{"url":"https:\/\/www.tjygqc.com\/wp-content\/uploads\/2025\/03\/Mercedes-Benz-EQB350-3.webp","type":"","width":"","height":""}],"author":"user","twitter_card":"summary_large_image","twitter_misc":{"Written by":"user","Est. reading time":"29 minutos"},"schema":{"@context":"https:\/\/schema.org","@graph":[{"@type":"Article","@id":"https:\/\/www.tjygqc.com\/data-backed-guide-how-much-is-a-mercedes-benz-electric-car-in-2025-6-models-compared-article\/#article","isPartOf":{"@id":"https:\/\/www.tjygqc.com\/data-backed-guide-how-much-is-a-mercedes-benz-electric-car-in-2025-6-models-compared-article\/"},"author":{"name":"user","@id":"https:\/\/www.tjygqc.com\/#\/schema\/person\/9a0e27c1156d5a1d4cb23dce2cc5ad36"},"headline":"Data-Backed Guide: How Much is a Mercedes-Benz Electric Car in 2025? 6+ Models Compared","datePublished":"2025-11-19T11:48:57+00:00","dateModified":"2025-11-19T11:49:00+00:00","mainEntityOfPage":{"@id":"https:\/\/www.tjygqc.com\/data-backed-guide-how-much-is-a-mercedes-benz-electric-car-in-2025-6-models-compared-article\/"},"wordCount":5911,"publisher":{"@id":"https:\/\/www.tjygqc.com\/#organization"},"image":{"@id":"https:\/\/www.tjygqc.com\/data-backed-guide-how-much-is-a-mercedes-benz-electric-car-in-2025-6-models-compared-article\/#primaryimage"},"thumbnailUrl":"https:\/\/www.tjygqc.com\/wp-content\/uploads\/2025\/11\/data-backed-guide-how-much-is-a-mercedes-benz-electric-car-in-2025-6-models-compared.webp","articleSection":["News"],"inLanguage":"pt-PT"},{"@type":"WebPage","@id":"https:\/\/www.tjygqc.com\/data-backed-guide-how-much-is-a-mercedes-benz-electric-car-in-2025-6-models-compared-article\/","url":"https:\/\/www.tjygqc.com\/data-backed-guide-how-much-is-a-mercedes-benz-electric-car-in-2025-6-models-compared-article\/","name":"Data-Backed Guide: How Much is a Mercedes-Benz Electric Car in 2025? 6+ Models Compared - Tianjin Yigang Automobile Sales Co.,Ltd.","isPartOf":{"@id":"https:\/\/www.tjygqc.com\/#website"},"primaryImageOfPage":{"@id":"https:\/\/www.tjygqc.com\/data-backed-guide-how-much-is-a-mercedes-benz-electric-car-in-2025-6-models-compared-article\/#primaryimage"},"image":{"@id":"https:\/\/www.tjygqc.com\/data-backed-guide-how-much-is-a-mercedes-benz-electric-car-in-2025-6-models-compared-article\/#primaryimage"},"thumbnailUrl":"https:\/\/www.tjygqc.com\/wp-content\/uploads\/2025\/11\/data-backed-guide-how-much-is-a-mercedes-benz-electric-car-in-2025-6-models-compared.webp","datePublished":"2025-11-19T11:48:57+00:00","dateModified":"2025-11-19T11:49:00+00:00","breadcrumb":{"@id":"https:\/\/www.tjygqc.com\/data-backed-guide-how-much-is-a-mercedes-benz-electric-car-in-2025-6-models-compared-article\/#breadcrumb"},"inLanguage":"pt-PT","potentialAction":[{"@type":"ReadAction","target":["https:\/\/www.tjygqc.com\/data-backed-guide-how-much-is-a-mercedes-benz-electric-car-in-2025-6-models-compared-article\/"]}]},{"@type":"ImageObject","inLanguage":"pt-PT","@id":"https:\/\/www.tjygqc.com\/data-backed-guide-how-much-is-a-mercedes-benz-electric-car-in-2025-6-models-compared-article\/#primaryimage","url":"https:\/\/www.tjygqc.com\/wp-content\/uploads\/2025\/11\/data-backed-guide-how-much-is-a-mercedes-benz-electric-car-in-2025-6-models-compared.webp","contentUrl":"https:\/\/www.tjygqc.com\/wp-content\/uploads\/2025\/11\/data-backed-guide-how-much-is-a-mercedes-benz-electric-car-in-2025-6-models-compared.webp","width":800,"height":800,"caption":"Data-Backed Guide: How Much is a Mercedes-Benz Electric Car in 2025? 6+ Models Compared"},{"@type":"BreadcrumbList","@id":"https:\/\/www.tjygqc.com\/data-backed-guide-how-much-is-a-mercedes-benz-electric-car-in-2025-6-models-compared-article\/#breadcrumb","itemListElement":[{"@type":"ListItem","position":1,"name":"Home","item":"https:\/\/www.tjygqc.com\/"},{"@type":"ListItem","position":2,"name":"Data-Backed Guide: How Much is a Mercedes-Benz Electric Car in 2025? 6+ Models Compared"}]},{"@type":"WebSite","@id":"https:\/\/www.tjygqc.com\/#website","url":"https:\/\/www.tjygqc.com\/","name":"Tianjin Yigang Automobile Sales Co.,Ltd.","description":"Tianjin Yigang Automobile Sales Co.,Ltd.","publisher":{"@id":"https:\/\/www.tjygqc.com\/#organization"},"potentialAction":[{"@type":"SearchAction","target":{"@type":"EntryPoint","urlTemplate":"https:\/\/www.tjygqc.com\/?s={search_term_string}"},"query-input":{"@type":"PropertyValueSpecification","valueRequired":true,"valueName":"search_term_string"}}],"inLanguage":"pt-PT"},{"@type":"Organization","@id":"https:\/\/www.tjygqc.com\/#organization","name":"Tianjin Yigang Automobile Sales Co., Ltd.","url":"https:\/\/www.tjygqc.com\/","logo":{"@type":"ImageObject","inLanguage":"pt-PT","@id":"https:\/\/www.tjygqc.com\/#\/schema\/logo\/image\/","url":"https:\/\/www.tjygqc.com\/wp-content\/uploads\/2025\/03\/cropped-WechatIMG581.png","contentUrl":"https:\/\/www.tjygqc.com\/wp-content\/uploads\/2025\/03\/cropped-WechatIMG581.png","width":338,"height":142,"caption":"Tianjin Yigang Automobile Sales Co., Ltd."},"image":{"@id":"https:\/\/www.tjygqc.com\/#\/schema\/logo\/image\/"},"sameAs":["https:\/\/www.facebook.com\/tianjinyigang\/","https:\/\/www.youtube.com\/@TianjinYigangAutomobile","https:\/\/www.instagram.com\/tianjinyigang\/"]},{"@type":"Person","@id":"https:\/\/www.tjygqc.com\/#\/schema\/person\/9a0e27c1156d5a1d4cb23dce2cc5ad36","name":"user","image":{"@type":"ImageObject","inLanguage":"pt-PT","@id":"https:\/\/www.tjygqc.com\/#\/schema\/person\/image\/","url":"https:\/\/secure.gravatar.com\/avatar\/b58996c504c5638798eb6b511e6f49af?s=96&d=mm&r=g","contentUrl":"https:\/\/secure.gravatar.com\/avatar\/b58996c504c5638798eb6b511e6f49af?s=96&d=mm&r=g","caption":"user"},"sameAs":["https:\/\/www.tjygqc.com:8182"],"url":"https:\/\/www.tjygqc.com\/pt\/author\/user\/"}]}},"_links":{"self":[{"href":"https:\/\/www.tjygqc.com\/pt\/wp-json\/wp\/v2\/posts\/3107","targetHints":{"allow":["GET"]}}],"collection":[{"href":"https:\/\/www.tjygqc.com\/pt\/wp-json\/wp\/v2\/posts"}],"about":[{"href":"https:\/\/www.tjygqc.com\/pt\/wp-json\/wp\/v2\/types\/post"}],"author":[{"embeddable":true,"href":"https:\/\/www.tjygqc.com\/pt\/wp-json\/wp\/v2\/users\/1"}],"replies":[{"embeddable":true,"href":"https:\/\/www.tjygqc.com\/pt\/wp-json\/wp\/v2\/comments?post=3107"}],"version-history":[{"count":1,"href":"https:\/\/www.tjygqc.com\/pt\/wp-json\/wp\/v2\/posts\/3107\/revisions"}],"predecessor-version":[{"id":3109,"href":"https:\/\/www.tjygqc.com\/pt\/wp-json\/wp\/v2\/posts\/3107\/revisions\/3109"}],"wp:featuredmedia":[{"embeddable":true,"href":"https:\/\/www.tjygqc.com\/pt\/wp-json\/wp\/v2\/media\/3108"}],"wp:attachment":[{"href":"https:\/\/www.tjygqc.com\/pt\/wp-json\/wp\/v2\/media?parent=3107"}],"wp:term":[{"taxonomy":"category","embeddable":true,"href":"https:\/\/www.tjygqc.com\/pt\/wp-json\/wp\/v2\/categories?post=3107"},{"taxonomy":"post_tag","embeddable":true,"href":"https:\/\/www.tjygqc.com\/pt\/wp-json\/wp\/v2\/tags?post=3107"}],"curies":[{"name":"wp","href":"https:\/\/api.w.org\/{rel}","templated":true}]}}